{"id":12103,"date":"2017-09-11T09:05:54","date_gmt":"2017-09-11T07:05:54","guid":{"rendered":"https:\/\/www.geciclaw.com\/?p=12103\/"},"modified":"2024-02-19T09:14:08","modified_gmt":"2024-02-19T08:14:08","slug":"advokatska-komora-srbije-podnela-inicijativu-za-ocenu-ustavnosti-zakona-o-zastiti-konkurencije","status":"publish","type":"post","link":"https:\/\/www.geciclaw.com\/sr\/advokatska-komora-srbije-podnela-inicijativu-za-ocenu-ustavnosti-zakona-o-zastiti-konkurencije\/","title":{"rendered":"Advokatska komora Srbije podnela inicijativu za ocenu ustavnosti Zakona o za\u0161titi konkurencije"},"content":{"rendered":"<p>Dana 11. septembra 2017. godine, <a href=\"https:\/\/aks.org.rs\/sr_lat\/\">Advokatska komora Srbije<\/a> (\u201c<strong>AKS<\/strong>\u201d), kao nacionalna advokatska komora, podnela je <a href=\"http:\/\/www.ustavni.sud.rs\/page\/home\/sr-Latn-CS\">Ustavnom sudu<\/a> inicijativu za ocenu ustavnosti Zakona o za\u0161titi konkurencije, te svih pripadaju\u0107ih podzakonskih akata (\u201c<strong>Inicijativa<\/strong>\u201d), \u0161to je objavljeno i na <a href=\"https:\/\/aks.org.rs\/sr_lat\/inicijativa-za-ocenu-ustavnosti-zakona-o-zastiti-konkurencije\/\">internet stranici AKS<\/a>.<\/p>\n<p>Predmetna odluka jednoglasno je doneta na sednici Upravnog odbora AKS, od strane predstavnika svih regionalnih i gradskih advokatskih komora u Srbiji. Zajedno sa Inicijativom, podnet je i zahtev za prekid postupka koji se vodi protiv AKS, a od strane Komisije za za\u0161titu konkurencije. Sa oko 10.000 advokata, AKS predstavlja najve\u0107e udru\u017eenje pravnika na podru\u010dju Zapadnog Balkana. Tako\u0111e, AKS je na svojoj internet stranici objavila i <a href=\"https:\/\/aks.org.rs\/aks\/wp-content\/uploads\/2017\/09\/INICIJATIVA-USTAVNOM-SUDU-ZA-OCENU-USTAVNOSTI-ZAKONA-O-ZA%C5%A0TITI-.pdf\">kompletan tekst Inicijative<\/a>, te pozvala sve advokatske komore u svom sastavu i advokate u Srbiji da se pridru\u017ee, te Inicijativu podnesu i individualno.<\/p>\n<p>Upravni odbor AKS zahvalio se na\u0161oj kancelariji na dostavljanju <a href=\"https:\/\/www.geciclaw.com\/sr\/inicijativa-za-ocenu-ustavnosti-zakona-o-zastiti-konkurencije-online\/\">izvornog teksta Inicijative<\/a>, a koji je bio izra\u0111en i podnet zajedno sa Udru\u017eenjem za za\u0161titu ustavnosti i zakonitosti (\u201c<a href=\"https:\/\/www.facebook.com\/Udru%C5%BEenje-za-za%C5%A1titu-ustavnosti-i-zakonitosti-UZUZ-1827828717439932\/\"><strong>UZUZ<\/strong><\/a>\u201d) i Komitetom pravnika za ljudska prava (\u201c<strong>YUCOM<\/strong>\u201d) dana 5. septembra 2017. godine. AKS je ovom prilikom izrazila zahvalnost i kolegama iz advokatske kancelarije Karanovi\u0107 &amp; Nikoli\u0107, predvo\u0111enim partnerom Bojanom Vu\u010dkovi\u0107em, za njihov raniji doprinos u ovom predmetu.<\/p>\n<p>Kao \u0161to je obja\u0161njeno u na\u0161em \u010dlanku, nedavno objavljenom u Thomson Reuters\u2019 Practical Law, pod nazivom \u201cPrivredna komora Srbije predla\u017ee potpunu reformu srpskog prava konkurencije?\u201d (<a href=\"https:\/\/www.geciclaw.com\/serbian-chamber-commerce-competition-law\/\">\u201c<em>Serbian Chamber of Commerce Proposes Total Revamp of Serbian Competition Law?<\/em>\u201d<\/a>), \u0161iroko rasprostranjeno negodovanje kako javnog, tako i privatnog sektora u poslednjih nekoliko meseci, dostiglo je daleko vi\u0161i nivo kada je i <a href=\"http:\/\/www.pks.rs\/Naslovna.aspx?idjezik=1\">Privredna komora Srbije<\/a> objavila svoj poziv za konsultacije za izmenu zakona. Saop\u0161tenje Advokatske komore Srbije dodatno pove\u0107ava zna\u010daj predmetnog pitanja, daju\u0107i do znanja da su svi relevantni akteri veoma zainteresovani da se uklju\u010de u debatu, a u cilju za\u0161tite prava na pravi\u010dno su\u0111enje, ljudskih prava i pravne sigurnosti u poslovanju u Srbiji.<\/p>\n","protected":false},"excerpt":{"rendered":"<p>Dana 11. septembra 2017. godine, Advokatska komora Srbije (\u201cAKS\u201d), kao nacionalna advokatska komora, podnela je Ustavnom sudu inicijativu za ocenu ustavnosti Zakona o za\u0161titi konkurencije, te svih pripadaju\u0107ih podzakonskih akata (\u201cInicijativa\u201d), \u0161to je objavljeno i na internet stranici AKS. Predmetna odluka jednoglasno je doneta na sednici Upravnog odbora AKS, od strane predstavnika svih regionalnih i gradskih advokatskih komora u Srbiji. Zajedno sa Inicijativom, podnet je i zahtev za prekid postupka koji se vodi protiv AKS, a od strane Komisije za za\u0161titu konkurencije. Sa oko 10.000 advokata, AKS predstavlja najve\u0107e udru\u017eenje pravnika na podru\u010dju Zapadnog Balkana. Tako\u0111e, AKS je na svojoj [&hellip;]<\/p>\n","protected":false},"author":1,"featured_media":12087,"comment_status":"closed","ping_status":"open","sticky":false,"template":"","format":"standard","meta":{"om_disable_all_campaigns":false,"footnotes":""},"categories":[593,613,463,603],"tags":[],"class_list":["post-12103","post","type-post","status-publish","format-standard","has-post-thumbnail","hentry","category-593","category-drzavna-pomoc","category-uncategorized-sr","category-zastita-konkurencije-drzavna-pomoc"],"acf":[],"yoast_head":"<!-- This site is optimized with the Yoast SEO plugin v25.5 - https:\/\/yoast.com\/wordpress\/plugins\/seo\/ -->\n<title>Advokatska komora Srbije ocenjuje neustavnost prava zastite konkurencije<\/title>\n<meta name=\"description\" content=\"Advokatska komora Srbije podnela je Ustavnom sudu inicijativu za ocenu ustavnosti Zakona o za\u0161titi konkurencije, te svih pripadaju\u0107ih podzakonskih akata.\" \/>\n<meta name=\"robots\" content=\"index, follow, max-snippet:-1, max-image-preview:large, max-video-preview:-1\" \/>\n<link rel=\"canonical\" href=\"https:\/\/www.geciclaw.com\/sr\/advokatska-komora-srbije-podnela-inicijativu-za-ocenu-ustavnosti-zakona-o-zastiti-konkurencije\/\" \/>\n<meta property=\"og:locale\" content=\"sr_RS\" \/>\n<meta property=\"og:type\" content=\"article\" \/>\n<meta property=\"og:title\" content=\"Advokatska komora Srbije ocenjuje neustavnost prava zastite konkurencije\" \/>\n<meta property=\"og:description\" content=\"Advokatska komora Srbije podnela je Ustavnom sudu inicijativu za ocenu ustavnosti Zakona o za\u0161titi konkurencije, te svih pripadaju\u0107ih podzakonskih akata.\" \/>\n<meta property=\"og:url\" content=\"https:\/\/www.geciclaw.com\/sr\/advokatska-komora-srbije-podnela-inicijativu-za-ocenu-ustavnosti-zakona-o-zastiti-konkurencije\/\" \/>\n<meta property=\"og:site_name\" content=\"Geci\u0107 Law\" \/>\n<meta property=\"article:published_time\" content=\"2017-09-11T07:05:54+00:00\" \/>\n<meta property=\"article:modified_time\" content=\"2024-02-19T08:14:08+00:00\" \/>\n<meta property=\"og:image\" content=\"https:\/\/www.geciclaw.com\/wp-content\/uploads\/2017\/09\/jm.jpg\" \/>\n\t<meta property=\"og:image:width\" content=\"410\" \/>\n\t<meta property=\"og:image:height\" content=\"350\" \/>\n\t<meta property=\"og:image:type\" content=\"image\/jpeg\" \/>\n<meta name=\"author\" content=\"stefan\" \/>\n<meta name=\"twitter:card\" content=\"summary_large_image\" \/>\n<meta name=\"twitter:label1\" content=\"Napisano od\" \/>\n\t<meta name=\"twitter:data1\" content=\"stefan\" \/>\n\t<meta name=\"twitter:label2\" content=\"Procenjeno vreme \u010ditanja\" \/>\n\t<meta name=\"twitter:data2\" content=\"2 minuta\" \/>\n<script type=\"application\/ld+json\" class=\"yoast-schema-graph\">{\"@context\":\"https:\/\/schema.org\",\"@graph\":[{\"@type\":\"Article\",\"@id\":\"https:\/\/www.geciclaw.com\/sr\/advokatska-komora-srbije-podnela-inicijativu-za-ocenu-ustavnosti-zakona-o-zastiti-konkurencije\/#article\",\"isPartOf\":{\"@id\":\"https:\/\/www.geciclaw.com\/sr\/advokatska-komora-srbije-podnela-inicijativu-za-ocenu-ustavnosti-zakona-o-zastiti-konkurencije\/\"},\"author\":{\"name\":\"stefan\",\"@id\":\"https:\/\/www.geciclaw.com\/#\/schema\/person\/6da1a36ae431e659988e851fe3a9cf83\"},\"headline\":\"Advokatska komora Srbije podnela inicijativu za ocenu ustavnosti Zakona o za\u0161titi konkurencije\",\"datePublished\":\"2017-09-11T07:05:54+00:00\",\"dateModified\":\"2024-02-19T08:14:08+00:00\",\"mainEntityOfPage\":{\"@id\":\"https:\/\/www.geciclaw.com\/sr\/advokatska-komora-srbije-podnela-inicijativu-za-ocenu-ustavnosti-zakona-o-zastiti-konkurencije\/\"},\"wordCount\":336,\"publisher\":{\"@id\":\"https:\/\/www.geciclaw.com\/#organization\"},\"image\":{\"@id\":\"https:\/\/www.geciclaw.com\/sr\/advokatska-komora-srbije-podnela-inicijativu-za-ocenu-ustavnosti-zakona-o-zastiti-konkurencije\/#primaryimage\"},\"thumbnailUrl\":\"https:\/\/www.geciclaw.com\/wp-content\/uploads\/2017\/09\/jm.jpg\",\"articleSection\":[\"\u0410\u043d\u0442\u0438\u0442\u0440\u0443\u0441\u0442 \/ \u041a\u043e\u043d\u043a\u0443\u0440\u0435\u043d\u0446\u0438\u0458\u0430\",\"dr\u017eavna pomo\u0107\",\"Uncategorized @sr\",\"Za\u0161tita konkurencije \/ Dr\u017eavna pomo\u0107\"],\"inLanguage\":\"sr-RS\"},{\"@type\":\"WebPage\",\"@id\":\"https:\/\/www.geciclaw.com\/sr\/advokatska-komora-srbije-podnela-inicijativu-za-ocenu-ustavnosti-zakona-o-zastiti-konkurencije\/\",\"url\":\"https:\/\/www.geciclaw.com\/sr\/advokatska-komora-srbije-podnela-inicijativu-za-ocenu-ustavnosti-zakona-o-zastiti-konkurencije\/\",\"name\":\"Advokatska komora Srbije ocenjuje neustavnost prava zastite konkurencije\",\"isPartOf\":{\"@id\":\"https:\/\/www.geciclaw.com\/#website\"},\"primaryImageOfPage\":{\"@id\":\"https:\/\/www.geciclaw.com\/sr\/advokatska-komora-srbije-podnela-inicijativu-za-ocenu-ustavnosti-zakona-o-zastiti-konkurencije\/#primaryimage\"},\"image\":{\"@id\":\"https:\/\/www.geciclaw.com\/sr\/advokatska-komora-srbije-podnela-inicijativu-za-ocenu-ustavnosti-zakona-o-zastiti-konkurencije\/#primaryimage\"},\"thumbnailUrl\":\"https:\/\/www.geciclaw.com\/wp-content\/uploads\/2017\/09\/jm.jpg\",\"datePublished\":\"2017-09-11T07:05:54+00:00\",\"dateModified\":\"2024-02-19T08:14:08+00:00\",\"description\":\"Advokatska komora Srbije podnela je Ustavnom sudu inicijativu za ocenu ustavnosti Zakona o za\u0161titi konkurencije, te svih pripadaju\u0107ih podzakonskih akata.\",\"breadcrumb\":{\"@id\":\"https:\/\/www.geciclaw.com\/sr\/advokatska-komora-srbije-podnela-inicijativu-za-ocenu-ustavnosti-zakona-o-zastiti-konkurencije\/#breadcrumb\"},\"inLanguage\":\"sr-RS\",\"potentialAction\":[{\"@type\":\"ReadAction\",\"target\":[\"https:\/\/www.geciclaw.com\/sr\/advokatska-komora-srbije-podnela-inicijativu-za-ocenu-ustavnosti-zakona-o-zastiti-konkurencije\/\"]}]},{\"@type\":\"ImageObject\",\"inLanguage\":\"sr-RS\",\"@id\":\"https:\/\/www.geciclaw.com\/sr\/advokatska-komora-srbije-podnela-inicijativu-za-ocenu-ustavnosti-zakona-o-zastiti-konkurencije\/#primaryimage\",\"url\":\"https:\/\/www.geciclaw.com\/wp-content\/uploads\/2017\/09\/jm.jpg\",\"contentUrl\":\"https:\/\/www.geciclaw.com\/wp-content\/uploads\/2017\/09\/jm.jpg\",\"width\":410,\"height\":350},{\"@type\":\"BreadcrumbList\",\"@id\":\"https:\/\/www.geciclaw.com\/sr\/advokatska-komora-srbije-podnela-inicijativu-za-ocenu-ustavnosti-zakona-o-zastiti-konkurencije\/#breadcrumb\",\"itemListElement\":[{\"@type\":\"ListItem\",\"position\":1,\"name\":\"Home\",\"item\":\"https:\/\/www.geciclaw.com\/sr\/\"},{\"@type\":\"ListItem\",\"position\":2,\"name\":\"Advokatska komora Srbije podnela inicijativu za ocenu ustavnosti Zakona o za\u0161titi konkurencije\"}]},{\"@type\":\"WebSite\",\"@id\":\"https:\/\/www.geciclaw.com\/#website\",\"url\":\"https:\/\/www.geciclaw.com\/\",\"name\":\"Geci\u0107 Law\",\"description\":\"Advokatska kancelarija\",\"publisher\":{\"@id\":\"https:\/\/www.geciclaw.com\/#organization\"},\"potentialAction\":[{\"@type\":\"SearchAction\",\"target\":{\"@type\":\"EntryPoint\",\"urlTemplate\":\"https:\/\/www.geciclaw.com\/?s={search_term_string}\"},\"query-input\":{\"@type\":\"PropertyValueSpecification\",\"valueRequired\":true,\"valueName\":\"search_term_string\"}}],\"inLanguage\":\"sr-RS\"},{\"@type\":\"Organization\",\"@id\":\"https:\/\/www.geciclaw.com\/#organization\",\"name\":\"Geci\u0107 Law\",\"url\":\"https:\/\/www.geciclaw.com\/\",\"logo\":{\"@type\":\"ImageObject\",\"inLanguage\":\"sr-RS\",\"@id\":\"https:\/\/www.geciclaw.com\/#\/schema\/logo\/image\/\",\"url\":\"https:\/\/geciclaw.com\/wp-content\/uploads\/2021\/10\/1.png\",\"contentUrl\":\"https:\/\/geciclaw.com\/wp-content\/uploads\/2021\/10\/1.png\",\"width\":1000,\"height\":409,\"caption\":\"Geci\u0107 Law\"},\"image\":{\"@id\":\"https:\/\/www.geciclaw.com\/#\/schema\/logo\/image\/\"}},{\"@type\":\"Person\",\"@id\":\"https:\/\/www.geciclaw.com\/#\/schema\/person\/6da1a36ae431e659988e851fe3a9cf83\",\"name\":\"stefan\",\"image\":{\"@type\":\"ImageObject\",\"inLanguage\":\"sr-RS\",\"@id\":\"https:\/\/www.geciclaw.com\/#\/schema\/person\/image\/\",\"url\":\"https:\/\/secure.gravatar.com\/avatar\/59099af461191b217c7b825d928bcba2b02d1b3c89de8338854bc40abd2b30c9?s=96&d=mm&r=g\",\"contentUrl\":\"https:\/\/secure.gravatar.com\/avatar\/59099af461191b217c7b825d928bcba2b02d1b3c89de8338854bc40abd2b30c9?s=96&d=mm&r=g\",\"caption\":\"stefan\"},\"url\":\"https:\/\/www.geciclaw.com\/sr\/author\/stefan\/\"}]}<\/script>\n<!-- \/ Yoast SEO plugin. -->","yoast_head_json":{"title":"Advokatska komora Srbije ocenjuje neustavnost prava zastite konkurencije","description":"Advokatska komora Srbije podnela je Ustavnom sudu inicijativu za ocenu ustavnosti Zakona o za\u0161titi konkurencije, te svih pripadaju\u0107ih podzakonskih akata.","robots":{"index":"index","follow":"follow","max-snippet":"max-snippet:-1","max-image-preview":"max-image-preview:large","max-video-preview":"max-video-preview:-1"},"canonical":"https:\/\/www.geciclaw.com\/sr\/advokatska-komora-srbije-podnela-inicijativu-za-ocenu-ustavnosti-zakona-o-zastiti-konkurencije\/","og_locale":"sr_RS","og_type":"article","og_title":"Advokatska komora Srbije ocenjuje neustavnost prava zastite konkurencije","og_description":"Advokatska komora Srbije podnela je Ustavnom sudu inicijativu za ocenu ustavnosti Zakona o za\u0161titi konkurencije, te svih pripadaju\u0107ih podzakonskih akata.","og_url":"https:\/\/www.geciclaw.com\/sr\/advokatska-komora-srbije-podnela-inicijativu-za-ocenu-ustavnosti-zakona-o-zastiti-konkurencije\/","og_site_name":"Geci\u0107 Law","article_published_time":"2017-09-11T07:05:54+00:00","article_modified_time":"2024-02-19T08:14:08+00:00","og_image":[{"width":410,"height":350,"url":"https:\/\/www.geciclaw.com\/wp-content\/uploads\/2017\/09\/jm.jpg","type":"image\/jpeg"}],"author":"stefan","twitter_card":"summary_large_image","twitter_misc":{"Napisano od":"stefan","Procenjeno vreme \u010ditanja":"2 minuta"},"schema":{"@context":"https:\/\/schema.org","@graph":[{"@type":"Article","@id":"https:\/\/www.geciclaw.com\/sr\/advokatska-komora-srbije-podnela-inicijativu-za-ocenu-ustavnosti-zakona-o-zastiti-konkurencije\/#article","isPartOf":{"@id":"https:\/\/www.geciclaw.com\/sr\/advokatska-komora-srbije-podnela-inicijativu-za-ocenu-ustavnosti-zakona-o-zastiti-konkurencije\/"},"author":{"name":"stefan","@id":"https:\/\/www.geciclaw.com\/#\/schema\/person\/6da1a36ae431e659988e851fe3a9cf83"},"headline":"Advokatska komora Srbije podnela inicijativu za ocenu ustavnosti Zakona o za\u0161titi konkurencije","datePublished":"2017-09-11T07:05:54+00:00","dateModified":"2024-02-19T08:14:08+00:00","mainEntityOfPage":{"@id":"https:\/\/www.geciclaw.com\/sr\/advokatska-komora-srbije-podnela-inicijativu-za-ocenu-ustavnosti-zakona-o-zastiti-konkurencije\/"},"wordCount":336,"publisher":{"@id":"https:\/\/www.geciclaw.com\/#organization"},"image":{"@id":"https:\/\/www.geciclaw.com\/sr\/advokatska-komora-srbije-podnela-inicijativu-za-ocenu-ustavnosti-zakona-o-zastiti-konkurencije\/#primaryimage"},"thumbnailUrl":"https:\/\/www.geciclaw.com\/wp-content\/uploads\/2017\/09\/jm.jpg","articleSection":["\u0410\u043d\u0442\u0438\u0442\u0440\u0443\u0441\u0442 \/ \u041a\u043e\u043d\u043a\u0443\u0440\u0435\u043d\u0446\u0438\u0458\u0430","dr\u017eavna pomo\u0107","Uncategorized @sr","Za\u0161tita konkurencije \/ Dr\u017eavna pomo\u0107"],"inLanguage":"sr-RS"},{"@type":"WebPage","@id":"https:\/\/www.geciclaw.com\/sr\/advokatska-komora-srbije-podnela-inicijativu-za-ocenu-ustavnosti-zakona-o-zastiti-konkurencije\/","url":"https:\/\/www.geciclaw.com\/sr\/advokatska-komora-srbije-podnela-inicijativu-za-ocenu-ustavnosti-zakona-o-zastiti-konkurencije\/","name":"Advokatska komora Srbije ocenjuje neustavnost prava zastite konkurencije","isPartOf":{"@id":"https:\/\/www.geciclaw.com\/#website"},"primaryImageOfPage":{"@id":"https:\/\/www.geciclaw.com\/sr\/advokatska-komora-srbije-podnela-inicijativu-za-ocenu-ustavnosti-zakona-o-zastiti-konkurencije\/#primaryimage"},"image":{"@id":"https:\/\/www.geciclaw.com\/sr\/advokatska-komora-srbije-podnela-inicijativu-za-ocenu-ustavnosti-zakona-o-zastiti-konkurencije\/#primaryimage"},"thumbnailUrl":"https:\/\/www.geciclaw.com\/wp-content\/uploads\/2017\/09\/jm.jpg","datePublished":"2017-09-11T07:05:54+00:00","dateModified":"2024-02-19T08:14:08+00:00","description":"Advokatska komora Srbije podnela je Ustavnom sudu inicijativu za ocenu ustavnosti Zakona o za\u0161titi konkurencije, te svih pripadaju\u0107ih podzakonskih akata.","breadcrumb":{"@id":"https:\/\/www.geciclaw.com\/sr\/advokatska-komora-srbije-podnela-inicijativu-za-ocenu-ustavnosti-zakona-o-zastiti-konkurencije\/#breadcrumb"},"inLanguage":"sr-RS","potentialAction":[{"@type":"ReadAction","target":["https:\/\/www.geciclaw.com\/sr\/advokatska-komora-srbije-podnela-inicijativu-za-ocenu-ustavnosti-zakona-o-zastiti-konkurencije\/"]}]},{"@type":"ImageObject","inLanguage":"sr-RS","@id":"https:\/\/www.geciclaw.com\/sr\/advokatska-komora-srbije-podnela-inicijativu-za-ocenu-ustavnosti-zakona-o-zastiti-konkurencije\/#primaryimage","url":"https:\/\/www.geciclaw.com\/wp-content\/uploads\/2017\/09\/jm.jpg","contentUrl":"https:\/\/www.geciclaw.com\/wp-content\/uploads\/2017\/09\/jm.jpg","width":410,"height":350},{"@type":"BreadcrumbList","@id":"https:\/\/www.geciclaw.com\/sr\/advokatska-komora-srbije-podnela-inicijativu-za-ocenu-ustavnosti-zakona-o-zastiti-konkurencije\/#breadcrumb","itemListElement":[{"@type":"ListItem","position":1,"name":"Home","item":"https:\/\/www.geciclaw.com\/sr\/"},{"@type":"ListItem","position":2,"name":"Advokatska komora Srbije podnela inicijativu za ocenu ustavnosti Zakona o za\u0161titi konkurencije"}]},{"@type":"WebSite","@id":"https:\/\/www.geciclaw.com\/#website","url":"https:\/\/www.geciclaw.com\/","name":"Geci\u0107 Law","description":"Advokatska kancelarija","publisher":{"@id":"https:\/\/www.geciclaw.com\/#organization"},"potentialAction":[{"@type":"SearchAction","target":{"@type":"EntryPoint","urlTemplate":"https:\/\/www.geciclaw.com\/?s={search_term_string}"},"query-input":{"@type":"PropertyValueSpecification","valueRequired":true,"valueName":"search_term_string"}}],"inLanguage":"sr-RS"},{"@type":"Organization","@id":"https:\/\/www.geciclaw.com\/#organization","name":"Geci\u0107 Law","url":"https:\/\/www.geciclaw.com\/","logo":{"@type":"ImageObject","inLanguage":"sr-RS","@id":"https:\/\/www.geciclaw.com\/#\/schema\/logo\/image\/","url":"https:\/\/geciclaw.com\/wp-content\/uploads\/2021\/10\/1.png","contentUrl":"https:\/\/geciclaw.com\/wp-content\/uploads\/2021\/10\/1.png","width":1000,"height":409,"caption":"Geci\u0107 Law"},"image":{"@id":"https:\/\/www.geciclaw.com\/#\/schema\/logo\/image\/"}},{"@type":"Person","@id":"https:\/\/www.geciclaw.com\/#\/schema\/person\/6da1a36ae431e659988e851fe3a9cf83","name":"stefan","image":{"@type":"ImageObject","inLanguage":"sr-RS","@id":"https:\/\/www.geciclaw.com\/#\/schema\/person\/image\/","url":"https:\/\/secure.gravatar.com\/avatar\/59099af461191b217c7b825d928bcba2b02d1b3c89de8338854bc40abd2b30c9?s=96&d=mm&r=g","contentUrl":"https:\/\/secure.gravatar.com\/avatar\/59099af461191b217c7b825d928bcba2b02d1b3c89de8338854bc40abd2b30c9?s=96&d=mm&r=g","caption":"stefan"},"url":"https:\/\/www.geciclaw.com\/sr\/author\/stefan\/"}]}},"_links":{"self":[{"href":"https:\/\/www.geciclaw.com\/sr\/wp-json\/wp\/v2\/posts\/12103","targetHints":{"allow":["GET"]}}],"collection":[{"href":"https:\/\/www.geciclaw.com\/sr\/wp-json\/wp\/v2\/posts"}],"about":[{"href":"https:\/\/www.geciclaw.com\/sr\/wp-json\/wp\/v2\/types\/post"}],"author":[{"embeddable":true,"href":"https:\/\/www.geciclaw.com\/sr\/wp-json\/wp\/v2\/users\/1"}],"replies":[{"embeddable":true,"href":"https:\/\/www.geciclaw.com\/sr\/wp-json\/wp\/v2\/comments?post=12103"}],"version-history":[{"count":4,"href":"https:\/\/www.geciclaw.com\/sr\/wp-json\/wp\/v2\/posts\/12103\/revisions"}],"predecessor-version":[{"id":25754,"href":"https:\/\/www.geciclaw.com\/sr\/wp-json\/wp\/v2\/posts\/12103\/revisions\/25754"}],"wp:featuredmedia":[{"embeddable":true,"href":"https:\/\/www.geciclaw.com\/sr\/wp-json\/wp\/v2\/media\/12087"}],"wp:attachment":[{"href":"https:\/\/www.geciclaw.com\/sr\/wp-json\/wp\/v2\/media?parent=12103"}],"wp:term":[{"taxonomy":"category","embeddable":true,"href":"https:\/\/www.geciclaw.com\/sr\/wp-json\/wp\/v2\/categories?post=12103"},{"taxonomy":"post_tag","embeddable":true,"href":"https:\/\/www.geciclaw.com\/sr\/wp-json\/wp\/v2\/tags?post=12103"}],"curies":[{"name":"wp","href":"https:\/\/api.w.org\/{rel}","templated":true}]}}