{"id":12499,"date":"2017-10-06T20:17:40","date_gmt":"2017-10-06T18:17:40","guid":{"rendered":"https:\/\/www.geciclaw.com\/?p=12499"},"modified":"2025-11-10T14:57:42","modified_gmt":"2025-11-10T13:57:42","slug":"akv-razmatra-neustavnost-zakona-o-zastiti-konkurencije","status":"publish","type":"post","link":"https:\/\/www.geciclaw.com\/sr\/akv-razmatra-neustavnost-zakona-o-zastiti-konkurencije\/","title":{"rendered":"AKV razmatra neustavnost Zakona o za\u0161titi konkurencije"},"content":{"rendered":"<p style=\"font-style:italic;margin-top: -25px;\">Autor fotografije: <a href=\"https:\/\/www.flickr.com\/photos\/78715350@N06\/\">Aleksandar Milutinovi\u0107<\/a><\/p>\n<p>Pod okriljem <a href=\"http:\/\/www.akv.org.rs\">Advokatske komore Vojvodine<\/a> (AKV), u Novom Sadu (<a href=\"http:\/\/www.nshronika.rs\/srpska-atina\/znate-li-zasto-novi-sad-nosi-naziv-srpska-atina\/\">poznatom kao srpska Atina<\/a>) je\u00a04. oktobra 2017. godine, odr\u017eana\u00a0<a href=\"http:\/\/www.akv.org.rs\/katedra-ak-vojvodine-04-10-2017-godine\/\">Katedra na temu<\/a>: \u201ePostupak Komisije za za\u0161titu konkurencije protiv Advokatske komore Srbije, mogu\u0107e posledice za AKV i inicijativa za ocenu ustavnosti Zakona o za\u0161titi konkurencije\u201c. Predavanje o ovoj vrlo slo\u017eenoj i aktuelnoj temi dr\u017eali su <a href=\"https:\/\/nikolicsavin.me\/\">Isidora Nikoli\u0107 Savin<\/a>, advokat i specijalista za gra\u0111ansko i privredno pravo Evropske unije iz Novog Sada, i <a href=\"https:\/\/www.geciclaw.com\/sr\/bogdan-gecic\/\">Bogdan Geci\u0107<\/a>, partner u kancelariji Geci\u0107 Law.<\/p>\n<p>Veliko interesovanje za prisustvo Katedri pokazali su advokati i advokatski pripravnici, i to iz razli\u010ditih grana prava, \u0161to govori u prilog tome da je ova tema zapa\u017eena i postala aktuelna i izvan krugova advokata koji se bave pravom konkurencije. Naime, to i ne \u010dudi imaju\u0107i u vidu postupak koji je Komisija za za\u0161titu konkurencije pokrenula protiv <a href=\"https:\/\/aks.org.rs\/cir\/\">Advokatske komore Srbije<\/a> (AKS), a kojim je ozbiljno ugro\u017een polo\u017eaj advokature u na\u0161oj zemlji. Upravo su pitanja koja se ti\u010du ovog postupka, njegovog ishoda i potencijalnih posledica na rad advokata u Srbiji bila naj\u010de\u0161\u0107a.<\/p>\n<p>Prisutni su, nakon zavr\u0161ene Katedre, istakli da su predava\u010di jednu vrlo slo\u017eenu temu uspeli da pribli\u017ee i objasne na jednostavan na\u010din, tako da su i advokati i pripravnici koji se ina\u010de ne bave pravom konkurencije imali priliku da pro\u0161ire svoje znanje o ovoj oblasti, kao i da se upoznaju sa svim njenim aktuelnostima.<\/p>\n<p>Ono \u0161to je posebno va\u017eno je to da su se prisutni slo\u017eili sa inicijativom za ocenu ustavnosti i zakonitosti Zakona o za\u0161titi konkurencije koju je na\u0161a kancelarija podnela zajedno sa Udru\u017eenjem za za\u0161titu ustavnosti i zakonitosti (<a href=\"https:\/\/www.facebook.com\/Udru%C5%BEenje-za-za%C5%A1titu-ustavnosti-i-zakonitosti-UZUZ-1827828717439932\/\">UZUZ<\/a>) i Komitetom pravnika za ljudska prava (YUCOM), a kojoj se kasnije pridru\u017eila AKS, te istakli da ne\u0161to mora da bude u\u010dinjeno kako bi se spre\u010dila samovolja Komisije. U vezi sa tim, na Katedri se diskutovalo i o mogu\u0107nosti da se AKV priklju\u010di inicijativi pred Ustavnim sudom, odnosno podnese svoju inicijativu.<\/p>\n<p>Pokazalo se da je ova Katedra dodatno doprinela podizanju svesti o zna\u010daju ovog problema i ukazala na \u010dinjenicu da postoji \u0161irok i jak konsenzus u Srbiji u pogledu promena u oblasti prava za\u0161tite konkurencije koje su, pokazalo se, zaista neophodne.<\/p>\n","protected":false},"excerpt":{"rendered":"<p>Autor fotografije: Aleksandar Milutinovi\u0107 Pod okriljem Advokatske komore Vojvodine (AKV), u Novom Sadu (poznatom kao srpska Atina) je\u00a04. oktobra 2017. godine, odr\u017eana\u00a0Katedra na temu: \u201ePostupak Komisije za za\u0161titu konkurencije protiv Advokatske komore Srbije, mogu\u0107e posledice za AKV i inicijativa za ocenu ustavnosti Zakona o za\u0161titi konkurencije\u201c. Predavanje o ovoj vrlo slo\u017eenoj i aktuelnoj temi dr\u017eali su Isidora Nikoli\u0107 Savin, advokat i specijalista za gra\u0111ansko i privredno pravo Evropske unije iz Novog Sada, i Bogdan Geci\u0107, partner u kancelariji Geci\u0107 Law. Veliko interesovanje za prisustvo Katedri pokazali su advokati i advokatski pripravnici, i to iz razli\u010ditih grana prava, \u0161to govori u [&hellip;]<\/p>\n","protected":false},"author":1,"featured_media":12503,"comment_status":"closed","ping_status":"open","sticky":false,"template":"","format":"standard","meta":{"om_disable_all_campaigns":false,"footnotes":""},"categories":[593,607,603],"tags":[977],"class_list":["post-12499","post","type-post","status-publish","format-standard","has-post-thumbnail","hentry","category-593","category-evropska-komisija","category-zastita-konkurencije-drzavna-pomoc","tag-zakon-o-zastiti-konkurencije"],"acf":[],"yoast_head":"<!-- This site is optimized with the Yoast SEO plugin v25.5 - https:\/\/yoast.com\/wordpress\/plugins\/seo\/ -->\n<title>AKV razmatra neustavnost Zakona o za\u0161titi konkurencije<\/title>\n<meta name=\"description\" content=\"Advokatska komora Vojvodine razmatra neustavnost Zakona o za\u0161titi konkurencije.\" \/>\n<meta name=\"robots\" content=\"index, follow, max-snippet:-1, max-image-preview:large, max-video-preview:-1\" \/>\n<link rel=\"canonical\" href=\"https:\/\/www.geciclaw.com\/bar-association-vojvodina-discusses-constitutionality-current-competition-act\/\" \/>\n<meta property=\"og:locale\" content=\"sr_RS\" \/>\n<meta property=\"og:type\" content=\"article\" \/>\n<meta property=\"og:title\" content=\"AKV razmatra neustavnost Zakona o za\u0161titi konkurencije\" \/>\n<meta property=\"og:description\" content=\"Advokatska komora Vojvodine razmatra neustavnost Zakona o za\u0161titi konkurencije.\" \/>\n<meta property=\"og:url\" content=\"https:\/\/www.geciclaw.com\/bar-association-vojvodina-discusses-constitutionality-current-competition-act\/\" \/>\n<meta property=\"og:site_name\" content=\"Geci\u0107 Law\" \/>\n<meta property=\"article:published_time\" content=\"2017-10-06T18:17:40+00:00\" \/>\n<meta property=\"article:modified_time\" content=\"2025-11-10T13:57:42+00:00\" \/>\n<meta property=\"og:image\" content=\"https:\/\/www.geciclaw.com\/wp-content\/uploads\/2017\/10\/NoviSad1.jpg\" \/>\n\t<meta property=\"og:image:width\" content=\"770\" \/>\n\t<meta property=\"og:image:height\" content=\"421\" \/>\n\t<meta property=\"og:image:type\" content=\"image\/jpeg\" \/>\n<meta name=\"author\" content=\"stefan\" \/>\n<meta name=\"twitter:card\" content=\"summary_large_image\" \/>\n<meta name=\"twitter:label1\" content=\"Napisano od\" \/>\n\t<meta name=\"twitter:data1\" content=\"stefan\" \/>\n\t<meta name=\"twitter:label2\" content=\"Procenjeno vreme \u010ditanja\" \/>\n\t<meta name=\"twitter:data2\" content=\"2 minuta\" \/>\n<script type=\"application\/ld+json\" class=\"yoast-schema-graph\">{\"@context\":\"https:\/\/schema.org\",\"@graph\":[{\"@type\":\"Article\",\"@id\":\"https:\/\/www.geciclaw.com\/bar-association-vojvodina-discusses-constitutionality-current-competition-act\/#article\",\"isPartOf\":{\"@id\":\"https:\/\/www.geciclaw.com\/bar-association-vojvodina-discusses-constitutionality-current-competition-act\/\"},\"author\":{\"name\":\"stefan\",\"@id\":\"https:\/\/www.geciclaw.com\/#\/schema\/person\/6da1a36ae431e659988e851fe3a9cf83\"},\"headline\":\"AKV razmatra neustavnost Zakona o za\u0161titi konkurencije\",\"datePublished\":\"2017-10-06T18:17:40+00:00\",\"dateModified\":\"2025-11-10T13:57:42+00:00\",\"mainEntityOfPage\":{\"@id\":\"https:\/\/www.geciclaw.com\/bar-association-vojvodina-discusses-constitutionality-current-competition-act\/\"},\"wordCount\":396,\"publisher\":{\"@id\":\"https:\/\/www.geciclaw.com\/#organization\"},\"image\":{\"@id\":\"https:\/\/www.geciclaw.com\/bar-association-vojvodina-discusses-constitutionality-current-competition-act\/#primaryimage\"},\"thumbnailUrl\":\"https:\/\/www.geciclaw.com\/wp-content\/uploads\/2017\/10\/NoviSad1.jpg\",\"keywords\":[\"Zakon o zastiti konkurencije\"],\"articleSection\":[\"\u0410\u043d\u0442\u0438\u0442\u0440\u0443\u0441\u0442 \/ \u041a\u043e\u043d\u043a\u0443\u0440\u0435\u043d\u0446\u0438\u0458\u0430\",\"Evropska komisija\",\"Za\u0161tita konkurencije \/ Dr\u017eavna pomo\u0107\"],\"inLanguage\":\"sr-RS\"},{\"@type\":\"WebPage\",\"@id\":\"https:\/\/www.geciclaw.com\/bar-association-vojvodina-discusses-constitutionality-current-competition-act\/\",\"url\":\"https:\/\/www.geciclaw.com\/bar-association-vojvodina-discusses-constitutionality-current-competition-act\/\",\"name\":\"AKV razmatra neustavnost Zakona o za\u0161titi konkurencije\",\"isPartOf\":{\"@id\":\"https:\/\/www.geciclaw.com\/#website\"},\"primaryImageOfPage\":{\"@id\":\"https:\/\/www.geciclaw.com\/bar-association-vojvodina-discusses-constitutionality-current-competition-act\/#primaryimage\"},\"image\":{\"@id\":\"https:\/\/www.geciclaw.com\/bar-association-vojvodina-discusses-constitutionality-current-competition-act\/#primaryimage\"},\"thumbnailUrl\":\"https:\/\/www.geciclaw.com\/wp-content\/uploads\/2017\/10\/NoviSad1.jpg\",\"datePublished\":\"2017-10-06T18:17:40+00:00\",\"dateModified\":\"2025-11-10T13:57:42+00:00\",\"description\":\"Advokatska komora Vojvodine razmatra neustavnost Zakona o za\u0161titi konkurencije.\",\"breadcrumb\":{\"@id\":\"https:\/\/www.geciclaw.com\/bar-association-vojvodina-discusses-constitutionality-current-competition-act\/#breadcrumb\"},\"inLanguage\":\"sr-RS\",\"potentialAction\":[{\"@type\":\"ReadAction\",\"target\":[\"https:\/\/www.geciclaw.com\/bar-association-vojvodina-discusses-constitutionality-current-competition-act\/\"]}]},{\"@type\":\"ImageObject\",\"inLanguage\":\"sr-RS\",\"@id\":\"https:\/\/www.geciclaw.com\/bar-association-vojvodina-discusses-constitutionality-current-competition-act\/#primaryimage\",\"url\":\"https:\/\/www.geciclaw.com\/wp-content\/uploads\/2017\/10\/NoviSad1.jpg\",\"contentUrl\":\"https:\/\/www.geciclaw.com\/wp-content\/uploads\/2017\/10\/NoviSad1.jpg\",\"width\":770,\"height\":421,\"caption\":\"Aleksandar\"},{\"@type\":\"BreadcrumbList\",\"@id\":\"https:\/\/www.geciclaw.com\/bar-association-vojvodina-discusses-constitutionality-current-competition-act\/#breadcrumb\",\"itemListElement\":[{\"@type\":\"ListItem\",\"position\":1,\"name\":\"Home\",\"item\":\"https:\/\/www.geciclaw.com\/sr\/\"},{\"@type\":\"ListItem\",\"position\":2,\"name\":\"AKV razmatra neustavnost Zakona o za\u0161titi konkurencije\"}]},{\"@type\":\"WebSite\",\"@id\":\"https:\/\/www.geciclaw.com\/#website\",\"url\":\"https:\/\/www.geciclaw.com\/\",\"name\":\"Geci\u0107 Law\",\"description\":\"Advokatska kancelarija\",\"publisher\":{\"@id\":\"https:\/\/www.geciclaw.com\/#organization\"},\"potentialAction\":[{\"@type\":\"SearchAction\",\"target\":{\"@type\":\"EntryPoint\",\"urlTemplate\":\"https:\/\/www.geciclaw.com\/?s={search_term_string}\"},\"query-input\":{\"@type\":\"PropertyValueSpecification\",\"valueRequired\":true,\"valueName\":\"search_term_string\"}}],\"inLanguage\":\"sr-RS\"},{\"@type\":\"Organization\",\"@id\":\"https:\/\/www.geciclaw.com\/#organization\",\"name\":\"Geci\u0107 Law\",\"url\":\"https:\/\/www.geciclaw.com\/\",\"logo\":{\"@type\":\"ImageObject\",\"inLanguage\":\"sr-RS\",\"@id\":\"https:\/\/www.geciclaw.com\/#\/schema\/logo\/image\/\",\"url\":\"https:\/\/geciclaw.com\/wp-content\/uploads\/2021\/10\/1.png\",\"contentUrl\":\"https:\/\/geciclaw.com\/wp-content\/uploads\/2021\/10\/1.png\",\"width\":1000,\"height\":409,\"caption\":\"Geci\u0107 Law\"},\"image\":{\"@id\":\"https:\/\/www.geciclaw.com\/#\/schema\/logo\/image\/\"}},{\"@type\":\"Person\",\"@id\":\"https:\/\/www.geciclaw.com\/#\/schema\/person\/6da1a36ae431e659988e851fe3a9cf83\",\"name\":\"stefan\",\"image\":{\"@type\":\"ImageObject\",\"inLanguage\":\"sr-RS\",\"@id\":\"https:\/\/www.geciclaw.com\/#\/schema\/person\/image\/\",\"url\":\"https:\/\/secure.gravatar.com\/avatar\/59099af461191b217c7b825d928bcba2b02d1b3c89de8338854bc40abd2b30c9?s=96&d=mm&r=g\",\"contentUrl\":\"https:\/\/secure.gravatar.com\/avatar\/59099af461191b217c7b825d928bcba2b02d1b3c89de8338854bc40abd2b30c9?s=96&d=mm&r=g\",\"caption\":\"stefan\"},\"url\":\"https:\/\/www.geciclaw.com\/sr\/author\/stefan\/\"}]}<\/script>\n<!-- \/ Yoast SEO plugin. -->","yoast_head_json":{"title":"AKV razmatra neustavnost Zakona o za\u0161titi konkurencije","description":"Advokatska komora Vojvodine razmatra neustavnost Zakona o za\u0161titi konkurencije.","robots":{"index":"index","follow":"follow","max-snippet":"max-snippet:-1","max-image-preview":"max-image-preview:large","max-video-preview":"max-video-preview:-1"},"canonical":"https:\/\/www.geciclaw.com\/bar-association-vojvodina-discusses-constitutionality-current-competition-act\/","og_locale":"sr_RS","og_type":"article","og_title":"AKV razmatra neustavnost Zakona o za\u0161titi konkurencije","og_description":"Advokatska komora Vojvodine razmatra neustavnost Zakona o za\u0161titi konkurencije.","og_url":"https:\/\/www.geciclaw.com\/bar-association-vojvodina-discusses-constitutionality-current-competition-act\/","og_site_name":"Geci\u0107 Law","article_published_time":"2017-10-06T18:17:40+00:00","article_modified_time":"2025-11-10T13:57:42+00:00","og_image":[{"width":770,"height":421,"url":"https:\/\/www.geciclaw.com\/wp-content\/uploads\/2017\/10\/NoviSad1.jpg","type":"image\/jpeg"}],"author":"stefan","twitter_card":"summary_large_image","twitter_misc":{"Napisano od":"stefan","Procenjeno vreme \u010ditanja":"2 minuta"},"schema":{"@context":"https:\/\/schema.org","@graph":[{"@type":"Article","@id":"https:\/\/www.geciclaw.com\/bar-association-vojvodina-discusses-constitutionality-current-competition-act\/#article","isPartOf":{"@id":"https:\/\/www.geciclaw.com\/bar-association-vojvodina-discusses-constitutionality-current-competition-act\/"},"author":{"name":"stefan","@id":"https:\/\/www.geciclaw.com\/#\/schema\/person\/6da1a36ae431e659988e851fe3a9cf83"},"headline":"AKV razmatra neustavnost Zakona o za\u0161titi konkurencije","datePublished":"2017-10-06T18:17:40+00:00","dateModified":"2025-11-10T13:57:42+00:00","mainEntityOfPage":{"@id":"https:\/\/www.geciclaw.com\/bar-association-vojvodina-discusses-constitutionality-current-competition-act\/"},"wordCount":396,"publisher":{"@id":"https:\/\/www.geciclaw.com\/#organization"},"image":{"@id":"https:\/\/www.geciclaw.com\/bar-association-vojvodina-discusses-constitutionality-current-competition-act\/#primaryimage"},"thumbnailUrl":"https:\/\/www.geciclaw.com\/wp-content\/uploads\/2017\/10\/NoviSad1.jpg","keywords":["Zakon o zastiti konkurencije"],"articleSection":["\u0410\u043d\u0442\u0438\u0442\u0440\u0443\u0441\u0442 \/ \u041a\u043e\u043d\u043a\u0443\u0440\u0435\u043d\u0446\u0438\u0458\u0430","Evropska komisija","Za\u0161tita konkurencije \/ Dr\u017eavna pomo\u0107"],"inLanguage":"sr-RS"},{"@type":"WebPage","@id":"https:\/\/www.geciclaw.com\/bar-association-vojvodina-discusses-constitutionality-current-competition-act\/","url":"https:\/\/www.geciclaw.com\/bar-association-vojvodina-discusses-constitutionality-current-competition-act\/","name":"AKV razmatra neustavnost Zakona o za\u0161titi konkurencije","isPartOf":{"@id":"https:\/\/www.geciclaw.com\/#website"},"primaryImageOfPage":{"@id":"https:\/\/www.geciclaw.com\/bar-association-vojvodina-discusses-constitutionality-current-competition-act\/#primaryimage"},"image":{"@id":"https:\/\/www.geciclaw.com\/bar-association-vojvodina-discusses-constitutionality-current-competition-act\/#primaryimage"},"thumbnailUrl":"https:\/\/www.geciclaw.com\/wp-content\/uploads\/2017\/10\/NoviSad1.jpg","datePublished":"2017-10-06T18:17:40+00:00","dateModified":"2025-11-10T13:57:42+00:00","description":"Advokatska komora Vojvodine razmatra neustavnost Zakona o za\u0161titi konkurencije.","breadcrumb":{"@id":"https:\/\/www.geciclaw.com\/bar-association-vojvodina-discusses-constitutionality-current-competition-act\/#breadcrumb"},"inLanguage":"sr-RS","potentialAction":[{"@type":"ReadAction","target":["https:\/\/www.geciclaw.com\/bar-association-vojvodina-discusses-constitutionality-current-competition-act\/"]}]},{"@type":"ImageObject","inLanguage":"sr-RS","@id":"https:\/\/www.geciclaw.com\/bar-association-vojvodina-discusses-constitutionality-current-competition-act\/#primaryimage","url":"https:\/\/www.geciclaw.com\/wp-content\/uploads\/2017\/10\/NoviSad1.jpg","contentUrl":"https:\/\/www.geciclaw.com\/wp-content\/uploads\/2017\/10\/NoviSad1.jpg","width":770,"height":421,"caption":"Aleksandar"},{"@type":"BreadcrumbList","@id":"https:\/\/www.geciclaw.com\/bar-association-vojvodina-discusses-constitutionality-current-competition-act\/#breadcrumb","itemListElement":[{"@type":"ListItem","position":1,"name":"Home","item":"https:\/\/www.geciclaw.com\/sr\/"},{"@type":"ListItem","position":2,"name":"AKV razmatra neustavnost Zakona o za\u0161titi konkurencije"}]},{"@type":"WebSite","@id":"https:\/\/www.geciclaw.com\/#website","url":"https:\/\/www.geciclaw.com\/","name":"Geci\u0107 Law","description":"Advokatska kancelarija","publisher":{"@id":"https:\/\/www.geciclaw.com\/#organization"},"potentialAction":[{"@type":"SearchAction","target":{"@type":"EntryPoint","urlTemplate":"https:\/\/www.geciclaw.com\/?s={search_term_string}"},"query-input":{"@type":"PropertyValueSpecification","valueRequired":true,"valueName":"search_term_string"}}],"inLanguage":"sr-RS"},{"@type":"Organization","@id":"https:\/\/www.geciclaw.com\/#organization","name":"Geci\u0107 Law","url":"https:\/\/www.geciclaw.com\/","logo":{"@type":"ImageObject","inLanguage":"sr-RS","@id":"https:\/\/www.geciclaw.com\/#\/schema\/logo\/image\/","url":"https:\/\/geciclaw.com\/wp-content\/uploads\/2021\/10\/1.png","contentUrl":"https:\/\/geciclaw.com\/wp-content\/uploads\/2021\/10\/1.png","width":1000,"height":409,"caption":"Geci\u0107 Law"},"image":{"@id":"https:\/\/www.geciclaw.com\/#\/schema\/logo\/image\/"}},{"@type":"Person","@id":"https:\/\/www.geciclaw.com\/#\/schema\/person\/6da1a36ae431e659988e851fe3a9cf83","name":"stefan","image":{"@type":"ImageObject","inLanguage":"sr-RS","@id":"https:\/\/www.geciclaw.com\/#\/schema\/person\/image\/","url":"https:\/\/secure.gravatar.com\/avatar\/59099af461191b217c7b825d928bcba2b02d1b3c89de8338854bc40abd2b30c9?s=96&d=mm&r=g","contentUrl":"https:\/\/secure.gravatar.com\/avatar\/59099af461191b217c7b825d928bcba2b02d1b3c89de8338854bc40abd2b30c9?s=96&d=mm&r=g","caption":"stefan"},"url":"https:\/\/www.geciclaw.com\/sr\/author\/stefan\/"}]}},"_links":{"self":[{"href":"https:\/\/www.geciclaw.com\/sr\/wp-json\/wp\/v2\/posts\/12499","targetHints":{"allow":["GET"]}}],"collection":[{"href":"https:\/\/www.geciclaw.com\/sr\/wp-json\/wp\/v2\/posts"}],"about":[{"href":"https:\/\/www.geciclaw.com\/sr\/wp-json\/wp\/v2\/types\/post"}],"author":[{"embeddable":true,"href":"https:\/\/www.geciclaw.com\/sr\/wp-json\/wp\/v2\/users\/1"}],"replies":[{"embeddable":true,"href":"https:\/\/www.geciclaw.com\/sr\/wp-json\/wp\/v2\/comments?post=12499"}],"version-history":[{"count":15,"href":"https:\/\/www.geciclaw.com\/sr\/wp-json\/wp\/v2\/posts\/12499\/revisions"}],"predecessor-version":[{"id":47835,"href":"https:\/\/www.geciclaw.com\/sr\/wp-json\/wp\/v2\/posts\/12499\/revisions\/47835"}],"wp:featuredmedia":[{"embeddable":true,"href":"https:\/\/www.geciclaw.com\/sr\/wp-json\/wp\/v2\/media\/12503"}],"wp:attachment":[{"href":"https:\/\/www.geciclaw.com\/sr\/wp-json\/wp\/v2\/media?parent=12499"}],"wp:term":[{"taxonomy":"category","embeddable":true,"href":"https:\/\/www.geciclaw.com\/sr\/wp-json\/wp\/v2\/categories?post=12499"},{"taxonomy":"post_tag","embeddable":true,"href":"https:\/\/www.geciclaw.com\/sr\/wp-json\/wp\/v2\/tags?post=12499"}],"curies":[{"name":"wp","href":"https:\/\/api.w.org\/{rel}","templated":true}]}}