{"id":13071,"date":"2017-11-29T19:24:15","date_gmt":"2017-11-29T18:24:15","guid":{"rendered":"https:\/\/www.geciclaw.com\/?p=13071"},"modified":"2025-12-22T15:08:06","modified_gmt":"2025-12-22T14:08:06","slug":"evropska-unija-amazon-srbija-multinacionalne-kompanije","status":"publish","type":"post","link":"https:\/\/www.geciclaw.com\/sr\/evropska-unija-amazon-srbija-multinacionalne-kompanije\/","title":{"rendered":"Evropska unija zavr\u0107e ruku Amazonu \u2013 da li multinacionalne kompanije u Srbiji imaju razloga za brigu?"},"content":{"rendered":"<h4><a href=\"https:\/\/ec.europa.eu\/commission\/index_en\">Evropska komisija<\/a> je nedavno donela odluku u kojoj je utvrdila da je Luksemburg davao nepripadaju\u0107e poreske olak\u0161ice <a href=\"https:\/\/www.amazon.com\/\">Amazonu<\/a> u ukupnom iznosu od 250 miliona evra. Kako srpski poreski organi imaju ovla\u0161\u0107enje da izdaju prethodna obavezuju\u0107a poreska mi\u0161ljenja\u2014a imaju\u0107i u vidu da multinacionalne kompanije \u010desto koriste ovu mogu\u0107nost, pritom uop\u0161te ne razmi\u0161ljaju\u0107i o kontroli dr\u017eavne pomo\u0107i\u2014mnogi treba da se zabrinu u vezi sa doma\u0161ajem odluke Komisije u slu\u010daju Amazona.<\/h4>\n<p>Evropska komisija (<strong>Komisija<\/strong>) nastavlja da se bori protiv navodnog izbegavanja pla\u0107anja poreza i nedavno je zaklju\u010dila da je Luksemburg davao nepripadaju\u0107e poreske olak\u0161ice Amazonu u iznosu od 250 miliona evra.<sup>1<\/sup><\/p>\n<p>Navedena poreska olak\u0161ica je dodeljena putem vrlo povoljnog obavezuju\u0107eg tuma\u010denja poreskih pravila koje je izdala luksembur\u0161ka poreska uprava i, prema mi\u0161ljenju Komisije, predstavlja nedozvoljenu dr\u017eavnu pomo\u0107 \u2013 \u0161to dalje zna\u010di da \u0107e Amazon biti u obavezi da je vrati, sa kamatom. Kako srpski poreski organi imaju ovla\u0161\u0107enje da izdaju prethodna obavezuju\u0107a poreska mi\u0161ljenja\u2014a imaju\u0107i u vidu da multinacionalne kompanije \u010desto koriste ovu mogu\u0107nost, pritom uop\u0161te ne razmi\u0161ljaju\u0107i o kontroli dr\u017eavne pomo\u0107i\u2014mnogi treba da se zabrinu u vezi sa doma\u0161ajem odluke Komisije u slu\u010daju Amazona.<\/p>\n<p>Prethodno obavezuju\u0107e tuma\u010denje poreskih pravila koje je izdaje poreska uprava (<strong>Obavezuju\u0107e tuma\u010denje<\/strong>) je odluka\/izjava poreskih organa o tome kako \u0107e tuma\u010diti poreske propise u odre\u0111enoj situaciji. Ona su obavezuju\u0107a za poresku upravu i slu\u017ee da pobolj\u0161aju pravnu sigurnost. Me\u0111utim, multinacionalne kompanije \u010desto tra\u017ee Obavezuju\u0107a tuma\u010denja u vi\u0161e jurisdikcija kako bi za svoje poslovanje odabrale zemlju sa najbla\u017eim poreskim tretmanom kroz najpovoljnije tuma\u010denje poreskih zakona. U cilju privla\u010denja investicija, lokalni poreski organi nekada tuma\u010de propise na na\u010din koji je najkorisniji za te kompanije.<\/p>\n<p>Tako\u0111e, dobri poreski savetnici i advokati mogu da (zlo)upotrebe svoje znanje o me\u0111unarodnom oporezivanju i da ubede lokalnu poresku upravu da zauzme stav u korist njihovih klijenata. Na primer, ovo se nekada sprovodi kori\u0161\u0107enjem pa\u017eljivo izabranih argumenata iz OECD smernica. U zemljama u razvoju, poput Srbije, poreski organi nemaju kapacitete potrebne za re\u0161avanje slo\u017eenih poresko-pravnih pitanja kao \u0161to je npr. prebacivanje oporezive dobiti u povoljnije poreske jurisdikcije, \u0161to ih \u010dini prijem\u010divim za ovakvu vrstu ube\u0111ivanja.<\/p>\n<p><strong>U slu\u010daju Amazona<\/strong>, postoje dve kompanije koje su registrovane u Luksemburgu \u2013 (i) Amazon EU koja ima vi\u0161e od 500 zaposlenih i posluje \u0161irom Evrope, i (ii) Amazon Europe Holding Technologies (<strong>Holding kompanija<\/strong>) koja nema zaposlene i predstavlja dru\u0161tvo za posebne namene (<em>shell company<\/em>). Zbog svoje pravne forme i vlasni\u010dke strukture, porez na dobit Holding kompanije se pla\u0107a u SAD-u, a ne u\u00a0Luksemburgu. U skladu sa odredbama poreskih propisa SAD-a, Holding kompanija u SAD-u do ovog trenutka uop\u0161te nije bila obavezna da zaista plati porez \u2013 \u0161to je vrlo povoljno za Amazon grupu.<\/p>\n<p>Holding kompanija ima odre\u0111ena prava intelektualne svojine za \u010dije je kori\u0161\u0107enje dala isklju\u010divu licencu Amazonu EU, i to za \u2013 prema proceni Komisije \u2013 neopravdano visoku naknadu. Lokalni poreski organi su usvojili Obavezuju\u0107e tuma\u010denje koje odobrava ovakav poslovni model, uklju\u010duju\u0107i i vrlo visoku naknadu, \u010dime su omogu\u0107ili Amazon grupi da izbegne pla\u0107anje poreza na tri \u010detvrtine dobiti ostvarene od svih prodaja u EU.<\/p>\n<p>Me\u0111utim, po\u0161to obe kompanije pripadaju istoj grupi, naknada za licencu je trebalo da bude u skladu sa ekonomskom realno\u0161\u0107u, tj. sa na\u010delom \u201cvan dohvata ruke\u201d. Prema op\u0161tem pravilu, iznos naknade koji prelazi cenu \u201cvan dohvata ruke\u201d za poreske svrhe ne bi trebalo tretirati kao odbitan. Prakti\u010dno, oporeziva dobit Amazona EU\u00a0 je trebalo da se pove\u0107a za razliku izme\u0111u neopravdano visoke pla\u0107ene naknade i naknade koja bi bila pla\u0107ena u skladu sa ekonomskom realno\u0161\u0107u \u2013 i koja bi dovela do toga da Amazon EU plati vi\u0161e poreza na dobit u Luksemburgu, jer smanjenje (odbitnih) tro\u0161kova vodi ve\u0107oj oporezivoj dobiti.<\/p>\n<p>Komisija je zaklju\u010dila da je gore pomenuto Obavezuju\u0107e tuma\u010denje Amazonu obezbedilo selektivnu ekonomsku prednost nezakonitim smanjenjem njegovih oporezivih prihoda u Luksemburgu, i time mu omogu\u0107ilo da plati manje poreza od drugih poreskih obveznika prema istim nacionalnim pravilima. Drugim re\u010dima: naknada za licencu bi trebalo da bude ni\u017ea, a Holding kompanija je trebalo da stekne manju dobit.<\/p>\n<p>Suprotno tome, Amazon EU je trebalo da ostvari ve\u0107u dobit i samim tim da plati ve\u0107i porez na dobit u Luksemburgu. Amazon stoga sada mora da plati nepla\u0107ene poreze koji iznose 250 miliona evra, uve\u0107ane za pripadaju\u0107u kamatu.<\/p>\n<p><strong>Prema srpskom pravu<\/strong>, poreska uprava ima ovla\u0161\u0107enje da izda prethodna obavezuju\u0107a poreska mi\u0161ljenja,<sup>2<\/sup> i multinacionalne kompanije \u010desto pose\u017eu za takvim poreskim mi\u0161ljenjima sa ciljem da izvr\u0161e poresku optimizaciju. Na primer, neke multinacionalne kompanije koriste ovaj metod radi izbegavanja poreza na dobit svojih stalnih poslovnih jedinica u Srbiji tako \u0161to od poreske uprave izdejstvuju potvrdu da oni uop\u0161te nemaju stalnu poslovnu jedinicu \u2013 a \u0161to mo\u017eda predstavlja najefikasniji na\u010din da se oporeziva dobit prebaci u jurisdikciju sa povoljnijim poreskim propisima.<\/p>\n<p>Iako nije potpuno izvesno da li se ovakva prethodna poreska mi\u0161ljenja imaju smatrati Obavezuju\u0107im tuma\u010denjima na na\u010din na koji takva Obavezuju\u0107a tuma\u010denja postoje u drugim jurisdikcijama, imaju\u0107i u vidu praksu Komisije treba ih tako tretirati kada je u pitanju kontrola dr\u017eavne pomo\u0107i. Naime, irski poreski propisi poznaju sli\u010dna prethodna mi\u0161ljenja, a Komisija je, u izuzetno bitnom slu\u010daju <em>Apple<\/em>, izri\u010dito navela: \u201cIrska upu\u0107uje na \u2018prethodna mi\u0161ljenja\u2019 umesto na \u2018Obavezuju\u0107a tuma\u010denja\u2019 u svojim podnescima. &#8230; Su\u0161tinski, ova dva pojma su ista&#8220;<sup>4<\/sup> (<a href=\"https:\/\/uk.practicallaw.thomsonreuters.com\/w-003-2672?originationContext=document&amp;transitionType=DocumentItem&amp;contextData=(sc.Default)\"><em>Legal update, Commission decision on Ireland&#8217;s selective tax treatment of Apple)<\/em><\/a>.<\/p>\n<p>Treba ista\u0107i da Sporazum o stabilizaciji i pridru\u017eivanju izme\u0111u Srbije i EU sadr\u017ei i odredbu koja obavezuje Srbiju da primenjuje kriterijume koji proisti\u010du iz pravila konkurencije koja su u primeni u EU, kao i sredstva tuma\u010denja usvojena od strane institucija EU.<\/p>\n<p>U svetlu poslednjih de\u0161avanja, postoji stvarni rizik da bi bilo koja nezakonita prednost data kompaniji putem povoljnog poreskog mi\u0161ljenja mogla biti tretirana kao dr\u017eavna pomo\u0107 i shodno tome predmet povra\u0107aja. Stoga, jedna od lekcija odluke Komisije o poreskim olak\u0161icama koje je dobio Amazon bi bila da se u poresko strukturiranje i poresko planiranje uklju\u010de advokati specijalizovani za oblast dr\u017eavne pomo\u0107i ili da se, jo\u0161 bolje, anga\u017euju savetnici\/advokati sa poznavanjem pravila i dr\u017eavne pomo\u0107i i poreskog prava.<\/p>\n<p><em><strong>Autori: Marija Papi\u0107 i Du\u0161an Rom\u010devi\u0107,\u00a0Geci\u0107 Law\u00a0<\/strong><\/em><\/p>\n<p><em><strong>Ovaj \u010dlanak je prethodno objavljen od strane Thomson Reuters\/Practical Law i uz dozvolu izdava\u010da je dostupan i na na\u0161em sajtu.<\/strong><\/em><\/p>\n<h6><sup>1<\/sup> <em>Videti:\u00a0<a href=\"http:\/\/europa.eu\/rapid\/press-release_IP-17-3701_en.htm\">http:\/\/europa.eu\/rapid\/press-release_IP-17-3701_en.htm<\/a>. Odluka \u0107e biti objavljena pod brojem SA.38944 \u010dim se pripremi verzija u kojoj nisu prikazani poverljivi podaci.<\/em><\/h6>\n<h6><sup>2<\/sup> <em>\u010clan 11 Zakona o poreskom postupku i poreskoj administraciji (\u201eSlu\u017ebeni glasnik RS\u201c br. 80\/2002, &#8230; 108\/2016).<\/em><\/h6>\n<h6><sup>3<\/sup> <em>Videti: Odluka Evropske komisije (EU) 2017\/1283 od dana 30. avgusta 2016. godine o dr\u017eavnoj pomo\u0107i br. SA. 38373 (2014\/C).<\/em><\/h6>\n<p>&nbsp;<\/p>\n<p><a href=\"#_ftnref1\" name=\"_ftn1\"><\/a><\/p>\n<p><a href=\"#_ftnref1\" name=\"_ftn1\"><\/a><\/p>\n","protected":false},"excerpt":{"rendered":"<p>Evropska komisija je nedavno donela odluku u kojoj je utvrdila da je Luksemburg davao nepripadaju\u0107e poreske olak\u0161ice Amazonu u ukupnom iznosu od 250 miliona evra. Kako srpski poreski organi imaju ovla\u0161\u0107enje da izdaju prethodna obavezuju\u0107a poreska mi\u0161ljenja\u2014a imaju\u0107i u vidu da multinacionalne kompanije \u010desto koriste ovu mogu\u0107nost, pritom uop\u0161te ne razmi\u0161ljaju\u0107i o kontroli dr\u017eavne pomo\u0107i\u2014mnogi treba da se zabrinu u vezi sa doma\u0161ajem odluke Komisije u slu\u010daju Amazona. Evropska komisija (Komisija) nastavlja da se bori protiv navodnog izbegavanja pla\u0107anja poreza i nedavno je zaklju\u010dila da je Luksemburg davao nepripadaju\u0107e poreske olak\u0161ice Amazonu u iznosu od 250 miliona evra.1 Navedena poreska [&hellip;]<\/p>\n","protected":false},"author":1,"featured_media":13123,"comment_status":"closed","ping_status":"open","sticky":false,"template":"","format":"standard","meta":{"om_disable_all_campaigns":false,"footnotes":""},"categories":[593,607],"tags":[621,1023],"class_list":["post-13071","post","type-post","status-publish","format-standard","has-post-thumbnail","hentry","category-593","category-evropska-komisija","tag-european-commission-sr","tag-evropska-unija"],"acf":[],"yoast_head":"<!-- This site is optimized with the Yoast SEO plugin v25.5 - https:\/\/yoast.com\/wordpress\/plugins\/seo\/ -->\n<title>EU zavr\u0107e ruku Amazonu \u2013 da li na\u0161e kompanije imaju razloga za brigu?<\/title>\n<meta name=\"description\" content=\"EU je donela odluku u kojoj je utvrdila da je Luksemburg davao nepripadaju\u0107e poreske olak\u0161ice Amazonu u ukupnom iznosu od 250 miliona evra.\" \/>\n<meta name=\"robots\" content=\"index, follow, max-snippet:-1, max-image-preview:large, max-video-preview:-1\" \/>\n<link rel=\"canonical\" href=\"https:\/\/www.geciclaw.com\/european-union-amazon-multinationals-serbia\/\" \/>\n<meta property=\"og:locale\" content=\"sr_RS\" \/>\n<meta property=\"og:type\" content=\"article\" \/>\n<meta property=\"og:title\" content=\"EU zavr\u0107e ruku Amazonu \u2013 da li na\u0161e kompanije imaju razloga za brigu?\" \/>\n<meta property=\"og:description\" content=\"EU je donela odluku u kojoj je utvrdila da je Luksemburg davao nepripadaju\u0107e poreske olak\u0161ice Amazonu u ukupnom iznosu od 250 miliona evra.\" \/>\n<meta property=\"og:url\" content=\"https:\/\/www.geciclaw.com\/european-union-amazon-multinationals-serbia\/\" \/>\n<meta property=\"og:site_name\" content=\"Geci\u0107 Law\" \/>\n<meta property=\"article:published_time\" content=\"2017-11-29T18:24:15+00:00\" \/>\n<meta property=\"article:modified_time\" content=\"2025-12-22T14:08:06+00:00\" \/>\n<meta property=\"og:image\" content=\"https:\/\/www.geciclaw.com\/wp-content\/uploads\/2017\/11\/European-Comission1.jpg\" \/>\n\t<meta property=\"og:image:width\" content=\"770\" \/>\n\t<meta property=\"og:image:height\" content=\"421\" \/>\n\t<meta property=\"og:image:type\" content=\"image\/jpeg\" \/>\n<meta name=\"author\" content=\"stefan\" \/>\n<meta name=\"twitter:card\" content=\"summary_large_image\" \/>\n<meta name=\"twitter:label1\" content=\"Napisano od\" \/>\n\t<meta name=\"twitter:data1\" content=\"stefan\" \/>\n\t<meta name=\"twitter:label2\" content=\"Procenjeno vreme \u010ditanja\" \/>\n\t<meta name=\"twitter:data2\" content=\"5 minuta\" \/>\n<script type=\"application\/ld+json\" class=\"yoast-schema-graph\">{\"@context\":\"https:\/\/schema.org\",\"@graph\":[{\"@type\":\"Article\",\"@id\":\"https:\/\/www.geciclaw.com\/european-union-amazon-multinationals-serbia\/#article\",\"isPartOf\":{\"@id\":\"https:\/\/www.geciclaw.com\/european-union-amazon-multinationals-serbia\/\"},\"author\":{\"name\":\"stefan\",\"@id\":\"https:\/\/www.geciclaw.com\/#\/schema\/person\/6da1a36ae431e659988e851fe3a9cf83\"},\"headline\":\"Evropska unija zavr\u0107e ruku Amazonu \u2013 da li multinacionalne kompanije u Srbiji imaju razloga za brigu?\",\"datePublished\":\"2017-11-29T18:24:15+00:00\",\"dateModified\":\"2025-12-22T14:08:06+00:00\",\"mainEntityOfPage\":{\"@id\":\"https:\/\/www.geciclaw.com\/european-union-amazon-multinationals-serbia\/\"},\"wordCount\":1225,\"publisher\":{\"@id\":\"https:\/\/www.geciclaw.com\/#organization\"},\"image\":{\"@id\":\"https:\/\/www.geciclaw.com\/european-union-amazon-multinationals-serbia\/#primaryimage\"},\"thumbnailUrl\":\"https:\/\/www.geciclaw.com\/wp-content\/uploads\/2017\/11\/European-Comission1.jpg\",\"keywords\":[\"Evropska komisija\",\"Evropska unija\"],\"articleSection\":[\"\u0410\u043d\u0442\u0438\u0442\u0440\u0443\u0441\u0442 \/ \u041a\u043e\u043d\u043a\u0443\u0440\u0435\u043d\u0446\u0438\u0458\u0430\",\"Evropska komisija\"],\"inLanguage\":\"sr-RS\"},{\"@type\":\"WebPage\",\"@id\":\"https:\/\/www.geciclaw.com\/european-union-amazon-multinationals-serbia\/\",\"url\":\"https:\/\/www.geciclaw.com\/european-union-amazon-multinationals-serbia\/\",\"name\":\"EU zavr\u0107e ruku Amazonu \u2013 da li na\u0161e kompanije imaju razloga za brigu?\",\"isPartOf\":{\"@id\":\"https:\/\/www.geciclaw.com\/#website\"},\"primaryImageOfPage\":{\"@id\":\"https:\/\/www.geciclaw.com\/european-union-amazon-multinationals-serbia\/#primaryimage\"},\"image\":{\"@id\":\"https:\/\/www.geciclaw.com\/european-union-amazon-multinationals-serbia\/#primaryimage\"},\"thumbnailUrl\":\"https:\/\/www.geciclaw.com\/wp-content\/uploads\/2017\/11\/European-Comission1.jpg\",\"datePublished\":\"2017-11-29T18:24:15+00:00\",\"dateModified\":\"2025-12-22T14:08:06+00:00\",\"description\":\"EU je donela odluku u kojoj je utvrdila da je Luksemburg davao nepripadaju\u0107e poreske olak\u0161ice Amazonu u ukupnom iznosu od 250 miliona evra.\",\"breadcrumb\":{\"@id\":\"https:\/\/www.geciclaw.com\/european-union-amazon-multinationals-serbia\/#breadcrumb\"},\"inLanguage\":\"sr-RS\",\"potentialAction\":[{\"@type\":\"ReadAction\",\"target\":[\"https:\/\/www.geciclaw.com\/european-union-amazon-multinationals-serbia\/\"]}]},{\"@type\":\"ImageObject\",\"inLanguage\":\"sr-RS\",\"@id\":\"https:\/\/www.geciclaw.com\/european-union-amazon-multinationals-serbia\/#primaryimage\",\"url\":\"https:\/\/www.geciclaw.com\/wp-content\/uploads\/2017\/11\/European-Comission1.jpg\",\"contentUrl\":\"https:\/\/www.geciclaw.com\/wp-content\/uploads\/2017\/11\/European-Comission1.jpg\",\"width\":770,\"height\":421},{\"@type\":\"BreadcrumbList\",\"@id\":\"https:\/\/www.geciclaw.com\/european-union-amazon-multinationals-serbia\/#breadcrumb\",\"itemListElement\":[{\"@type\":\"ListItem\",\"position\":1,\"name\":\"Home\",\"item\":\"https:\/\/www.geciclaw.com\/sr\/\"},{\"@type\":\"ListItem\",\"position\":2,\"name\":\"Evropska unija zavr\u0107e ruku Amazonu \u2013 da li multinacionalne kompanije u Srbiji imaju razloga za brigu?\"}]},{\"@type\":\"WebSite\",\"@id\":\"https:\/\/www.geciclaw.com\/#website\",\"url\":\"https:\/\/www.geciclaw.com\/\",\"name\":\"Geci\u0107 Law\",\"description\":\"Advokatska kancelarija\",\"publisher\":{\"@id\":\"https:\/\/www.geciclaw.com\/#organization\"},\"potentialAction\":[{\"@type\":\"SearchAction\",\"target\":{\"@type\":\"EntryPoint\",\"urlTemplate\":\"https:\/\/www.geciclaw.com\/?s={search_term_string}\"},\"query-input\":{\"@type\":\"PropertyValueSpecification\",\"valueRequired\":true,\"valueName\":\"search_term_string\"}}],\"inLanguage\":\"sr-RS\"},{\"@type\":\"Organization\",\"@id\":\"https:\/\/www.geciclaw.com\/#organization\",\"name\":\"Geci\u0107 Law\",\"url\":\"https:\/\/www.geciclaw.com\/\",\"logo\":{\"@type\":\"ImageObject\",\"inLanguage\":\"sr-RS\",\"@id\":\"https:\/\/www.geciclaw.com\/#\/schema\/logo\/image\/\",\"url\":\"https:\/\/geciclaw.com\/wp-content\/uploads\/2021\/10\/1.png\",\"contentUrl\":\"https:\/\/geciclaw.com\/wp-content\/uploads\/2021\/10\/1.png\",\"width\":1000,\"height\":409,\"caption\":\"Geci\u0107 Law\"},\"image\":{\"@id\":\"https:\/\/www.geciclaw.com\/#\/schema\/logo\/image\/\"}},{\"@type\":\"Person\",\"@id\":\"https:\/\/www.geciclaw.com\/#\/schema\/person\/6da1a36ae431e659988e851fe3a9cf83\",\"name\":\"stefan\",\"image\":{\"@type\":\"ImageObject\",\"inLanguage\":\"sr-RS\",\"@id\":\"https:\/\/www.geciclaw.com\/#\/schema\/person\/image\/\",\"url\":\"https:\/\/secure.gravatar.com\/avatar\/59099af461191b217c7b825d928bcba2b02d1b3c89de8338854bc40abd2b30c9?s=96&d=mm&r=g\",\"contentUrl\":\"https:\/\/secure.gravatar.com\/avatar\/59099af461191b217c7b825d928bcba2b02d1b3c89de8338854bc40abd2b30c9?s=96&d=mm&r=g\",\"caption\":\"stefan\"},\"url\":\"https:\/\/www.geciclaw.com\/sr\/author\/stefan\/\"}]}<\/script>\n<!-- \/ Yoast SEO plugin. -->","yoast_head_json":{"title":"EU zavr\u0107e ruku Amazonu \u2013 da li na\u0161e kompanije imaju razloga za brigu?","description":"EU je donela odluku u kojoj je utvrdila da je Luksemburg davao nepripadaju\u0107e poreske olak\u0161ice Amazonu u ukupnom iznosu od 250 miliona evra.","robots":{"index":"index","follow":"follow","max-snippet":"max-snippet:-1","max-image-preview":"max-image-preview:large","max-video-preview":"max-video-preview:-1"},"canonical":"https:\/\/www.geciclaw.com\/european-union-amazon-multinationals-serbia\/","og_locale":"sr_RS","og_type":"article","og_title":"EU zavr\u0107e ruku Amazonu \u2013 da li na\u0161e kompanije imaju razloga za brigu?","og_description":"EU je donela odluku u kojoj je utvrdila da je Luksemburg davao nepripadaju\u0107e poreske olak\u0161ice Amazonu u ukupnom iznosu od 250 miliona evra.","og_url":"https:\/\/www.geciclaw.com\/european-union-amazon-multinationals-serbia\/","og_site_name":"Geci\u0107 Law","article_published_time":"2017-11-29T18:24:15+00:00","article_modified_time":"2025-12-22T14:08:06+00:00","og_image":[{"width":770,"height":421,"url":"https:\/\/www.geciclaw.com\/wp-content\/uploads\/2017\/11\/European-Comission1.jpg","type":"image\/jpeg"}],"author":"stefan","twitter_card":"summary_large_image","twitter_misc":{"Napisano od":"stefan","Procenjeno vreme \u010ditanja":"5 minuta"},"schema":{"@context":"https:\/\/schema.org","@graph":[{"@type":"Article","@id":"https:\/\/www.geciclaw.com\/european-union-amazon-multinationals-serbia\/#article","isPartOf":{"@id":"https:\/\/www.geciclaw.com\/european-union-amazon-multinationals-serbia\/"},"author":{"name":"stefan","@id":"https:\/\/www.geciclaw.com\/#\/schema\/person\/6da1a36ae431e659988e851fe3a9cf83"},"headline":"Evropska unija zavr\u0107e ruku Amazonu \u2013 da li multinacionalne kompanije u Srbiji imaju razloga za brigu?","datePublished":"2017-11-29T18:24:15+00:00","dateModified":"2025-12-22T14:08:06+00:00","mainEntityOfPage":{"@id":"https:\/\/www.geciclaw.com\/european-union-amazon-multinationals-serbia\/"},"wordCount":1225,"publisher":{"@id":"https:\/\/www.geciclaw.com\/#organization"},"image":{"@id":"https:\/\/www.geciclaw.com\/european-union-amazon-multinationals-serbia\/#primaryimage"},"thumbnailUrl":"https:\/\/www.geciclaw.com\/wp-content\/uploads\/2017\/11\/European-Comission1.jpg","keywords":["Evropska komisija","Evropska unija"],"articleSection":["\u0410\u043d\u0442\u0438\u0442\u0440\u0443\u0441\u0442 \/ \u041a\u043e\u043d\u043a\u0443\u0440\u0435\u043d\u0446\u0438\u0458\u0430","Evropska komisija"],"inLanguage":"sr-RS"},{"@type":"WebPage","@id":"https:\/\/www.geciclaw.com\/european-union-amazon-multinationals-serbia\/","url":"https:\/\/www.geciclaw.com\/european-union-amazon-multinationals-serbia\/","name":"EU zavr\u0107e ruku Amazonu \u2013 da li na\u0161e kompanije imaju razloga za brigu?","isPartOf":{"@id":"https:\/\/www.geciclaw.com\/#website"},"primaryImageOfPage":{"@id":"https:\/\/www.geciclaw.com\/european-union-amazon-multinationals-serbia\/#primaryimage"},"image":{"@id":"https:\/\/www.geciclaw.com\/european-union-amazon-multinationals-serbia\/#primaryimage"},"thumbnailUrl":"https:\/\/www.geciclaw.com\/wp-content\/uploads\/2017\/11\/European-Comission1.jpg","datePublished":"2017-11-29T18:24:15+00:00","dateModified":"2025-12-22T14:08:06+00:00","description":"EU je donela odluku u kojoj je utvrdila da je Luksemburg davao nepripadaju\u0107e poreske olak\u0161ice Amazonu u ukupnom iznosu od 250 miliona evra.","breadcrumb":{"@id":"https:\/\/www.geciclaw.com\/european-union-amazon-multinationals-serbia\/#breadcrumb"},"inLanguage":"sr-RS","potentialAction":[{"@type":"ReadAction","target":["https:\/\/www.geciclaw.com\/european-union-amazon-multinationals-serbia\/"]}]},{"@type":"ImageObject","inLanguage":"sr-RS","@id":"https:\/\/www.geciclaw.com\/european-union-amazon-multinationals-serbia\/#primaryimage","url":"https:\/\/www.geciclaw.com\/wp-content\/uploads\/2017\/11\/European-Comission1.jpg","contentUrl":"https:\/\/www.geciclaw.com\/wp-content\/uploads\/2017\/11\/European-Comission1.jpg","width":770,"height":421},{"@type":"BreadcrumbList","@id":"https:\/\/www.geciclaw.com\/european-union-amazon-multinationals-serbia\/#breadcrumb","itemListElement":[{"@type":"ListItem","position":1,"name":"Home","item":"https:\/\/www.geciclaw.com\/sr\/"},{"@type":"ListItem","position":2,"name":"Evropska unija zavr\u0107e ruku Amazonu \u2013 da li multinacionalne kompanije u Srbiji imaju razloga za brigu?"}]},{"@type":"WebSite","@id":"https:\/\/www.geciclaw.com\/#website","url":"https:\/\/www.geciclaw.com\/","name":"Geci\u0107 Law","description":"Advokatska kancelarija","publisher":{"@id":"https:\/\/www.geciclaw.com\/#organization"},"potentialAction":[{"@type":"SearchAction","target":{"@type":"EntryPoint","urlTemplate":"https:\/\/www.geciclaw.com\/?s={search_term_string}"},"query-input":{"@type":"PropertyValueSpecification","valueRequired":true,"valueName":"search_term_string"}}],"inLanguage":"sr-RS"},{"@type":"Organization","@id":"https:\/\/www.geciclaw.com\/#organization","name":"Geci\u0107 Law","url":"https:\/\/www.geciclaw.com\/","logo":{"@type":"ImageObject","inLanguage":"sr-RS","@id":"https:\/\/www.geciclaw.com\/#\/schema\/logo\/image\/","url":"https:\/\/geciclaw.com\/wp-content\/uploads\/2021\/10\/1.png","contentUrl":"https:\/\/geciclaw.com\/wp-content\/uploads\/2021\/10\/1.png","width":1000,"height":409,"caption":"Geci\u0107 Law"},"image":{"@id":"https:\/\/www.geciclaw.com\/#\/schema\/logo\/image\/"}},{"@type":"Person","@id":"https:\/\/www.geciclaw.com\/#\/schema\/person\/6da1a36ae431e659988e851fe3a9cf83","name":"stefan","image":{"@type":"ImageObject","inLanguage":"sr-RS","@id":"https:\/\/www.geciclaw.com\/#\/schema\/person\/image\/","url":"https:\/\/secure.gravatar.com\/avatar\/59099af461191b217c7b825d928bcba2b02d1b3c89de8338854bc40abd2b30c9?s=96&d=mm&r=g","contentUrl":"https:\/\/secure.gravatar.com\/avatar\/59099af461191b217c7b825d928bcba2b02d1b3c89de8338854bc40abd2b30c9?s=96&d=mm&r=g","caption":"stefan"},"url":"https:\/\/www.geciclaw.com\/sr\/author\/stefan\/"}]}},"_links":{"self":[{"href":"https:\/\/www.geciclaw.com\/sr\/wp-json\/wp\/v2\/posts\/13071","targetHints":{"allow":["GET"]}}],"collection":[{"href":"https:\/\/www.geciclaw.com\/sr\/wp-json\/wp\/v2\/posts"}],"about":[{"href":"https:\/\/www.geciclaw.com\/sr\/wp-json\/wp\/v2\/types\/post"}],"author":[{"embeddable":true,"href":"https:\/\/www.geciclaw.com\/sr\/wp-json\/wp\/v2\/users\/1"}],"replies":[{"embeddable":true,"href":"https:\/\/www.geciclaw.com\/sr\/wp-json\/wp\/v2\/comments?post=13071"}],"version-history":[{"count":10,"href":"https:\/\/www.geciclaw.com\/sr\/wp-json\/wp\/v2\/posts\/13071\/revisions"}],"predecessor-version":[{"id":48258,"href":"https:\/\/www.geciclaw.com\/sr\/wp-json\/wp\/v2\/posts\/13071\/revisions\/48258"}],"wp:featuredmedia":[{"embeddable":true,"href":"https:\/\/www.geciclaw.com\/sr\/wp-json\/wp\/v2\/media\/13123"}],"wp:attachment":[{"href":"https:\/\/www.geciclaw.com\/sr\/wp-json\/wp\/v2\/media?parent=13071"}],"wp:term":[{"taxonomy":"category","embeddable":true,"href":"https:\/\/www.geciclaw.com\/sr\/wp-json\/wp\/v2\/categories?post=13071"},{"taxonomy":"post_tag","embeddable":true,"href":"https:\/\/www.geciclaw.com\/sr\/wp-json\/wp\/v2\/tags?post=13071"}],"curies":[{"name":"wp","href":"https:\/\/api.w.org\/{rel}","templated":true}]}}