{"id":13343,"date":"2017-12-15T12:34:12","date_gmt":"2017-12-15T11:34:12","guid":{"rendered":"https:\/\/www.geciclaw.com\/?p=13343"},"modified":"2025-12-05T15:36:54","modified_gmt":"2025-12-05T14:36:54","slug":"privredna-komora-srbije-objavila-komentare-o-zakonu-o-zastiti-konkurencije","status":"publish","type":"post","link":"https:\/\/www.geciclaw.com\/sr\/privredna-komora-srbije-objavila-komentare-o-zakonu-o-zastiti-konkurencije\/","title":{"rendered":"Privredna komora Srbije objavila komentare o Zakonu o za\u0161titi konkurencije"},"content":{"rendered":"\r\n<p>&nbsp;<\/p>\r\n<h4><a href=\"http:\/\/www.pks.rs\/\">Privredna komora Srbije<\/a> je 6. oktobra 2017. godine objavila dokument pod nazivom \u201eKomentari \u010dlanova Privredne komore Srbije: Zakon o za\u0161titi konkurencije\u201c.<\/h4>\r\n<p>Privredna komora Srbije je 6. oktobra 2017. godine objavila dokument pod nazivom \u201eKomentari \u010dlanova Privredne komore Srbije: Zakon o za\u0161titi konkurencije\u201c (Komentari), koji je nastao kao rezultat konsultacija predstavnika srpske privrede o primeni Zakona o za\u0161titi konkurencije (Zakon).<\/p>\r\n<p>Kako je to i o\u010dekivano, \u010dlanovi Privredne komore su u Komentarima naglasili potrebu za normativnim unapre\u0111enjima i predlo\u017eili izmene Zakona, a sve u cilju podsticanja konkurentnijeg poslovnog okru\u017eenja.<\/p>\r\n<p>\u010clanovi Privredne komore posebno isti\u010du da, za razliku od SAD i mnogih evropskih sistema koji obezbe\u0111uju \u00a0stroge garancije pravi\u010dnog postupanja, kao i aktivno u\u010de\u0161\u0107e i kontrolu od strane suda tokom celog postupka, va\u017ee\u0107i srpski Zakon ne pru\u017ea ni\u0161ta od navedenog.<\/p>\r\n<p>Konkretno, <a href=\"http:\/\/www.kzk.org.rs\/\">Komisija za za\u0161titu konkurencije<\/a>, kao upravno-inkvizitorni organ, Zakonom je dobila izuzetno \u0161iroke nadle\u017enosti, uklju\u010duju\u0107i i izricanje najvi\u0161ih kazni u doma\u0107em pravnom sistemu. Uz to, nenajavljeni uvi\u0111aji (<em>dawn raids<\/em>) kao uobi\u010dajeno sredstvo koje koriste organi nadle\u017eni za za\u0161titu konkurencije \u0161irom sveta, u Srbiji se sprovode bez neposredne sudske kontrole (niti prethodne, niti naknadne), dok se stranka koja je pod istragom o uvi\u0111aju obave\u0161tava tek u trenutku sprovo\u0111enja istog. \u00a0Pored toga, \u010dlanovi Komore se u Komentarima detaljno bave i procesnim pitanjima i predla\u017eu konkretne izmene Zakona.<\/p>\r\n<p>Aktivno u\u010de\u0161\u0107e Privredne komore Srbije, kao \u0161to ovi opse\u017eni Komentari i potvr\u0111uju, mo\u017ee doprineti dono\u0161enju novog zakona u oblasti za\u0161tite konkurencije koji \u0107e stvoriti temelje za razvoj slobodne konkurencije na tr\u017ei\u0161tu. Istovremeno, zakon treba da omogu\u0107i za\u0161titu ljudskih prava pojedinaca i u\u010desnika na tr\u017ei\u0161tu, a kako su ista propisana novim Zakonom o op\u0161tem upravnom postupku i garantovana Evropskom konvencijom o ljudskim pravima i osnovnim slobodama i Ustavom Srbije.<\/p>\r\n<p>Da podsetimo, tokom proteklih meseci nekoliko inicijativa za ocenu ustavnosti Zakona podneto je <a href=\"http:\/\/www.ustavni.sud.rs\/page\/home\/sr-Latn-CS\">Ustavnom sudu Srbije<\/a>, uklju\u010duju\u0107i i inicijativu <a href=\"https:\/\/aks.org.rs\/sr_lat\/\">Advokatske komore Srbije<\/a>, <a href=\"http:\/\/www.akv.org.rs\/\">Advokatske komore Vojvodine<\/a>, ali i inicijativu koju je 5.septembra 2017. godine podnela na\u0161a advokatska kancelarija zajedno sa <a href=\"https:\/\/www.facebook.com\/Udru%C5%BEenje-za-za%C5%A1titu-ustavnosti-i-zakonitosti-UZUZ-1827828717439932\/\">Udru\u017eenjem za za\u0161titu ustavnosti i zakonitosti<\/a> (UZUZ) i Komitetom pravnika za ljudska prava (YUCOM). Sve navedene inicijative su otvorile va\u017ena pitanja o obezbe\u0111ivanju prava na pravi\u010dno postupanje, ljudskim pravima i pravnoj sigurnosti poslovanja u Srbiji.<\/p>\r\n<p>Komentare \u010dlanova Privredne komore Srbije mo\u017eete pro\u010ditati u PDF dokumentu ovde <a href=\"\/wp-content\/uploads\/2018\/02\/Komentari-\u010dlanova-PKS-na-Zakon-o-za\u0161titi-konkurencije.pdf\"><img decoding=\"async\" data-src=\"\/wp-content\/uploads\/2016\/09\/pdf.png\" src=\"data:image\/svg+xml;base64,PHN2ZyB3aWR0aD0iMSIgaGVpZ2h0PSIxIiB4bWxucz0iaHR0cDovL3d3dy53My5vcmcvMjAwMC9zdmciPjwvc3ZnPg==\" class=\"lazyload\" style=\"--smush-placeholder-width: 38px; --smush-placeholder-aspect-ratio: 38\/50;\" \/><\/a><\/p>\r\n<p><em><strong>Ovaj \u010dlanak je objavio Thomson Reuters\/Practical Law i sa njihovom dozvolom dostupan je na na\u0161em sajtu. \u00a0<\/strong><\/em><\/p>\r\n<p><em>Autori: \u00a0<a href=\"https:\/\/www.geciclaw.com\/sr\/ana_radisic\/\">Ana Radi\u0161i\u0107<\/a>,\u00a0\u00a0<strong>Geci\u0107 Law<\/strong><\/em><\/p>\r\n<p>&nbsp;<\/p>\r\n","protected":false},"excerpt":{"rendered":"<p>&nbsp; Privredna komora Srbije je 6. oktobra 2017. godine objavila dokument pod nazivom \u201eKomentari \u010dlanova Privredne komore Srbije: Zakon o za\u0161titi konkurencije\u201c. Privredna komora Srbije je 6. oktobra 2017. godine objavila dokument pod nazivom \u201eKomentari \u010dlanova Privredne komore Srbije: Zakon o za\u0161titi konkurencije\u201c (Komentari), koji je nastao kao rezultat konsultacija predstavnika srpske privrede o primeni Zakona o za\u0161titi konkurencije (Zakon). Kako je to i o\u010dekivano, \u010dlanovi Privredne komore su u Komentarima naglasili potrebu za normativnim unapre\u0111enjima i predlo\u017eili izmene Zakona, a sve u cilju podsticanja konkurentnijeg poslovnog okru\u017eenja. \u010clanovi Privredne komore posebno isti\u010du da, za razliku od SAD i mnogih [&hellip;]<\/p>\n","protected":false},"author":1,"featured_media":14025,"comment_status":"closed","ping_status":"open","sticky":false,"template":"","format":"standard","meta":{"om_disable_all_campaigns":false,"footnotes":""},"categories":[593,603],"tags":[629,689,633,1047],"class_list":["post-13343","post","type-post","status-publish","format-standard","has-post-thumbnail","hentry","category-593","category-zastita-konkurencije-drzavna-pomoc","tag-commission-for-protection-of-competition-sr","tag-antitrust-sr","tag-competition-law-sr","tag-privredna-komora-srbije"],"acf":[],"yoast_head":"<!-- This site is optimized with the Yoast SEO plugin v25.5 - https:\/\/yoast.com\/wordpress\/plugins\/seo\/ -->\n<title>PKS objavila komentare o Zakonu o za\u0161titi konkurencije<\/title>\n<meta name=\"description\" content=\"Privredna komora Srbije objavila je dokument pod nazivom &quot;Komentari \u010dlanova Privredne komore Srbije: Zakon o za\u0161titi konkurencije&quot;.\" \/>\n<meta name=\"robots\" content=\"index, follow, max-snippet:-1, max-image-preview:large, max-video-preview:-1\" \/>\n<link rel=\"canonical\" href=\"https:\/\/www.geciclaw.com\/serbian-chamber-of-commerce-publishes-comments-on-protection-competition-act\/\" \/>\n<meta property=\"og:locale\" content=\"sr_RS\" \/>\n<meta property=\"og:type\" content=\"article\" \/>\n<meta property=\"og:title\" content=\"PKS objavila komentare o Zakonu o za\u0161titi konkurencije\" \/>\n<meta property=\"og:description\" content=\"Privredna komora Srbije objavila je dokument pod nazivom &quot;Komentari \u010dlanova Privredne komore Srbije: Zakon o za\u0161titi konkurencije&quot;.\" \/>\n<meta property=\"og:url\" content=\"https:\/\/www.geciclaw.com\/serbian-chamber-of-commerce-publishes-comments-on-protection-competition-act\/\" \/>\n<meta property=\"og:site_name\" content=\"Geci\u0107 Law\" \/>\n<meta property=\"article:published_time\" content=\"2017-12-15T11:34:12+00:00\" \/>\n<meta property=\"article:modified_time\" content=\"2025-12-05T14:36:54+00:00\" \/>\n<meta property=\"og:image\" content=\"https:\/\/www.geciclaw.com\/wp-content\/uploads\/2018\/02\/PL-clanak1.jpg\" \/>\n\t<meta property=\"og:image:width\" content=\"770\" \/>\n\t<meta property=\"og:image:height\" content=\"421\" \/>\n\t<meta property=\"og:image:type\" content=\"image\/jpeg\" \/>\n<meta name=\"author\" content=\"stefan\" \/>\n<meta name=\"twitter:card\" content=\"summary_large_image\" \/>\n<meta name=\"twitter:label1\" content=\"Napisano od\" \/>\n\t<meta name=\"twitter:data1\" content=\"stefan\" \/>\n\t<meta name=\"twitter:label2\" content=\"Procenjeno vreme \u010ditanja\" \/>\n\t<meta name=\"twitter:data2\" content=\"2 minuta\" \/>\n<script type=\"application\/ld+json\" class=\"yoast-schema-graph\">{\"@context\":\"https:\/\/schema.org\",\"@graph\":[{\"@type\":\"Article\",\"@id\":\"https:\/\/www.geciclaw.com\/serbian-chamber-of-commerce-publishes-comments-on-protection-competition-act\/#article\",\"isPartOf\":{\"@id\":\"https:\/\/www.geciclaw.com\/serbian-chamber-of-commerce-publishes-comments-on-protection-competition-act\/\"},\"author\":{\"name\":\"stefan\",\"@id\":\"https:\/\/www.geciclaw.com\/#\/schema\/person\/6da1a36ae431e659988e851fe3a9cf83\"},\"headline\":\"Privredna komora Srbije objavila komentare o Zakonu o za\u0161titi konkurencije\",\"datePublished\":\"2017-12-15T11:34:12+00:00\",\"dateModified\":\"2025-12-05T14:36:54+00:00\",\"mainEntityOfPage\":{\"@id\":\"https:\/\/www.geciclaw.com\/serbian-chamber-of-commerce-publishes-comments-on-protection-competition-act\/\"},\"wordCount\":452,\"publisher\":{\"@id\":\"https:\/\/www.geciclaw.com\/#organization\"},\"image\":{\"@id\":\"https:\/\/www.geciclaw.com\/serbian-chamber-of-commerce-publishes-comments-on-protection-competition-act\/#primaryimage\"},\"thumbnailUrl\":\"https:\/\/www.geciclaw.com\/wp-content\/uploads\/2018\/02\/PL-clanak1.jpg\",\"keywords\":[\"Komisija za za\u0161titu konkurencije\",\"Koncentracije\",\"Pravo konkurencije\",\"Privredna komora Srbije\"],\"articleSection\":[\"\u0410\u043d\u0442\u0438\u0442\u0440\u0443\u0441\u0442 \/ \u041a\u043e\u043d\u043a\u0443\u0440\u0435\u043d\u0446\u0438\u0458\u0430\",\"Za\u0161tita konkurencije \/ Dr\u017eavna pomo\u0107\"],\"inLanguage\":\"sr-RS\"},{\"@type\":\"WebPage\",\"@id\":\"https:\/\/www.geciclaw.com\/serbian-chamber-of-commerce-publishes-comments-on-protection-competition-act\/\",\"url\":\"https:\/\/www.geciclaw.com\/serbian-chamber-of-commerce-publishes-comments-on-protection-competition-act\/\",\"name\":\"PKS objavila komentare o Zakonu o za\u0161titi konkurencije\",\"isPartOf\":{\"@id\":\"https:\/\/www.geciclaw.com\/#website\"},\"primaryImageOfPage\":{\"@id\":\"https:\/\/www.geciclaw.com\/serbian-chamber-of-commerce-publishes-comments-on-protection-competition-act\/#primaryimage\"},\"image\":{\"@id\":\"https:\/\/www.geciclaw.com\/serbian-chamber-of-commerce-publishes-comments-on-protection-competition-act\/#primaryimage\"},\"thumbnailUrl\":\"https:\/\/www.geciclaw.com\/wp-content\/uploads\/2018\/02\/PL-clanak1.jpg\",\"datePublished\":\"2017-12-15T11:34:12+00:00\",\"dateModified\":\"2025-12-05T14:36:54+00:00\",\"description\":\"Privredna komora Srbije objavila je dokument pod nazivom \\\"Komentari \u010dlanova Privredne komore Srbije: Zakon o za\u0161titi konkurencije\\\".\",\"breadcrumb\":{\"@id\":\"https:\/\/www.geciclaw.com\/serbian-chamber-of-commerce-publishes-comments-on-protection-competition-act\/#breadcrumb\"},\"inLanguage\":\"sr-RS\",\"potentialAction\":[{\"@type\":\"ReadAction\",\"target\":[\"https:\/\/www.geciclaw.com\/serbian-chamber-of-commerce-publishes-comments-on-protection-competition-act\/\"]}]},{\"@type\":\"ImageObject\",\"inLanguage\":\"sr-RS\",\"@id\":\"https:\/\/www.geciclaw.com\/serbian-chamber-of-commerce-publishes-comments-on-protection-competition-act\/#primaryimage\",\"url\":\"https:\/\/www.geciclaw.com\/wp-content\/uploads\/2018\/02\/PL-clanak1.jpg\",\"contentUrl\":\"https:\/\/www.geciclaw.com\/wp-content\/uploads\/2018\/02\/PL-clanak1.jpg\",\"width\":770,\"height\":421},{\"@type\":\"BreadcrumbList\",\"@id\":\"https:\/\/www.geciclaw.com\/serbian-chamber-of-commerce-publishes-comments-on-protection-competition-act\/#breadcrumb\",\"itemListElement\":[{\"@type\":\"ListItem\",\"position\":1,\"name\":\"Home\",\"item\":\"https:\/\/www.geciclaw.com\/sr\/\"},{\"@type\":\"ListItem\",\"position\":2,\"name\":\"Privredna komora Srbije objavila komentare o Zakonu o za\u0161titi konkurencije\"}]},{\"@type\":\"WebSite\",\"@id\":\"https:\/\/www.geciclaw.com\/#website\",\"url\":\"https:\/\/www.geciclaw.com\/\",\"name\":\"Geci\u0107 Law\",\"description\":\"Advokatska kancelarija\",\"publisher\":{\"@id\":\"https:\/\/www.geciclaw.com\/#organization\"},\"potentialAction\":[{\"@type\":\"SearchAction\",\"target\":{\"@type\":\"EntryPoint\",\"urlTemplate\":\"https:\/\/www.geciclaw.com\/?s={search_term_string}\"},\"query-input\":{\"@type\":\"PropertyValueSpecification\",\"valueRequired\":true,\"valueName\":\"search_term_string\"}}],\"inLanguage\":\"sr-RS\"},{\"@type\":\"Organization\",\"@id\":\"https:\/\/www.geciclaw.com\/#organization\",\"name\":\"Geci\u0107 Law\",\"url\":\"https:\/\/www.geciclaw.com\/\",\"logo\":{\"@type\":\"ImageObject\",\"inLanguage\":\"sr-RS\",\"@id\":\"https:\/\/www.geciclaw.com\/#\/schema\/logo\/image\/\",\"url\":\"https:\/\/geciclaw.com\/wp-content\/uploads\/2021\/10\/1.png\",\"contentUrl\":\"https:\/\/geciclaw.com\/wp-content\/uploads\/2021\/10\/1.png\",\"width\":1000,\"height\":409,\"caption\":\"Geci\u0107 Law\"},\"image\":{\"@id\":\"https:\/\/www.geciclaw.com\/#\/schema\/logo\/image\/\"}},{\"@type\":\"Person\",\"@id\":\"https:\/\/www.geciclaw.com\/#\/schema\/person\/6da1a36ae431e659988e851fe3a9cf83\",\"name\":\"stefan\",\"image\":{\"@type\":\"ImageObject\",\"inLanguage\":\"sr-RS\",\"@id\":\"https:\/\/www.geciclaw.com\/#\/schema\/person\/image\/\",\"url\":\"https:\/\/secure.gravatar.com\/avatar\/59099af461191b217c7b825d928bcba2b02d1b3c89de8338854bc40abd2b30c9?s=96&d=mm&r=g\",\"contentUrl\":\"https:\/\/secure.gravatar.com\/avatar\/59099af461191b217c7b825d928bcba2b02d1b3c89de8338854bc40abd2b30c9?s=96&d=mm&r=g\",\"caption\":\"stefan\"},\"url\":\"https:\/\/www.geciclaw.com\/sr\/author\/stefan\/\"}]}<\/script>\n<!-- \/ Yoast SEO plugin. -->","yoast_head_json":{"title":"PKS objavila komentare o Zakonu o za\u0161titi konkurencije","description":"Privredna komora Srbije objavila je dokument pod nazivom \"Komentari \u010dlanova Privredne komore Srbije: Zakon o za\u0161titi konkurencije\".","robots":{"index":"index","follow":"follow","max-snippet":"max-snippet:-1","max-image-preview":"max-image-preview:large","max-video-preview":"max-video-preview:-1"},"canonical":"https:\/\/www.geciclaw.com\/serbian-chamber-of-commerce-publishes-comments-on-protection-competition-act\/","og_locale":"sr_RS","og_type":"article","og_title":"PKS objavila komentare o Zakonu o za\u0161titi konkurencije","og_description":"Privredna komora Srbije objavila je dokument pod nazivom \"Komentari \u010dlanova Privredne komore Srbije: Zakon o za\u0161titi konkurencije\".","og_url":"https:\/\/www.geciclaw.com\/serbian-chamber-of-commerce-publishes-comments-on-protection-competition-act\/","og_site_name":"Geci\u0107 Law","article_published_time":"2017-12-15T11:34:12+00:00","article_modified_time":"2025-12-05T14:36:54+00:00","og_image":[{"width":770,"height":421,"url":"https:\/\/www.geciclaw.com\/wp-content\/uploads\/2018\/02\/PL-clanak1.jpg","type":"image\/jpeg"}],"author":"stefan","twitter_card":"summary_large_image","twitter_misc":{"Napisano od":"stefan","Procenjeno vreme \u010ditanja":"2 minuta"},"schema":{"@context":"https:\/\/schema.org","@graph":[{"@type":"Article","@id":"https:\/\/www.geciclaw.com\/serbian-chamber-of-commerce-publishes-comments-on-protection-competition-act\/#article","isPartOf":{"@id":"https:\/\/www.geciclaw.com\/serbian-chamber-of-commerce-publishes-comments-on-protection-competition-act\/"},"author":{"name":"stefan","@id":"https:\/\/www.geciclaw.com\/#\/schema\/person\/6da1a36ae431e659988e851fe3a9cf83"},"headline":"Privredna komora Srbije objavila komentare o Zakonu o za\u0161titi konkurencije","datePublished":"2017-12-15T11:34:12+00:00","dateModified":"2025-12-05T14:36:54+00:00","mainEntityOfPage":{"@id":"https:\/\/www.geciclaw.com\/serbian-chamber-of-commerce-publishes-comments-on-protection-competition-act\/"},"wordCount":452,"publisher":{"@id":"https:\/\/www.geciclaw.com\/#organization"},"image":{"@id":"https:\/\/www.geciclaw.com\/serbian-chamber-of-commerce-publishes-comments-on-protection-competition-act\/#primaryimage"},"thumbnailUrl":"https:\/\/www.geciclaw.com\/wp-content\/uploads\/2018\/02\/PL-clanak1.jpg","keywords":["Komisija za za\u0161titu konkurencije","Koncentracije","Pravo konkurencije","Privredna komora Srbije"],"articleSection":["\u0410\u043d\u0442\u0438\u0442\u0440\u0443\u0441\u0442 \/ \u041a\u043e\u043d\u043a\u0443\u0440\u0435\u043d\u0446\u0438\u0458\u0430","Za\u0161tita konkurencije \/ Dr\u017eavna pomo\u0107"],"inLanguage":"sr-RS"},{"@type":"WebPage","@id":"https:\/\/www.geciclaw.com\/serbian-chamber-of-commerce-publishes-comments-on-protection-competition-act\/","url":"https:\/\/www.geciclaw.com\/serbian-chamber-of-commerce-publishes-comments-on-protection-competition-act\/","name":"PKS objavila komentare o Zakonu o za\u0161titi konkurencije","isPartOf":{"@id":"https:\/\/www.geciclaw.com\/#website"},"primaryImageOfPage":{"@id":"https:\/\/www.geciclaw.com\/serbian-chamber-of-commerce-publishes-comments-on-protection-competition-act\/#primaryimage"},"image":{"@id":"https:\/\/www.geciclaw.com\/serbian-chamber-of-commerce-publishes-comments-on-protection-competition-act\/#primaryimage"},"thumbnailUrl":"https:\/\/www.geciclaw.com\/wp-content\/uploads\/2018\/02\/PL-clanak1.jpg","datePublished":"2017-12-15T11:34:12+00:00","dateModified":"2025-12-05T14:36:54+00:00","description":"Privredna komora Srbije objavila je dokument pod nazivom \"Komentari \u010dlanova Privredne komore Srbije: Zakon o za\u0161titi konkurencije\".","breadcrumb":{"@id":"https:\/\/www.geciclaw.com\/serbian-chamber-of-commerce-publishes-comments-on-protection-competition-act\/#breadcrumb"},"inLanguage":"sr-RS","potentialAction":[{"@type":"ReadAction","target":["https:\/\/www.geciclaw.com\/serbian-chamber-of-commerce-publishes-comments-on-protection-competition-act\/"]}]},{"@type":"ImageObject","inLanguage":"sr-RS","@id":"https:\/\/www.geciclaw.com\/serbian-chamber-of-commerce-publishes-comments-on-protection-competition-act\/#primaryimage","url":"https:\/\/www.geciclaw.com\/wp-content\/uploads\/2018\/02\/PL-clanak1.jpg","contentUrl":"https:\/\/www.geciclaw.com\/wp-content\/uploads\/2018\/02\/PL-clanak1.jpg","width":770,"height":421},{"@type":"BreadcrumbList","@id":"https:\/\/www.geciclaw.com\/serbian-chamber-of-commerce-publishes-comments-on-protection-competition-act\/#breadcrumb","itemListElement":[{"@type":"ListItem","position":1,"name":"Home","item":"https:\/\/www.geciclaw.com\/sr\/"},{"@type":"ListItem","position":2,"name":"Privredna komora Srbije objavila komentare o Zakonu o za\u0161titi konkurencije"}]},{"@type":"WebSite","@id":"https:\/\/www.geciclaw.com\/#website","url":"https:\/\/www.geciclaw.com\/","name":"Geci\u0107 Law","description":"Advokatska kancelarija","publisher":{"@id":"https:\/\/www.geciclaw.com\/#organization"},"potentialAction":[{"@type":"SearchAction","target":{"@type":"EntryPoint","urlTemplate":"https:\/\/www.geciclaw.com\/?s={search_term_string}"},"query-input":{"@type":"PropertyValueSpecification","valueRequired":true,"valueName":"search_term_string"}}],"inLanguage":"sr-RS"},{"@type":"Organization","@id":"https:\/\/www.geciclaw.com\/#organization","name":"Geci\u0107 Law","url":"https:\/\/www.geciclaw.com\/","logo":{"@type":"ImageObject","inLanguage":"sr-RS","@id":"https:\/\/www.geciclaw.com\/#\/schema\/logo\/image\/","url":"https:\/\/geciclaw.com\/wp-content\/uploads\/2021\/10\/1.png","contentUrl":"https:\/\/geciclaw.com\/wp-content\/uploads\/2021\/10\/1.png","width":1000,"height":409,"caption":"Geci\u0107 Law"},"image":{"@id":"https:\/\/www.geciclaw.com\/#\/schema\/logo\/image\/"}},{"@type":"Person","@id":"https:\/\/www.geciclaw.com\/#\/schema\/person\/6da1a36ae431e659988e851fe3a9cf83","name":"stefan","image":{"@type":"ImageObject","inLanguage":"sr-RS","@id":"https:\/\/www.geciclaw.com\/#\/schema\/person\/image\/","url":"https:\/\/secure.gravatar.com\/avatar\/59099af461191b217c7b825d928bcba2b02d1b3c89de8338854bc40abd2b30c9?s=96&d=mm&r=g","contentUrl":"https:\/\/secure.gravatar.com\/avatar\/59099af461191b217c7b825d928bcba2b02d1b3c89de8338854bc40abd2b30c9?s=96&d=mm&r=g","caption":"stefan"},"url":"https:\/\/www.geciclaw.com\/sr\/author\/stefan\/"}]}},"_links":{"self":[{"href":"https:\/\/www.geciclaw.com\/sr\/wp-json\/wp\/v2\/posts\/13343","targetHints":{"allow":["GET"]}}],"collection":[{"href":"https:\/\/www.geciclaw.com\/sr\/wp-json\/wp\/v2\/posts"}],"about":[{"href":"https:\/\/www.geciclaw.com\/sr\/wp-json\/wp\/v2\/types\/post"}],"author":[{"embeddable":true,"href":"https:\/\/www.geciclaw.com\/sr\/wp-json\/wp\/v2\/users\/1"}],"replies":[{"embeddable":true,"href":"https:\/\/www.geciclaw.com\/sr\/wp-json\/wp\/v2\/comments?post=13343"}],"version-history":[{"count":11,"href":"https:\/\/www.geciclaw.com\/sr\/wp-json\/wp\/v2\/posts\/13343\/revisions"}],"predecessor-version":[{"id":48019,"href":"https:\/\/www.geciclaw.com\/sr\/wp-json\/wp\/v2\/posts\/13343\/revisions\/48019"}],"wp:featuredmedia":[{"embeddable":true,"href":"https:\/\/www.geciclaw.com\/sr\/wp-json\/wp\/v2\/media\/14025"}],"wp:attachment":[{"href":"https:\/\/www.geciclaw.com\/sr\/wp-json\/wp\/v2\/media?parent=13343"}],"wp:term":[{"taxonomy":"category","embeddable":true,"href":"https:\/\/www.geciclaw.com\/sr\/wp-json\/wp\/v2\/categories?post=13343"},{"taxonomy":"post_tag","embeddable":true,"href":"https:\/\/www.geciclaw.com\/sr\/wp-json\/wp\/v2\/tags?post=13343"}],"curies":[{"name":"wp","href":"https:\/\/api.w.org\/{rel}","templated":true}]}}