{"id":14145,"date":"2018-02-28T15:46:49","date_gmt":"2018-02-28T14:46:49","guid":{"rendered":"https:\/\/www.geciclaw.com\/?p=14145"},"modified":"2018-02-28T16:00:20","modified_gmt":"2018-02-28T15:00:20","slug":"upozorenje-uvedena-je-obavezna-registracija-faktura-izdatih-subjektima-javnog-sektora","status":"publish","type":"post","link":"https:\/\/www.geciclaw.com\/sr\/upozorenje-uvedena-je-obavezna-registracija-faktura-izdatih-subjektima-javnog-sektora\/","title":{"rendered":"Upozorenje! Uvedena obavezna registracija faktura izdatih subjektima javnog sektora"},"content":{"rendered":"<h4><strong>Pravilo po kome \u0107e privredni subjekti morati da registruju fakture<sup>1<\/sup> koje izdaju pripadnicima javnog sektora stupa na snagu 1. marta 2018. godine. Privredni subjekti \u0107e fakture registrovati u Centralnom registru faktura \u010dije je vo\u0111enje povereno Upravi za trezor, a ukoliko propuste da izvr\u0161e registraciju ne\u0107e mo\u0107i da naplate svoja potra\u017eivanja i mogu da budu prekr\u0161ajno odgovorni.<\/strong><\/h4>\n<p>Ova obaveza je najavljena izmenama Zakona o rokovima izmirenja nov\u010danih obaveza u komercijalnim transakcijama (<strong>Zakon<\/strong>),<sup>2<\/sup> a konkretizovana je usvajanjem odgovaraju\u0107eg podzakonskog akta i odnosi se na fakture koje se izdaju vezano za isporuku dobara i pru\u017eanje usluga uz naknadu<sup>3<\/sup> licima u javnom sektoru. Budu\u0107i da javni sektor obuhvata kako javna preduze\u0107a tako i Republiku Srbiju i sve jedinice lokalne samouprave uvo\u0111enje obavezne registracije faktura predstavlja izmenu koja bi trebalo da uti\u010de na zna\u010dajan broj privrednih subjekata.<\/p>\n<p>Izuzetno je bitno da Zakon predvi\u0111a da pripadnici javnog sektora ne\u0107e smeti da izvr\u0161e pla\u0107anje po fakturi koja nije unapred registrovana u Centralnom registru faktura \u2013 \u0161to za cilj ima da se obezbedi blagovremena registracija. Kako bi se osiguralo da se ova zabrana po\u0161tuje propisan je i prekr\u0161aj za odgovorna licu u javnom sektoru (npr. za gradona\u010delnika) u iznosu do 150.000,00 RSD u slu\u010daju da se izvr\u0161i isplata po neregistrovanoj fakturi. Sa druge strane, privredni subjekt koji ne registruje fakture u skladu sa Zakonom mo\u017ee biti ka\u017enjen za prekr\u0161aj u iznosu do 2.000.000,00 RSD.<\/p>\n<p>Situacija se dodatno komplikuje time \u0161to obaveza registracije ne stupa na snagu 1. marta vezano za sve pripadnike javnog sektora, ve\u0107 samo u odnosu na ona lica u javnom sektoru koja pla\u0107anja vr\u0161e preko ra\u010duna koji se vodi kod Uprave za trezor. Trenutak kada \u0107e po\u010deti da se registruju i fakture izdate pripadnicima javnog sektora koji posluju preko ra\u010duna otvorenih u poslovnim bankama jo\u0161 uvek nije odre\u0111en i zavisi od brzine razvoja tehni\u010dkih mogu\u0107nosti Centralnog registra faktura.<\/p>\n<p>To prakti\u010dno zna\u010di da \u0107e privredni subjekti morati da proveravaju da li pripadnik javnog sektora sa kojim posluju pla\u0107anja vr\u0161i preko Uprave za trezor ili preko poslovne banke. Iako iskusnim pravnicima ovo mo\u017ee delovati jednostavno, smatramo da \u0107e se u praksi kod zna\u010dajnog broja privrednih subjekata javiti nedoumice \u2013 te stoga savetujemo na oprez, imaju\u0107i u vidu da nepo\u0161tovanje obaveze registracije mo\u017ee dovesti kako do nemogu\u0107nosti naplate, tako i do eventualne prekr\u0161ajne odgovornosti.<\/p>\n<p>Imaju\u0107i u vidu da se radi o novoj obavezi izve\u0161tavanja dr\u017eavnih organa i, u neku ruku, o novom postupku naplate potra\u017eivanja \u2013 preporu\u010dljivo je da se svi privredni subjekti koji posluju sa subjektima javnog sektora na vreme pripreme na primenu izmena Zakona. Naravno, ukoliko imate bilo kakva pitanja, ili ukoliko Vam je potrebna pomo\u0107 u pripremi, slobodno se mo\u017eete obratiti Geci\u0107 Law timu.<\/p>\n<h6><em><a href=\"#_ftnref1\" name=\"_ftn1\">[1]<\/a> U smislu predmetne obaveze, faktura obuhvata sva dokumenta kojima se obra\u010dunava naknada za isporuku dobara, odnosno pru\u017eanje usluga u komercijalnim transakcijama.<\/em><\/h6>\n<h6><em><a href=\"#_ftnref2\" name=\"_ftn2\">[2]<\/a> \u201eSlu\u017ebeni glasnik RS\u201c br. 119\/2012, 68\/2015 i 113\/2017.<\/em><\/h6>\n<h6><em><a href=\"#_ftnref3\" name=\"_ftn3\">[3]<\/a> Uklju\u010duju\u0107i gra\u0111evinske i investicione radove i komunalne usluge.<\/em><\/h6>\n","protected":false},"excerpt":{"rendered":"<p>Pravilo po kome \u0107e privredni subjekti morati da registruju fakture1 koje izdaju pripadnicima javnog sektora stupa na snagu 1. marta 2018. godine. Privredni subjekti \u0107e fakture registrovati u Centralnom registru faktura \u010dije je vo\u0111enje povereno Upravi za trezor, a ukoliko propuste da izvr\u0161e registraciju ne\u0107e mo\u0107i da naplate svoja potra\u017eivanja i mogu da budu prekr\u0161ajno odgovorni. Ova obaveza je najavljena izmenama Zakona o rokovima izmirenja nov\u010danih obaveza u komercijalnim transakcijama (Zakon),2 a konkretizovana je usvajanjem odgovaraju\u0107eg podzakonskog akta i odnosi se na fakture koje se izdaju vezano za isporuku dobara i pru\u017eanje usluga uz naknadu3 licima u javnom sektoru. Budu\u0107i [&hellip;]<\/p>\n","protected":false},"author":1,"featured_media":14139,"comment_status":"closed","ping_status":"open","sticky":false,"template":"","format":"standard","meta":{"om_disable_all_campaigns":false,"footnotes":""},"categories":[463],"tags":[1283,1287,1285],"class_list":["post-14145","post","type-post","status-publish","format-standard","has-post-thumbnail","hentry","category-uncategorized-sr","tag-fakture","tag-platne-usluge","tag-uskladenost-poslovanja"],"acf":[],"yoast_head":"<!-- This site is optimized with the Yoast SEO plugin v25.5 - https:\/\/yoast.com\/wordpress\/plugins\/seo\/ -->\n<title>Uvedena obavezna registracija faktura izdatih subjektima javnog sektora<\/title>\n<meta name=\"description\" content=\"Privredni subjekti \u0107e fakture registrovati u Centralnom registru faktura \u010dije je vo\u0111enje povereno Upravi za trezor, a ukoliko propuste da izvr\u0161e registraciju ne\u0107e mo\u0107i da naplate svoja potra\u017eivanja i mogu da budu prekr\u0161ajno odgovorni.\" \/>\n<meta name=\"robots\" content=\"index, follow, max-snippet:-1, max-image-preview:large, max-video-preview:-1\" \/>\n<link rel=\"canonical\" href=\"https:\/\/www.geciclaw.com\/sr\/upozorenje-uvedena-je-obavezna-registracija-faktura-izdatih-subjektima-javnog-sektora\/\" \/>\n<meta property=\"og:locale\" content=\"sr_RS\" \/>\n<meta property=\"og:type\" content=\"article\" \/>\n<meta property=\"og:title\" content=\"Uvedena obavezna registracija faktura izdatih subjektima javnog sektora\" \/>\n<meta property=\"og:description\" content=\"Privredni subjekti \u0107e fakture registrovati u Centralnom registru faktura \u010dije je vo\u0111enje povereno Upravi za trezor, a ukoliko propuste da izvr\u0161e registraciju ne\u0107e mo\u0107i da naplate svoja potra\u017eivanja i mogu da budu prekr\u0161ajno odgovorni.\" \/>\n<meta property=\"og:url\" content=\"https:\/\/www.geciclaw.com\/sr\/upozorenje-uvedena-je-obavezna-registracija-faktura-izdatih-subjektima-javnog-sektora\/\" \/>\n<meta property=\"og:site_name\" content=\"Geci\u0107 Law\" \/>\n<meta property=\"article:published_time\" content=\"2018-02-28T14:46:49+00:00\" \/>\n<meta property=\"article:modified_time\" content=\"2018-02-28T15:00:20+00:00\" \/>\n<meta property=\"og:image\" content=\"https:\/\/www.geciclaw.com\/wp-content\/uploads\/2018\/02\/2018-02-28-blog1.jpg\" \/>\n\t<meta property=\"og:image:width\" content=\"770\" \/>\n\t<meta property=\"og:image:height\" content=\"421\" \/>\n\t<meta property=\"og:image:type\" content=\"image\/jpeg\" \/>\n<meta name=\"author\" content=\"stefan\" \/>\n<meta name=\"twitter:card\" content=\"summary_large_image\" \/>\n<meta name=\"twitter:label1\" content=\"Napisano od\" \/>\n\t<meta name=\"twitter:data1\" content=\"stefan\" \/>\n\t<meta name=\"twitter:label2\" content=\"Procenjeno vreme \u010ditanja\" \/>\n\t<meta name=\"twitter:data2\" content=\"3 minuta\" \/>\n<script type=\"application\/ld+json\" class=\"yoast-schema-graph\">{\"@context\":\"https:\/\/schema.org\",\"@graph\":[{\"@type\":\"Article\",\"@id\":\"https:\/\/www.geciclaw.com\/sr\/upozorenje-uvedena-je-obavezna-registracija-faktura-izdatih-subjektima-javnog-sektora\/#article\",\"isPartOf\":{\"@id\":\"https:\/\/www.geciclaw.com\/sr\/upozorenje-uvedena-je-obavezna-registracija-faktura-izdatih-subjektima-javnog-sektora\/\"},\"author\":{\"name\":\"stefan\",\"@id\":\"https:\/\/www.geciclaw.com\/#\/schema\/person\/6da1a36ae431e659988e851fe3a9cf83\"},\"headline\":\"Upozorenje! Uvedena obavezna registracija faktura izdatih subjektima javnog sektora\",\"datePublished\":\"2018-02-28T14:46:49+00:00\",\"dateModified\":\"2018-02-28T15:00:20+00:00\",\"mainEntityOfPage\":{\"@id\":\"https:\/\/www.geciclaw.com\/sr\/upozorenje-uvedena-je-obavezna-registracija-faktura-izdatih-subjektima-javnog-sektora\/\"},\"wordCount\":531,\"publisher\":{\"@id\":\"https:\/\/www.geciclaw.com\/#organization\"},\"image\":{\"@id\":\"https:\/\/www.geciclaw.com\/sr\/upozorenje-uvedena-je-obavezna-registracija-faktura-izdatih-subjektima-javnog-sektora\/#primaryimage\"},\"thumbnailUrl\":\"https:\/\/www.geciclaw.com\/wp-content\/uploads\/2018\/02\/2018-02-28-blog1.jpg\",\"keywords\":[\"fakture\",\"platne usluge\",\"uskla\u0111enost poslovanja\"],\"articleSection\":[\"Uncategorized @sr\"],\"inLanguage\":\"sr-RS\"},{\"@type\":\"WebPage\",\"@id\":\"https:\/\/www.geciclaw.com\/sr\/upozorenje-uvedena-je-obavezna-registracija-faktura-izdatih-subjektima-javnog-sektora\/\",\"url\":\"https:\/\/www.geciclaw.com\/sr\/upozorenje-uvedena-je-obavezna-registracija-faktura-izdatih-subjektima-javnog-sektora\/\",\"name\":\"Uvedena obavezna registracija faktura izdatih subjektima javnog sektora\",\"isPartOf\":{\"@id\":\"https:\/\/www.geciclaw.com\/#website\"},\"primaryImageOfPage\":{\"@id\":\"https:\/\/www.geciclaw.com\/sr\/upozorenje-uvedena-je-obavezna-registracija-faktura-izdatih-subjektima-javnog-sektora\/#primaryimage\"},\"image\":{\"@id\":\"https:\/\/www.geciclaw.com\/sr\/upozorenje-uvedena-je-obavezna-registracija-faktura-izdatih-subjektima-javnog-sektora\/#primaryimage\"},\"thumbnailUrl\":\"https:\/\/www.geciclaw.com\/wp-content\/uploads\/2018\/02\/2018-02-28-blog1.jpg\",\"datePublished\":\"2018-02-28T14:46:49+00:00\",\"dateModified\":\"2018-02-28T15:00:20+00:00\",\"description\":\"Privredni subjekti \u0107e fakture registrovati u Centralnom registru faktura \u010dije je vo\u0111enje povereno Upravi za trezor, a ukoliko propuste da izvr\u0161e registraciju ne\u0107e mo\u0107i da naplate svoja potra\u017eivanja i mogu da budu prekr\u0161ajno odgovorni.\",\"breadcrumb\":{\"@id\":\"https:\/\/www.geciclaw.com\/sr\/upozorenje-uvedena-je-obavezna-registracija-faktura-izdatih-subjektima-javnog-sektora\/#breadcrumb\"},\"inLanguage\":\"sr-RS\",\"potentialAction\":[{\"@type\":\"ReadAction\",\"target\":[\"https:\/\/www.geciclaw.com\/sr\/upozorenje-uvedena-je-obavezna-registracija-faktura-izdatih-subjektima-javnog-sektora\/\"]}]},{\"@type\":\"ImageObject\",\"inLanguage\":\"sr-RS\",\"@id\":\"https:\/\/www.geciclaw.com\/sr\/upozorenje-uvedena-je-obavezna-registracija-faktura-izdatih-subjektima-javnog-sektora\/#primaryimage\",\"url\":\"https:\/\/www.geciclaw.com\/wp-content\/uploads\/2018\/02\/2018-02-28-blog1.jpg\",\"contentUrl\":\"https:\/\/www.geciclaw.com\/wp-content\/uploads\/2018\/02\/2018-02-28-blog1.jpg\",\"width\":770,\"height\":421},{\"@type\":\"BreadcrumbList\",\"@id\":\"https:\/\/www.geciclaw.com\/sr\/upozorenje-uvedena-je-obavezna-registracija-faktura-izdatih-subjektima-javnog-sektora\/#breadcrumb\",\"itemListElement\":[{\"@type\":\"ListItem\",\"position\":1,\"name\":\"Home\",\"item\":\"https:\/\/www.geciclaw.com\/sr\/\"},{\"@type\":\"ListItem\",\"position\":2,\"name\":\"Upozorenje! Uvedena obavezna registracija faktura izdatih subjektima javnog sektora\"}]},{\"@type\":\"WebSite\",\"@id\":\"https:\/\/www.geciclaw.com\/#website\",\"url\":\"https:\/\/www.geciclaw.com\/\",\"name\":\"Geci\u0107 Law\",\"description\":\"Advokatska kancelarija\",\"publisher\":{\"@id\":\"https:\/\/www.geciclaw.com\/#organization\"},\"potentialAction\":[{\"@type\":\"SearchAction\",\"target\":{\"@type\":\"EntryPoint\",\"urlTemplate\":\"https:\/\/www.geciclaw.com\/?s={search_term_string}\"},\"query-input\":{\"@type\":\"PropertyValueSpecification\",\"valueRequired\":true,\"valueName\":\"search_term_string\"}}],\"inLanguage\":\"sr-RS\"},{\"@type\":\"Organization\",\"@id\":\"https:\/\/www.geciclaw.com\/#organization\",\"name\":\"Geci\u0107 Law\",\"url\":\"https:\/\/www.geciclaw.com\/\",\"logo\":{\"@type\":\"ImageObject\",\"inLanguage\":\"sr-RS\",\"@id\":\"https:\/\/www.geciclaw.com\/#\/schema\/logo\/image\/\",\"url\":\"https:\/\/geciclaw.com\/wp-content\/uploads\/2021\/10\/1.png\",\"contentUrl\":\"https:\/\/geciclaw.com\/wp-content\/uploads\/2021\/10\/1.png\",\"width\":1000,\"height\":409,\"caption\":\"Geci\u0107 Law\"},\"image\":{\"@id\":\"https:\/\/www.geciclaw.com\/#\/schema\/logo\/image\/\"}},{\"@type\":\"Person\",\"@id\":\"https:\/\/www.geciclaw.com\/#\/schema\/person\/6da1a36ae431e659988e851fe3a9cf83\",\"name\":\"stefan\",\"image\":{\"@type\":\"ImageObject\",\"inLanguage\":\"sr-RS\",\"@id\":\"https:\/\/www.geciclaw.com\/#\/schema\/person\/image\/\",\"url\":\"https:\/\/secure.gravatar.com\/avatar\/59099af461191b217c7b825d928bcba2b02d1b3c89de8338854bc40abd2b30c9?s=96&d=mm&r=g\",\"contentUrl\":\"https:\/\/secure.gravatar.com\/avatar\/59099af461191b217c7b825d928bcba2b02d1b3c89de8338854bc40abd2b30c9?s=96&d=mm&r=g\",\"caption\":\"stefan\"},\"url\":\"https:\/\/www.geciclaw.com\/sr\/author\/stefan\/\"}]}<\/script>\n<!-- \/ Yoast SEO plugin. -->","yoast_head_json":{"title":"Uvedena obavezna registracija faktura izdatih subjektima javnog sektora","description":"Privredni subjekti \u0107e fakture registrovati u Centralnom registru faktura \u010dije je vo\u0111enje povereno Upravi za trezor, a ukoliko propuste da izvr\u0161e registraciju ne\u0107e mo\u0107i da naplate svoja potra\u017eivanja i mogu da budu prekr\u0161ajno odgovorni.","robots":{"index":"index","follow":"follow","max-snippet":"max-snippet:-1","max-image-preview":"max-image-preview:large","max-video-preview":"max-video-preview:-1"},"canonical":"https:\/\/www.geciclaw.com\/sr\/upozorenje-uvedena-je-obavezna-registracija-faktura-izdatih-subjektima-javnog-sektora\/","og_locale":"sr_RS","og_type":"article","og_title":"Uvedena obavezna registracija faktura izdatih subjektima javnog sektora","og_description":"Privredni subjekti \u0107e fakture registrovati u Centralnom registru faktura \u010dije je vo\u0111enje povereno Upravi za trezor, a ukoliko propuste da izvr\u0161e registraciju ne\u0107e mo\u0107i da naplate svoja potra\u017eivanja i mogu da budu prekr\u0161ajno odgovorni.","og_url":"https:\/\/www.geciclaw.com\/sr\/upozorenje-uvedena-je-obavezna-registracija-faktura-izdatih-subjektima-javnog-sektora\/","og_site_name":"Geci\u0107 Law","article_published_time":"2018-02-28T14:46:49+00:00","article_modified_time":"2018-02-28T15:00:20+00:00","og_image":[{"width":770,"height":421,"url":"https:\/\/www.geciclaw.com\/wp-content\/uploads\/2018\/02\/2018-02-28-blog1.jpg","type":"image\/jpeg"}],"author":"stefan","twitter_card":"summary_large_image","twitter_misc":{"Napisano od":"stefan","Procenjeno vreme \u010ditanja":"3 minuta"},"schema":{"@context":"https:\/\/schema.org","@graph":[{"@type":"Article","@id":"https:\/\/www.geciclaw.com\/sr\/upozorenje-uvedena-je-obavezna-registracija-faktura-izdatih-subjektima-javnog-sektora\/#article","isPartOf":{"@id":"https:\/\/www.geciclaw.com\/sr\/upozorenje-uvedena-je-obavezna-registracija-faktura-izdatih-subjektima-javnog-sektora\/"},"author":{"name":"stefan","@id":"https:\/\/www.geciclaw.com\/#\/schema\/person\/6da1a36ae431e659988e851fe3a9cf83"},"headline":"Upozorenje! Uvedena obavezna registracija faktura izdatih subjektima javnog sektora","datePublished":"2018-02-28T14:46:49+00:00","dateModified":"2018-02-28T15:00:20+00:00","mainEntityOfPage":{"@id":"https:\/\/www.geciclaw.com\/sr\/upozorenje-uvedena-je-obavezna-registracija-faktura-izdatih-subjektima-javnog-sektora\/"},"wordCount":531,"publisher":{"@id":"https:\/\/www.geciclaw.com\/#organization"},"image":{"@id":"https:\/\/www.geciclaw.com\/sr\/upozorenje-uvedena-je-obavezna-registracija-faktura-izdatih-subjektima-javnog-sektora\/#primaryimage"},"thumbnailUrl":"https:\/\/www.geciclaw.com\/wp-content\/uploads\/2018\/02\/2018-02-28-blog1.jpg","keywords":["fakture","platne usluge","uskla\u0111enost poslovanja"],"articleSection":["Uncategorized @sr"],"inLanguage":"sr-RS"},{"@type":"WebPage","@id":"https:\/\/www.geciclaw.com\/sr\/upozorenje-uvedena-je-obavezna-registracija-faktura-izdatih-subjektima-javnog-sektora\/","url":"https:\/\/www.geciclaw.com\/sr\/upozorenje-uvedena-je-obavezna-registracija-faktura-izdatih-subjektima-javnog-sektora\/","name":"Uvedena obavezna registracija faktura izdatih subjektima javnog sektora","isPartOf":{"@id":"https:\/\/www.geciclaw.com\/#website"},"primaryImageOfPage":{"@id":"https:\/\/www.geciclaw.com\/sr\/upozorenje-uvedena-je-obavezna-registracija-faktura-izdatih-subjektima-javnog-sektora\/#primaryimage"},"image":{"@id":"https:\/\/www.geciclaw.com\/sr\/upozorenje-uvedena-je-obavezna-registracija-faktura-izdatih-subjektima-javnog-sektora\/#primaryimage"},"thumbnailUrl":"https:\/\/www.geciclaw.com\/wp-content\/uploads\/2018\/02\/2018-02-28-blog1.jpg","datePublished":"2018-02-28T14:46:49+00:00","dateModified":"2018-02-28T15:00:20+00:00","description":"Privredni subjekti \u0107e fakture registrovati u Centralnom registru faktura \u010dije je vo\u0111enje povereno Upravi za trezor, a ukoliko propuste da izvr\u0161e registraciju ne\u0107e mo\u0107i da naplate svoja potra\u017eivanja i mogu da budu prekr\u0161ajno odgovorni.","breadcrumb":{"@id":"https:\/\/www.geciclaw.com\/sr\/upozorenje-uvedena-je-obavezna-registracija-faktura-izdatih-subjektima-javnog-sektora\/#breadcrumb"},"inLanguage":"sr-RS","potentialAction":[{"@type":"ReadAction","target":["https:\/\/www.geciclaw.com\/sr\/upozorenje-uvedena-je-obavezna-registracija-faktura-izdatih-subjektima-javnog-sektora\/"]}]},{"@type":"ImageObject","inLanguage":"sr-RS","@id":"https:\/\/www.geciclaw.com\/sr\/upozorenje-uvedena-je-obavezna-registracija-faktura-izdatih-subjektima-javnog-sektora\/#primaryimage","url":"https:\/\/www.geciclaw.com\/wp-content\/uploads\/2018\/02\/2018-02-28-blog1.jpg","contentUrl":"https:\/\/www.geciclaw.com\/wp-content\/uploads\/2018\/02\/2018-02-28-blog1.jpg","width":770,"height":421},{"@type":"BreadcrumbList","@id":"https:\/\/www.geciclaw.com\/sr\/upozorenje-uvedena-je-obavezna-registracija-faktura-izdatih-subjektima-javnog-sektora\/#breadcrumb","itemListElement":[{"@type":"ListItem","position":1,"name":"Home","item":"https:\/\/www.geciclaw.com\/sr\/"},{"@type":"ListItem","position":2,"name":"Upozorenje! Uvedena obavezna registracija faktura izdatih subjektima javnog sektora"}]},{"@type":"WebSite","@id":"https:\/\/www.geciclaw.com\/#website","url":"https:\/\/www.geciclaw.com\/","name":"Geci\u0107 Law","description":"Advokatska kancelarija","publisher":{"@id":"https:\/\/www.geciclaw.com\/#organization"},"potentialAction":[{"@type":"SearchAction","target":{"@type":"EntryPoint","urlTemplate":"https:\/\/www.geciclaw.com\/?s={search_term_string}"},"query-input":{"@type":"PropertyValueSpecification","valueRequired":true,"valueName":"search_term_string"}}],"inLanguage":"sr-RS"},{"@type":"Organization","@id":"https:\/\/www.geciclaw.com\/#organization","name":"Geci\u0107 Law","url":"https:\/\/www.geciclaw.com\/","logo":{"@type":"ImageObject","inLanguage":"sr-RS","@id":"https:\/\/www.geciclaw.com\/#\/schema\/logo\/image\/","url":"https:\/\/geciclaw.com\/wp-content\/uploads\/2021\/10\/1.png","contentUrl":"https:\/\/geciclaw.com\/wp-content\/uploads\/2021\/10\/1.png","width":1000,"height":409,"caption":"Geci\u0107 Law"},"image":{"@id":"https:\/\/www.geciclaw.com\/#\/schema\/logo\/image\/"}},{"@type":"Person","@id":"https:\/\/www.geciclaw.com\/#\/schema\/person\/6da1a36ae431e659988e851fe3a9cf83","name":"stefan","image":{"@type":"ImageObject","inLanguage":"sr-RS","@id":"https:\/\/www.geciclaw.com\/#\/schema\/person\/image\/","url":"https:\/\/secure.gravatar.com\/avatar\/59099af461191b217c7b825d928bcba2b02d1b3c89de8338854bc40abd2b30c9?s=96&d=mm&r=g","contentUrl":"https:\/\/secure.gravatar.com\/avatar\/59099af461191b217c7b825d928bcba2b02d1b3c89de8338854bc40abd2b30c9?s=96&d=mm&r=g","caption":"stefan"},"url":"https:\/\/www.geciclaw.com\/sr\/author\/stefan\/"}]}},"_links":{"self":[{"href":"https:\/\/www.geciclaw.com\/sr\/wp-json\/wp\/v2\/posts\/14145","targetHints":{"allow":["GET"]}}],"collection":[{"href":"https:\/\/www.geciclaw.com\/sr\/wp-json\/wp\/v2\/posts"}],"about":[{"href":"https:\/\/www.geciclaw.com\/sr\/wp-json\/wp\/v2\/types\/post"}],"author":[{"embeddable":true,"href":"https:\/\/www.geciclaw.com\/sr\/wp-json\/wp\/v2\/users\/1"}],"replies":[{"embeddable":true,"href":"https:\/\/www.geciclaw.com\/sr\/wp-json\/wp\/v2\/comments?post=14145"}],"version-history":[{"count":3,"href":"https:\/\/www.geciclaw.com\/sr\/wp-json\/wp\/v2\/posts\/14145\/revisions"}],"predecessor-version":[{"id":14161,"href":"https:\/\/www.geciclaw.com\/sr\/wp-json\/wp\/v2\/posts\/14145\/revisions\/14161"}],"wp:featuredmedia":[{"embeddable":true,"href":"https:\/\/www.geciclaw.com\/sr\/wp-json\/wp\/v2\/media\/14139"}],"wp:attachment":[{"href":"https:\/\/www.geciclaw.com\/sr\/wp-json\/wp\/v2\/media?parent=14145"}],"wp:term":[{"taxonomy":"category","embeddable":true,"href":"https:\/\/www.geciclaw.com\/sr\/wp-json\/wp\/v2\/categories?post=14145"},{"taxonomy":"post_tag","embeddable":true,"href":"https:\/\/www.geciclaw.com\/sr\/wp-json\/wp\/v2\/tags?post=14145"}],"curies":[{"name":"wp","href":"https:\/\/api.w.org\/{rel}","templated":true}]}}