{"id":16792,"date":"2020-04-28T14:00:55","date_gmt":"2020-04-28T12:00:55","guid":{"rendered":"https:\/\/www.geciclaw.com\/?p=16792"},"modified":"2025-07-28T16:08:47","modified_gmt":"2025-07-28T14:08:47","slug":"novi-zakon-o-zigovima-korak-blize-ka-uskladjivanja-nase-regulative-sa-pravom-eu","status":"publish","type":"post","link":"https:\/\/www.geciclaw.com\/sr\/novi-zakon-o-zigovima-korak-blize-ka-uskladjivanja-nase-regulative-sa-pravom-eu\/","title":{"rendered":"Novi zakon o \u017eigovima \u2013 korak bli\u017ee ka uskla\u0111ivanja na\u0161e regulative sa pravom EU"},"content":{"rendered":"\r\n<p>Novi <a href=\"https:\/\/www.paragraf.rs\/propisi\/zakon_o_zigovima.html\">Zakon o \u017eigovima<\/a> (\u201e<strong>Zakon<\/strong>\u201c) koji je stupio na snagu 1. februara 2020. godine, nastao je\u00a0zbog potrebe da se otklone nedostaci uo\u010deni tokom primene prethodnog zakona, da se uspostavi efikasniji sistem za\u0161tite \u017eigova, kao i da se srpska zakonska re\u0161enja usklade sa zakonima dr\u017eava \u010dlanica Evropske Unije u ovoj oblasti.<\/p>\r\n\r\n\r\n\r\n<p>Stavljanje u promet robe ili usluga za\u0161ti\u0107enih \u017eigom omogu\u0107ava nosiocu \u017eiga da se predmetna roba ili usluge razlikuje na tr\u017ei\u0161tu od istih ili sli\u010dnih, dok u isto vreme pove\u0107ava njegovu odgovornost prema potro\u0161a\u010dima. S obzirom na zna\u010daj koji \u017eig ima, neophodno je da njegova pravna regulativa pru\u017ea efikasnu i \u0161to jednostavniju proceduru za\u0161tite, prilago\u0111enu savremenim tehnolo\u0161kim mogu\u0107nostima i uskla\u0111enu sa pravom EU.<\/p>\r\n\r\n\r\n\r\n<h2><strong>Karakteristike oznake koja mo\u017ee biti za\u0161ti\u0107ena \u017eigom<\/strong><\/h2>\r\n\r\n\r\n\r\n<p>Sa razvojem tehnologije, na\u010din prikazivanja oznake prevazi\u0161ao je grafi\u010dko prikazivanje te se, prema Zakonu, oznaka vi\u0161e ne mora grafi\u010dki predstavljati da bi dobila za\u0161titu \u017eigom. Novim re\u0161enjem propisano je da se oznaka mo\u017ee sastojati, izme\u0111u ostalog, od trodimenzionalnih oblika, kao i oblika robe i njenog pakovanja. Na taj na\u010din uvode se nove vrste \u017eigova koji su prikazani u elektronskom obliku i koji se dostavljaju elektronskim putem, poput zvu\u010dnog \u017eiga, \u017eiga koji se sastoji od slika u pokretu, ili multimedijalnog \u017eiga kao njihove kombinacije. Podrazumeva se da \u017eig mora biti u obliku koji je mogu\u0107e uneti u elektronski registar putem dostupne tehnologije na jasan, precizan i razumljiv na\u010din. Ovakvo re\u0161enje je ve\u0107 uveliko va\u017ee\u0107e u regulativi Evropske unije. Na primer, <a href=\"https:\/\/www.inta.org\/Pages\/Home.aspx\">Me\u0111unarodno udru\u017eenje \u017eigova<\/a> (engl. <em>International Trademark Association<\/em>), izme\u0111u ostalog poznaje pojam zvu\u010dnog \u017eiga (engl. <em>sound marks<\/em>), te dodatno navodi da se \u0161tite pesme, poznati zvukovi\u00a0iz prirode, netipi\u010dni zvukovi i zvukovi proizvedeni elektronskim putem koji ne postoje u prirodi.<\/p>\r\n\r\n\r\n\r\n<p>Unapre\u0111enje evidencije \u017eigova ogleda se i u uvo\u0111enju jedinstvenog Registra \u017eigova koji se vodi u elektronskom obliku i koji je javno dostupna baza podataka. U ovoj bazi podataka vodi\u0107e se evidencija postoje\u0107ih i novih vrsta \u017eigova. Tako\u0111e, propisana je obaveza nadle\u017enog organa da nosioca \u017eiga obavesti o isteku registracije, a u Registar \u017eigova \u0107e se, na zahtev stranke ili nadle\u017enog organa, upisivati da je nad \u017eigom pokrenuto izvr\u0161enje, \u0161to daje ve\u0107u pravnu sigurnost svim zainteresovanim licima za ovu vrstu za\u0161tite prava intelektualne svojine. U vezi sa tim, va\u017eno je ista\u0107i da je sada i Zakonom predvi\u0111eno da \u017eig mo\u017ee biti predmet izvr\u0161enja.<\/p>\r\n\r\n\r\n\r\n<h2><strong>Prigovor ranijeg nosioca prava<\/strong><\/h2>\r\n\r\n\r\n\r\n<p>Jednu od klju\u010dnih novina predstavlja <strong><em>uvo\u0111enje sistema prigovora (opozicije) nosioca ranijeg prava <\/em><\/strong>u postupku ispitivanja prijave \u017eiga. U praksi, to zna\u010di da registracija \u017eiga predstavlja prvi, ali ne i jedini korak u efikasnom kori\u0161\u0107enju istog, budu\u0107i da od sada nosioci prava moraju da prate objave novih prijava za priznanje \u017eiga kako bi se osigurali da potencijalno novi \u017eigovi ne povre\u0111uju njihova prava. Na ovaj na\u010din, doma\u0107e zakonodavstvo prihvata re\u0161enje koje je ve\u0107 dugi niz godina prisutno u nacionalnim zakonodavstvima ve\u0107ine evropskih zemalja i koje se primenjuje na tzv. \u017eig Evropske unije.<\/p>\r\n\r\n\r\n\r\n<p>Naime, ako nadle\u017eni organ smatra da ne postoje razlozi za odbijanje prijave za priznanje \u017eiga, prijava se objavljuju, te nosilac ranijeg prava ima mogu\u0107nost da nadle\u017enom organu podnese prigovor u roku od tri meseca od datuma objave. Prigovor se mo\u017ee zasnivati na relativnim i posebnim razlozima za odbijanje za\u0161tite \u017eigom i to\u00a0u odnosu na deo ili na svu robu ili usluge iz prijave. Podnosilac prijave mo\u017ee da se izjasni na prigovor u roku od 60 dana od dana prijema obave\u0161tenja; ukoliko to ne u\u010dini, prigovor se usvaja, a prijava odbija re\u0161enjem. Re\u0161enjem \u0107e se odbiti prijava za priznanje \u017eiga i ako se u postupku utvrdi da je prigovor osnovan. U svakom slu\u010daju, stranke mogu poku\u0161ati da spor re\u0161e mirnim putem (engl. <em>cooling-off period<\/em>), u kom slu\u010daju zajedni\u010dki podnose zahtev nadle\u017enom organu da zastane sa postupkom po prigovoru najdu\u017ee 24 meseca.<\/p>\r\n\r\n\r\n\r\n<h2><strong>Me\u0111unarodno iscrpljenje prava i paralelni uvoz<\/strong><\/h2>\r\n\r\n\r\n\r\n<p>Jo\u0161 jedna od klju\u010dnih novina jeste propisivanje me\u0111unarodnog iscrpljenja prava, koje podrazumeva da nosilac \u017eiga ne mo\u017ee da zabrani kori\u0161\u0107enje \u017eigom za\u0161ti\u0107enog znaka u vezi sa robom koja je njime obele\u017eena, a koju je <strong>bilo gde u svetu<\/strong> stavio u promet nosilac \u017eiga ili lice koje je on ovlastio. Ovakvo re\u0161enje je u na\u0161em pravnom sistemu postojalo do dono\u0161enja prethodnog zakona, koji je predvi\u0111ao nacionalno iscrpljenje prava. Va\u017enost ove odredbe sastoji se u tome \u0161to ona omogu\u0107ava paralelni uvoz na taj na\u010din \u0161to nosilac \u017eiga vi\u0161e nema pravo da zabrani promet robe obele\u017eene \u017eigom koju su tre\u0107a lica nabavila u inostranstvu, a zatim uvezla u Republiku Srbiju radi dalje preprodaje. Ovakve okolnosti podsti\u010du razvoj konkurencije me\u0111u distributerima robe obele\u017eene istim \u017eigom (engl. <em>intra-brand competition<\/em>), koja mo\u017ee podrazumevati nu\u0111enje predmetne robe po ni\u017eoj ceni ili uz davanje nekih dodatnih pogodnosti.<\/p>\r\n\r\n\r\n\r\n<p>Kada je u pitanju procesno pravni aspekt, novina je to \u0161to \u0107e, od sada, odluke u postupku u kome se ostvaruje za\u0161tita \u017eigova <strong>biti kona\u010dne.<\/strong> Protiv takvih odluka vi\u0161e se ne mo\u017ee ulo\u017eiti \u017ealba u upravnom postupku, ve\u0107 se neposredno mo\u017ee podneti tu\u017eba za pokretanje upravnog spora.<\/p>\r\n\r\n\r\n\r\n<p>O\u010dekuje se da \u0107e nova zakonska re\u0161enja uticati na pobolj\u0161anje za\u0161tite nosilaca prava u slu\u010daju povrede \u017eiga, kao i na smanjenje pojava povrede \u017eigova i zakonitost poslovanja privrednih subjekata. Ipak, treba imati u vidu da dono\u0161enje novih zakonskih odredbi samo po sebi nije dovoljno. Kao \u0161to je u godi\u0161njem <a href=\"http:\/\/www.mei.gov.rs\/upload\/documents\/eu_dokumenta\/godisnji_izvestaji_ek_o_napretku\/20190529-serbia-report_SR_-_REVIDIRANO.pdf\">Izve\u0161taju Evropske komisije<\/a> za Republiku Srbiju za 2019. godinu istaknuto, neophodno je u\u010dvrstiti saradnju izme\u0111u relevantnih institucija, podi\u0107i nivo svesti i razmene informacija, kao i obezbediti dodatnu efikasnu obuku za sudije koje re\u0161avaju slu\u010dajeve u oblasti prava intelektualne svojine.<\/p>\r\n<p>&nbsp;<\/p>\r\n\r\n\r\n\r\n<p><em>Autori: <a href=\"https:\/\/www.geciclaw.com\/sr\/colic-ognjen\/ognjen-colic\/\">Ognjen Coli\u0107<\/a>, <a href=\"https:\/\/www.geciclaw.com\/sr\/slavica-puric\/\">Slavica Puri\u0107<\/a> i Danica Misoj\u010di\u0107<\/em><\/p>\r\n","protected":false},"excerpt":{"rendered":"<p>Novi Zakon o \u017eigovima (\u201eZakon\u201c) koji je stupio na snagu 1. februara 2020. godine, nastao je\u00a0zbog potrebe da se otklone nedostaci uo\u010deni tokom primene prethodnog zakona, da se uspostavi efikasniji sistem za\u0161tite \u017eigova, kao i da se srpska zakonska re\u0161enja usklade sa zakonima dr\u017eava \u010dlanica Evropske Unije u ovoj oblasti. Stavljanje u promet robe ili usluga za\u0161ti\u0107enih \u017eigom omogu\u0107ava nosiocu \u017eiga da se predmetna roba ili usluge razlikuje na tr\u017ei\u0161tu od istih ili sli\u010dnih, dok u isto vreme pove\u0107ava njegovu odgovornost prema potro\u0161a\u010dima. S obzirom na zna\u010daj koji \u017eig ima, neophodno je da njegova pravna regulativa pru\u017ea efikasnu i \u0161to [&hellip;]<\/p>\n","protected":false},"author":1,"featured_media":16790,"comment_status":"closed","ping_status":"open","sticky":false,"template":"","format":"standard","meta":{"om_disable_all_campaigns":false,"footnotes":""},"categories":[1554,1824],"tags":[469,1241,657,1703],"class_list":["post-16792","post","type-post","status-publish","format-standard","has-post-thumbnail","hentry","category-intelektualna-svojina-sr","category-eu-law-sr","tag-gecic-law-firm-serbia-sr","tag-intelektualna-svojina","tag-intellectual-property-law-serbia-sr","tag-zigovi"],"acf":[],"yoast_head":"<!-- This site is optimized with the Yoast SEO plugin v25.5 - https:\/\/yoast.com\/wordpress\/plugins\/seo\/ -->\n<title>Novi zakon o \u017eigovima \u2013 korak bli\u017ee ka uskla\u0111ivanja na\u0161e regulative sa pravom EU | Geci\u0107 Law<\/title>\n<meta name=\"description\" content=\"Novi Zakon o \u017eigovima (\u201eZakon\u201c) koji je stupio na snagu 1. februara 2020. godine, nastao je\u00a0zbog potrebe da se otklone nedostaci uo\u010deni tokom\" \/>\n<meta name=\"robots\" content=\"index, follow, max-snippet:-1, max-image-preview:large, max-video-preview:-1\" \/>\n<link rel=\"canonical\" href=\"https:\/\/www.geciclaw.com\/sr\/novi-zakon-o-zigovima-korak-blize-ka-uskladjivanja-nase-regulative-sa-pravom-eu\/\" \/>\n<meta property=\"og:locale\" content=\"sr_RS\" \/>\n<meta property=\"og:type\" content=\"article\" \/>\n<meta property=\"og:title\" content=\"Novi zakon o \u017eigovima \u2013 korak bli\u017ee ka uskla\u0111ivanja na\u0161e regulative sa pravom EU | Geci\u0107 Law\" \/>\n<meta property=\"og:description\" content=\"Novi Zakon o \u017eigovima (\u201eZakon\u201c) koji je stupio na snagu 1. februara 2020. godine, nastao je\u00a0zbog potrebe da se otklone nedostaci uo\u010deni tokom\" \/>\n<meta property=\"og:url\" content=\"https:\/\/www.geciclaw.com\/sr\/novi-zakon-o-zigovima-korak-blize-ka-uskladjivanja-nase-regulative-sa-pravom-eu\/\" \/>\n<meta property=\"og:site_name\" content=\"Geci\u0107 Law\" \/>\n<meta property=\"article:published_time\" content=\"2020-04-28T12:00:55+00:00\" \/>\n<meta property=\"article:modified_time\" content=\"2025-07-28T14:08:47+00:00\" \/>\n<meta property=\"og:image\" content=\"https:\/\/www.geciclaw.com\/wp-content\/uploads\/2020\/04\/understanding-the-trademark-registration-process.jpg\" \/>\n\t<meta property=\"og:image:width\" content=\"770\" \/>\n\t<meta property=\"og:image:height\" content=\"421\" \/>\n\t<meta property=\"og:image:type\" content=\"image\/jpeg\" \/>\n<meta name=\"author\" content=\"stefan\" \/>\n<meta name=\"twitter:card\" content=\"summary_large_image\" \/>\n<meta name=\"twitter:label1\" content=\"Napisano od\" \/>\n\t<meta name=\"twitter:data1\" content=\"stefan\" \/>\n\t<meta name=\"twitter:label2\" content=\"Procenjeno vreme \u010ditanja\" \/>\n\t<meta name=\"twitter:data2\" content=\"4 minuta\" \/>\n<script type=\"application\/ld+json\" class=\"yoast-schema-graph\">{\"@context\":\"https:\/\/schema.org\",\"@graph\":[{\"@type\":\"Article\",\"@id\":\"https:\/\/www.geciclaw.com\/sr\/novi-zakon-o-zigovima-korak-blize-ka-uskladjivanja-nase-regulative-sa-pravom-eu\/#article\",\"isPartOf\":{\"@id\":\"https:\/\/www.geciclaw.com\/sr\/novi-zakon-o-zigovima-korak-blize-ka-uskladjivanja-nase-regulative-sa-pravom-eu\/\"},\"author\":{\"name\":\"stefan\",\"@id\":\"https:\/\/www.geciclaw.com\/#\/schema\/person\/6da1a36ae431e659988e851fe3a9cf83\"},\"headline\":\"Novi zakon o \u017eigovima \u2013 korak bli\u017ee ka uskla\u0111ivanja na\u0161e regulative sa pravom EU\",\"datePublished\":\"2020-04-28T12:00:55+00:00\",\"dateModified\":\"2025-07-28T14:08:47+00:00\",\"mainEntityOfPage\":{\"@id\":\"https:\/\/www.geciclaw.com\/sr\/novi-zakon-o-zigovima-korak-blize-ka-uskladjivanja-nase-regulative-sa-pravom-eu\/\"},\"wordCount\":1047,\"publisher\":{\"@id\":\"https:\/\/www.geciclaw.com\/#organization\"},\"image\":{\"@id\":\"https:\/\/www.geciclaw.com\/sr\/novi-zakon-o-zigovima-korak-blize-ka-uskladjivanja-nase-regulative-sa-pravom-eu\/#primaryimage\"},\"thumbnailUrl\":\"https:\/\/www.geciclaw.com\/wp-content\/uploads\/2020\/04\/understanding-the-trademark-registration-process.jpg\",\"keywords\":[\"Advokatska kancelarija Geci\u0107 Law\",\"Intelektualna svojina\",\"Pravo intelektualne svojine Srbija\",\"\u017digovi\"],\"articleSection\":[\"Pravo intelektualne svojine i medijsko pravo\",\"EU Law\"],\"inLanguage\":\"sr-RS\"},{\"@type\":\"WebPage\",\"@id\":\"https:\/\/www.geciclaw.com\/sr\/novi-zakon-o-zigovima-korak-blize-ka-uskladjivanja-nase-regulative-sa-pravom-eu\/\",\"url\":\"https:\/\/www.geciclaw.com\/sr\/novi-zakon-o-zigovima-korak-blize-ka-uskladjivanja-nase-regulative-sa-pravom-eu\/\",\"name\":\"Novi zakon o \u017eigovima \u2013 korak bli\u017ee ka uskla\u0111ivanja na\u0161e regulative sa pravom EU | Geci\u0107 Law\",\"isPartOf\":{\"@id\":\"https:\/\/www.geciclaw.com\/#website\"},\"primaryImageOfPage\":{\"@id\":\"https:\/\/www.geciclaw.com\/sr\/novi-zakon-o-zigovima-korak-blize-ka-uskladjivanja-nase-regulative-sa-pravom-eu\/#primaryimage\"},\"image\":{\"@id\":\"https:\/\/www.geciclaw.com\/sr\/novi-zakon-o-zigovima-korak-blize-ka-uskladjivanja-nase-regulative-sa-pravom-eu\/#primaryimage\"},\"thumbnailUrl\":\"https:\/\/www.geciclaw.com\/wp-content\/uploads\/2020\/04\/understanding-the-trademark-registration-process.jpg\",\"datePublished\":\"2020-04-28T12:00:55+00:00\",\"dateModified\":\"2025-07-28T14:08:47+00:00\",\"description\":\"Novi Zakon o \u017eigovima (\u201eZakon\u201c) koji je stupio na snagu 1. februara 2020. godine, nastao je\u00a0zbog potrebe da se otklone nedostaci uo\u010deni tokom\",\"breadcrumb\":{\"@id\":\"https:\/\/www.geciclaw.com\/sr\/novi-zakon-o-zigovima-korak-blize-ka-uskladjivanja-nase-regulative-sa-pravom-eu\/#breadcrumb\"},\"inLanguage\":\"sr-RS\",\"potentialAction\":[{\"@type\":\"ReadAction\",\"target\":[\"https:\/\/www.geciclaw.com\/sr\/novi-zakon-o-zigovima-korak-blize-ka-uskladjivanja-nase-regulative-sa-pravom-eu\/\"]}]},{\"@type\":\"ImageObject\",\"inLanguage\":\"sr-RS\",\"@id\":\"https:\/\/www.geciclaw.com\/sr\/novi-zakon-o-zigovima-korak-blize-ka-uskladjivanja-nase-regulative-sa-pravom-eu\/#primaryimage\",\"url\":\"https:\/\/www.geciclaw.com\/wp-content\/uploads\/2020\/04\/understanding-the-trademark-registration-process.jpg\",\"contentUrl\":\"https:\/\/www.geciclaw.com\/wp-content\/uploads\/2020\/04\/understanding-the-trademark-registration-process.jpg\",\"width\":770,\"height\":421},{\"@type\":\"BreadcrumbList\",\"@id\":\"https:\/\/www.geciclaw.com\/sr\/novi-zakon-o-zigovima-korak-blize-ka-uskladjivanja-nase-regulative-sa-pravom-eu\/#breadcrumb\",\"itemListElement\":[{\"@type\":\"ListItem\",\"position\":1,\"name\":\"Home\",\"item\":\"https:\/\/www.geciclaw.com\/sr\/\"},{\"@type\":\"ListItem\",\"position\":2,\"name\":\"Novi zakon o \u017eigovima \u2013 korak bli\u017ee ka uskla\u0111ivanja na\u0161e regulative sa pravom EU\"}]},{\"@type\":\"WebSite\",\"@id\":\"https:\/\/www.geciclaw.com\/#website\",\"url\":\"https:\/\/www.geciclaw.com\/\",\"name\":\"Geci\u0107 Law\",\"description\":\"Advokatska kancelarija\",\"publisher\":{\"@id\":\"https:\/\/www.geciclaw.com\/#organization\"},\"potentialAction\":[{\"@type\":\"SearchAction\",\"target\":{\"@type\":\"EntryPoint\",\"urlTemplate\":\"https:\/\/www.geciclaw.com\/?s={search_term_string}\"},\"query-input\":{\"@type\":\"PropertyValueSpecification\",\"valueRequired\":true,\"valueName\":\"search_term_string\"}}],\"inLanguage\":\"sr-RS\"},{\"@type\":\"Organization\",\"@id\":\"https:\/\/www.geciclaw.com\/#organization\",\"name\":\"Geci\u0107 Law\",\"url\":\"https:\/\/www.geciclaw.com\/\",\"logo\":{\"@type\":\"ImageObject\",\"inLanguage\":\"sr-RS\",\"@id\":\"https:\/\/www.geciclaw.com\/#\/schema\/logo\/image\/\",\"url\":\"https:\/\/geciclaw.com\/wp-content\/uploads\/2021\/10\/1.png\",\"contentUrl\":\"https:\/\/geciclaw.com\/wp-content\/uploads\/2021\/10\/1.png\",\"width\":1000,\"height\":409,\"caption\":\"Geci\u0107 Law\"},\"image\":{\"@id\":\"https:\/\/www.geciclaw.com\/#\/schema\/logo\/image\/\"}},{\"@type\":\"Person\",\"@id\":\"https:\/\/www.geciclaw.com\/#\/schema\/person\/6da1a36ae431e659988e851fe3a9cf83\",\"name\":\"stefan\",\"image\":{\"@type\":\"ImageObject\",\"inLanguage\":\"sr-RS\",\"@id\":\"https:\/\/www.geciclaw.com\/#\/schema\/person\/image\/\",\"url\":\"https:\/\/secure.gravatar.com\/avatar\/59099af461191b217c7b825d928bcba2b02d1b3c89de8338854bc40abd2b30c9?s=96&d=mm&r=g\",\"contentUrl\":\"https:\/\/secure.gravatar.com\/avatar\/59099af461191b217c7b825d928bcba2b02d1b3c89de8338854bc40abd2b30c9?s=96&d=mm&r=g\",\"caption\":\"stefan\"},\"url\":\"https:\/\/www.geciclaw.com\/sr\/author\/stefan\/\"}]}<\/script>\n<!-- \/ Yoast SEO plugin. -->","yoast_head_json":{"title":"Novi zakon o \u017eigovima \u2013 korak bli\u017ee ka uskla\u0111ivanja na\u0161e regulative sa pravom EU | Geci\u0107 Law","description":"Novi Zakon o \u017eigovima (\u201eZakon\u201c) koji je stupio na snagu 1. februara 2020. godine, nastao je\u00a0zbog potrebe da se otklone nedostaci uo\u010deni tokom","robots":{"index":"index","follow":"follow","max-snippet":"max-snippet:-1","max-image-preview":"max-image-preview:large","max-video-preview":"max-video-preview:-1"},"canonical":"https:\/\/www.geciclaw.com\/sr\/novi-zakon-o-zigovima-korak-blize-ka-uskladjivanja-nase-regulative-sa-pravom-eu\/","og_locale":"sr_RS","og_type":"article","og_title":"Novi zakon o \u017eigovima \u2013 korak bli\u017ee ka uskla\u0111ivanja na\u0161e regulative sa pravom EU | Geci\u0107 Law","og_description":"Novi Zakon o \u017eigovima (\u201eZakon\u201c) koji je stupio na snagu 1. februara 2020. godine, nastao je\u00a0zbog potrebe da se otklone nedostaci uo\u010deni tokom","og_url":"https:\/\/www.geciclaw.com\/sr\/novi-zakon-o-zigovima-korak-blize-ka-uskladjivanja-nase-regulative-sa-pravom-eu\/","og_site_name":"Geci\u0107 Law","article_published_time":"2020-04-28T12:00:55+00:00","article_modified_time":"2025-07-28T14:08:47+00:00","og_image":[{"width":770,"height":421,"url":"https:\/\/www.geciclaw.com\/wp-content\/uploads\/2020\/04\/understanding-the-trademark-registration-process.jpg","type":"image\/jpeg"}],"author":"stefan","twitter_card":"summary_large_image","twitter_misc":{"Napisano od":"stefan","Procenjeno vreme \u010ditanja":"4 minuta"},"schema":{"@context":"https:\/\/schema.org","@graph":[{"@type":"Article","@id":"https:\/\/www.geciclaw.com\/sr\/novi-zakon-o-zigovima-korak-blize-ka-uskladjivanja-nase-regulative-sa-pravom-eu\/#article","isPartOf":{"@id":"https:\/\/www.geciclaw.com\/sr\/novi-zakon-o-zigovima-korak-blize-ka-uskladjivanja-nase-regulative-sa-pravom-eu\/"},"author":{"name":"stefan","@id":"https:\/\/www.geciclaw.com\/#\/schema\/person\/6da1a36ae431e659988e851fe3a9cf83"},"headline":"Novi zakon o \u017eigovima \u2013 korak bli\u017ee ka uskla\u0111ivanja na\u0161e regulative sa pravom EU","datePublished":"2020-04-28T12:00:55+00:00","dateModified":"2025-07-28T14:08:47+00:00","mainEntityOfPage":{"@id":"https:\/\/www.geciclaw.com\/sr\/novi-zakon-o-zigovima-korak-blize-ka-uskladjivanja-nase-regulative-sa-pravom-eu\/"},"wordCount":1047,"publisher":{"@id":"https:\/\/www.geciclaw.com\/#organization"},"image":{"@id":"https:\/\/www.geciclaw.com\/sr\/novi-zakon-o-zigovima-korak-blize-ka-uskladjivanja-nase-regulative-sa-pravom-eu\/#primaryimage"},"thumbnailUrl":"https:\/\/www.geciclaw.com\/wp-content\/uploads\/2020\/04\/understanding-the-trademark-registration-process.jpg","keywords":["Advokatska kancelarija Geci\u0107 Law","Intelektualna svojina","Pravo intelektualne svojine Srbija","\u017digovi"],"articleSection":["Pravo intelektualne svojine i medijsko pravo","EU Law"],"inLanguage":"sr-RS"},{"@type":"WebPage","@id":"https:\/\/www.geciclaw.com\/sr\/novi-zakon-o-zigovima-korak-blize-ka-uskladjivanja-nase-regulative-sa-pravom-eu\/","url":"https:\/\/www.geciclaw.com\/sr\/novi-zakon-o-zigovima-korak-blize-ka-uskladjivanja-nase-regulative-sa-pravom-eu\/","name":"Novi zakon o \u017eigovima \u2013 korak bli\u017ee ka uskla\u0111ivanja na\u0161e regulative sa pravom EU | Geci\u0107 Law","isPartOf":{"@id":"https:\/\/www.geciclaw.com\/#website"},"primaryImageOfPage":{"@id":"https:\/\/www.geciclaw.com\/sr\/novi-zakon-o-zigovima-korak-blize-ka-uskladjivanja-nase-regulative-sa-pravom-eu\/#primaryimage"},"image":{"@id":"https:\/\/www.geciclaw.com\/sr\/novi-zakon-o-zigovima-korak-blize-ka-uskladjivanja-nase-regulative-sa-pravom-eu\/#primaryimage"},"thumbnailUrl":"https:\/\/www.geciclaw.com\/wp-content\/uploads\/2020\/04\/understanding-the-trademark-registration-process.jpg","datePublished":"2020-04-28T12:00:55+00:00","dateModified":"2025-07-28T14:08:47+00:00","description":"Novi Zakon o \u017eigovima (\u201eZakon\u201c) koji je stupio na snagu 1. februara 2020. godine, nastao je\u00a0zbog potrebe da se otklone nedostaci uo\u010deni tokom","breadcrumb":{"@id":"https:\/\/www.geciclaw.com\/sr\/novi-zakon-o-zigovima-korak-blize-ka-uskladjivanja-nase-regulative-sa-pravom-eu\/#breadcrumb"},"inLanguage":"sr-RS","potentialAction":[{"@type":"ReadAction","target":["https:\/\/www.geciclaw.com\/sr\/novi-zakon-o-zigovima-korak-blize-ka-uskladjivanja-nase-regulative-sa-pravom-eu\/"]}]},{"@type":"ImageObject","inLanguage":"sr-RS","@id":"https:\/\/www.geciclaw.com\/sr\/novi-zakon-o-zigovima-korak-blize-ka-uskladjivanja-nase-regulative-sa-pravom-eu\/#primaryimage","url":"https:\/\/www.geciclaw.com\/wp-content\/uploads\/2020\/04\/understanding-the-trademark-registration-process.jpg","contentUrl":"https:\/\/www.geciclaw.com\/wp-content\/uploads\/2020\/04\/understanding-the-trademark-registration-process.jpg","width":770,"height":421},{"@type":"BreadcrumbList","@id":"https:\/\/www.geciclaw.com\/sr\/novi-zakon-o-zigovima-korak-blize-ka-uskladjivanja-nase-regulative-sa-pravom-eu\/#breadcrumb","itemListElement":[{"@type":"ListItem","position":1,"name":"Home","item":"https:\/\/www.geciclaw.com\/sr\/"},{"@type":"ListItem","position":2,"name":"Novi zakon o \u017eigovima \u2013 korak bli\u017ee ka uskla\u0111ivanja na\u0161e regulative sa pravom EU"}]},{"@type":"WebSite","@id":"https:\/\/www.geciclaw.com\/#website","url":"https:\/\/www.geciclaw.com\/","name":"Geci\u0107 Law","description":"Advokatska kancelarija","publisher":{"@id":"https:\/\/www.geciclaw.com\/#organization"},"potentialAction":[{"@type":"SearchAction","target":{"@type":"EntryPoint","urlTemplate":"https:\/\/www.geciclaw.com\/?s={search_term_string}"},"query-input":{"@type":"PropertyValueSpecification","valueRequired":true,"valueName":"search_term_string"}}],"inLanguage":"sr-RS"},{"@type":"Organization","@id":"https:\/\/www.geciclaw.com\/#organization","name":"Geci\u0107 Law","url":"https:\/\/www.geciclaw.com\/","logo":{"@type":"ImageObject","inLanguage":"sr-RS","@id":"https:\/\/www.geciclaw.com\/#\/schema\/logo\/image\/","url":"https:\/\/geciclaw.com\/wp-content\/uploads\/2021\/10\/1.png","contentUrl":"https:\/\/geciclaw.com\/wp-content\/uploads\/2021\/10\/1.png","width":1000,"height":409,"caption":"Geci\u0107 Law"},"image":{"@id":"https:\/\/www.geciclaw.com\/#\/schema\/logo\/image\/"}},{"@type":"Person","@id":"https:\/\/www.geciclaw.com\/#\/schema\/person\/6da1a36ae431e659988e851fe3a9cf83","name":"stefan","image":{"@type":"ImageObject","inLanguage":"sr-RS","@id":"https:\/\/www.geciclaw.com\/#\/schema\/person\/image\/","url":"https:\/\/secure.gravatar.com\/avatar\/59099af461191b217c7b825d928bcba2b02d1b3c89de8338854bc40abd2b30c9?s=96&d=mm&r=g","contentUrl":"https:\/\/secure.gravatar.com\/avatar\/59099af461191b217c7b825d928bcba2b02d1b3c89de8338854bc40abd2b30c9?s=96&d=mm&r=g","caption":"stefan"},"url":"https:\/\/www.geciclaw.com\/sr\/author\/stefan\/"}]}},"_links":{"self":[{"href":"https:\/\/www.geciclaw.com\/sr\/wp-json\/wp\/v2\/posts\/16792","targetHints":{"allow":["GET"]}}],"collection":[{"href":"https:\/\/www.geciclaw.com\/sr\/wp-json\/wp\/v2\/posts"}],"about":[{"href":"https:\/\/www.geciclaw.com\/sr\/wp-json\/wp\/v2\/types\/post"}],"author":[{"embeddable":true,"href":"https:\/\/www.geciclaw.com\/sr\/wp-json\/wp\/v2\/users\/1"}],"replies":[{"embeddable":true,"href":"https:\/\/www.geciclaw.com\/sr\/wp-json\/wp\/v2\/comments?post=16792"}],"version-history":[{"count":5,"href":"https:\/\/www.geciclaw.com\/sr\/wp-json\/wp\/v2\/posts\/16792\/revisions"}],"predecessor-version":[{"id":47207,"href":"https:\/\/www.geciclaw.com\/sr\/wp-json\/wp\/v2\/posts\/16792\/revisions\/47207"}],"wp:featuredmedia":[{"embeddable":true,"href":"https:\/\/www.geciclaw.com\/sr\/wp-json\/wp\/v2\/media\/16790"}],"wp:attachment":[{"href":"https:\/\/www.geciclaw.com\/sr\/wp-json\/wp\/v2\/media?parent=16792"}],"wp:term":[{"taxonomy":"category","embeddable":true,"href":"https:\/\/www.geciclaw.com\/sr\/wp-json\/wp\/v2\/categories?post=16792"},{"taxonomy":"post_tag","embeddable":true,"href":"https:\/\/www.geciclaw.com\/sr\/wp-json\/wp\/v2\/tags?post=16792"}],"curies":[{"name":"wp","href":"https:\/\/api.w.org\/{rel}","templated":true}]}}