{"id":16800,"date":"2020-04-29T18:47:03","date_gmt":"2020-04-29T16:47:03","guid":{"rendered":"https:\/\/www.geciclaw.com\/?p=16800"},"modified":"2025-07-28T16:08:53","modified_gmt":"2025-07-28T14:08:53","slug":"energetski-spor-izmedju-kostt-i-ems-jedan-od-najvecih-i-najkompleksnijih-sporova-u-energetskoj-zajednici-se-blizi-kraju","status":"publish","type":"post","link":"https:\/\/www.geciclaw.com\/sr\/energetski-spor-izmedju-kostt-i-ems-jedan-od-najvecih-i-najkompleksnijih-sporova-u-energetskoj-zajednici-se-blizi-kraju\/","title":{"rendered":"Energetski spor izme\u0111u KOSTT i EMS: jedan od najve\u0107ih i najkompleksnijih sporova u Energetskoj zajednici se bli\u017ei kraju"},"content":{"rendered":"\r\n<p>Srpski i kosovski* operatori prenosnih sistema su od 20. aprila 2020. godine (\u201c<strong>OPS<\/strong>\u201d) krenuli korak napred ka re\u0161avanju dugotrajnog spora. Navedeno je posledica\u00a0 dugotrajnih pregovora izme\u0111u kosovskog* OPS KOSTT i srpskog OPS EMS, uz pomo\u0107 Evropske mre\u017ee operatora prenosnog sistema za elektri\u010dnu energiju (ENTSO-E). Glasanje o nacrtu sporazuma o priklju\u010denju uspe\u0161no je sprovela Regionalna grupa za kontinentalnu Evropu.<\/p>\r\n\r\n\r\n\r\n<p>Zahvaljuju\u0107i ovom glasanju i naknadnom postizanju dogovora, KOSTT i Kosovo* \u0107e napustiti kontrolni blok Srbija &#8211; Crna Gora &#8211; Severna Makedonija i formirati kontrolni blok Kosovo* &#8211; Albanija, kako je najavljeno pre nekoliko meseci. Nakon \u0161to bude potpisan i stupi na snagu, ovaj sporazum o priklju\u010denju trebalo bi da razre\u0161i spor i doprinese integraciji tr\u017ei\u0161ta na zapadnom Balkanu.<\/p>\r\n\r\n\r\n\r\n<h2><strong>Novi kosovsko * &#8211; albanijski regulatorni blok energetskog sistema<\/strong><\/h2>\r\n\r\n\r\n\r\n<p>Do sada je KOSTT bio deo kontrolnog bloka Srbija &#8211; Crna Gora &#8211; Severna Makedonija, kojim je koordinisao srpski OPS EMS (Elektromre\u017ea Srbije). Pozivaju\u0107i se na gore pomenuti spor, KOSTT je odlu\u010dio da prekine vezu sa regulatornim prostorom Srbije i pridru\u017ei se regulatornom bloku albanskog OPS tj. OST.<\/p>\r\n\r\n\r\n\r\n<p>U decembru 2019. godine KOSTT i albanski OPS OST potpisali su <a href=\"https:\/\/balkangreenenergynews.com\/kostt-ost-sign-deal-to-establish-kosovo-albania-regulatory-bloc\/\">sporazum o uspostavljanju regulatornog bloka<\/a> energetskog sistema Kosovo* &#8211; Albanija. Prema navodima KOSTT, ENTSO-E je bio upoznat sa sporazumom potpisanim u Tirani uz saglasnost dveju nacionalnih regulatornih agencija za energetiku. Kao \u0161to je obja\u0161njeno, ovaj regulatorni blok ima za cilj da olak\u0161a rad albanskih i kosovskih* elektroenergetskih sistema, kao i da obezbedi balansiranje u oba sistema, smanji tro\u0161kove i omogu\u0107i razmenu sistemskih rezervi.<\/p>\r\n\r\n\r\n\r\n<h2><strong>Pri\u010da iza <\/strong><strong>dugotrajnog spora<\/strong><\/h2>\r\n\r\n\r\n\r\n<p>Naime, skup bilateralnih sporazuma koji reguli\u0161u odnos izme\u0111u KOSTT-a i EMS-a predvi\u0111a uzajamnu nadoknadu za tranzit elektri\u010dne energije. Me\u0111utim, KOSTT je tvrdio da je EMS prestao da ispla\u0107uje KOSTT-u naknadu za tranzit elektri\u010dne energije i prihode od dodele prenosnih kapaciteta na interkonektorima sa zemljama susedima Kosova*. Problem je dobio me\u0111unarodnu dimenziju kada KOSTT nije uspeo da odr\u017ei potrebnu frekvenciju od 50 herca u prenosnoj mre\u017ei vi\u0161e od godinu i po dana, \u0161to je navodno bilo inicirano \u010dinjenicom da se struja na severu Kosova* ne napla\u0107uje, pa \u010dak i ako se napla\u0107uje, KOSTT ne prima taj novac.<\/p>\r\n\r\n\r\n\r\n<p>U 2008. godini KOSTT je formalno inicirao pokretanje spora pred Sekretarijatom Energetske zajednice (\u201e<strong>Sekretarijat<\/strong>\u201c), koji procenjuje postupanje ugovorne strane i uskla\u0111enost takvog postupanja sa propisima Energetske zajednice. Sekretarijat je utvrdio da nedostatak nadoknade KOSTT-u za tro\u0161kove nastale kao rezultat tranzita elektri\u010dne energije u mre\u017ei kojom upravlja, predstavlja povredu pravila <a href=\"https:\/\/eur-lex.europa.eu\/legal-content\/EN\/ALL\/?uri=CELEX%3A32003R1228\">Uredbe (EZ) 1228\/2003<\/a>. Izneta je pretpostavka da se prihodi nisu koristili ni za korist raspolo\u017eivog dodeljenog kapaciteta, ni za ulaganje u mre\u017eu kojom upravlja KOSTT, niti kao prihod koji se uzima u obzir za smanjenje ukupnog nivoa tarifa za prenos na mre\u017ei kojom upravlja KOSTT.<\/p>\r\n\r\n\r\n\r\n<p>U oktobru 2016 godine Savet ministara Energetske zajednice utvrdio je da Republika Srbija nije ispunila svoju obavezu i zatra\u017eio je da preduzme sve odgovaraju\u0107e mere da otkloni uo\u010dene povrede i da obezbedi po\u0161tovanje propisa Energetske zajednice do decembra 2016. godine. Usvajanjem ove odluke, predmet je okon\u010dan.<\/p>\r\n\r\n\r\n\r\n<p>Me\u0111utim, Sekretarijat je pokrenuo novi postupak u oktobru 2017. godine, tvrde\u0107i da Republika Srbija nije preduzela mere za otklanjanje utvr\u0111enih povreda i da nesprovo\u0111enje odluke Saveta ministara predstavlja kr\u0161enje propisa Energetske zajednice.\u00a0<\/p>\r\n\r\n\r\n\r\n<h2><strong>Integracija regionalnog tr\u017ei\u0161ta, da li je mogu\u0107e?<\/strong><\/h2>\r\n\r\n\r\n\r\n<p>Kao \u0161to je jednom istakla nema\u010dka vlada, spor izme\u0111u KOSTT i EMS onemogu\u0107ava ulaganja u energetski sektor regiona i blokira integraciju regionalnog tr\u017ei\u0161ta na Zapadnom Balkanu. Sporazum o priklju\u010denju, tj. okon\u010danju dugotrajnog i jednog od najslo\u017eenijih sporova u Energetskoj zajednici, trebalo bi da \u00a0dovede do uspostavljanja boljih odnosa i potencijalne saradnje u budu\u0107nosti. Podsetimo se re\u010di gospodina Janeza Kopa\u010da, direktora Sekretarijata energetske zajednice, koji je u intervjuu rekao da bi se svi operateri mogli integrisati u jedinstveni balkanski blok, koji bi bio od koristi svima, imaju\u0107i u vidu da je jedan od ciljeva Energetske zajednice uspostavljanje regionalne integracije tr\u017ei\u0161ta.<\/p>\r\n<p>&nbsp;<\/p>\r\n\r\n\r\n\r\n<p><em>* Ovaj naziv ne uti\u010de na stav o statusu i u skladu je sa UNSB 1244 i mi\u0161ljenjem MSP o kosovskoj deklaraciji nezavisnosti.<\/em><\/p>\r\n<p>&nbsp;<\/p>\r\n\r\n\r\n\r\n<p><em>Autori: \u00a0<a href=\"https:\/\/www.geciclaw.com\/sr\/nada-kosic\/\">Nadja Kosi\u0107<\/a> i <a href=\"https:\/\/www.geciclaw.com\/sr\/slavica-puric\/\">Slavica Puri\u0107<\/a><\/em><\/p>\r\n","protected":false},"excerpt":{"rendered":"<p>Srpski i kosovski* operatori prenosnih sistema su od 20. aprila 2020. godine (\u201cOPS\u201d) krenuli korak napred ka re\u0161avanju dugotrajnog spora. Navedeno je posledica\u00a0 dugotrajnih pregovora izme\u0111u kosovskog* OPS KOSTT i srpskog OPS EMS, uz pomo\u0107 Evropske mre\u017ee operatora prenosnog sistema za elektri\u010dnu energiju (ENTSO-E). Glasanje o nacrtu sporazuma o priklju\u010denju uspe\u0161no je sprovela Regionalna grupa za kontinentalnu Evropu. Zahvaljuju\u0107i ovom glasanju i naknadnom postizanju dogovora, KOSTT i Kosovo* \u0107e napustiti kontrolni blok Srbija &#8211; Crna Gora &#8211; Severna Makedonija i formirati kontrolni blok Kosovo* &#8211; Albanija, kako je najavljeno pre nekoliko meseci. Nakon \u0161to bude potpisan i stupi na snagu, [&hellip;]<\/p>\n","protected":false},"author":1,"featured_media":16804,"comment_status":"closed","ping_status":"open","sticky":false,"template":"","format":"standard","meta":{"om_disable_all_campaigns":false,"footnotes":""},"categories":[1547,1536,1539,1824],"tags":[469,1567,1005,1001],"class_list":["post-16800","post","type-post","status-publish","format-standard","has-post-thumbnail","hentry","category-energetika-infrastruktura-jpp","category-pravo-eu-trgovina-prosirenje","category-resavanje-sporova","category-eu-law-sr","tag-gecic-law-firm-serbia-sr","tag-energetika","tag-energetska-zajednica","tag-energy-community-sr"],"acf":[],"yoast_head":"<!-- This site is optimized with the Yoast SEO plugin v25.5 - https:\/\/yoast.com\/wordpress\/plugins\/seo\/ -->\n<title>Energetski spor izme\u0111u KOSTT i EMS: jedan od najve\u0107ih i najkompleksnijih sporova u Energetskoj zajednici se bli\u017ei kraju | Geci\u0107 Law<\/title>\n<meta name=\"description\" content=\"Srpski i kosovski* operatori prenosnih sistema su od 20. aprila 2020. godine (\u201cOPS\u201d) krenuli korak napred ka re\u0161avanju dugotrajnog spora.\" \/>\n<meta name=\"robots\" content=\"index, follow, max-snippet:-1, max-image-preview:large, max-video-preview:-1\" \/>\n<link rel=\"canonical\" href=\"https:\/\/www.geciclaw.com\/sr\/energetski-spor-izmedju-kostt-i-ems-jedan-od-najvecih-i-najkompleksnijih-sporova-u-energetskoj-zajednici-se-blizi-kraju\/\" \/>\n<meta property=\"og:locale\" content=\"sr_RS\" \/>\n<meta property=\"og:type\" content=\"article\" \/>\n<meta property=\"og:title\" content=\"Energetski spor izme\u0111u KOSTT i EMS: jedan od najve\u0107ih i najkompleksnijih sporova u Energetskoj zajednici se bli\u017ei kraju | Geci\u0107 Law\" \/>\n<meta property=\"og:description\" content=\"Srpski i kosovski* operatori prenosnih sistema su od 20. aprila 2020. godine (\u201cOPS\u201d) krenuli korak napred ka re\u0161avanju dugotrajnog spora.\" \/>\n<meta property=\"og:url\" content=\"https:\/\/www.geciclaw.com\/sr\/energetski-spor-izmedju-kostt-i-ems-jedan-od-najvecih-i-najkompleksnijih-sporova-u-energetskoj-zajednici-se-blizi-kraju\/\" \/>\n<meta property=\"og:site_name\" content=\"Geci\u0107 Law\" \/>\n<meta property=\"article:published_time\" content=\"2020-04-29T16:47:03+00:00\" \/>\n<meta property=\"article:modified_time\" content=\"2025-07-28T14:08:53+00:00\" \/>\n<meta property=\"og:image\" content=\"https:\/\/www.geciclaw.com\/wp-content\/uploads\/2020\/04\/energetics-the-voltage-hotel-current-electricity-pole.jpg\" \/>\n\t<meta property=\"og:image:width\" content=\"770\" \/>\n\t<meta property=\"og:image:height\" content=\"421\" \/>\n\t<meta property=\"og:image:type\" content=\"image\/jpeg\" \/>\n<meta name=\"author\" content=\"stefan\" \/>\n<meta name=\"twitter:card\" content=\"summary_large_image\" \/>\n<meta name=\"twitter:label1\" content=\"Napisano od\" \/>\n\t<meta name=\"twitter:data1\" content=\"stefan\" \/>\n\t<meta name=\"twitter:label2\" content=\"Procenjeno vreme \u010ditanja\" \/>\n\t<meta name=\"twitter:data2\" content=\"3 minuta\" \/>\n<script type=\"application\/ld+json\" class=\"yoast-schema-graph\">{\"@context\":\"https:\/\/schema.org\",\"@graph\":[{\"@type\":\"Article\",\"@id\":\"https:\/\/www.geciclaw.com\/sr\/energetski-spor-izmedju-kostt-i-ems-jedan-od-najvecih-i-najkompleksnijih-sporova-u-energetskoj-zajednici-se-blizi-kraju\/#article\",\"isPartOf\":{\"@id\":\"https:\/\/www.geciclaw.com\/sr\/energetski-spor-izmedju-kostt-i-ems-jedan-od-najvecih-i-najkompleksnijih-sporova-u-energetskoj-zajednici-se-blizi-kraju\/\"},\"author\":{\"name\":\"stefan\",\"@id\":\"https:\/\/www.geciclaw.com\/#\/schema\/person\/6da1a36ae431e659988e851fe3a9cf83\"},\"headline\":\"Energetski spor izme\u0111u KOSTT i EMS: jedan od najve\u0107ih i najkompleksnijih sporova u Energetskoj zajednici se bli\u017ei kraju\",\"datePublished\":\"2020-04-29T16:47:03+00:00\",\"dateModified\":\"2025-07-28T14:08:53+00:00\",\"mainEntityOfPage\":{\"@id\":\"https:\/\/www.geciclaw.com\/sr\/energetski-spor-izmedju-kostt-i-ems-jedan-od-najvecih-i-najkompleksnijih-sporova-u-energetskoj-zajednici-se-blizi-kraju\/\"},\"wordCount\":734,\"publisher\":{\"@id\":\"https:\/\/www.geciclaw.com\/#organization\"},\"image\":{\"@id\":\"https:\/\/www.geciclaw.com\/sr\/energetski-spor-izmedju-kostt-i-ems-jedan-od-najvecih-i-najkompleksnijih-sporova-u-energetskoj-zajednici-se-blizi-kraju\/#primaryimage\"},\"thumbnailUrl\":\"https:\/\/www.geciclaw.com\/wp-content\/uploads\/2020\/04\/energetics-the-voltage-hotel-current-electricity-pole.jpg\",\"keywords\":[\"Advokatska kancelarija Geci\u0107 Law\",\"Energetika\",\"Energetska zajednica\",\"Energy Community\"],\"articleSection\":[\"Energetika, infrastruktura i JPP\",\"Pravo EU, trgovina i pro\u0161irenje\",\"Re\u0161avanje sporova\",\"EU Law\"],\"inLanguage\":\"sr-RS\"},{\"@type\":\"WebPage\",\"@id\":\"https:\/\/www.geciclaw.com\/sr\/energetski-spor-izmedju-kostt-i-ems-jedan-od-najvecih-i-najkompleksnijih-sporova-u-energetskoj-zajednici-se-blizi-kraju\/\",\"url\":\"https:\/\/www.geciclaw.com\/sr\/energetski-spor-izmedju-kostt-i-ems-jedan-od-najvecih-i-najkompleksnijih-sporova-u-energetskoj-zajednici-se-blizi-kraju\/\",\"name\":\"Energetski spor izme\u0111u KOSTT i EMS: jedan od najve\u0107ih i najkompleksnijih sporova u Energetskoj zajednici se bli\u017ei kraju | Geci\u0107 Law\",\"isPartOf\":{\"@id\":\"https:\/\/www.geciclaw.com\/#website\"},\"primaryImageOfPage\":{\"@id\":\"https:\/\/www.geciclaw.com\/sr\/energetski-spor-izmedju-kostt-i-ems-jedan-od-najvecih-i-najkompleksnijih-sporova-u-energetskoj-zajednici-se-blizi-kraju\/#primaryimage\"},\"image\":{\"@id\":\"https:\/\/www.geciclaw.com\/sr\/energetski-spor-izmedju-kostt-i-ems-jedan-od-najvecih-i-najkompleksnijih-sporova-u-energetskoj-zajednici-se-blizi-kraju\/#primaryimage\"},\"thumbnailUrl\":\"https:\/\/www.geciclaw.com\/wp-content\/uploads\/2020\/04\/energetics-the-voltage-hotel-current-electricity-pole.jpg\",\"datePublished\":\"2020-04-29T16:47:03+00:00\",\"dateModified\":\"2025-07-28T14:08:53+00:00\",\"description\":\"Srpski i kosovski* operatori prenosnih sistema su od 20. aprila 2020. godine (\u201cOPS\u201d) krenuli korak napred ka re\u0161avanju dugotrajnog spora.\",\"breadcrumb\":{\"@id\":\"https:\/\/www.geciclaw.com\/sr\/energetski-spor-izmedju-kostt-i-ems-jedan-od-najvecih-i-najkompleksnijih-sporova-u-energetskoj-zajednici-se-blizi-kraju\/#breadcrumb\"},\"inLanguage\":\"sr-RS\",\"potentialAction\":[{\"@type\":\"ReadAction\",\"target\":[\"https:\/\/www.geciclaw.com\/sr\/energetski-spor-izmedju-kostt-i-ems-jedan-od-najvecih-i-najkompleksnijih-sporova-u-energetskoj-zajednici-se-blizi-kraju\/\"]}]},{\"@type\":\"ImageObject\",\"inLanguage\":\"sr-RS\",\"@id\":\"https:\/\/www.geciclaw.com\/sr\/energetski-spor-izmedju-kostt-i-ems-jedan-od-najvecih-i-najkompleksnijih-sporova-u-energetskoj-zajednici-se-blizi-kraju\/#primaryimage\",\"url\":\"https:\/\/www.geciclaw.com\/wp-content\/uploads\/2020\/04\/energetics-the-voltage-hotel-current-electricity-pole.jpg\",\"contentUrl\":\"https:\/\/www.geciclaw.com\/wp-content\/uploads\/2020\/04\/energetics-the-voltage-hotel-current-electricity-pole.jpg\",\"width\":770,\"height\":421},{\"@type\":\"BreadcrumbList\",\"@id\":\"https:\/\/www.geciclaw.com\/sr\/energetski-spor-izmedju-kostt-i-ems-jedan-od-najvecih-i-najkompleksnijih-sporova-u-energetskoj-zajednici-se-blizi-kraju\/#breadcrumb\",\"itemListElement\":[{\"@type\":\"ListItem\",\"position\":1,\"name\":\"Home\",\"item\":\"https:\/\/www.geciclaw.com\/sr\/\"},{\"@type\":\"ListItem\",\"position\":2,\"name\":\"Energetski spor izme\u0111u KOSTT i EMS: jedan od najve\u0107ih i najkompleksnijih sporova u Energetskoj zajednici se bli\u017ei kraju\"}]},{\"@type\":\"WebSite\",\"@id\":\"https:\/\/www.geciclaw.com\/#website\",\"url\":\"https:\/\/www.geciclaw.com\/\",\"name\":\"Geci\u0107 Law\",\"description\":\"Advokatska kancelarija\",\"publisher\":{\"@id\":\"https:\/\/www.geciclaw.com\/#organization\"},\"potentialAction\":[{\"@type\":\"SearchAction\",\"target\":{\"@type\":\"EntryPoint\",\"urlTemplate\":\"https:\/\/www.geciclaw.com\/?s={search_term_string}\"},\"query-input\":{\"@type\":\"PropertyValueSpecification\",\"valueRequired\":true,\"valueName\":\"search_term_string\"}}],\"inLanguage\":\"sr-RS\"},{\"@type\":\"Organization\",\"@id\":\"https:\/\/www.geciclaw.com\/#organization\",\"name\":\"Geci\u0107 Law\",\"url\":\"https:\/\/www.geciclaw.com\/\",\"logo\":{\"@type\":\"ImageObject\",\"inLanguage\":\"sr-RS\",\"@id\":\"https:\/\/www.geciclaw.com\/#\/schema\/logo\/image\/\",\"url\":\"https:\/\/geciclaw.com\/wp-content\/uploads\/2021\/10\/1.png\",\"contentUrl\":\"https:\/\/geciclaw.com\/wp-content\/uploads\/2021\/10\/1.png\",\"width\":1000,\"height\":409,\"caption\":\"Geci\u0107 Law\"},\"image\":{\"@id\":\"https:\/\/www.geciclaw.com\/#\/schema\/logo\/image\/\"}},{\"@type\":\"Person\",\"@id\":\"https:\/\/www.geciclaw.com\/#\/schema\/person\/6da1a36ae431e659988e851fe3a9cf83\",\"name\":\"stefan\",\"image\":{\"@type\":\"ImageObject\",\"inLanguage\":\"sr-RS\",\"@id\":\"https:\/\/www.geciclaw.com\/#\/schema\/person\/image\/\",\"url\":\"https:\/\/secure.gravatar.com\/avatar\/59099af461191b217c7b825d928bcba2b02d1b3c89de8338854bc40abd2b30c9?s=96&d=mm&r=g\",\"contentUrl\":\"https:\/\/secure.gravatar.com\/avatar\/59099af461191b217c7b825d928bcba2b02d1b3c89de8338854bc40abd2b30c9?s=96&d=mm&r=g\",\"caption\":\"stefan\"},\"url\":\"https:\/\/www.geciclaw.com\/sr\/author\/stefan\/\"}]}<\/script>\n<!-- \/ Yoast SEO plugin. -->","yoast_head_json":{"title":"Energetski spor izme\u0111u KOSTT i EMS: jedan od najve\u0107ih i najkompleksnijih sporova u Energetskoj zajednici se bli\u017ei kraju | Geci\u0107 Law","description":"Srpski i kosovski* operatori prenosnih sistema su od 20. aprila 2020. godine (\u201cOPS\u201d) krenuli korak napred ka re\u0161avanju dugotrajnog spora.","robots":{"index":"index","follow":"follow","max-snippet":"max-snippet:-1","max-image-preview":"max-image-preview:large","max-video-preview":"max-video-preview:-1"},"canonical":"https:\/\/www.geciclaw.com\/sr\/energetski-spor-izmedju-kostt-i-ems-jedan-od-najvecih-i-najkompleksnijih-sporova-u-energetskoj-zajednici-se-blizi-kraju\/","og_locale":"sr_RS","og_type":"article","og_title":"Energetski spor izme\u0111u KOSTT i EMS: jedan od najve\u0107ih i najkompleksnijih sporova u Energetskoj zajednici se bli\u017ei kraju | Geci\u0107 Law","og_description":"Srpski i kosovski* operatori prenosnih sistema su od 20. aprila 2020. godine (\u201cOPS\u201d) krenuli korak napred ka re\u0161avanju dugotrajnog spora.","og_url":"https:\/\/www.geciclaw.com\/sr\/energetski-spor-izmedju-kostt-i-ems-jedan-od-najvecih-i-najkompleksnijih-sporova-u-energetskoj-zajednici-se-blizi-kraju\/","og_site_name":"Geci\u0107 Law","article_published_time":"2020-04-29T16:47:03+00:00","article_modified_time":"2025-07-28T14:08:53+00:00","og_image":[{"width":770,"height":421,"url":"https:\/\/www.geciclaw.com\/wp-content\/uploads\/2020\/04\/energetics-the-voltage-hotel-current-electricity-pole.jpg","type":"image\/jpeg"}],"author":"stefan","twitter_card":"summary_large_image","twitter_misc":{"Napisano od":"stefan","Procenjeno vreme \u010ditanja":"3 minuta"},"schema":{"@context":"https:\/\/schema.org","@graph":[{"@type":"Article","@id":"https:\/\/www.geciclaw.com\/sr\/energetski-spor-izmedju-kostt-i-ems-jedan-od-najvecih-i-najkompleksnijih-sporova-u-energetskoj-zajednici-se-blizi-kraju\/#article","isPartOf":{"@id":"https:\/\/www.geciclaw.com\/sr\/energetski-spor-izmedju-kostt-i-ems-jedan-od-najvecih-i-najkompleksnijih-sporova-u-energetskoj-zajednici-se-blizi-kraju\/"},"author":{"name":"stefan","@id":"https:\/\/www.geciclaw.com\/#\/schema\/person\/6da1a36ae431e659988e851fe3a9cf83"},"headline":"Energetski spor izme\u0111u KOSTT i EMS: jedan od najve\u0107ih i najkompleksnijih sporova u Energetskoj zajednici se bli\u017ei kraju","datePublished":"2020-04-29T16:47:03+00:00","dateModified":"2025-07-28T14:08:53+00:00","mainEntityOfPage":{"@id":"https:\/\/www.geciclaw.com\/sr\/energetski-spor-izmedju-kostt-i-ems-jedan-od-najvecih-i-najkompleksnijih-sporova-u-energetskoj-zajednici-se-blizi-kraju\/"},"wordCount":734,"publisher":{"@id":"https:\/\/www.geciclaw.com\/#organization"},"image":{"@id":"https:\/\/www.geciclaw.com\/sr\/energetski-spor-izmedju-kostt-i-ems-jedan-od-najvecih-i-najkompleksnijih-sporova-u-energetskoj-zajednici-se-blizi-kraju\/#primaryimage"},"thumbnailUrl":"https:\/\/www.geciclaw.com\/wp-content\/uploads\/2020\/04\/energetics-the-voltage-hotel-current-electricity-pole.jpg","keywords":["Advokatska kancelarija Geci\u0107 Law","Energetika","Energetska zajednica","Energy Community"],"articleSection":["Energetika, infrastruktura i JPP","Pravo EU, trgovina i pro\u0161irenje","Re\u0161avanje sporova","EU Law"],"inLanguage":"sr-RS"},{"@type":"WebPage","@id":"https:\/\/www.geciclaw.com\/sr\/energetski-spor-izmedju-kostt-i-ems-jedan-od-najvecih-i-najkompleksnijih-sporova-u-energetskoj-zajednici-se-blizi-kraju\/","url":"https:\/\/www.geciclaw.com\/sr\/energetski-spor-izmedju-kostt-i-ems-jedan-od-najvecih-i-najkompleksnijih-sporova-u-energetskoj-zajednici-se-blizi-kraju\/","name":"Energetski spor izme\u0111u KOSTT i EMS: jedan od najve\u0107ih i najkompleksnijih sporova u Energetskoj zajednici se bli\u017ei kraju | Geci\u0107 Law","isPartOf":{"@id":"https:\/\/www.geciclaw.com\/#website"},"primaryImageOfPage":{"@id":"https:\/\/www.geciclaw.com\/sr\/energetski-spor-izmedju-kostt-i-ems-jedan-od-najvecih-i-najkompleksnijih-sporova-u-energetskoj-zajednici-se-blizi-kraju\/#primaryimage"},"image":{"@id":"https:\/\/www.geciclaw.com\/sr\/energetski-spor-izmedju-kostt-i-ems-jedan-od-najvecih-i-najkompleksnijih-sporova-u-energetskoj-zajednici-se-blizi-kraju\/#primaryimage"},"thumbnailUrl":"https:\/\/www.geciclaw.com\/wp-content\/uploads\/2020\/04\/energetics-the-voltage-hotel-current-electricity-pole.jpg","datePublished":"2020-04-29T16:47:03+00:00","dateModified":"2025-07-28T14:08:53+00:00","description":"Srpski i kosovski* operatori prenosnih sistema su od 20. aprila 2020. godine (\u201cOPS\u201d) krenuli korak napred ka re\u0161avanju dugotrajnog spora.","breadcrumb":{"@id":"https:\/\/www.geciclaw.com\/sr\/energetski-spor-izmedju-kostt-i-ems-jedan-od-najvecih-i-najkompleksnijih-sporova-u-energetskoj-zajednici-se-blizi-kraju\/#breadcrumb"},"inLanguage":"sr-RS","potentialAction":[{"@type":"ReadAction","target":["https:\/\/www.geciclaw.com\/sr\/energetski-spor-izmedju-kostt-i-ems-jedan-od-najvecih-i-najkompleksnijih-sporova-u-energetskoj-zajednici-se-blizi-kraju\/"]}]},{"@type":"ImageObject","inLanguage":"sr-RS","@id":"https:\/\/www.geciclaw.com\/sr\/energetski-spor-izmedju-kostt-i-ems-jedan-od-najvecih-i-najkompleksnijih-sporova-u-energetskoj-zajednici-se-blizi-kraju\/#primaryimage","url":"https:\/\/www.geciclaw.com\/wp-content\/uploads\/2020\/04\/energetics-the-voltage-hotel-current-electricity-pole.jpg","contentUrl":"https:\/\/www.geciclaw.com\/wp-content\/uploads\/2020\/04\/energetics-the-voltage-hotel-current-electricity-pole.jpg","width":770,"height":421},{"@type":"BreadcrumbList","@id":"https:\/\/www.geciclaw.com\/sr\/energetski-spor-izmedju-kostt-i-ems-jedan-od-najvecih-i-najkompleksnijih-sporova-u-energetskoj-zajednici-se-blizi-kraju\/#breadcrumb","itemListElement":[{"@type":"ListItem","position":1,"name":"Home","item":"https:\/\/www.geciclaw.com\/sr\/"},{"@type":"ListItem","position":2,"name":"Energetski spor izme\u0111u KOSTT i EMS: jedan od najve\u0107ih i najkompleksnijih sporova u Energetskoj zajednici se bli\u017ei kraju"}]},{"@type":"WebSite","@id":"https:\/\/www.geciclaw.com\/#website","url":"https:\/\/www.geciclaw.com\/","name":"Geci\u0107 Law","description":"Advokatska kancelarija","publisher":{"@id":"https:\/\/www.geciclaw.com\/#organization"},"potentialAction":[{"@type":"SearchAction","target":{"@type":"EntryPoint","urlTemplate":"https:\/\/www.geciclaw.com\/?s={search_term_string}"},"query-input":{"@type":"PropertyValueSpecification","valueRequired":true,"valueName":"search_term_string"}}],"inLanguage":"sr-RS"},{"@type":"Organization","@id":"https:\/\/www.geciclaw.com\/#organization","name":"Geci\u0107 Law","url":"https:\/\/www.geciclaw.com\/","logo":{"@type":"ImageObject","inLanguage":"sr-RS","@id":"https:\/\/www.geciclaw.com\/#\/schema\/logo\/image\/","url":"https:\/\/geciclaw.com\/wp-content\/uploads\/2021\/10\/1.png","contentUrl":"https:\/\/geciclaw.com\/wp-content\/uploads\/2021\/10\/1.png","width":1000,"height":409,"caption":"Geci\u0107 Law"},"image":{"@id":"https:\/\/www.geciclaw.com\/#\/schema\/logo\/image\/"}},{"@type":"Person","@id":"https:\/\/www.geciclaw.com\/#\/schema\/person\/6da1a36ae431e659988e851fe3a9cf83","name":"stefan","image":{"@type":"ImageObject","inLanguage":"sr-RS","@id":"https:\/\/www.geciclaw.com\/#\/schema\/person\/image\/","url":"https:\/\/secure.gravatar.com\/avatar\/59099af461191b217c7b825d928bcba2b02d1b3c89de8338854bc40abd2b30c9?s=96&d=mm&r=g","contentUrl":"https:\/\/secure.gravatar.com\/avatar\/59099af461191b217c7b825d928bcba2b02d1b3c89de8338854bc40abd2b30c9?s=96&d=mm&r=g","caption":"stefan"},"url":"https:\/\/www.geciclaw.com\/sr\/author\/stefan\/"}]}},"_links":{"self":[{"href":"https:\/\/www.geciclaw.com\/sr\/wp-json\/wp\/v2\/posts\/16800","targetHints":{"allow":["GET"]}}],"collection":[{"href":"https:\/\/www.geciclaw.com\/sr\/wp-json\/wp\/v2\/posts"}],"about":[{"href":"https:\/\/www.geciclaw.com\/sr\/wp-json\/wp\/v2\/types\/post"}],"author":[{"embeddable":true,"href":"https:\/\/www.geciclaw.com\/sr\/wp-json\/wp\/v2\/users\/1"}],"replies":[{"embeddable":true,"href":"https:\/\/www.geciclaw.com\/sr\/wp-json\/wp\/v2\/comments?post=16800"}],"version-history":[{"count":13,"href":"https:\/\/www.geciclaw.com\/sr\/wp-json\/wp\/v2\/posts\/16800\/revisions"}],"predecessor-version":[{"id":47210,"href":"https:\/\/www.geciclaw.com\/sr\/wp-json\/wp\/v2\/posts\/16800\/revisions\/47210"}],"wp:featuredmedia":[{"embeddable":true,"href":"https:\/\/www.geciclaw.com\/sr\/wp-json\/wp\/v2\/media\/16804"}],"wp:attachment":[{"href":"https:\/\/www.geciclaw.com\/sr\/wp-json\/wp\/v2\/media?parent=16800"}],"wp:term":[{"taxonomy":"category","embeddable":true,"href":"https:\/\/www.geciclaw.com\/sr\/wp-json\/wp\/v2\/categories?post=16800"},{"taxonomy":"post_tag","embeddable":true,"href":"https:\/\/www.geciclaw.com\/sr\/wp-json\/wp\/v2\/tags?post=16800"}],"curies":[{"name":"wp","href":"https:\/\/api.w.org\/{rel}","templated":true}]}}