{"id":16834,"date":"2020-05-08T10:51:04","date_gmt":"2020-05-08T08:51:04","guid":{"rendered":"https:\/\/www.geciclaw.com\/?p=16834"},"modified":"2021-05-31T13:42:17","modified_gmt":"2021-05-31T11:42:17","slug":"najnovija-odluka-saveznog-ustavnog-suda-nemacke-ozbiljan-udar-na-odlucivanje-sudova-u-evropskoj-uniji","status":"publish","type":"post","link":"https:\/\/www.geciclaw.com\/sr\/najnovija-odluka-saveznog-ustavnog-suda-nemacke-ozbiljan-udar-na-odlucivanje-sudova-u-evropskoj-uniji\/","title":{"rendered":"Najnovija odluka Saveznog ustavnog suda Nema\u010dke \u2013 ozbiljan udar na odlu\u010divanje sudova u Evropskoj Uniji?"},"content":{"rendered":"\r\n<p><a href=\"https:\/\/www.bundesverfassungsgericht.de\/EN\/Homepage\/home_node.html\">Savezni ustavni sud Nema\u010dke<\/a> (\u201e<strong>Ustavni sud<\/strong>\u201c) je 5. maja 2020. godine doneo presudu kojom je usvojio nekoliko ustavnih \u017ealbi. Podnete ustavne \u017ealbe odnose se na Program nabavki u javnom sektoru (\u201c<strong>PSPP<\/strong>\u201d), u kojima se navodi da PSPP kr\u0161i zabranu monetarnog finansiranja iz \u010dlana 123. Ugovora o funkcionisanju Evropske Unije (\u201c<strong>TFEU<\/strong>\u201d) kao i princip prenosa koji je predvi\u0111en \u010dl. 5 st. 1. Ugovora o Evropskoj Uniji (\u201c<strong>TEU<\/strong>\u201d). Bitno je napomenuti da je o predmetnom pitanju <a href=\"https:\/\/europa.eu\/european-union\/about-eu\/institutions-bodies\/court-justice_en\">Evropski sud pravde<\/a> odlu\u010dio 11. decembra 2018. godine, smatraju\u0107i da PSPP nije prekr\u0161io pomenutu zabranu finansiranja.<\/p>\r\n\r\n\r\n\r\n<p>Dve godine kasnije i suprotno odluci Evropskog suda pravde, Ustavni sud je, tuma\u010de\u0107i odredbe TFEU, doneo odluku da su <a href=\"https:\/\/www.bundesregierung.de\/breg-en\">Savezna Vlada<\/a> i <a href=\"https:\/\/www.bundestag.de\/en\">Bundestag<\/a> prekr\u0161ili prava podnosilaca ustavnih \u017ealbi garantovana \u010dlanom 38. u vezi sa \u010dlanovima 20. i \u010dlanom 79. Osnovnog zakona (<em>Grundgesetz<\/em>). U presudi je navedeno da su i Savezna Vlada i Bundestag propustili da utvrde da <a href=\"https:\/\/www.ecb.europa.eu\/home\/html\/index.en.html\">Evropska centralna banka<\/a> u svojim odlukama o usvajanju i sprovo\u0111enju PSPP-a, nisu ni procenili niti obrazlo\u017eili da predvi\u0111ene mere zadovoljavaju princip proporcionalnosti, te je izveden zaklju\u010dak da je odluka Evropskog suda pravde <em>ultra vires<\/em>.<\/p>\r\n\r\n\r\n\r\n<p>Dodatno, Ustavni sud je istakao da ga presuda Evropskog suda pravde ne obavezuje, te da je Evropski sud pravde sam sebi nametnuo ograni\u010denje i ograni\u010dio svoju sudsku kontrolu na to da li postoji &#8222;o\u010digledna&#8220; gre\u0161ka u proceni Evropske centralne banke, da li PSPP &#8222;o\u010digledno&#8220; prevazilazi ono \u0161to je neophodno za postizanje cilja, i da li su njeni nedostaci \u201eo\u010digledno\u201c nesrazmerni sa ciljevima koji se \u017eele posti\u0107i.<\/p>\r\n\r\n\r\n\r\n<p>Premijer Italije \u0110uzepe Konte u izjavi, 6. maja, naglasio je nezavisnost Evropske centralne banke, te da nijedan nacionalni sud, \u010dak ni ustavni sud, nije nadle\u017ean da tra\u017ei opravdanje za njeno postupanje.<\/p>\r\n\r\n\r\n\r\n<p>Iako nam ostaje da vidimo dalje implikacije ove, u najmanju ruku, iznena\u0111uju\u0107e odluke, bitno je ista\u0107i da ista ne\u0107e imati posledice na program pomo\u0107i privredi vredan 750 milijardi evra koji je Evropska centralna banka usvojila povodom pandemije koronavirusa.<\/p>\r\n\r\n\r\n\r\n<p>Autori: Suzana Don\u010di\u0107, Jelena Jovanovi\u0107 i \u017darko Popovi\u0107<\/p>\r\n","protected":false},"excerpt":{"rendered":"<p>Savezni ustavni sud Nema\u010dke (\u201eUstavni sud\u201c) je 5. maja 2020. godine doneo presudu kojom je usvojio nekoliko ustavnih \u017ealbi. Podnete ustavne \u017ealbe odnose se na Program nabavki u javnom sektoru (\u201cPSPP\u201d), u kojima se navodi da PSPP kr\u0161i zabranu monetarnog finansiranja iz \u010dlana 123. Ugovora o funkcionisanju Evropske Unije (\u201cTFEU\u201d) kao i princip prenosa koji je predvi\u0111en \u010dl. 5 st. 1. Ugovora o Evropskoj Uniji (\u201cTEU\u201d). Bitno je napomenuti da je o predmetnom pitanju Evropski sud pravde odlu\u010dio 11. decembra 2018. godine, smatraju\u0107i da PSPP nije prekr\u0161io pomenutu zabranu finansiranja. Dve godine kasnije i suprotno odluci Evropskog suda pravde, Ustavni [&hellip;]<\/p>\n","protected":false},"author":1,"featured_media":16831,"comment_status":"closed","ping_status":"open","sticky":false,"template":"","format":"standard","meta":{"om_disable_all_campaigns":false,"footnotes":""},"categories":[607,1534,1536,1201,1545,1549,1607],"tags":[469,1697,1696],"class_list":["post-16834","post","type-post","status-publish","format-standard","has-post-thumbnail","hentry","category-evropska-komisija","category-evropsko-pravo","category-pravo-eu-trgovina-prosirenje","category-pravo-evropske-unije","category-ustavnopravni-sporovi","category-zakonodavna-drzavna-pitanja","category-najnovije","tag-gecic-law-firm-serbia-sr","tag-evropska-centralna-banka","tag-ustavni-sud-nemacke"],"acf":[],"yoast_head":"<!-- This site is optimized with the Yoast SEO plugin v25.5 - https:\/\/yoast.com\/wordpress\/plugins\/seo\/ -->\n<title>Najnovija odluka Saveznog ustavnog suda Nema\u010dke \u2013 ozbiljan udar na odlu\u010divanje sudova u Evropskoj Uniji? | Geci\u0107 Law<\/title>\n<meta name=\"description\" content=\"Savezni ustavni sud Nema\u010dke (\u201eUstavni sud\u201c) je 5. maja 2020. godine doneo presudu kojom je usvojio nekoliko ustavnih \u017ealbi.\" \/>\n<meta name=\"robots\" content=\"index, follow, max-snippet:-1, max-image-preview:large, max-video-preview:-1\" \/>\n<link rel=\"canonical\" href=\"https:\/\/www.geciclaw.com\/sr\/najnovija-odluka-saveznog-ustavnog-suda-nemacke-ozbiljan-udar-na-odlucivanje-sudova-u-evropskoj-uniji\/\" \/>\n<meta property=\"og:locale\" content=\"sr_RS\" \/>\n<meta property=\"og:type\" content=\"article\" \/>\n<meta property=\"og:title\" content=\"Najnovija odluka Saveznog ustavnog suda Nema\u010dke \u2013 ozbiljan udar na odlu\u010divanje sudova u Evropskoj Uniji? | Geci\u0107 Law\" \/>\n<meta property=\"og:description\" content=\"Savezni ustavni sud Nema\u010dke (\u201eUstavni sud\u201c) je 5. maja 2020. godine doneo presudu kojom je usvojio nekoliko ustavnih \u017ealbi.\" \/>\n<meta property=\"og:url\" content=\"https:\/\/www.geciclaw.com\/sr\/najnovija-odluka-saveznog-ustavnog-suda-nemacke-ozbiljan-udar-na-odlucivanje-sudova-u-evropskoj-uniji\/\" \/>\n<meta property=\"og:site_name\" content=\"Geci\u0107 Law\" \/>\n<meta property=\"article:published_time\" content=\"2020-05-08T08:51:04+00:00\" \/>\n<meta property=\"article:modified_time\" content=\"2021-05-31T11:42:17+00:00\" \/>\n<meta property=\"og:image\" content=\"https:\/\/www.geciclaw.com\/wp-content\/uploads\/2020\/05\/nemacki-sud.jpg\" \/>\n\t<meta property=\"og:image:width\" content=\"770\" \/>\n\t<meta property=\"og:image:height\" content=\"421\" \/>\n\t<meta property=\"og:image:type\" content=\"image\/jpeg\" \/>\n<meta name=\"author\" content=\"stefan\" \/>\n<meta name=\"twitter:card\" content=\"summary_large_image\" \/>\n<meta name=\"twitter:label1\" content=\"Napisano od\" \/>\n\t<meta name=\"twitter:data1\" content=\"stefan\" \/>\n\t<meta name=\"twitter:label2\" content=\"Procenjeno vreme \u010ditanja\" \/>\n\t<meta name=\"twitter:data2\" content=\"2 minuta\" \/>\n<script type=\"application\/ld+json\" class=\"yoast-schema-graph\">{\"@context\":\"https:\/\/schema.org\",\"@graph\":[{\"@type\":\"Article\",\"@id\":\"https:\/\/www.geciclaw.com\/sr\/najnovija-odluka-saveznog-ustavnog-suda-nemacke-ozbiljan-udar-na-odlucivanje-sudova-u-evropskoj-uniji\/#article\",\"isPartOf\":{\"@id\":\"https:\/\/www.geciclaw.com\/sr\/najnovija-odluka-saveznog-ustavnog-suda-nemacke-ozbiljan-udar-na-odlucivanje-sudova-u-evropskoj-uniji\/\"},\"author\":{\"name\":\"stefan\",\"@id\":\"https:\/\/www.geciclaw.com\/#\/schema\/person\/6da1a36ae431e659988e851fe3a9cf83\"},\"headline\":\"Najnovija odluka Saveznog ustavnog suda Nema\u010dke \u2013 ozbiljan udar na odlu\u010divanje sudova u Evropskoj Uniji?\",\"datePublished\":\"2020-05-08T08:51:04+00:00\",\"dateModified\":\"2021-05-31T11:42:17+00:00\",\"mainEntityOfPage\":{\"@id\":\"https:\/\/www.geciclaw.com\/sr\/najnovija-odluka-saveznog-ustavnog-suda-nemacke-ozbiljan-udar-na-odlucivanje-sudova-u-evropskoj-uniji\/\"},\"wordCount\":356,\"publisher\":{\"@id\":\"https:\/\/www.geciclaw.com\/#organization\"},\"image\":{\"@id\":\"https:\/\/www.geciclaw.com\/sr\/najnovija-odluka-saveznog-ustavnog-suda-nemacke-ozbiljan-udar-na-odlucivanje-sudova-u-evropskoj-uniji\/#primaryimage\"},\"thumbnailUrl\":\"https:\/\/www.geciclaw.com\/wp-content\/uploads\/2020\/05\/nemacki-sud.jpg\",\"keywords\":[\"Advokatska kancelarija Geci\u0107 Law\",\"Evropska centralna banka\",\"Ustavni sud Nema\u010dke\"],\"articleSection\":[\"Evropska komisija\",\"Evropsko pravo\",\"Pravo EU, trgovina i pro\u0161irenje\",\"Pravo Evropske unije\",\"Ustavnopravni sporovi\",\"Zakonodavna i dr\u017eavna pitanja\",\"Najnovije\"],\"inLanguage\":\"sr-RS\"},{\"@type\":\"WebPage\",\"@id\":\"https:\/\/www.geciclaw.com\/sr\/najnovija-odluka-saveznog-ustavnog-suda-nemacke-ozbiljan-udar-na-odlucivanje-sudova-u-evropskoj-uniji\/\",\"url\":\"https:\/\/www.geciclaw.com\/sr\/najnovija-odluka-saveznog-ustavnog-suda-nemacke-ozbiljan-udar-na-odlucivanje-sudova-u-evropskoj-uniji\/\",\"name\":\"Najnovija odluka Saveznog ustavnog suda Nema\u010dke \u2013 ozbiljan udar na odlu\u010divanje sudova u Evropskoj Uniji? | Geci\u0107 Law\",\"isPartOf\":{\"@id\":\"https:\/\/www.geciclaw.com\/#website\"},\"primaryImageOfPage\":{\"@id\":\"https:\/\/www.geciclaw.com\/sr\/najnovija-odluka-saveznog-ustavnog-suda-nemacke-ozbiljan-udar-na-odlucivanje-sudova-u-evropskoj-uniji\/#primaryimage\"},\"image\":{\"@id\":\"https:\/\/www.geciclaw.com\/sr\/najnovija-odluka-saveznog-ustavnog-suda-nemacke-ozbiljan-udar-na-odlucivanje-sudova-u-evropskoj-uniji\/#primaryimage\"},\"thumbnailUrl\":\"https:\/\/www.geciclaw.com\/wp-content\/uploads\/2020\/05\/nemacki-sud.jpg\",\"datePublished\":\"2020-05-08T08:51:04+00:00\",\"dateModified\":\"2021-05-31T11:42:17+00:00\",\"description\":\"Savezni ustavni sud Nema\u010dke (\u201eUstavni sud\u201c) je 5. maja 2020. godine doneo presudu kojom je usvojio nekoliko ustavnih \u017ealbi.\",\"breadcrumb\":{\"@id\":\"https:\/\/www.geciclaw.com\/sr\/najnovija-odluka-saveznog-ustavnog-suda-nemacke-ozbiljan-udar-na-odlucivanje-sudova-u-evropskoj-uniji\/#breadcrumb\"},\"inLanguage\":\"sr-RS\",\"potentialAction\":[{\"@type\":\"ReadAction\",\"target\":[\"https:\/\/www.geciclaw.com\/sr\/najnovija-odluka-saveznog-ustavnog-suda-nemacke-ozbiljan-udar-na-odlucivanje-sudova-u-evropskoj-uniji\/\"]}]},{\"@type\":\"ImageObject\",\"inLanguage\":\"sr-RS\",\"@id\":\"https:\/\/www.geciclaw.com\/sr\/najnovija-odluka-saveznog-ustavnog-suda-nemacke-ozbiljan-udar-na-odlucivanje-sudova-u-evropskoj-uniji\/#primaryimage\",\"url\":\"https:\/\/www.geciclaw.com\/wp-content\/uploads\/2020\/05\/nemacki-sud.jpg\",\"contentUrl\":\"https:\/\/www.geciclaw.com\/wp-content\/uploads\/2020\/05\/nemacki-sud.jpg\",\"width\":770,\"height\":421,\"caption\":\"18.12.1989 Bundesverfassungsgericht Karlsruhe II. Senat in alter Zusammensetzung (bis 1.12.1989) v.li. Dr. Everhardt Fran\u00dfen, Konrad Kruis, Prof. Dr.Dr. Ernst Wolfgang B\u00f6ckenf\u00f6rde, Vizepr\u00e4sident Dr. Ernst Gottfried Mahrenholz, Ernst Tr\u00e4ger, Prof. Dr. Hans Hugo Klein, Dr. Karin Gra\u00dfhof, Dr. Paul Kirchhof\"},{\"@type\":\"BreadcrumbList\",\"@id\":\"https:\/\/www.geciclaw.com\/sr\/najnovija-odluka-saveznog-ustavnog-suda-nemacke-ozbiljan-udar-na-odlucivanje-sudova-u-evropskoj-uniji\/#breadcrumb\",\"itemListElement\":[{\"@type\":\"ListItem\",\"position\":1,\"name\":\"Home\",\"item\":\"https:\/\/www.geciclaw.com\/sr\/\"},{\"@type\":\"ListItem\",\"position\":2,\"name\":\"Najnovija odluka Saveznog ustavnog suda Nema\u010dke \u2013 ozbiljan udar na odlu\u010divanje sudova u Evropskoj Uniji?\"}]},{\"@type\":\"WebSite\",\"@id\":\"https:\/\/www.geciclaw.com\/#website\",\"url\":\"https:\/\/www.geciclaw.com\/\",\"name\":\"Geci\u0107 Law\",\"description\":\"Advokatska kancelarija\",\"publisher\":{\"@id\":\"https:\/\/www.geciclaw.com\/#organization\"},\"potentialAction\":[{\"@type\":\"SearchAction\",\"target\":{\"@type\":\"EntryPoint\",\"urlTemplate\":\"https:\/\/www.geciclaw.com\/?s={search_term_string}\"},\"query-input\":{\"@type\":\"PropertyValueSpecification\",\"valueRequired\":true,\"valueName\":\"search_term_string\"}}],\"inLanguage\":\"sr-RS\"},{\"@type\":\"Organization\",\"@id\":\"https:\/\/www.geciclaw.com\/#organization\",\"name\":\"Geci\u0107 Law\",\"url\":\"https:\/\/www.geciclaw.com\/\",\"logo\":{\"@type\":\"ImageObject\",\"inLanguage\":\"sr-RS\",\"@id\":\"https:\/\/www.geciclaw.com\/#\/schema\/logo\/image\/\",\"url\":\"https:\/\/geciclaw.com\/wp-content\/uploads\/2021\/10\/1.png\",\"contentUrl\":\"https:\/\/geciclaw.com\/wp-content\/uploads\/2021\/10\/1.png\",\"width\":1000,\"height\":409,\"caption\":\"Geci\u0107 Law\"},\"image\":{\"@id\":\"https:\/\/www.geciclaw.com\/#\/schema\/logo\/image\/\"}},{\"@type\":\"Person\",\"@id\":\"https:\/\/www.geciclaw.com\/#\/schema\/person\/6da1a36ae431e659988e851fe3a9cf83\",\"name\":\"stefan\",\"image\":{\"@type\":\"ImageObject\",\"inLanguage\":\"sr-RS\",\"@id\":\"https:\/\/www.geciclaw.com\/#\/schema\/person\/image\/\",\"url\":\"https:\/\/secure.gravatar.com\/avatar\/59099af461191b217c7b825d928bcba2b02d1b3c89de8338854bc40abd2b30c9?s=96&d=mm&r=g\",\"contentUrl\":\"https:\/\/secure.gravatar.com\/avatar\/59099af461191b217c7b825d928bcba2b02d1b3c89de8338854bc40abd2b30c9?s=96&d=mm&r=g\",\"caption\":\"stefan\"},\"url\":\"https:\/\/www.geciclaw.com\/sr\/author\/stefan\/\"}]}<\/script>\n<!-- \/ Yoast SEO plugin. -->","yoast_head_json":{"title":"Najnovija odluka Saveznog ustavnog suda Nema\u010dke \u2013 ozbiljan udar na odlu\u010divanje sudova u Evropskoj Uniji? | Geci\u0107 Law","description":"Savezni ustavni sud Nema\u010dke (\u201eUstavni sud\u201c) je 5. maja 2020. godine doneo presudu kojom je usvojio nekoliko ustavnih \u017ealbi.","robots":{"index":"index","follow":"follow","max-snippet":"max-snippet:-1","max-image-preview":"max-image-preview:large","max-video-preview":"max-video-preview:-1"},"canonical":"https:\/\/www.geciclaw.com\/sr\/najnovija-odluka-saveznog-ustavnog-suda-nemacke-ozbiljan-udar-na-odlucivanje-sudova-u-evropskoj-uniji\/","og_locale":"sr_RS","og_type":"article","og_title":"Najnovija odluka Saveznog ustavnog suda Nema\u010dke \u2013 ozbiljan udar na odlu\u010divanje sudova u Evropskoj Uniji? | Geci\u0107 Law","og_description":"Savezni ustavni sud Nema\u010dke (\u201eUstavni sud\u201c) je 5. maja 2020. godine doneo presudu kojom je usvojio nekoliko ustavnih \u017ealbi.","og_url":"https:\/\/www.geciclaw.com\/sr\/najnovija-odluka-saveznog-ustavnog-suda-nemacke-ozbiljan-udar-na-odlucivanje-sudova-u-evropskoj-uniji\/","og_site_name":"Geci\u0107 Law","article_published_time":"2020-05-08T08:51:04+00:00","article_modified_time":"2021-05-31T11:42:17+00:00","og_image":[{"width":770,"height":421,"url":"https:\/\/www.geciclaw.com\/wp-content\/uploads\/2020\/05\/nemacki-sud.jpg","type":"image\/jpeg"}],"author":"stefan","twitter_card":"summary_large_image","twitter_misc":{"Napisano od":"stefan","Procenjeno vreme \u010ditanja":"2 minuta"},"schema":{"@context":"https:\/\/schema.org","@graph":[{"@type":"Article","@id":"https:\/\/www.geciclaw.com\/sr\/najnovija-odluka-saveznog-ustavnog-suda-nemacke-ozbiljan-udar-na-odlucivanje-sudova-u-evropskoj-uniji\/#article","isPartOf":{"@id":"https:\/\/www.geciclaw.com\/sr\/najnovija-odluka-saveznog-ustavnog-suda-nemacke-ozbiljan-udar-na-odlucivanje-sudova-u-evropskoj-uniji\/"},"author":{"name":"stefan","@id":"https:\/\/www.geciclaw.com\/#\/schema\/person\/6da1a36ae431e659988e851fe3a9cf83"},"headline":"Najnovija odluka Saveznog ustavnog suda Nema\u010dke \u2013 ozbiljan udar na odlu\u010divanje sudova u Evropskoj Uniji?","datePublished":"2020-05-08T08:51:04+00:00","dateModified":"2021-05-31T11:42:17+00:00","mainEntityOfPage":{"@id":"https:\/\/www.geciclaw.com\/sr\/najnovija-odluka-saveznog-ustavnog-suda-nemacke-ozbiljan-udar-na-odlucivanje-sudova-u-evropskoj-uniji\/"},"wordCount":356,"publisher":{"@id":"https:\/\/www.geciclaw.com\/#organization"},"image":{"@id":"https:\/\/www.geciclaw.com\/sr\/najnovija-odluka-saveznog-ustavnog-suda-nemacke-ozbiljan-udar-na-odlucivanje-sudova-u-evropskoj-uniji\/#primaryimage"},"thumbnailUrl":"https:\/\/www.geciclaw.com\/wp-content\/uploads\/2020\/05\/nemacki-sud.jpg","keywords":["Advokatska kancelarija Geci\u0107 Law","Evropska centralna banka","Ustavni sud Nema\u010dke"],"articleSection":["Evropska komisija","Evropsko pravo","Pravo EU, trgovina i pro\u0161irenje","Pravo Evropske unije","Ustavnopravni sporovi","Zakonodavna i dr\u017eavna pitanja","Najnovije"],"inLanguage":"sr-RS"},{"@type":"WebPage","@id":"https:\/\/www.geciclaw.com\/sr\/najnovija-odluka-saveznog-ustavnog-suda-nemacke-ozbiljan-udar-na-odlucivanje-sudova-u-evropskoj-uniji\/","url":"https:\/\/www.geciclaw.com\/sr\/najnovija-odluka-saveznog-ustavnog-suda-nemacke-ozbiljan-udar-na-odlucivanje-sudova-u-evropskoj-uniji\/","name":"Najnovija odluka Saveznog ustavnog suda Nema\u010dke \u2013 ozbiljan udar na odlu\u010divanje sudova u Evropskoj Uniji? | Geci\u0107 Law","isPartOf":{"@id":"https:\/\/www.geciclaw.com\/#website"},"primaryImageOfPage":{"@id":"https:\/\/www.geciclaw.com\/sr\/najnovija-odluka-saveznog-ustavnog-suda-nemacke-ozbiljan-udar-na-odlucivanje-sudova-u-evropskoj-uniji\/#primaryimage"},"image":{"@id":"https:\/\/www.geciclaw.com\/sr\/najnovija-odluka-saveznog-ustavnog-suda-nemacke-ozbiljan-udar-na-odlucivanje-sudova-u-evropskoj-uniji\/#primaryimage"},"thumbnailUrl":"https:\/\/www.geciclaw.com\/wp-content\/uploads\/2020\/05\/nemacki-sud.jpg","datePublished":"2020-05-08T08:51:04+00:00","dateModified":"2021-05-31T11:42:17+00:00","description":"Savezni ustavni sud Nema\u010dke (\u201eUstavni sud\u201c) je 5. maja 2020. godine doneo presudu kojom je usvojio nekoliko ustavnih \u017ealbi.","breadcrumb":{"@id":"https:\/\/www.geciclaw.com\/sr\/najnovija-odluka-saveznog-ustavnog-suda-nemacke-ozbiljan-udar-na-odlucivanje-sudova-u-evropskoj-uniji\/#breadcrumb"},"inLanguage":"sr-RS","potentialAction":[{"@type":"ReadAction","target":["https:\/\/www.geciclaw.com\/sr\/najnovija-odluka-saveznog-ustavnog-suda-nemacke-ozbiljan-udar-na-odlucivanje-sudova-u-evropskoj-uniji\/"]}]},{"@type":"ImageObject","inLanguage":"sr-RS","@id":"https:\/\/www.geciclaw.com\/sr\/najnovija-odluka-saveznog-ustavnog-suda-nemacke-ozbiljan-udar-na-odlucivanje-sudova-u-evropskoj-uniji\/#primaryimage","url":"https:\/\/www.geciclaw.com\/wp-content\/uploads\/2020\/05\/nemacki-sud.jpg","contentUrl":"https:\/\/www.geciclaw.com\/wp-content\/uploads\/2020\/05\/nemacki-sud.jpg","width":770,"height":421,"caption":"18.12.1989 Bundesverfassungsgericht Karlsruhe II. Senat in alter Zusammensetzung (bis 1.12.1989) v.li. Dr. Everhardt Fran\u00dfen, Konrad Kruis, Prof. Dr.Dr. Ernst Wolfgang B\u00f6ckenf\u00f6rde, Vizepr\u00e4sident Dr. Ernst Gottfried Mahrenholz, Ernst Tr\u00e4ger, Prof. Dr. Hans Hugo Klein, Dr. Karin Gra\u00dfhof, Dr. Paul Kirchhof"},{"@type":"BreadcrumbList","@id":"https:\/\/www.geciclaw.com\/sr\/najnovija-odluka-saveznog-ustavnog-suda-nemacke-ozbiljan-udar-na-odlucivanje-sudova-u-evropskoj-uniji\/#breadcrumb","itemListElement":[{"@type":"ListItem","position":1,"name":"Home","item":"https:\/\/www.geciclaw.com\/sr\/"},{"@type":"ListItem","position":2,"name":"Najnovija odluka Saveznog ustavnog suda Nema\u010dke \u2013 ozbiljan udar na odlu\u010divanje sudova u Evropskoj Uniji?"}]},{"@type":"WebSite","@id":"https:\/\/www.geciclaw.com\/#website","url":"https:\/\/www.geciclaw.com\/","name":"Geci\u0107 Law","description":"Advokatska kancelarija","publisher":{"@id":"https:\/\/www.geciclaw.com\/#organization"},"potentialAction":[{"@type":"SearchAction","target":{"@type":"EntryPoint","urlTemplate":"https:\/\/www.geciclaw.com\/?s={search_term_string}"},"query-input":{"@type":"PropertyValueSpecification","valueRequired":true,"valueName":"search_term_string"}}],"inLanguage":"sr-RS"},{"@type":"Organization","@id":"https:\/\/www.geciclaw.com\/#organization","name":"Geci\u0107 Law","url":"https:\/\/www.geciclaw.com\/","logo":{"@type":"ImageObject","inLanguage":"sr-RS","@id":"https:\/\/www.geciclaw.com\/#\/schema\/logo\/image\/","url":"https:\/\/geciclaw.com\/wp-content\/uploads\/2021\/10\/1.png","contentUrl":"https:\/\/geciclaw.com\/wp-content\/uploads\/2021\/10\/1.png","width":1000,"height":409,"caption":"Geci\u0107 Law"},"image":{"@id":"https:\/\/www.geciclaw.com\/#\/schema\/logo\/image\/"}},{"@type":"Person","@id":"https:\/\/www.geciclaw.com\/#\/schema\/person\/6da1a36ae431e659988e851fe3a9cf83","name":"stefan","image":{"@type":"ImageObject","inLanguage":"sr-RS","@id":"https:\/\/www.geciclaw.com\/#\/schema\/person\/image\/","url":"https:\/\/secure.gravatar.com\/avatar\/59099af461191b217c7b825d928bcba2b02d1b3c89de8338854bc40abd2b30c9?s=96&d=mm&r=g","contentUrl":"https:\/\/secure.gravatar.com\/avatar\/59099af461191b217c7b825d928bcba2b02d1b3c89de8338854bc40abd2b30c9?s=96&d=mm&r=g","caption":"stefan"},"url":"https:\/\/www.geciclaw.com\/sr\/author\/stefan\/"}]}},"_links":{"self":[{"href":"https:\/\/www.geciclaw.com\/sr\/wp-json\/wp\/v2\/posts\/16834","targetHints":{"allow":["GET"]}}],"collection":[{"href":"https:\/\/www.geciclaw.com\/sr\/wp-json\/wp\/v2\/posts"}],"about":[{"href":"https:\/\/www.geciclaw.com\/sr\/wp-json\/wp\/v2\/types\/post"}],"author":[{"embeddable":true,"href":"https:\/\/www.geciclaw.com\/sr\/wp-json\/wp\/v2\/users\/1"}],"replies":[{"embeddable":true,"href":"https:\/\/www.geciclaw.com\/sr\/wp-json\/wp\/v2\/comments?post=16834"}],"version-history":[{"count":2,"href":"https:\/\/www.geciclaw.com\/sr\/wp-json\/wp\/v2\/posts\/16834\/revisions"}],"predecessor-version":[{"id":16836,"href":"https:\/\/www.geciclaw.com\/sr\/wp-json\/wp\/v2\/posts\/16834\/revisions\/16836"}],"wp:featuredmedia":[{"embeddable":true,"href":"https:\/\/www.geciclaw.com\/sr\/wp-json\/wp\/v2\/media\/16831"}],"wp:attachment":[{"href":"https:\/\/www.geciclaw.com\/sr\/wp-json\/wp\/v2\/media?parent=16834"}],"wp:term":[{"taxonomy":"category","embeddable":true,"href":"https:\/\/www.geciclaw.com\/sr\/wp-json\/wp\/v2\/categories?post=16834"},{"taxonomy":"post_tag","embeddable":true,"href":"https:\/\/www.geciclaw.com\/sr\/wp-json\/wp\/v2\/tags?post=16834"}],"curies":[{"name":"wp","href":"https:\/\/api.w.org\/{rel}","templated":true}]}}