{"id":16960,"date":"2020-07-16T12:39:47","date_gmt":"2020-07-16T10:39:47","guid":{"rendered":"https:\/\/www.geciclaw.com\/commission-suffers-major-blow-in-apple-state-aid-case\/"},"modified":"2021-05-31T12:49:50","modified_gmt":"2021-05-31T10:49:50","slug":"apple-zadao-udarac-komisiji","status":"publish","type":"post","link":"https:\/\/www.geciclaw.com\/sr\/apple-zadao-udarac-komisiji\/","title":{"rendered":"Apple zadao udarac Komisiji?"},"content":{"rendered":"\r\n<p>Op\u0161ti sud Evropske unije (\u201e<strong>Sud<\/strong>\u201c) priveo je kraju epski sudski spor vo\u0111en izme\u0111u Apple Ireland i EU, odnosno Evropske komisije (\u201e<strong>Komisija<\/strong>\u201c) u vezi potencijalne dr\u017eavne pomo\u0107i, koji je postao poznat kao <em>\u201eApple Tax case\u201c<\/em>.<\/p>\r\n\r\n\r\n\r\n<p><a href=\"https:\/\/eur-lex.europa.eu\/legal-content\/EN\/TXT\/HTML\/?uri=CELEX:62016TJ0778&amp;qid=1594812879594&amp;from=EN\">Sud je 15. jula 2020. godine poni\u0161tio odluku<\/a> Komisije jer Komisija nije uspela da doka\u017ee da je Apple prekr\u0161io pravila konkurencije. Nakon detaljne istrage koju je <a href=\"http:\/\/europa.eu\/rapid\/press-release_IP-14-663_en.htm\">pokrenula u junu 2014. godine<\/a>, Komisija je zatra\u017eila informacije o svim irskim odlukama koje su bile u korist dru\u0161tava Apple Group: Apple Operations International (AOI), Apple Sales International (ASI) i Apple Operations Europe (AOE). Komisija je zaklju\u010dila da su odobrene poreske olak\u0161ice koje je re\u0161enjima odobrila Irska, u velikoj meri i na ve\u0161ta\u010dki na\u010din umanjile iznos poreza koje je Apple pla\u0107ao u Irskoj od 1991. godine. U svojoj <a href=\"https:\/\/ec.europa.eu\/competition\/state_aid\/cases\/253200\/253200_1851004_674_2.pdf\">odluci iz 2016. godine<\/a>, Komisija je tvrdila da je Apple ubirao korist u vidu nezakonite dr\u017eavne pomo\u0107i uz pomo\u0107 navedenih re\u0161enja, te je na zakonit na\u010din minimizirao svoju poresku obavezu vi\u0161e od dve decenije \u2013 pla\u0107aju\u0107i porez na dobit po efektivnoj stopi poreza od samo 0,005% u 2014. godini. Komisija je ovo posmatrala kao nezakonitu dr\u017eavnu pomo\u0107 koju je Apple-u data od strane Irske. Me\u0111utim, irska vlada je pak tvrdila da Apple ne treba da vrati pla\u0107ene poreze, smatraju\u0107i da je gubitak tog iznosa mala cena koju treba platiti kako bi se Irska u\u010dinila atraktivnim sedi\u0161tem za druge velike kompanije. Irska, koja je jedna od dr\u017eava sa najni\u017eom stopom poreza na dobit u EU, je osnovna baza Apple-a za Evropu, Srednji Istok i Afriku. Ukratko, Komisija je naglasila da, iako dr\u017eave \u010dlanice u\u017eivaju fiskalni suverenitet, svaka odobrena poreska mera mora da bude u skladu sa pravilima EU o dr\u017eavnoj pomo\u0107i.<\/p>\r\n\r\n\r\n\r\n<p>Sud se slo\u017eio sa stavom irske vlade da ne postoji dovoljno dokaza da Apple ima preferencijalni tretman. Neke naprednije vlade mo\u017eda ipak mogu dozvoliti da najbogatija kompanija na svetu izbegne pla\u0107anje milijardi evra poreza pod jednim uslovom \u2013 da su takve poreske olak\u0161ice zakonite. U ovom slu\u010daju, Sud je utvrdio da, budu\u0107i da Komisija nije dokazala da je ispunjen zakonski uslov da postoji selektivna poreska olak\u0161ica, pobijana odluka mora biti poni\u0161tena u celosti, bez prethodnog ispitivanja ostalih prigovora koje su podneli Irska, ASI i AOE, a Sud je upravo to i uradio.<\/p>\r\n\r\n\r\n\r\n<p>Odluka Suda predstavlja udarac za EU \u200b\u200bkoja \u017eeli da raskrinka sve postoje\u0107e situacije izbegavanja poreza. U <a href=\"https:\/\/ec.europa.eu\/commission\/presscorner\/detail\/en\/statement_20_1356\">izjavi datoj 15. jula 2020. godine<\/a> u vezi sa odlukom u sad ve\u0107 notornom <em>\u201eApple Tax case\u201c<\/em>, predstavnica Komisije, izvr\u0161na potpredsednica Margaret Vestager istakla je da <em>\u201cKomisija u potpunosti stoji iz toga da sve kompanije moraju po\u0161teno platiti celokupan iznos poreske obaveze. Ukoliko dr\u017eave \u010dlanice nekim multinacionalnim kompanijama daju odre\u0111ene poreske olak\u0161ice koje nisu dostupne njihovim konkurentima, takva praksa preti da naru\u0161i fer konkurenciju u EU<\/em><em>. <\/em><em>Tako\u0111e, na ovaj na\u010din se dr\u017eavnom bud\u017eetu i gra\u0111anima uskra\u0107uju sredstva za ulaganja koja su preko potrebna, pogotovo u vreme krize\u201d.<\/em><\/p>\r\n\r\n\r\n\r\n<p>Komisija ima pravo na \u017ealbu na ovu odluku Suda i to najvi\u0161em evropskom sudu, Evropskom sudu pravde, te budu\u0107i da je potpredsednica izjavila da \u0107e \u201e<em>Pa\u017eljivo prou\u010diti presudu i razmotriti slede\u0107e korake<\/em>\u201c, mi nestrpljivo o\u010dekujemo ishod, a ako i vas zanima \u0161ta \u0107e slede\u0107e da se desi, idite u korak sa nama.<\/p>\r\n\r\n\r\n\r\n<p>\u00a0Autori: Na\u0111a Kosi\u0107 i Jovana Trivunovi\u0107<\/p>\r\n\r\n\r\n\r\n<p>&nbsp;<\/p>\r\n\r\n\r\n\r\n<p>&nbsp;<\/p>\r\n\r\n\r\n\r\n<p>&nbsp;<\/p>\r\n","protected":false},"excerpt":{"rendered":"<p>Op\u0161ti sud Evropske unije (\u201eSud\u201c) priveo je kraju epski sudski spor vo\u0111en izme\u0111u Apple Ireland i EU, odnosno Evropske komisije (\u201eKomisija\u201c) u vezi potencijalne dr\u017eavne pomo\u0107i, koji je postao poznat kao \u201eApple Tax case\u201c. Sud je 15. jula 2020. godine poni\u0161tio odluku Komisije jer Komisija nije uspela da doka\u017ee da je Apple prekr\u0161io pravila konkurencije. Nakon detaljne istrage koju je pokrenula u junu 2014. godine, Komisija je zatra\u017eila informacije o svim irskim odlukama koje su bile u korist dru\u0161tava Apple Group: Apple Operations International (AOI), Apple Sales International (ASI) i Apple Operations Europe (AOE). Komisija je zaklju\u010dila da su odobrene [&hellip;]<\/p>\n","protected":false},"author":1,"featured_media":16951,"comment_status":"closed","ping_status":"open","sticky":false,"template":"","format":"standard","meta":{"om_disable_all_campaigns":false,"footnotes":""},"categories":[1536,603,1607],"tags":[469,737,691,1633,633],"class_list":["post-16960","post","type-post","status-publish","format-standard","has-post-thumbnail","hentry","category-pravo-eu-trgovina-prosirenje","category-zastita-konkurencije-drzavna-pomoc","category-najnovije","tag-gecic-law-firm-serbia-sr","tag-state-aid-sr","tag-competition-sr","tag-pravo-eu","tag-competition-law-sr"],"acf":[],"yoast_head":"<!-- This site is optimized with the Yoast SEO plugin v25.5 - https:\/\/yoast.com\/wordpress\/plugins\/seo\/ -->\n<title>Apple zadao udarac Komisiji? | Geci\u0107 Law<\/title>\n<meta name=\"description\" content=\"Op\u0161ti sud Evropske unije (\u201eSud\u201c) priveo je kraju epski sudski spor vo\u0111en izme\u0111u Apple Ireland i EU, odnosno Evropske komisije...\" \/>\n<meta name=\"robots\" content=\"index, follow, max-snippet:-1, max-image-preview:large, max-video-preview:-1\" \/>\n<link rel=\"canonical\" href=\"https:\/\/www.geciclaw.com\/sr\/apple-zadao-udarac-komisiji\/\" \/>\n<meta property=\"og:locale\" content=\"sr_RS\" \/>\n<meta property=\"og:type\" content=\"article\" \/>\n<meta property=\"og:title\" content=\"Apple zadao udarac Komisiji? | Geci\u0107 Law\" \/>\n<meta property=\"og:description\" content=\"Op\u0161ti sud Evropske unije (\u201eSud\u201c) priveo je kraju epski sudski spor vo\u0111en izme\u0111u Apple Ireland i EU, odnosno Evropske komisije...\" \/>\n<meta property=\"og:url\" content=\"https:\/\/www.geciclaw.com\/sr\/apple-zadao-udarac-komisiji\/\" \/>\n<meta property=\"og:site_name\" content=\"Geci\u0107 Law\" \/>\n<meta property=\"article:published_time\" content=\"2020-07-16T10:39:47+00:00\" \/>\n<meta property=\"article:modified_time\" content=\"2021-05-31T10:49:50+00:00\" \/>\n<meta property=\"og:image\" content=\"https:\/\/www.geciclaw.com\/wp-content\/uploads\/2020\/07\/13973196125_b4b9a89c70_b.jpg\" \/>\n\t<meta property=\"og:image:width\" content=\"770\" \/>\n\t<meta property=\"og:image:height\" content=\"421\" \/>\n\t<meta property=\"og:image:type\" content=\"image\/jpeg\" \/>\n<meta name=\"author\" content=\"stefan\" \/>\n<meta name=\"twitter:card\" content=\"summary_large_image\" \/>\n<meta name=\"twitter:label1\" content=\"Napisano od\" \/>\n\t<meta name=\"twitter:data1\" content=\"stefan\" \/>\n\t<meta name=\"twitter:label2\" content=\"Procenjeno vreme \u010ditanja\" \/>\n\t<meta name=\"twitter:data2\" content=\"3 minuta\" \/>\n<script type=\"application\/ld+json\" class=\"yoast-schema-graph\">{\"@context\":\"https:\/\/schema.org\",\"@graph\":[{\"@type\":\"Article\",\"@id\":\"https:\/\/www.geciclaw.com\/sr\/apple-zadao-udarac-komisiji\/#article\",\"isPartOf\":{\"@id\":\"https:\/\/www.geciclaw.com\/sr\/apple-zadao-udarac-komisiji\/\"},\"author\":{\"name\":\"stefan\",\"@id\":\"https:\/\/www.geciclaw.com\/#\/schema\/person\/6da1a36ae431e659988e851fe3a9cf83\"},\"headline\":\"Apple zadao udarac Komisiji?\",\"datePublished\":\"2020-07-16T10:39:47+00:00\",\"dateModified\":\"2021-05-31T10:49:50+00:00\",\"mainEntityOfPage\":{\"@id\":\"https:\/\/www.geciclaw.com\/sr\/apple-zadao-udarac-komisiji\/\"},\"wordCount\":592,\"publisher\":{\"@id\":\"https:\/\/www.geciclaw.com\/#organization\"},\"image\":{\"@id\":\"https:\/\/www.geciclaw.com\/sr\/apple-zadao-udarac-komisiji\/#primaryimage\"},\"thumbnailUrl\":\"https:\/\/www.geciclaw.com\/wp-content\/uploads\/2020\/07\/13973196125_b4b9a89c70_b.jpg\",\"keywords\":[\"Advokatska kancelarija Geci\u0107 Law\",\"Dr\u017eavna pomo\u0107\",\"Konkurencija\",\"Pravo EU\",\"Pravo konkurencije\"],\"articleSection\":[\"Pravo EU, trgovina i pro\u0161irenje\",\"Za\u0161tita konkurencije \/ Dr\u017eavna pomo\u0107\",\"Najnovije\"],\"inLanguage\":\"sr-RS\"},{\"@type\":\"WebPage\",\"@id\":\"https:\/\/www.geciclaw.com\/sr\/apple-zadao-udarac-komisiji\/\",\"url\":\"https:\/\/www.geciclaw.com\/sr\/apple-zadao-udarac-komisiji\/\",\"name\":\"Apple zadao udarac Komisiji? | Geci\u0107 Law\",\"isPartOf\":{\"@id\":\"https:\/\/www.geciclaw.com\/#website\"},\"primaryImageOfPage\":{\"@id\":\"https:\/\/www.geciclaw.com\/sr\/apple-zadao-udarac-komisiji\/#primaryimage\"},\"image\":{\"@id\":\"https:\/\/www.geciclaw.com\/sr\/apple-zadao-udarac-komisiji\/#primaryimage\"},\"thumbnailUrl\":\"https:\/\/www.geciclaw.com\/wp-content\/uploads\/2020\/07\/13973196125_b4b9a89c70_b.jpg\",\"datePublished\":\"2020-07-16T10:39:47+00:00\",\"dateModified\":\"2021-05-31T10:49:50+00:00\",\"description\":\"Op\u0161ti sud Evropske unije (\u201eSud\u201c) priveo je kraju epski sudski spor vo\u0111en izme\u0111u Apple Ireland i EU, odnosno Evropske komisije...\",\"breadcrumb\":{\"@id\":\"https:\/\/www.geciclaw.com\/sr\/apple-zadao-udarac-komisiji\/#breadcrumb\"},\"inLanguage\":\"sr-RS\",\"potentialAction\":[{\"@type\":\"ReadAction\",\"target\":[\"https:\/\/www.geciclaw.com\/sr\/apple-zadao-udarac-komisiji\/\"]}]},{\"@type\":\"ImageObject\",\"inLanguage\":\"sr-RS\",\"@id\":\"https:\/\/www.geciclaw.com\/sr\/apple-zadao-udarac-komisiji\/#primaryimage\",\"url\":\"https:\/\/www.geciclaw.com\/wp-content\/uploads\/2020\/07\/13973196125_b4b9a89c70_b.jpg\",\"contentUrl\":\"https:\/\/www.geciclaw.com\/wp-content\/uploads\/2020\/07\/13973196125_b4b9a89c70_b.jpg\",\"width\":770,\"height\":421},{\"@type\":\"BreadcrumbList\",\"@id\":\"https:\/\/www.geciclaw.com\/sr\/apple-zadao-udarac-komisiji\/#breadcrumb\",\"itemListElement\":[{\"@type\":\"ListItem\",\"position\":1,\"name\":\"Home\",\"item\":\"https:\/\/www.geciclaw.com\/sr\/\"},{\"@type\":\"ListItem\",\"position\":2,\"name\":\"Apple zadao udarac Komisiji?\"}]},{\"@type\":\"WebSite\",\"@id\":\"https:\/\/www.geciclaw.com\/#website\",\"url\":\"https:\/\/www.geciclaw.com\/\",\"name\":\"Geci\u0107 Law\",\"description\":\"Advokatska kancelarija\",\"publisher\":{\"@id\":\"https:\/\/www.geciclaw.com\/#organization\"},\"potentialAction\":[{\"@type\":\"SearchAction\",\"target\":{\"@type\":\"EntryPoint\",\"urlTemplate\":\"https:\/\/www.geciclaw.com\/?s={search_term_string}\"},\"query-input\":{\"@type\":\"PropertyValueSpecification\",\"valueRequired\":true,\"valueName\":\"search_term_string\"}}],\"inLanguage\":\"sr-RS\"},{\"@type\":\"Organization\",\"@id\":\"https:\/\/www.geciclaw.com\/#organization\",\"name\":\"Geci\u0107 Law\",\"url\":\"https:\/\/www.geciclaw.com\/\",\"logo\":{\"@type\":\"ImageObject\",\"inLanguage\":\"sr-RS\",\"@id\":\"https:\/\/www.geciclaw.com\/#\/schema\/logo\/image\/\",\"url\":\"https:\/\/geciclaw.com\/wp-content\/uploads\/2021\/10\/1.png\",\"contentUrl\":\"https:\/\/geciclaw.com\/wp-content\/uploads\/2021\/10\/1.png\",\"width\":1000,\"height\":409,\"caption\":\"Geci\u0107 Law\"},\"image\":{\"@id\":\"https:\/\/www.geciclaw.com\/#\/schema\/logo\/image\/\"}},{\"@type\":\"Person\",\"@id\":\"https:\/\/www.geciclaw.com\/#\/schema\/person\/6da1a36ae431e659988e851fe3a9cf83\",\"name\":\"stefan\",\"image\":{\"@type\":\"ImageObject\",\"inLanguage\":\"sr-RS\",\"@id\":\"https:\/\/www.geciclaw.com\/#\/schema\/person\/image\/\",\"url\":\"https:\/\/secure.gravatar.com\/avatar\/59099af461191b217c7b825d928bcba2b02d1b3c89de8338854bc40abd2b30c9?s=96&d=mm&r=g\",\"contentUrl\":\"https:\/\/secure.gravatar.com\/avatar\/59099af461191b217c7b825d928bcba2b02d1b3c89de8338854bc40abd2b30c9?s=96&d=mm&r=g\",\"caption\":\"stefan\"},\"url\":\"https:\/\/www.geciclaw.com\/sr\/author\/stefan\/\"}]}<\/script>\n<!-- \/ Yoast SEO plugin. -->","yoast_head_json":{"title":"Apple zadao udarac Komisiji? | Geci\u0107 Law","description":"Op\u0161ti sud Evropske unije (\u201eSud\u201c) priveo je kraju epski sudski spor vo\u0111en izme\u0111u Apple Ireland i EU, odnosno Evropske komisije...","robots":{"index":"index","follow":"follow","max-snippet":"max-snippet:-1","max-image-preview":"max-image-preview:large","max-video-preview":"max-video-preview:-1"},"canonical":"https:\/\/www.geciclaw.com\/sr\/apple-zadao-udarac-komisiji\/","og_locale":"sr_RS","og_type":"article","og_title":"Apple zadao udarac Komisiji? | Geci\u0107 Law","og_description":"Op\u0161ti sud Evropske unije (\u201eSud\u201c) priveo je kraju epski sudski spor vo\u0111en izme\u0111u Apple Ireland i EU, odnosno Evropske komisije...","og_url":"https:\/\/www.geciclaw.com\/sr\/apple-zadao-udarac-komisiji\/","og_site_name":"Geci\u0107 Law","article_published_time":"2020-07-16T10:39:47+00:00","article_modified_time":"2021-05-31T10:49:50+00:00","og_image":[{"width":770,"height":421,"url":"https:\/\/www.geciclaw.com\/wp-content\/uploads\/2020\/07\/13973196125_b4b9a89c70_b.jpg","type":"image\/jpeg"}],"author":"stefan","twitter_card":"summary_large_image","twitter_misc":{"Napisano od":"stefan","Procenjeno vreme \u010ditanja":"3 minuta"},"schema":{"@context":"https:\/\/schema.org","@graph":[{"@type":"Article","@id":"https:\/\/www.geciclaw.com\/sr\/apple-zadao-udarac-komisiji\/#article","isPartOf":{"@id":"https:\/\/www.geciclaw.com\/sr\/apple-zadao-udarac-komisiji\/"},"author":{"name":"stefan","@id":"https:\/\/www.geciclaw.com\/#\/schema\/person\/6da1a36ae431e659988e851fe3a9cf83"},"headline":"Apple zadao udarac Komisiji?","datePublished":"2020-07-16T10:39:47+00:00","dateModified":"2021-05-31T10:49:50+00:00","mainEntityOfPage":{"@id":"https:\/\/www.geciclaw.com\/sr\/apple-zadao-udarac-komisiji\/"},"wordCount":592,"publisher":{"@id":"https:\/\/www.geciclaw.com\/#organization"},"image":{"@id":"https:\/\/www.geciclaw.com\/sr\/apple-zadao-udarac-komisiji\/#primaryimage"},"thumbnailUrl":"https:\/\/www.geciclaw.com\/wp-content\/uploads\/2020\/07\/13973196125_b4b9a89c70_b.jpg","keywords":["Advokatska kancelarija Geci\u0107 Law","Dr\u017eavna pomo\u0107","Konkurencija","Pravo EU","Pravo konkurencije"],"articleSection":["Pravo EU, trgovina i pro\u0161irenje","Za\u0161tita konkurencije \/ Dr\u017eavna pomo\u0107","Najnovije"],"inLanguage":"sr-RS"},{"@type":"WebPage","@id":"https:\/\/www.geciclaw.com\/sr\/apple-zadao-udarac-komisiji\/","url":"https:\/\/www.geciclaw.com\/sr\/apple-zadao-udarac-komisiji\/","name":"Apple zadao udarac Komisiji? | Geci\u0107 Law","isPartOf":{"@id":"https:\/\/www.geciclaw.com\/#website"},"primaryImageOfPage":{"@id":"https:\/\/www.geciclaw.com\/sr\/apple-zadao-udarac-komisiji\/#primaryimage"},"image":{"@id":"https:\/\/www.geciclaw.com\/sr\/apple-zadao-udarac-komisiji\/#primaryimage"},"thumbnailUrl":"https:\/\/www.geciclaw.com\/wp-content\/uploads\/2020\/07\/13973196125_b4b9a89c70_b.jpg","datePublished":"2020-07-16T10:39:47+00:00","dateModified":"2021-05-31T10:49:50+00:00","description":"Op\u0161ti sud Evropske unije (\u201eSud\u201c) priveo je kraju epski sudski spor vo\u0111en izme\u0111u Apple Ireland i EU, odnosno Evropske komisije...","breadcrumb":{"@id":"https:\/\/www.geciclaw.com\/sr\/apple-zadao-udarac-komisiji\/#breadcrumb"},"inLanguage":"sr-RS","potentialAction":[{"@type":"ReadAction","target":["https:\/\/www.geciclaw.com\/sr\/apple-zadao-udarac-komisiji\/"]}]},{"@type":"ImageObject","inLanguage":"sr-RS","@id":"https:\/\/www.geciclaw.com\/sr\/apple-zadao-udarac-komisiji\/#primaryimage","url":"https:\/\/www.geciclaw.com\/wp-content\/uploads\/2020\/07\/13973196125_b4b9a89c70_b.jpg","contentUrl":"https:\/\/www.geciclaw.com\/wp-content\/uploads\/2020\/07\/13973196125_b4b9a89c70_b.jpg","width":770,"height":421},{"@type":"BreadcrumbList","@id":"https:\/\/www.geciclaw.com\/sr\/apple-zadao-udarac-komisiji\/#breadcrumb","itemListElement":[{"@type":"ListItem","position":1,"name":"Home","item":"https:\/\/www.geciclaw.com\/sr\/"},{"@type":"ListItem","position":2,"name":"Apple zadao udarac Komisiji?"}]},{"@type":"WebSite","@id":"https:\/\/www.geciclaw.com\/#website","url":"https:\/\/www.geciclaw.com\/","name":"Geci\u0107 Law","description":"Advokatska kancelarija","publisher":{"@id":"https:\/\/www.geciclaw.com\/#organization"},"potentialAction":[{"@type":"SearchAction","target":{"@type":"EntryPoint","urlTemplate":"https:\/\/www.geciclaw.com\/?s={search_term_string}"},"query-input":{"@type":"PropertyValueSpecification","valueRequired":true,"valueName":"search_term_string"}}],"inLanguage":"sr-RS"},{"@type":"Organization","@id":"https:\/\/www.geciclaw.com\/#organization","name":"Geci\u0107 Law","url":"https:\/\/www.geciclaw.com\/","logo":{"@type":"ImageObject","inLanguage":"sr-RS","@id":"https:\/\/www.geciclaw.com\/#\/schema\/logo\/image\/","url":"https:\/\/geciclaw.com\/wp-content\/uploads\/2021\/10\/1.png","contentUrl":"https:\/\/geciclaw.com\/wp-content\/uploads\/2021\/10\/1.png","width":1000,"height":409,"caption":"Geci\u0107 Law"},"image":{"@id":"https:\/\/www.geciclaw.com\/#\/schema\/logo\/image\/"}},{"@type":"Person","@id":"https:\/\/www.geciclaw.com\/#\/schema\/person\/6da1a36ae431e659988e851fe3a9cf83","name":"stefan","image":{"@type":"ImageObject","inLanguage":"sr-RS","@id":"https:\/\/www.geciclaw.com\/#\/schema\/person\/image\/","url":"https:\/\/secure.gravatar.com\/avatar\/59099af461191b217c7b825d928bcba2b02d1b3c89de8338854bc40abd2b30c9?s=96&d=mm&r=g","contentUrl":"https:\/\/secure.gravatar.com\/avatar\/59099af461191b217c7b825d928bcba2b02d1b3c89de8338854bc40abd2b30c9?s=96&d=mm&r=g","caption":"stefan"},"url":"https:\/\/www.geciclaw.com\/sr\/author\/stefan\/"}]}},"_links":{"self":[{"href":"https:\/\/www.geciclaw.com\/sr\/wp-json\/wp\/v2\/posts\/16960","targetHints":{"allow":["GET"]}}],"collection":[{"href":"https:\/\/www.geciclaw.com\/sr\/wp-json\/wp\/v2\/posts"}],"about":[{"href":"https:\/\/www.geciclaw.com\/sr\/wp-json\/wp\/v2\/types\/post"}],"author":[{"embeddable":true,"href":"https:\/\/www.geciclaw.com\/sr\/wp-json\/wp\/v2\/users\/1"}],"replies":[{"embeddable":true,"href":"https:\/\/www.geciclaw.com\/sr\/wp-json\/wp\/v2\/comments?post=16960"}],"version-history":[{"count":6,"href":"https:\/\/www.geciclaw.com\/sr\/wp-json\/wp\/v2\/posts\/16960\/revisions"}],"predecessor-version":[{"id":18454,"href":"https:\/\/www.geciclaw.com\/sr\/wp-json\/wp\/v2\/posts\/16960\/revisions\/18454"}],"wp:featuredmedia":[{"embeddable":true,"href":"https:\/\/www.geciclaw.com\/sr\/wp-json\/wp\/v2\/media\/16951"}],"wp:attachment":[{"href":"https:\/\/www.geciclaw.com\/sr\/wp-json\/wp\/v2\/media?parent=16960"}],"wp:term":[{"taxonomy":"category","embeddable":true,"href":"https:\/\/www.geciclaw.com\/sr\/wp-json\/wp\/v2\/categories?post=16960"},{"taxonomy":"post_tag","embeddable":true,"href":"https:\/\/www.geciclaw.com\/sr\/wp-json\/wp\/v2\/tags?post=16960"}],"curies":[{"name":"wp","href":"https:\/\/api.w.org\/{rel}","templated":true}]}}