{"id":17857,"date":"2021-03-24T09:13:43","date_gmt":"2021-03-24T08:13:43","guid":{"rendered":"https:\/\/www.geciclaw.com\/?p=17857"},"modified":"2022-01-10T16:13:15","modified_gmt":"2022-01-10T15:13:15","slug":"vertikalna-ogranicenja-u-fokusu-komisije-za-zastitu-konkurencije","status":"publish","type":"post","link":"https:\/\/www.geciclaw.com\/sr\/vertikalna-ogranicenja-u-fokusu-komisije-za-zastitu-konkurencije\/","title":{"rendered":"Vertikalna ograni\u010denja u fokusu Komisije za za\u0161titu konkurencije"},"content":{"rendered":"<div style=\"display: none;\"><\/div>\n<p class=\"p1\"><span class=\"s1\">U poslednjih nekoliko meseci <a href=\"https:\/\/www.kzk.org.rs\/\"><span class=\"s2\">Komisija za za\u0161titu konkurencije<\/span><\/a> (\u201e<b>Komisija<\/b>\u201c) je pokazala naro\u010dito interesovanje za sankcionisanje sporazuma u\u010desnika na tr\u017ei\u0161tu u kojima se utvr\u0111uju cene u daljoj prodaji (engl. <i>resale price maintenance<\/i>). Nakon pokrenutih postupaka na tr\u017ei\u0161tu <a href=\"http:\/\/www.kzk.gov.rs\/komisija-pokrenula-postupak-protiv-u?lng=cir\"><span class=\"s2\">distribucije potro\u0161a\u010dke elektronike<\/span><\/a>, Komisija je nedavno, nakon analize uslova konkurencije na tr\u017ei\u0161tima servisiranja i prodaje motornih vozila, otvorila istragu protiv <a href=\"http:\/\/www.kzk.gov.rs\/kzk\/wp-content\/uploads\/2020\/12\/Zakljucak-o-pokretanju-postupka-Porsche.pdf\"><span class=\"s2\">generalnog uvoznika i tri auto dilera vozila marke \u201e\u0410udi\u201c<\/span><\/a>.<\/span><\/p>\n<p class=\"p1\"><span class=\"s1\"><b>Utvr\u0111ivanje cena u daljoj prodaji \u2013 u \u010demu je problem?<\/b><\/span><\/p>\n<p class=\"p1\"><span class=\"s1\">Utvr\u0111ivanje cena u daljoj prodaji je ugovorna odredba kojom prodavac (naj\u010de\u0161\u0107e proizvo\u0111a\u010d ili generalni uvoznik) obavezuje kupca (naj\u010de\u0161\u0107e distributera ili maloprodavaca) da proizvode koje je kupio od njega prodaje po (i) ta\u010dno utvr\u0111enoj ceni, odnosno (ii) da ih ne sme prodavati ispod utvr\u0111ene minimalne cene ili (iii) iznad ta\u010dno utvr\u0111ene maksimalne cene. Su\u0161tinski, kupci, kao nezavisni u\u010desnici na tr\u017ei\u0161tu, onemogu\u0107eni su da slobodno formiraju cene proizvoda.<\/span><\/p>\n<p class=\"p1\"><span class=\"s1\">Nametanje cene u daljoj prodaji se mo\u017ee odvijati neposrednim ili posrednim putem. U slu\u010daju neposrednog nametanja, prodavac se mo\u017ee poslu\u017eiti (i) neformalnim pretnjama, (ii) upozorenjima, pa \u010dak i (iii) sankcijama u vidu obustavljanja isporuke ukoliko se kupac ne pridr\u017eava zadate cene. Za razliku od toga, posredno nametanje se posti\u017ee ugovaranjem ta\u010dno utvr\u0111ene mar\u017ee koju kupac mo\u017ee da zara\u010duna, popusta koji mo\u017ee da odredi, obaveze da ve\u017ee cenu za cenu konkurentskih proizvoda i sl.<\/span><\/p>\n<p class=\"p1\"><span class=\"s1\">U osnovi, <\/span><span class=\"s3\">utvr\u0111ivanje (i) minimalnih i (ii) fiksnih cena u daljoj prodaji se smatra restriktivnim sporazumom. Utvr\u0111ivanje preporu\u010dene cene je na\u010delno dozvoljeno, osim ukoliko uz to ne dolazi jo\u0161 i do odre\u0111enih pogodnosti ili uslovljavanja poslovanja prema kupcu<\/span><span class=\"s1\">.<\/span><\/p>\n<p class=\"p1\"><span class=\"s1\"><b>Ima li opravdanja?<\/b><\/span><\/p>\n<p class=\"p1\"><span class=\"s1\">Utvr\u0111ivanje cena u daljoj prodaji kao vrsta vertikalnog ograni\u010denja je naj\u010de\u0161\u0107a vrsta postupka koje je Komisija u svojoj dosada\u0161njoj praksi sprovodila. U ovim postupcima Komisija je utvr\u0111ivanje cena u daljoj prodaji tretirala kao povredu po cilju (engl. <i>by object<\/i>), obrazla\u017eu\u0107i da su u\u010desnici na tr\u017ei\u0161tu samim zaklju\u010denjem ugovora na\u010dinili povredu konkurencije, tj. da nije potrebno analizirati posledice navedenog postupanja. Naime, \u043aod ciljnih povreda konkurencije u\u010desnici u sporazumu nemaju mogu\u0107nost da opravdaju postojanje ograni\u010denja i samim tim izuzmu sporazum od zabrane.<\/span><\/p>\n<p class=\"p1\"><span class=\"s1\">S tim u vezi, Komisija se u postupcima utvr\u0111ivanja cena u daljoj prodaji nije upu\u0161tala u utvr\u0111ivanje (i) negativnih posledica po konkurenciju na relevantnom tr\u017ei\u0161tu i (ii) tr\u017ei\u0161ne snage u\u010desnika protiv kojih je izricala mere za\u0161tite konkurencije. Ako se uzme u obzir da je <a href=\"http:\/\/www.kzk.org.rs\/kzk\/wp-content\/uploads\/2011\/07\/Zakon-o-za%C5%A1titi-konkurencije-pre%C4%8Di%C5%A1%C4%87eni-tekst.pdf\"><span class=\"s2\">Zakonom o za\u0161titi konkurencije<\/span><\/a> propisano da restriktivni sporazumi za cilj ili posledicu imaju <b>zna\u010dajno<\/b> ograni\u010davanje konkurencije na teritoriji Republike Srbije, u tom slu\u010daju se opravdano mo\u017ee postaviti pitanje da li do ograni\u010denja konkurencije dolazi samim zaklju\u010denjem ugovora izme\u0111u dva u\u010desnika na tr\u017ei\u0161tu \u010dija je tr\u017ei\u0161na snaga minorna, ili je potrebna \u201emalo\u201c bolja analiza Komisije i upoznavanje sa tr\u017ei\u0161tem na kojem su prisutni u\u010desnici konkretnog sporazuma.<span class=\"Apple-converted-space\">\u00a0<\/span><\/span><\/p>\n<p class=\"p1\"><span class=\"s1\"><b>Kako stvari stoje u EU?<\/b><\/span><\/p>\n<p class=\"p1\"><span class=\"s2\"><a href=\"https:\/\/eur-lex.europa.eu\/legal-content\/EN\/TXT\/PDF\/?uri=CELEX:52010XC0519(04)&amp;from=GA\">Smernice o vertikalnim ograni\u010denjima<\/a><\/span><span class=\"s1\"> (\u201e<b>Smernice<\/b>\u201c) koje primenjuje Evropska komisija (\u201e<b>EK<\/b>\u201c) eksplicitno navode da su <\/span><span class=\"s3\">vertikalna ograni\u010denja u generalnom smislu manje \u0161tetna po konkurenciju od horizontalnih<\/span><span class=\"s1\">. Kod horizontalnih ograni\u010denja dolazi do dogovora izme\u0111u u\u010desnika na tr\u017ei\u0161tu koji proizvode iste ili zamenljive proizvode, za razliku od vertikalnih ograni\u010denja kod kojih u\u010desnici na tr\u017ei\u0161tu u\u010destvuju komplementarno u lancu prodaje, odnosno proizvodnje. Vertikalna ograni\u010denja mogu imati \u0161tetan uticaj na konkurenciju samo u slu\u010dajevima kada jedan od u\u010desnika u sporazumu poseduje zna\u010dajnu tr\u017ei\u0161nu mo\u0107.<\/span><\/p>\n<p class=\"p1\"><span class=\"s1\">Me\u0111utim i EK je svoj fokus posle dugo vremena preorijentisala na ograni\u010denja u vertikalnim sporazumima. U nedavnim slu\u010dajevima <a href=\"https:\/\/ec.europa.eu\/competition\/antitrust\/cases\/dec_docs\/40465\/40465_337_3.pdf\"><span class=\"s2\">Asus<\/span><\/a>, <a href=\"https:\/\/ec.europa.eu\/competition\/antitrust\/cases\/dec_docs\/40469\/40469_329_3.pdf\"><span class=\"s2\">Denon &amp; Marantz<\/span><\/a>, <a href=\"https:\/\/ec.europa.eu\/competition\/antitrust\/cases\/dec_docs\/40181\/40181_417_3.pdf\"><span class=\"s2\">Philips<\/span><\/a>, <a href=\"https:\/\/ec.europa.eu\/competition\/antitrust\/cases\/dec_docs\/40182\/40182_370_3.pdf\"><span class=\"s2\">Pioneer<\/span><\/a> and <a href=\"https:\/\/ec.europa.eu\/competition\/antitrust\/cases\/dec_docs\/40428\/40428_1205_3.pdf\"><span class=\"s2\">Guess<\/span><\/a>, EK je utvrdila da su proizvo\u0111a\u010di neposredno ili posredno nametali primenu minimalnih ili fiksnih cena i time onemogu\u0107avali distributere i maloprodavce da slobodno formiraju cene proizvoda.<span class=\"Apple-converted-space\">\u00a0<\/span><\/span><\/p>\n<p class=\"p1\"><span class=\"s1\">Bez obzira \u0161to <b>Smernice<\/b> utvr\u0111ivanje cena u daljoj prodaji kvalifikuju kao te\u0161ku povredu konkurencije (engl. <i>hardcore restriction<\/i>), one u odre\u0111enim situacijama <\/span><span class=\"s3\"><b>ostavljaju mogu\u0107nost u\u010desnicima na tr\u017ei\u0161tu da opravdaju postojanje ovakvih ograni\u010denja<\/b><\/span><span class=\"s1\">. Naime, Smernice predvi\u0111aju da se utvr\u0111ivanje cena u daljoj prodaji mo\u017ee izuzeti od zabrane u skladu sa \u010dlanom 101 (3) <a href=\"https:\/\/eur-lex.europa.eu\/legal-content\/EN\/TXT\/PDF\/?uri=CELEX:12012E\/TXT&amp;from=EN\"><span class=\"s2\">Ugovora o funkcionisanju Evropske Unije<\/span><\/a> u slu\u010daju (i) uvo\u0111enja novog proizvoda, (ii) kratkoro\u010dne koordinisane kampanje niskih cena u fran\u0161iznom ili sli\u010dnom sistemu distribucije i (iii) spre\u010davanja strategije slepog putnika (engl. <i>free riding<\/i>). Tako\u0111e, u odre\u0111enim situacijama ekstra profit, nastao kao posledica utvr\u0111ivanja cena u daljoj prodaji, omogu\u0107ava maloprodavcima da na kvalitetniji na\u010din obavljaju pretprodajne usluge (engl. <i>pre-sale services<\/i>) koje su veoma bitne kod kompleksnih ili luksuznih proizvoda.<\/span><\/p>\n<p class=\"p1\"><span class=\"s1\"><b>Razli\u010dit pristup EK i Komisije u ka\u017enjavanju<\/b><\/span><\/p>\n<p class=\"p1\"><span class=\"s1\">Zna\u010dajna razlika izme\u0111u Komisije i EK se javlja prilikom ka\u017enjavanja u\u010desnika na tr\u017ei\u0161tu. EK je u gore navedenim slu\u010dajevima sankcionisala isklju\u010divo <b>proizvo\u0111a\u010de<\/b>. Bez obzira na to \u0161to u restriktivnim sporazumima u\u010destvuju dve strane, EK nije izricala nov\u010dane kazne <b>distributerima<\/b> i <b>maloprodavcima<\/b> uzimaju\u0107i u vidu njihov zavisan polo\u017eaj u odnosu na proizvo\u0111a\u010da. U fakti\u010dkom smislu tu nije dolazilo do pregovora izme\u0111u dveju stranu, ve\u0107 su distributeri i maloprodavci bili u obavezi da primenjuju cenovnu politiku proizvo\u0111a\u010da, u suprotnom bi ostali bez isporuke proizvoda.<span class=\"Apple-converted-space\">\u00a0<\/span><\/span><\/p>\n<p class=\"p1\"><span class=\"s1\">Za razliku od EK, Komisija je u svojim postupcima do sada uvek ka\u017enjavala oba u\u010desnika u tr\u017ei\u0161tu uklju\u010duju\u0107i i maloprodavce. Ovakva praksa Komisije ima upori\u0161te ako se sporazum posmatra kao ugovorni odnos u koji strane stupaju slobodnom voljom. Me\u0111utim, Komisija zanemaruje malu tj. gotovo nikakvu pregovara\u010dku mo\u0107 maloprodavca u odnosu na proizvo\u0111a\u010da ili uvoznika, kao i posledice po maloprodavca u slu\u010daju neuspostavljanja saradnje.<\/span><\/p>\n<p class=\"p1\"><span class=\"s1\"><b>Promene na vidiku<\/b><\/span><\/p>\n<p class=\"p1\"><span class=\"s1\">Me\u0111utim, da budemo potpuno iskreni, primetna je i odre\u0111ena promena pristupa Komisije u vezi utvr\u0111ivanja cena u daljoj prodaji. Naime, nakon pokretanja \u201e\u010duvenog\u201c <a href=\"http:\/\/www.kzk.gov.rs\/kzk\/wp-content\/uploads\/2018\/10\/Zakljucak-o-pokretanju-postupka-KEPROM-i-dr.-converted.pdf\"><span class=\"s2\">postupka protiv vi\u0161e od 170 u\u010desnika na tr\u017ei\u0161tu maloprodaje opreme za bebe<\/span><\/a>, Komisija je protiv ve\u0107ine maloprodavaca <a href=\"http:\/\/www.kzk.gov.rs\/kzk\/wp-content\/uploads\/2020\/10\/Resenje-o-obustavi-Keprom.pdf\"><span class=\"s2\">obustavila dalje vo\u0111enje postupka<\/span><\/a> navode\u0107i:<span class=\"Apple-converted-space\">\u00a0<\/span><\/span><\/p>\n<p class=\"p3\"><span class=\"s1\">\u201e<i>Komisija je imala u vidu i \u010dinjenicu da stranke u postupku protiv kojih se postupa obustavlja, <\/i><\/span><span class=\"s3\"><i>shodno svojoj veli\u010dini, zna\u010daju u ulozi kupca, tr\u017ei\u0161noj i finansijskoj snazi, <\/i><b><i>pojedina\u010dno nisu imale adekvatnu pregovara\u010dku snagu, te tako ni mogu\u0107nost da uti\u010du na izmenu ugovornih odredbi<\/i><\/b><\/span><span class=\"s1\"><i>. Stoga su <\/i><\/span><span class=\"s3\"><i>jedino bile u mogu\u0107nosti da u potpunosti odustanu od saradnje sa dru\u0161tvom Keprom ili da sadr\u017einu spornih ugovornih odredbi prihvate<\/i><\/span><span class=\"s1\">\u201c.<span class=\"Apple-converted-space\">\u00a0<\/span><\/span><\/p>\n<p class=\"p1\"><span class=\"s1\">Pristup koji ima u vidu pregovara\u010dku mo\u0107 maloprodavca mo\u017ee da raduje, ali je potrebna njegova konzistentna primena od strane Komisije i u narednom periodu. Od takvog pristupa se odustalo u nedavno pokrenutom postupku u kojem je, osim generalnog uvoznika vozila marke \u201eAudi\u201c, postupak pokrenut i protiv ostalih dilera (maloprodavaca) \u010dija je pregovara\u010dka mo\u0107 prilikom sklapanja ugovora upitna. Svakako, postupak je tek pokrenut, a mehanizam obustave postupka ostaje na raspolaganju.<\/span><\/p>\n<p class=\"p1\"><span class=\"s1\">Na kraju, ostaje nam da vidimo da li \u0107e Komisija i dalje svoje resurse tro\u0161iti na ka\u017enjavanje maloprodavaca, ili se preusmeriti na te\u017ee oblike kr\u0161enja konkurencije kao \u0161to su: (i) zloupotrebe dominantnog polo\u017eaja, (ii) pre\u0107utni karteli izme\u0111u tr\u017ei\u0161nih u\u010desnika sa zna\u010dajnim tr\u017ei\u0161nim udelima, i (iii) restriktivni sporazumi kojima se ograni\u010dava i kontroli\u0161e proizvodnja, tr\u017ei\u0161te, tehni\u010dki razvoj ili investicije.<\/span><\/p>\n<p>&nbsp;<\/p>\n","protected":false},"excerpt":{"rendered":"<p>U poslednjih nekoliko meseci Komisija za za\u0161titu konkurencije (\u201eKomisija\u201c) je pokazala naro\u010dito interesovanje za sankcionisanje sporazuma u\u010desnika na tr\u017ei\u0161tu u kojima se utvr\u0111uju cene u daljoj prodaji (engl. resale price maintenance). Nakon pokrenutih postupaka na tr\u017ei\u0161tu distribucije potro\u0161a\u010dke elektronike, Komisija je nedavno, nakon analize uslova konkurencije na tr\u017ei\u0161tima servisiranja i prodaje motornih vozila, otvorila istragu protiv generalnog uvoznika i tri auto dilera vozila marke \u201e\u0410udi\u201c. Utvr\u0111ivanje cena u daljoj prodaji \u2013 u \u010demu je problem? Utvr\u0111ivanje cena u daljoj prodaji je ugovorna odredba kojom prodavac (naj\u010de\u0161\u0107e proizvo\u0111a\u010d ili generalni uvoznik) obavezuje kupca (naj\u010de\u0161\u0107e distributera ili maloprodavaca) da proizvode koje je [&hellip;]<\/p>\n","protected":false},"author":1,"featured_media":17854,"comment_status":"closed","ping_status":"open","sticky":false,"template":"","format":"standard","meta":{"om_disable_all_campaigns":false,"footnotes":""},"categories":[593,607,1201,603],"tags":[469,667,769,689,691,631,977],"class_list":["post-17857","post","type-post","status-publish","format-standard","has-post-thumbnail","hentry","category-593","category-evropska-komisija","category-pravo-evropske-unije","category-zastita-konkurencije-drzavna-pomoc","tag-gecic-law-firm-serbia-sr","tag-european-law-sr","tag-fiksiranje-cena","tag-antitrust-sr","tag-competition-sr","tag-serbia-sr","tag-zakon-o-zastiti-konkurencije"],"acf":[],"yoast_head":"<!-- This site is optimized with the Yoast SEO plugin v25.5 - https:\/\/yoast.com\/wordpress\/plugins\/seo\/ -->\n<title>Vertikalna ograni\u010denja u fokusu Komisije za za\u0161titu konkurencije | Geci\u0107 Law<\/title>\n<meta name=\"description\" content=\"U poslednjih nekoliko meseci Komisija za za\u0161titu konkurencije (\u201eKomisija\u201c) je pokazala naro\u010dito interesovanje za sankcionisanje sporazuma...\" \/>\n<meta name=\"robots\" content=\"index, follow, max-snippet:-1, max-image-preview:large, max-video-preview:-1\" \/>\n<link rel=\"canonical\" href=\"https:\/\/www.geciclaw.com\/sr\/vertikalna-ogranicenja-u-fokusu-komisije-za-zastitu-konkurencije\/\" \/>\n<meta property=\"og:locale\" content=\"sr_RS\" \/>\n<meta property=\"og:type\" content=\"article\" \/>\n<meta property=\"og:title\" content=\"Vertikalna ograni\u010denja u fokusu Komisije za za\u0161titu konkurencije | Geci\u0107 Law\" \/>\n<meta property=\"og:description\" content=\"U poslednjih nekoliko meseci Komisija za za\u0161titu konkurencije (\u201eKomisija\u201c) je pokazala naro\u010dito interesovanje za sankcionisanje sporazuma...\" \/>\n<meta property=\"og:url\" content=\"https:\/\/www.geciclaw.com\/sr\/vertikalna-ogranicenja-u-fokusu-komisije-za-zastitu-konkurencije\/\" \/>\n<meta property=\"og:site_name\" content=\"Geci\u0107 Law\" \/>\n<meta property=\"article:published_time\" content=\"2021-03-24T08:13:43+00:00\" \/>\n<meta property=\"article:modified_time\" content=\"2022-01-10T15:13:15+00:00\" \/>\n<meta property=\"og:image\" content=\"https:\/\/www.geciclaw.com\/wp-content\/uploads\/2021\/03\/Vertical-Restraints.jpg\" \/>\n\t<meta property=\"og:image:width\" content=\"770\" \/>\n\t<meta property=\"og:image:height\" content=\"421\" \/>\n\t<meta property=\"og:image:type\" content=\"image\/jpeg\" \/>\n<meta name=\"author\" content=\"stefan\" \/>\n<meta name=\"twitter:card\" content=\"summary_large_image\" \/>\n<meta name=\"twitter:label1\" content=\"Napisano od\" \/>\n\t<meta name=\"twitter:data1\" content=\"stefan\" \/>\n\t<meta name=\"twitter:label2\" content=\"Procenjeno vreme \u010ditanja\" \/>\n\t<meta name=\"twitter:data2\" content=\"5 minuta\" \/>\n<script type=\"application\/ld+json\" class=\"yoast-schema-graph\">{\"@context\":\"https:\/\/schema.org\",\"@graph\":[{\"@type\":\"Article\",\"@id\":\"https:\/\/www.geciclaw.com\/sr\/vertikalna-ogranicenja-u-fokusu-komisije-za-zastitu-konkurencije\/#article\",\"isPartOf\":{\"@id\":\"https:\/\/www.geciclaw.com\/sr\/vertikalna-ogranicenja-u-fokusu-komisije-za-zastitu-konkurencije\/\"},\"author\":{\"name\":\"stefan\",\"@id\":\"https:\/\/www.geciclaw.com\/#\/schema\/person\/6da1a36ae431e659988e851fe3a9cf83\"},\"headline\":\"Vertikalna ograni\u010denja u fokusu Komisije za za\u0161titu konkurencije\",\"datePublished\":\"2021-03-24T08:13:43+00:00\",\"dateModified\":\"2022-01-10T15:13:15+00:00\",\"mainEntityOfPage\":{\"@id\":\"https:\/\/www.geciclaw.com\/sr\/vertikalna-ogranicenja-u-fokusu-komisije-za-zastitu-konkurencije\/\"},\"wordCount\":1313,\"publisher\":{\"@id\":\"https:\/\/www.geciclaw.com\/#organization\"},\"image\":{\"@id\":\"https:\/\/www.geciclaw.com\/sr\/vertikalna-ogranicenja-u-fokusu-komisije-za-zastitu-konkurencije\/#primaryimage\"},\"thumbnailUrl\":\"https:\/\/www.geciclaw.com\/wp-content\/uploads\/2021\/03\/Vertical-Restraints.jpg\",\"keywords\":[\"Advokatska kancelarija Geci\u0107 Law\",\"Evropsko pravo\",\"Fiksiranje cena\",\"Koncentracije\",\"Konkurencija\",\"Srbija\",\"Zakon o zastiti konkurencije\"],\"articleSection\":[\"\u0410\u043d\u0442\u0438\u0442\u0440\u0443\u0441\u0442 \/ \u041a\u043e\u043d\u043a\u0443\u0440\u0435\u043d\u0446\u0438\u0458\u0430\",\"Evropska komisija\",\"Pravo Evropske unije\",\"Za\u0161tita konkurencije \/ Dr\u017eavna pomo\u0107\"],\"inLanguage\":\"sr-RS\"},{\"@type\":\"WebPage\",\"@id\":\"https:\/\/www.geciclaw.com\/sr\/vertikalna-ogranicenja-u-fokusu-komisije-za-zastitu-konkurencije\/\",\"url\":\"https:\/\/www.geciclaw.com\/sr\/vertikalna-ogranicenja-u-fokusu-komisije-za-zastitu-konkurencije\/\",\"name\":\"Vertikalna ograni\u010denja u fokusu Komisije za za\u0161titu konkurencije | Geci\u0107 Law\",\"isPartOf\":{\"@id\":\"https:\/\/www.geciclaw.com\/#website\"},\"primaryImageOfPage\":{\"@id\":\"https:\/\/www.geciclaw.com\/sr\/vertikalna-ogranicenja-u-fokusu-komisije-za-zastitu-konkurencije\/#primaryimage\"},\"image\":{\"@id\":\"https:\/\/www.geciclaw.com\/sr\/vertikalna-ogranicenja-u-fokusu-komisije-za-zastitu-konkurencije\/#primaryimage\"},\"thumbnailUrl\":\"https:\/\/www.geciclaw.com\/wp-content\/uploads\/2021\/03\/Vertical-Restraints.jpg\",\"datePublished\":\"2021-03-24T08:13:43+00:00\",\"dateModified\":\"2022-01-10T15:13:15+00:00\",\"description\":\"U poslednjih nekoliko meseci Komisija za za\u0161titu konkurencije (\u201eKomisija\u201c) je pokazala naro\u010dito interesovanje za sankcionisanje sporazuma...\",\"breadcrumb\":{\"@id\":\"https:\/\/www.geciclaw.com\/sr\/vertikalna-ogranicenja-u-fokusu-komisije-za-zastitu-konkurencije\/#breadcrumb\"},\"inLanguage\":\"sr-RS\",\"potentialAction\":[{\"@type\":\"ReadAction\",\"target\":[\"https:\/\/www.geciclaw.com\/sr\/vertikalna-ogranicenja-u-fokusu-komisije-za-zastitu-konkurencije\/\"]}]},{\"@type\":\"ImageObject\",\"inLanguage\":\"sr-RS\",\"@id\":\"https:\/\/www.geciclaw.com\/sr\/vertikalna-ogranicenja-u-fokusu-komisije-za-zastitu-konkurencije\/#primaryimage\",\"url\":\"https:\/\/www.geciclaw.com\/wp-content\/uploads\/2021\/03\/Vertical-Restraints.jpg\",\"contentUrl\":\"https:\/\/www.geciclaw.com\/wp-content\/uploads\/2021\/03\/Vertical-Restraints.jpg\",\"width\":770,\"height\":421},{\"@type\":\"BreadcrumbList\",\"@id\":\"https:\/\/www.geciclaw.com\/sr\/vertikalna-ogranicenja-u-fokusu-komisije-za-zastitu-konkurencije\/#breadcrumb\",\"itemListElement\":[{\"@type\":\"ListItem\",\"position\":1,\"name\":\"Home\",\"item\":\"https:\/\/www.geciclaw.com\/sr\/\"},{\"@type\":\"ListItem\",\"position\":2,\"name\":\"Vertikalna ograni\u010denja u fokusu Komisije za za\u0161titu konkurencije\"}]},{\"@type\":\"WebSite\",\"@id\":\"https:\/\/www.geciclaw.com\/#website\",\"url\":\"https:\/\/www.geciclaw.com\/\",\"name\":\"Geci\u0107 Law\",\"description\":\"Advokatska kancelarija\",\"publisher\":{\"@id\":\"https:\/\/www.geciclaw.com\/#organization\"},\"potentialAction\":[{\"@type\":\"SearchAction\",\"target\":{\"@type\":\"EntryPoint\",\"urlTemplate\":\"https:\/\/www.geciclaw.com\/?s={search_term_string}\"},\"query-input\":{\"@type\":\"PropertyValueSpecification\",\"valueRequired\":true,\"valueName\":\"search_term_string\"}}],\"inLanguage\":\"sr-RS\"},{\"@type\":\"Organization\",\"@id\":\"https:\/\/www.geciclaw.com\/#organization\",\"name\":\"Geci\u0107 Law\",\"url\":\"https:\/\/www.geciclaw.com\/\",\"logo\":{\"@type\":\"ImageObject\",\"inLanguage\":\"sr-RS\",\"@id\":\"https:\/\/www.geciclaw.com\/#\/schema\/logo\/image\/\",\"url\":\"https:\/\/geciclaw.com\/wp-content\/uploads\/2021\/10\/1.png\",\"contentUrl\":\"https:\/\/geciclaw.com\/wp-content\/uploads\/2021\/10\/1.png\",\"width\":1000,\"height\":409,\"caption\":\"Geci\u0107 Law\"},\"image\":{\"@id\":\"https:\/\/www.geciclaw.com\/#\/schema\/logo\/image\/\"}},{\"@type\":\"Person\",\"@id\":\"https:\/\/www.geciclaw.com\/#\/schema\/person\/6da1a36ae431e659988e851fe3a9cf83\",\"name\":\"stefan\",\"image\":{\"@type\":\"ImageObject\",\"inLanguage\":\"sr-RS\",\"@id\":\"https:\/\/www.geciclaw.com\/#\/schema\/person\/image\/\",\"url\":\"https:\/\/secure.gravatar.com\/avatar\/59099af461191b217c7b825d928bcba2b02d1b3c89de8338854bc40abd2b30c9?s=96&d=mm&r=g\",\"contentUrl\":\"https:\/\/secure.gravatar.com\/avatar\/59099af461191b217c7b825d928bcba2b02d1b3c89de8338854bc40abd2b30c9?s=96&d=mm&r=g\",\"caption\":\"stefan\"},\"url\":\"https:\/\/www.geciclaw.com\/sr\/author\/stefan\/\"}]}<\/script>\n<!-- \/ Yoast SEO plugin. -->","yoast_head_json":{"title":"Vertikalna ograni\u010denja u fokusu Komisije za za\u0161titu konkurencije | Geci\u0107 Law","description":"U poslednjih nekoliko meseci Komisija za za\u0161titu konkurencije (\u201eKomisija\u201c) je pokazala naro\u010dito interesovanje za sankcionisanje sporazuma...","robots":{"index":"index","follow":"follow","max-snippet":"max-snippet:-1","max-image-preview":"max-image-preview:large","max-video-preview":"max-video-preview:-1"},"canonical":"https:\/\/www.geciclaw.com\/sr\/vertikalna-ogranicenja-u-fokusu-komisije-za-zastitu-konkurencije\/","og_locale":"sr_RS","og_type":"article","og_title":"Vertikalna ograni\u010denja u fokusu Komisije za za\u0161titu konkurencije | Geci\u0107 Law","og_description":"U poslednjih nekoliko meseci Komisija za za\u0161titu konkurencije (\u201eKomisija\u201c) je pokazala naro\u010dito interesovanje za sankcionisanje sporazuma...","og_url":"https:\/\/www.geciclaw.com\/sr\/vertikalna-ogranicenja-u-fokusu-komisije-za-zastitu-konkurencije\/","og_site_name":"Geci\u0107 Law","article_published_time":"2021-03-24T08:13:43+00:00","article_modified_time":"2022-01-10T15:13:15+00:00","og_image":[{"width":770,"height":421,"url":"https:\/\/www.geciclaw.com\/wp-content\/uploads\/2021\/03\/Vertical-Restraints.jpg","type":"image\/jpeg"}],"author":"stefan","twitter_card":"summary_large_image","twitter_misc":{"Napisano od":"stefan","Procenjeno vreme \u010ditanja":"5 minuta"},"schema":{"@context":"https:\/\/schema.org","@graph":[{"@type":"Article","@id":"https:\/\/www.geciclaw.com\/sr\/vertikalna-ogranicenja-u-fokusu-komisije-za-zastitu-konkurencije\/#article","isPartOf":{"@id":"https:\/\/www.geciclaw.com\/sr\/vertikalna-ogranicenja-u-fokusu-komisije-za-zastitu-konkurencije\/"},"author":{"name":"stefan","@id":"https:\/\/www.geciclaw.com\/#\/schema\/person\/6da1a36ae431e659988e851fe3a9cf83"},"headline":"Vertikalna ograni\u010denja u fokusu Komisije za za\u0161titu konkurencije","datePublished":"2021-03-24T08:13:43+00:00","dateModified":"2022-01-10T15:13:15+00:00","mainEntityOfPage":{"@id":"https:\/\/www.geciclaw.com\/sr\/vertikalna-ogranicenja-u-fokusu-komisije-za-zastitu-konkurencije\/"},"wordCount":1313,"publisher":{"@id":"https:\/\/www.geciclaw.com\/#organization"},"image":{"@id":"https:\/\/www.geciclaw.com\/sr\/vertikalna-ogranicenja-u-fokusu-komisije-za-zastitu-konkurencije\/#primaryimage"},"thumbnailUrl":"https:\/\/www.geciclaw.com\/wp-content\/uploads\/2021\/03\/Vertical-Restraints.jpg","keywords":["Advokatska kancelarija Geci\u0107 Law","Evropsko pravo","Fiksiranje cena","Koncentracije","Konkurencija","Srbija","Zakon o zastiti konkurencije"],"articleSection":["\u0410\u043d\u0442\u0438\u0442\u0440\u0443\u0441\u0442 \/ \u041a\u043e\u043d\u043a\u0443\u0440\u0435\u043d\u0446\u0438\u0458\u0430","Evropska komisija","Pravo Evropske unije","Za\u0161tita konkurencije \/ Dr\u017eavna pomo\u0107"],"inLanguage":"sr-RS"},{"@type":"WebPage","@id":"https:\/\/www.geciclaw.com\/sr\/vertikalna-ogranicenja-u-fokusu-komisije-za-zastitu-konkurencije\/","url":"https:\/\/www.geciclaw.com\/sr\/vertikalna-ogranicenja-u-fokusu-komisije-za-zastitu-konkurencije\/","name":"Vertikalna ograni\u010denja u fokusu Komisije za za\u0161titu konkurencije | Geci\u0107 Law","isPartOf":{"@id":"https:\/\/www.geciclaw.com\/#website"},"primaryImageOfPage":{"@id":"https:\/\/www.geciclaw.com\/sr\/vertikalna-ogranicenja-u-fokusu-komisije-za-zastitu-konkurencije\/#primaryimage"},"image":{"@id":"https:\/\/www.geciclaw.com\/sr\/vertikalna-ogranicenja-u-fokusu-komisije-za-zastitu-konkurencije\/#primaryimage"},"thumbnailUrl":"https:\/\/www.geciclaw.com\/wp-content\/uploads\/2021\/03\/Vertical-Restraints.jpg","datePublished":"2021-03-24T08:13:43+00:00","dateModified":"2022-01-10T15:13:15+00:00","description":"U poslednjih nekoliko meseci Komisija za za\u0161titu konkurencije (\u201eKomisija\u201c) je pokazala naro\u010dito interesovanje za sankcionisanje sporazuma...","breadcrumb":{"@id":"https:\/\/www.geciclaw.com\/sr\/vertikalna-ogranicenja-u-fokusu-komisije-za-zastitu-konkurencije\/#breadcrumb"},"inLanguage":"sr-RS","potentialAction":[{"@type":"ReadAction","target":["https:\/\/www.geciclaw.com\/sr\/vertikalna-ogranicenja-u-fokusu-komisije-za-zastitu-konkurencije\/"]}]},{"@type":"ImageObject","inLanguage":"sr-RS","@id":"https:\/\/www.geciclaw.com\/sr\/vertikalna-ogranicenja-u-fokusu-komisije-za-zastitu-konkurencije\/#primaryimage","url":"https:\/\/www.geciclaw.com\/wp-content\/uploads\/2021\/03\/Vertical-Restraints.jpg","contentUrl":"https:\/\/www.geciclaw.com\/wp-content\/uploads\/2021\/03\/Vertical-Restraints.jpg","width":770,"height":421},{"@type":"BreadcrumbList","@id":"https:\/\/www.geciclaw.com\/sr\/vertikalna-ogranicenja-u-fokusu-komisije-za-zastitu-konkurencije\/#breadcrumb","itemListElement":[{"@type":"ListItem","position":1,"name":"Home","item":"https:\/\/www.geciclaw.com\/sr\/"},{"@type":"ListItem","position":2,"name":"Vertikalna ograni\u010denja u fokusu Komisije za za\u0161titu konkurencije"}]},{"@type":"WebSite","@id":"https:\/\/www.geciclaw.com\/#website","url":"https:\/\/www.geciclaw.com\/","name":"Geci\u0107 Law","description":"Advokatska kancelarija","publisher":{"@id":"https:\/\/www.geciclaw.com\/#organization"},"potentialAction":[{"@type":"SearchAction","target":{"@type":"EntryPoint","urlTemplate":"https:\/\/www.geciclaw.com\/?s={search_term_string}"},"query-input":{"@type":"PropertyValueSpecification","valueRequired":true,"valueName":"search_term_string"}}],"inLanguage":"sr-RS"},{"@type":"Organization","@id":"https:\/\/www.geciclaw.com\/#organization","name":"Geci\u0107 Law","url":"https:\/\/www.geciclaw.com\/","logo":{"@type":"ImageObject","inLanguage":"sr-RS","@id":"https:\/\/www.geciclaw.com\/#\/schema\/logo\/image\/","url":"https:\/\/geciclaw.com\/wp-content\/uploads\/2021\/10\/1.png","contentUrl":"https:\/\/geciclaw.com\/wp-content\/uploads\/2021\/10\/1.png","width":1000,"height":409,"caption":"Geci\u0107 Law"},"image":{"@id":"https:\/\/www.geciclaw.com\/#\/schema\/logo\/image\/"}},{"@type":"Person","@id":"https:\/\/www.geciclaw.com\/#\/schema\/person\/6da1a36ae431e659988e851fe3a9cf83","name":"stefan","image":{"@type":"ImageObject","inLanguage":"sr-RS","@id":"https:\/\/www.geciclaw.com\/#\/schema\/person\/image\/","url":"https:\/\/secure.gravatar.com\/avatar\/59099af461191b217c7b825d928bcba2b02d1b3c89de8338854bc40abd2b30c9?s=96&d=mm&r=g","contentUrl":"https:\/\/secure.gravatar.com\/avatar\/59099af461191b217c7b825d928bcba2b02d1b3c89de8338854bc40abd2b30c9?s=96&d=mm&r=g","caption":"stefan"},"url":"https:\/\/www.geciclaw.com\/sr\/author\/stefan\/"}]}},"_links":{"self":[{"href":"https:\/\/www.geciclaw.com\/sr\/wp-json\/wp\/v2\/posts\/17857","targetHints":{"allow":["GET"]}}],"collection":[{"href":"https:\/\/www.geciclaw.com\/sr\/wp-json\/wp\/v2\/posts"}],"about":[{"href":"https:\/\/www.geciclaw.com\/sr\/wp-json\/wp\/v2\/types\/post"}],"author":[{"embeddable":true,"href":"https:\/\/www.geciclaw.com\/sr\/wp-json\/wp\/v2\/users\/1"}],"replies":[{"embeddable":true,"href":"https:\/\/www.geciclaw.com\/sr\/wp-json\/wp\/v2\/comments?post=17857"}],"version-history":[{"count":4,"href":"https:\/\/www.geciclaw.com\/sr\/wp-json\/wp\/v2\/posts\/17857\/revisions"}],"predecessor-version":[{"id":19928,"href":"https:\/\/www.geciclaw.com\/sr\/wp-json\/wp\/v2\/posts\/17857\/revisions\/19928"}],"wp:featuredmedia":[{"embeddable":true,"href":"https:\/\/www.geciclaw.com\/sr\/wp-json\/wp\/v2\/media\/17854"}],"wp:attachment":[{"href":"https:\/\/www.geciclaw.com\/sr\/wp-json\/wp\/v2\/media?parent=17857"}],"wp:term":[{"taxonomy":"category","embeddable":true,"href":"https:\/\/www.geciclaw.com\/sr\/wp-json\/wp\/v2\/categories?post=17857"},{"taxonomy":"post_tag","embeddable":true,"href":"https:\/\/www.geciclaw.com\/sr\/wp-json\/wp\/v2\/tags?post=17857"}],"curies":[{"name":"wp","href":"https:\/\/api.w.org\/{rel}","templated":true}]}}