{"id":18051,"date":"2021-04-20T10:00:19","date_gmt":"2021-04-20T08:00:19","guid":{"rendered":"https:\/\/www.geciclaw.com\/?p=18051"},"modified":"2025-07-28T16:14:45","modified_gmt":"2025-07-28T14:14:45","slug":"zakon-o-klimatskim-promenama-srbija","status":"publish","type":"post","link":"https:\/\/www.geciclaw.com\/sr\/zakon-o-klimatskim-promenama-srbija\/","title":{"rendered":"Zakon o klimatskim promenama \u2013 \u0161ta mo\u017eemo da o\u010dekujemo?"},"content":{"rendered":"<p>Poslanici Skup\u0161tine Republike Srbije su na sednici 18. marta usvojili<a href=\"http:\/\/www.parlament.gov.rs\/upload\/archive\/files\/cir\/pdf\/predlozi_zakona\/2021\/337-21.pdf\"> Zakon o klimatskim promenama<\/a> (\u201e<strong>Zakon<\/strong>\u201c). Kako je navela ministarka za\u0161tite \u017eivotne sredine Irena Vujovi\u0107, \u201e<em>ovim zakonom potvr\u0111eno je da su pitanja iz oblasti za\u0161tite \u017eivotne sredine i klimatskih promena kona\u010dno dobila zaslu\u017eeno mesto u Vladi Srbije i da se nalaze visoko na lestvici prioriteta<\/em>\u201c.<\/p>\n<p>Osnovni cilj je svakako smanjenje emisije gasova staklene ba\u0161te, budu\u0107i da ubrzan razvoj tehnologije i me\u0111unarodne trgovine, dovode do toga da zaga\u0111uju\u0107e \u010destice, pre svega, gasovi staklene ba\u0161te (eng. <em>Greenhouse Gasses<\/em> \u2013 \u201e<strong>GHG<\/strong>\u201c), predstavljaju globalni problem.<\/p>\n<h2><strong>Duga istorija propisa o spre\u010davanju klimatskih promena<\/strong><\/h2>\n<p>Problem, ali i potrebu da se preduzmu izvesni koraci kako bi se ozbiljnijim poreme\u0107ajima stalo na put, uvidele su i Ujedinjene nacije (\u201e<strong>UN<\/strong>\u201c). Tako je 1991. godine na scenu stupila Okvirna konvencija UN o promeni klime (\u201e<strong>Okvirna konvencija UN<\/strong>\u201c), koja je postavila kao cilj stabilizaciju koncentracija GHG i spre\u010davanje negativnih uticaja ljudskog delovanja na klimatski sistem. Kako bi se osigurala primena Okvirne konvencije, oti\u0161lo se i korak dalje, pa je usvojen i Kjoto Protokol uz Okvirnu konvenciju UN (\u201e<strong>Kjoto Protokol<\/strong>\u201c) \u2013 ideja je bila da se obaveze iz Okvirne konvencije UN konkretizuju i da se kvantifikuju smanjenja koje industrijalizovane zemlje treba da ispune, dok su se manje razvijene zemlje obavezale da sprovode mere za smanjenje zaga\u0111enja. Iako je volja dr\u017eava da se stane na put klimatskim promenama bila uobli\u010dena u vi\u0161e me\u0111unarodnih instrumenata, najpoznatiji akt u ovoj oblasti je Sporazum o klimatskim promenama iz Pariza (\u201e<strong>Pariski sporazum<\/strong>\u201c), kojim su se dr\u017eave saglasile da se prose\u010dno pove\u0107anje temperature mora ne sme pre\u0107i 2\u00b0C u odnosu na period pre industrijske revolucije.<\/p>\n<h2><strong>Obaveze Srbije prema EU<\/strong><\/h2>\n<p>Bitno je skrenuti pa\u017enju na obaveze koje je Srbija preuzela u pogledu procesa pristupanja EU. Dakle, Srbija je u obavezi da primeni Pariski sporazum dono\u0161enjem zakona i strategije kojom \u0107e pokriti sva otvorena klimatska pitanja u skladu sa <a href=\"https:\/\/www.consilium.europa.eu\/en\/policies\/climate-change\/2030-climate-and-energy-framework\/\">EU 2030 okvirom za politike u oblasti klime i energije<\/a>.<\/p>\n<p>Po inicijativi Evropske komisije i usvajanjem Zelene knjige u martu 2013. godine, Evropski savet je svojim zaklju\u010dcima u oblasti klimatske i energetske politike do 2030. godine, usvojenim 24. oktobra 2014. godine, uspostavio Okvir klimatske i energetske politike EU do 2030. godine.<\/p>\n<p>Pored obaveza propisanih ovim instrumentima, treba podsetiti da Srbija mora da ispunjava i svoje obaveze koje proizilaze iz njenog \u010dlanstva u <a href=\"https:\/\/www.energy-community.org\/\">Energetskoj zajednici<\/a>, kao i sve ostale obaveze kojima Srbija uskla\u0111uje svoj pravni okvir sa pravnim tekovinama EU u oblasti klimatskih promena, \u017eivotne sredine i energije (<em>EU Climate Law<\/em>). Na poslednjoj sednici Ministarskog saveta Energetske zajednice 17. decembra 2020. godine, predvi\u0111en je plan za uvo\u0111enje novih obaveza koje bi obuhvatile Op\u0161te smernice o ciljevima za 2030. godinu i klimatsku neutralnost radi uskla\u0111ivanja dr\u017eava \u010dlanica Energetske zajednice sa postavljenim ciljevima na polju smanjenja \u0161tetnih emisija.<\/p>\n<p>Jo\u0161 jedan vrlo bitan instrument je <a href=\"http:\/\/www.pregovarackagrupa27.gov.rs\/?wpfb_dl=172\">Sofijska deklaracija o Zelenoj agendi za Zapadni Balkan<\/a>. Potpisivanjem ovog dokumenta 10. novembra 2020. godine, dr\u017eave potpisnice su se obavezale da vredno rade na tome da Evropa bude klimatski neutralna do 2050. godine. Dr\u017eave potpisnice su se obavezale da pla\u0107aju takse na emisiju ugljenika i uskla\u0111ivanje sa planom EU za trgovinu dozvolama za emisije. Upravo smo svedo\u010dili kraju tre\u0107e faze sprovo\u0111enja koja je trajala do kraja 2020. godine, a nova faza \u0107e biti finalizovana 2030. godine. Potpuno dostizanje ciljeva ovom \u0161emom je previ\u0111eno do 2050. godine.<\/p>\n<p>Pored ovoga, Srbija primenjuje i Smernice za implementaciju Zelene agende za Zapadni Balkan (<em>Guidelines for the Implementation of the Green Agenda for the Western Balkans<\/em>). Cilj ovih Smernica jeste smanjenje emisija za 55%, pri \u010demu su zvani\u010dnici Srbije istakli da \u0107e do 2030. godne emisija gasova biti smanjena za od 33,3%, pa mo\u017eemo zaklju\u010diti da je <strong><em>Srbija posve\u0107ena postepenom ostvarivanju navedenih ciljeva<\/em><\/strong>.<\/p>\n<p>Ovom prilikom posve\u0107ujemo pa\u017enju i Mehanizmu za prekograni\u010dno prilago\u0111avanje ugljenika (<em>Carbon Border Adjustment Mechanism \u2013 CBAM<\/em>). EU je ulo\u017eila zna\u010dajne napore da do 2050. godine postane klimatski neutralna. Ovi napori bi mogli biti ugro\u017eeni prebacivanjem industrije sa vi\u0161im stepenom emisije GHG u zemlje \u010diji propisi su manje strogi u pogledu granica tih emisija. U tom slu\u010daju emisija GHG na globalnom nivou ne bi bila redukovana. Iz navedenih razloga, EU je pokrenula inicijativu za uspostavljanje mehanizma pomo\u0107u kojeg bi ovaj problem re\u0161ila \u2013 <em>EU Green Deal (Carbon Border Adjustment Mechanism)<\/em>.<\/p>\n<h2><strong>Na koja pravila bi trebalo da ra\u010dunamo?<\/strong><\/h2>\n<p>Za razliku od Sporazuma iz Pariza, Zakon ne govori izri\u010dito o kvalitativnim ciljevima ograni\u010denjima emisije koji bi, u konkretnom slu\u010daju, Srbija trebalo da postigne.<\/p>\n<p>To \u0107e biti jedan od zadataka Strategije niskougljeni\u010dnog razvoja (\u201e<strong>Strategija<\/strong>\u201c), koja \u0107e biti doneta za period od najmanje 10 godina. Strategija \u0107e sadr\u017eati razli\u010dite pravce niskougljeni\u010dnog razvoja, koji \u0107e biti obra\u0111eni kroz op\u0161te i posebne ciljeve koji se \u017eele posti\u0107i, mere koje su neophodne za dostizanje ciljeva i procene benefita i tro\u0161kova pravaca niskougljeni\u010dnog razvoja.<\/p>\n<p>Za sada, politike i mere koje Zakon predvi\u0111a su:<\/p>\n<ul>\n<li><strong>Mehanizam \u010distog razvoja.<\/strong> Vlada Srbije \u0107e propisati kriterijume i na\u010din odobravanja programa i projekata koji \u0107e se realizovati u okviru Mehanizma \u010distog razvoja, koji je preuzet iz Zakona o za\u0161titi vazduha. Mehanizmom \u010distog razvoja ne\u0107e biti obuhva\u0107eni kapitalni projekti.<\/li>\n<li><strong>Dostupnost podataka u vezi sa ekonomi\u010dnosti potro\u0161nje goriva i emisijama ugljen-dioksida u vezi sa prodajom novih putni\u010dkih vozila.<\/strong> Obuhvata vi\u0161e kategorija obaveza. Tako, prodavac novog vozila \u0107e biti du\u017ean da na prodajnom mestu na vidljiv na\u010din postavi oznaku o ekonomi\u010dnosti potro\u0161nje goriva i nivou emisije ugljen-dioksida za izlo\u017eeno vozilo. Propisane su i obaveze za dobavlja\u010de, koji \u0107e biti biti u obavezi da \u0161alju listu modela svih novih vozila Agenciji za bezbednost saobra\u0107aja.<\/li>\n<li><strong>Pra\u0107enje i izve\u0161tavanje o emisijama GHG iz postrojenja i vazduhoplova<\/strong>. Zakon predvi\u0111a da \u0107e operator postrojenja biti du\u017ean da pribavi dozvolu za emisiju GHG pre po\u010detka rada postrojenja. Drugo, bi\u0107e du\u017ean i da dostavi plan monitoringa Ministarstvu za\u0161tite \u017eivotne sredine, koji obuhvata detaljne i transparentne podatke o metodologiji pra\u0107enja emisije GHG. Identi\u010dnu obavezu \u0107e imati i operator vazduhoplova.<\/li>\n<\/ul>\n<h2><strong>Zaklju\u010dak<\/strong><\/h2>\n<p>Konkretne promene i punu implementaciju Zakona mo\u017eemo o\u010dekivati usvajanjem Strategije, Akcionog plana i Programa prilago\u0111avanja na izmenjene klimatske uslove.<\/p>\n<p>Usvajanjem Zakona, Srbija je potvrdila nedvosmislenu opredeljenost za dalji ekonomski rast na osnovu smanjenja emisija GHG. Ekonomski rast i investicije uz smanjenje emisija GHG \u0107e vrlo brzo postati zahtev me\u0111unarodnog tr\u017ei\u0161ta. Ispunjenjem obaveza preuzetih me\u0111unarodnim sporazumima i prelaskom na zelenu i cirkularnu ekonomiju, Srbija \u0107e dugoro\u010dno posti\u0107i i ve\u0107u konkurentnost privrede.<\/p>\n","protected":false},"excerpt":{"rendered":"<p>Poslanici Skup\u0161tine Republike Srbije su na sednici 18. marta usvojili Zakon o klimatskim promenama (\u201eZakon\u201c). Kako je navela ministarka za\u0161tite \u017eivotne sredine Irena Vujovi\u0107, \u201eovim zakonom potvr\u0111eno je da su pitanja iz oblasti za\u0161tite \u017eivotne sredine i klimatskih promena kona\u010dno dobila zaslu\u017eeno mesto u Vladi Srbije i da se nalaze visoko na lestvici prioriteta\u201c. Osnovni cilj je svakako smanjenje emisije gasova staklene ba\u0161te, budu\u0107i da ubrzan razvoj tehnologije i me\u0111unarodne trgovine, dovode do toga da zaga\u0111uju\u0107e \u010destice, pre svega, gasovi staklene ba\u0161te (eng. Greenhouse Gasses \u2013 \u201eGHG\u201c), predstavljaju globalni problem. Duga istorija propisa o spre\u010davanju klimatskih promena Problem, ali i [&hellip;]<\/p>\n","protected":false},"author":21,"featured_media":18047,"comment_status":"closed","ping_status":"open","sticky":false,"template":"","format":"standard","meta":{"om_disable_all_campaigns":false,"footnotes":""},"categories":[1201,1824],"tags":[469,1005,1001,1825,1531,1524,1530],"class_list":["post-18051","post","type-post","status-publish","format-standard","has-post-thumbnail","hentry","category-pravo-evropske-unije","category-eu-law-sr","tag-gecic-law-firm-serbia-sr","tag-energetska-zajednica","tag-energy-community-sr","tag-eu-law-sr","tag-gasovi-staklene-baste","tag-narodna-skupstina-republike-srbije","tag-zakon-o-klimatskim-promenama"],"acf":[],"yoast_head":"<!-- This site is optimized with the Yoast SEO plugin v25.5 - https:\/\/yoast.com\/wordpress\/plugins\/seo\/ -->\n<title>Zakon o klimatskim promenama \u2013 \u0161ta mo\u017eemo da o\u010dekujemo? | Geci\u0107 Law<\/title>\n<meta name=\"description\" content=\"Poslanici Skup\u0161tine Republike Srbije su usvojili Zakon o klimatskim promenama, \u010diji je osnovni cilj smanjenje emisije gasova staklene ba\u0161te\" \/>\n<meta name=\"robots\" content=\"index, follow, max-snippet:-1, max-image-preview:large, max-video-preview:-1\" \/>\n<link rel=\"canonical\" href=\"https:\/\/www.geciclaw.com\/sr\/zakon-o-klimatskim-promenama-srbija\/\" \/>\n<meta property=\"og:locale\" content=\"sr_RS\" \/>\n<meta property=\"og:type\" content=\"article\" \/>\n<meta property=\"og:title\" content=\"Zakon o klimatskim promenama \u2013 \u0161ta mo\u017eemo da o\u010dekujemo? | Geci\u0107 Law\" \/>\n<meta property=\"og:description\" content=\"Poslanici Skup\u0161tine Republike Srbije su usvojili Zakon o klimatskim promenama, \u010diji je osnovni cilj smanjenje emisije gasova staklene ba\u0161te\" \/>\n<meta property=\"og:url\" content=\"https:\/\/www.geciclaw.com\/sr\/zakon-o-klimatskim-promenama-srbija\/\" \/>\n<meta property=\"og:site_name\" content=\"Geci\u0107 Law\" \/>\n<meta property=\"article:published_time\" content=\"2021-04-20T08:00:19+00:00\" \/>\n<meta property=\"article:modified_time\" content=\"2025-07-28T14:14:45+00:00\" \/>\n<meta property=\"og:image\" content=\"https:\/\/www.geciclaw.com\/wp-content\/uploads\/2021\/04\/climatechange.jpg\" \/>\n\t<meta property=\"og:image:width\" content=\"1920\" \/>\n\t<meta property=\"og:image:height\" content=\"1359\" \/>\n\t<meta property=\"og:image:type\" content=\"image\/jpeg\" \/>\n<meta name=\"author\" content=\"Ivan Eftimov\" \/>\n<meta name=\"twitter:card\" content=\"summary_large_image\" \/>\n<meta name=\"twitter:label1\" content=\"Napisano od\" \/>\n\t<meta name=\"twitter:data1\" content=\"Ivan Eftimov\" \/>\n\t<meta name=\"twitter:label2\" content=\"Procenjeno vreme \u010ditanja\" \/>\n\t<meta name=\"twitter:data2\" content=\"5 minuta\" \/>\n<script type=\"application\/ld+json\" class=\"yoast-schema-graph\">{\"@context\":\"https:\/\/schema.org\",\"@graph\":[{\"@type\":\"Article\",\"@id\":\"https:\/\/www.geciclaw.com\/sr\/zakon-o-klimatskim-promenama-srbija\/#article\",\"isPartOf\":{\"@id\":\"https:\/\/www.geciclaw.com\/sr\/zakon-o-klimatskim-promenama-srbija\/\"},\"author\":{\"name\":\"Ivan Eftimov\",\"@id\":\"https:\/\/www.geciclaw.com\/#\/schema\/person\/f2133a67125e7057bc0c58435c3532f9\"},\"headline\":\"Zakon o klimatskim promenama \u2013 \u0161ta mo\u017eemo da o\u010dekujemo?\",\"datePublished\":\"2021-04-20T08:00:19+00:00\",\"dateModified\":\"2025-07-28T14:14:45+00:00\",\"mainEntityOfPage\":{\"@id\":\"https:\/\/www.geciclaw.com\/sr\/zakon-o-klimatskim-promenama-srbija\/\"},\"wordCount\":1122,\"publisher\":{\"@id\":\"https:\/\/www.geciclaw.com\/#organization\"},\"image\":{\"@id\":\"https:\/\/www.geciclaw.com\/sr\/zakon-o-klimatskim-promenama-srbija\/#primaryimage\"},\"thumbnailUrl\":\"https:\/\/www.geciclaw.com\/wp-content\/uploads\/2021\/04\/climatechange.jpg\",\"keywords\":[\"Advokatska kancelarija Geci\u0107 Law\",\"Energetska zajednica\",\"Energy Community\",\"EU Law\",\"gasovi staklene ba\u0161te\",\"Narodna skup\u0161tina Republike Srbije\",\"Zakon o klimatskim promenama\"],\"articleSection\":[\"Pravo Evropske unije\",\"EU Law\"],\"inLanguage\":\"sr-RS\"},{\"@type\":\"WebPage\",\"@id\":\"https:\/\/www.geciclaw.com\/sr\/zakon-o-klimatskim-promenama-srbija\/\",\"url\":\"https:\/\/www.geciclaw.com\/sr\/zakon-o-klimatskim-promenama-srbija\/\",\"name\":\"Zakon o klimatskim promenama \u2013 \u0161ta mo\u017eemo da o\u010dekujemo? | Geci\u0107 Law\",\"isPartOf\":{\"@id\":\"https:\/\/www.geciclaw.com\/#website\"},\"primaryImageOfPage\":{\"@id\":\"https:\/\/www.geciclaw.com\/sr\/zakon-o-klimatskim-promenama-srbija\/#primaryimage\"},\"image\":{\"@id\":\"https:\/\/www.geciclaw.com\/sr\/zakon-o-klimatskim-promenama-srbija\/#primaryimage\"},\"thumbnailUrl\":\"https:\/\/www.geciclaw.com\/wp-content\/uploads\/2021\/04\/climatechange.jpg\",\"datePublished\":\"2021-04-20T08:00:19+00:00\",\"dateModified\":\"2025-07-28T14:14:45+00:00\",\"description\":\"Poslanici Skup\u0161tine Republike Srbije su usvojili Zakon o klimatskim promenama, \u010diji je osnovni cilj smanjenje emisije gasova staklene ba\u0161te\",\"breadcrumb\":{\"@id\":\"https:\/\/www.geciclaw.com\/sr\/zakon-o-klimatskim-promenama-srbija\/#breadcrumb\"},\"inLanguage\":\"sr-RS\",\"potentialAction\":[{\"@type\":\"ReadAction\",\"target\":[\"https:\/\/www.geciclaw.com\/sr\/zakon-o-klimatskim-promenama-srbija\/\"]}]},{\"@type\":\"ImageObject\",\"inLanguage\":\"sr-RS\",\"@id\":\"https:\/\/www.geciclaw.com\/sr\/zakon-o-klimatskim-promenama-srbija\/#primaryimage\",\"url\":\"https:\/\/www.geciclaw.com\/wp-content\/uploads\/2021\/04\/climatechange.jpg\",\"contentUrl\":\"https:\/\/www.geciclaw.com\/wp-content\/uploads\/2021\/04\/climatechange.jpg\",\"width\":1920,\"height\":1359},{\"@type\":\"BreadcrumbList\",\"@id\":\"https:\/\/www.geciclaw.com\/sr\/zakon-o-klimatskim-promenama-srbija\/#breadcrumb\",\"itemListElement\":[{\"@type\":\"ListItem\",\"position\":1,\"name\":\"Home\",\"item\":\"https:\/\/www.geciclaw.com\/sr\/\"},{\"@type\":\"ListItem\",\"position\":2,\"name\":\"Zakon o klimatskim promenama \u2013 \u0161ta mo\u017eemo da o\u010dekujemo?\"}]},{\"@type\":\"WebSite\",\"@id\":\"https:\/\/www.geciclaw.com\/#website\",\"url\":\"https:\/\/www.geciclaw.com\/\",\"name\":\"Geci\u0107 Law\",\"description\":\"Advokatska kancelarija\",\"publisher\":{\"@id\":\"https:\/\/www.geciclaw.com\/#organization\"},\"potentialAction\":[{\"@type\":\"SearchAction\",\"target\":{\"@type\":\"EntryPoint\",\"urlTemplate\":\"https:\/\/www.geciclaw.com\/?s={search_term_string}\"},\"query-input\":{\"@type\":\"PropertyValueSpecification\",\"valueRequired\":true,\"valueName\":\"search_term_string\"}}],\"inLanguage\":\"sr-RS\"},{\"@type\":\"Organization\",\"@id\":\"https:\/\/www.geciclaw.com\/#organization\",\"name\":\"Geci\u0107 Law\",\"url\":\"https:\/\/www.geciclaw.com\/\",\"logo\":{\"@type\":\"ImageObject\",\"inLanguage\":\"sr-RS\",\"@id\":\"https:\/\/www.geciclaw.com\/#\/schema\/logo\/image\/\",\"url\":\"https:\/\/geciclaw.com\/wp-content\/uploads\/2021\/10\/1.png\",\"contentUrl\":\"https:\/\/geciclaw.com\/wp-content\/uploads\/2021\/10\/1.png\",\"width\":1000,\"height\":409,\"caption\":\"Geci\u0107 Law\"},\"image\":{\"@id\":\"https:\/\/www.geciclaw.com\/#\/schema\/logo\/image\/\"}},{\"@type\":\"Person\",\"@id\":\"https:\/\/www.geciclaw.com\/#\/schema\/person\/f2133a67125e7057bc0c58435c3532f9\",\"name\":\"Ivan Eftimov\",\"image\":{\"@type\":\"ImageObject\",\"inLanguage\":\"sr-RS\",\"@id\":\"https:\/\/www.geciclaw.com\/#\/schema\/person\/image\/\",\"url\":\"https:\/\/secure.gravatar.com\/avatar\/b01054f24d3bbb4ef412bfacaf71306f068c8e1fab4435328367c58bf6ab606b?s=96&d=mm&r=g\",\"contentUrl\":\"https:\/\/secure.gravatar.com\/avatar\/b01054f24d3bbb4ef412bfacaf71306f068c8e1fab4435328367c58bf6ab606b?s=96&d=mm&r=g\",\"caption\":\"Ivan Eftimov\"},\"url\":\"https:\/\/www.geciclaw.com\/sr\/author\/vanja\/\"}]}<\/script>\n<!-- \/ Yoast SEO plugin. -->","yoast_head_json":{"title":"Zakon o klimatskim promenama \u2013 \u0161ta mo\u017eemo da o\u010dekujemo? | Geci\u0107 Law","description":"Poslanici Skup\u0161tine Republike Srbije su usvojili Zakon o klimatskim promenama, \u010diji je osnovni cilj smanjenje emisije gasova staklene ba\u0161te","robots":{"index":"index","follow":"follow","max-snippet":"max-snippet:-1","max-image-preview":"max-image-preview:large","max-video-preview":"max-video-preview:-1"},"canonical":"https:\/\/www.geciclaw.com\/sr\/zakon-o-klimatskim-promenama-srbija\/","og_locale":"sr_RS","og_type":"article","og_title":"Zakon o klimatskim promenama \u2013 \u0161ta mo\u017eemo da o\u010dekujemo? | Geci\u0107 Law","og_description":"Poslanici Skup\u0161tine Republike Srbije su usvojili Zakon o klimatskim promenama, \u010diji je osnovni cilj smanjenje emisije gasova staklene ba\u0161te","og_url":"https:\/\/www.geciclaw.com\/sr\/zakon-o-klimatskim-promenama-srbija\/","og_site_name":"Geci\u0107 Law","article_published_time":"2021-04-20T08:00:19+00:00","article_modified_time":"2025-07-28T14:14:45+00:00","og_image":[{"width":1920,"height":1359,"url":"https:\/\/www.geciclaw.com\/wp-content\/uploads\/2021\/04\/climatechange.jpg","type":"image\/jpeg"}],"author":"Ivan Eftimov","twitter_card":"summary_large_image","twitter_misc":{"Napisano od":"Ivan Eftimov","Procenjeno vreme \u010ditanja":"5 minuta"},"schema":{"@context":"https:\/\/schema.org","@graph":[{"@type":"Article","@id":"https:\/\/www.geciclaw.com\/sr\/zakon-o-klimatskim-promenama-srbija\/#article","isPartOf":{"@id":"https:\/\/www.geciclaw.com\/sr\/zakon-o-klimatskim-promenama-srbija\/"},"author":{"name":"Ivan Eftimov","@id":"https:\/\/www.geciclaw.com\/#\/schema\/person\/f2133a67125e7057bc0c58435c3532f9"},"headline":"Zakon o klimatskim promenama \u2013 \u0161ta mo\u017eemo da o\u010dekujemo?","datePublished":"2021-04-20T08:00:19+00:00","dateModified":"2025-07-28T14:14:45+00:00","mainEntityOfPage":{"@id":"https:\/\/www.geciclaw.com\/sr\/zakon-o-klimatskim-promenama-srbija\/"},"wordCount":1122,"publisher":{"@id":"https:\/\/www.geciclaw.com\/#organization"},"image":{"@id":"https:\/\/www.geciclaw.com\/sr\/zakon-o-klimatskim-promenama-srbija\/#primaryimage"},"thumbnailUrl":"https:\/\/www.geciclaw.com\/wp-content\/uploads\/2021\/04\/climatechange.jpg","keywords":["Advokatska kancelarija Geci\u0107 Law","Energetska zajednica","Energy Community","EU Law","gasovi staklene ba\u0161te","Narodna skup\u0161tina Republike Srbije","Zakon o klimatskim promenama"],"articleSection":["Pravo Evropske unije","EU Law"],"inLanguage":"sr-RS"},{"@type":"WebPage","@id":"https:\/\/www.geciclaw.com\/sr\/zakon-o-klimatskim-promenama-srbija\/","url":"https:\/\/www.geciclaw.com\/sr\/zakon-o-klimatskim-promenama-srbija\/","name":"Zakon o klimatskim promenama \u2013 \u0161ta mo\u017eemo da o\u010dekujemo? | Geci\u0107 Law","isPartOf":{"@id":"https:\/\/www.geciclaw.com\/#website"},"primaryImageOfPage":{"@id":"https:\/\/www.geciclaw.com\/sr\/zakon-o-klimatskim-promenama-srbija\/#primaryimage"},"image":{"@id":"https:\/\/www.geciclaw.com\/sr\/zakon-o-klimatskim-promenama-srbija\/#primaryimage"},"thumbnailUrl":"https:\/\/www.geciclaw.com\/wp-content\/uploads\/2021\/04\/climatechange.jpg","datePublished":"2021-04-20T08:00:19+00:00","dateModified":"2025-07-28T14:14:45+00:00","description":"Poslanici Skup\u0161tine Republike Srbije su usvojili Zakon o klimatskim promenama, \u010diji je osnovni cilj smanjenje emisije gasova staklene ba\u0161te","breadcrumb":{"@id":"https:\/\/www.geciclaw.com\/sr\/zakon-o-klimatskim-promenama-srbija\/#breadcrumb"},"inLanguage":"sr-RS","potentialAction":[{"@type":"ReadAction","target":["https:\/\/www.geciclaw.com\/sr\/zakon-o-klimatskim-promenama-srbija\/"]}]},{"@type":"ImageObject","inLanguage":"sr-RS","@id":"https:\/\/www.geciclaw.com\/sr\/zakon-o-klimatskim-promenama-srbija\/#primaryimage","url":"https:\/\/www.geciclaw.com\/wp-content\/uploads\/2021\/04\/climatechange.jpg","contentUrl":"https:\/\/www.geciclaw.com\/wp-content\/uploads\/2021\/04\/climatechange.jpg","width":1920,"height":1359},{"@type":"BreadcrumbList","@id":"https:\/\/www.geciclaw.com\/sr\/zakon-o-klimatskim-promenama-srbija\/#breadcrumb","itemListElement":[{"@type":"ListItem","position":1,"name":"Home","item":"https:\/\/www.geciclaw.com\/sr\/"},{"@type":"ListItem","position":2,"name":"Zakon o klimatskim promenama \u2013 \u0161ta mo\u017eemo da o\u010dekujemo?"}]},{"@type":"WebSite","@id":"https:\/\/www.geciclaw.com\/#website","url":"https:\/\/www.geciclaw.com\/","name":"Geci\u0107 Law","description":"Advokatska kancelarija","publisher":{"@id":"https:\/\/www.geciclaw.com\/#organization"},"potentialAction":[{"@type":"SearchAction","target":{"@type":"EntryPoint","urlTemplate":"https:\/\/www.geciclaw.com\/?s={search_term_string}"},"query-input":{"@type":"PropertyValueSpecification","valueRequired":true,"valueName":"search_term_string"}}],"inLanguage":"sr-RS"},{"@type":"Organization","@id":"https:\/\/www.geciclaw.com\/#organization","name":"Geci\u0107 Law","url":"https:\/\/www.geciclaw.com\/","logo":{"@type":"ImageObject","inLanguage":"sr-RS","@id":"https:\/\/www.geciclaw.com\/#\/schema\/logo\/image\/","url":"https:\/\/geciclaw.com\/wp-content\/uploads\/2021\/10\/1.png","contentUrl":"https:\/\/geciclaw.com\/wp-content\/uploads\/2021\/10\/1.png","width":1000,"height":409,"caption":"Geci\u0107 Law"},"image":{"@id":"https:\/\/www.geciclaw.com\/#\/schema\/logo\/image\/"}},{"@type":"Person","@id":"https:\/\/www.geciclaw.com\/#\/schema\/person\/f2133a67125e7057bc0c58435c3532f9","name":"Ivan Eftimov","image":{"@type":"ImageObject","inLanguage":"sr-RS","@id":"https:\/\/www.geciclaw.com\/#\/schema\/person\/image\/","url":"https:\/\/secure.gravatar.com\/avatar\/b01054f24d3bbb4ef412bfacaf71306f068c8e1fab4435328367c58bf6ab606b?s=96&d=mm&r=g","contentUrl":"https:\/\/secure.gravatar.com\/avatar\/b01054f24d3bbb4ef412bfacaf71306f068c8e1fab4435328367c58bf6ab606b?s=96&d=mm&r=g","caption":"Ivan Eftimov"},"url":"https:\/\/www.geciclaw.com\/sr\/author\/vanja\/"}]}},"_links":{"self":[{"href":"https:\/\/www.geciclaw.com\/sr\/wp-json\/wp\/v2\/posts\/18051","targetHints":{"allow":["GET"]}}],"collection":[{"href":"https:\/\/www.geciclaw.com\/sr\/wp-json\/wp\/v2\/posts"}],"about":[{"href":"https:\/\/www.geciclaw.com\/sr\/wp-json\/wp\/v2\/types\/post"}],"author":[{"embeddable":true,"href":"https:\/\/www.geciclaw.com\/sr\/wp-json\/wp\/v2\/users\/21"}],"replies":[{"embeddable":true,"href":"https:\/\/www.geciclaw.com\/sr\/wp-json\/wp\/v2\/comments?post=18051"}],"version-history":[{"count":4,"href":"https:\/\/www.geciclaw.com\/sr\/wp-json\/wp\/v2\/posts\/18051\/revisions"}],"predecessor-version":[{"id":47239,"href":"https:\/\/www.geciclaw.com\/sr\/wp-json\/wp\/v2\/posts\/18051\/revisions\/47239"}],"wp:featuredmedia":[{"embeddable":true,"href":"https:\/\/www.geciclaw.com\/sr\/wp-json\/wp\/v2\/media\/18047"}],"wp:attachment":[{"href":"https:\/\/www.geciclaw.com\/sr\/wp-json\/wp\/v2\/media?parent=18051"}],"wp:term":[{"taxonomy":"category","embeddable":true,"href":"https:\/\/www.geciclaw.com\/sr\/wp-json\/wp\/v2\/categories?post=18051"},{"taxonomy":"post_tag","embeddable":true,"href":"https:\/\/www.geciclaw.com\/sr\/wp-json\/wp\/v2\/tags?post=18051"}],"curies":[{"name":"wp","href":"https:\/\/api.w.org\/{rel}","templated":true}]}}