{"id":19423,"date":"2021-11-22T18:30:14","date_gmt":"2021-11-22T17:30:14","guid":{"rendered":"https:\/\/geciclaw.com\/?p=19423"},"modified":"2023-03-20T10:16:46","modified_gmt":"2023-03-20T09:16:46","slug":"panel-o-esg-csr-forum","status":"publish","type":"post","link":"https:\/\/www.geciclaw.com\/sr\/panel-o-esg-csr-forum\/","title":{"rendered":"Na\u0161i advokati govorili o odr\u017eivosti na CSR Forumu"},"content":{"rendered":"<p>Stru\u010dnjaci za odr\u017eivost advokatske kancelarije Geci\u0107 Law u\u010destvovali su na dva dogadjaja na CSR Forumu koji organizuju F<a href=\"https:\/\/odgovornoposlovanje.rs\/\">orum za odgovorno poslovanje<\/a>\u00a0 (<strong>\u201eFOP\u201c<\/strong>) i Smart kolektiv.<\/p>\n<p>Geci\u0107 Law je zajedno sa FOP-om\u00a0u ponedeljak, 22. novembra organizovao panel diskusiju u okviru CSR Foruma na temu \u201eStrategijom do odr\u017eivosti \u2013 od CSR-a do ESG politika\u201c.<\/p>\n<p>Moderator panela bio je na\u0161 partner i i rukovodilac sektora korporativnog prava\/spajanja i preuzimanja\u00a0<a href=\"https:\/\/www.geciclaw.com\/sr\/colic-ognjen\/\">Ognjen Coli\u0107<\/a>, a na panelu su govorili i Sonja Konakov Svir\u010dev, samostalni stru\u010dni saradnik za dru\u0161tveno odgovorno poslovanje, <a href=\"https:\/\/www.erstebank.rs\/sr\/Stanovnistvo\">Erste Banka<\/a>; Milenko Ribi\u0107, menad\u017eer operacija, <a href=\"https:\/\/www.nelt.com\/\">Nelt<\/a>; Milica Stevanovi\u0107, CSR menad\u017eer, <a href=\"https:\/\/www.lidl.rs\/\">Lidl Srbija<\/a>; Neven Marinovi\u0107, izvr\u0161ni direktor ; i Nemanja Sladakovi\u0107, saradnik u Geci\u0107 Law. Panelisti su govorili o va\u017enosti odr\u017eivog poslovanja i uskla\u0111ivanju ustanovljenih pravila dru\u0161tvene odgovornosti sa sve obaveznijim <a href=\"https:\/\/geciclaw.com\/sr\/practices\/esg\/\">ESG<\/a> politikama, daju\u0107i primere iz prakse svojih kompanija.<\/p>\n<p>Pored toga, Advokat kancelarije Geci\u0107 Law, <a href=\"https:\/\/geciclaw.com\/sr\/ivana-stojanovic\/\">Ivana Stojanovic\u0301 Rai\u0161ic\u0301<\/a>, govorila je u \u010detvrtak na skupu pod nazivom \u201eZelena tranzicija \u2013 Ciljevi odr\u017eivog razvoja u oblasti za\u0161tite \u017eivotne sredine\u201c, u saradnji sa Globalnim dogovorom u Srbiji, tokom \u010detvrtog dana CSR Foruma.<\/p>\n<p>Ivana je dala pregled pravnog okvira za ekolo\u0161ku agendu u EU i govorila o ciljevima koje je EU postavila u okviru Evropskog zelenog dogovora, uklju\u010dujuc\u0301i konkretne mere koje on podrazumeva. Ivana je tako\u0111e dala pregled pravnog okvira u oblasti za\u0161tite \u017eivotne sredine u Srbiji, uklju\u010dujuc\u0301i i re\u0161enja novog Zakona o klimatskim promenama, koji je izraz nastojanja zemlje da se pridru\u017ei EU u okviru procesa pristupanja.<\/p>\n<p>FOP organizuje CSR Forum od 2010. godine i do sada ga je posetilo vi\u0161e od 800 ljudi, a me\u0111u govornicima na konferenciji bili su i neki od najpoznatijih svetskih stru\u010dnjaka u oblasti dru\u0161tveno odgovornog poslovanja. Geci\u0107 Law je jedina advokatska kancelarija koja je <a href=\"https:\/\/geciclaw.com\/sr\/gecic-law-clan-foruma-za-odgovorno-poslovanje\/\">\u010dlanica<\/a> FOP-a i prva nezavisna advokatska kancelarija u Srbiji koja je uvela <a href=\"https:\/\/geciclaw.com\/sr\/usluge-u-oblasti-esg\/\">pravnu oblast ESG<\/a> u svoje poslovanje.<\/p>\n<p>CSR Forum \u0107e trajati od 22. do 26. novembra. Svi zainteresovani se mogu registrovati ovde.<\/p>\n<p>&nbsp;<\/p>\n","protected":false},"excerpt":{"rendered":"<p>Stru\u010dnjaci za odr\u017eivost advokatske kancelarije Geci\u0107 Law u\u010destvovali su na dva dogadjaja na CSR Forumu koji organizuju Forum za odgovorno poslovanje\u00a0 (\u201eFOP\u201c) i Smart kolektiv. Geci\u0107 Law je zajedno sa FOP-om\u00a0u ponedeljak, 22. novembra organizovao panel diskusiju u okviru CSR Foruma na temu \u201eStrategijom do odr\u017eivosti \u2013 od CSR-a do ESG politika\u201c. Moderator panela bio je na\u0161 partner i i rukovodilac sektora korporativnog prava\/spajanja i preuzimanja\u00a0Ognjen Coli\u0107, a na panelu su govorili i Sonja Konakov Svir\u010dev, samostalni stru\u010dni saradnik za dru\u0161tveno odgovorno poslovanje, Erste Banka; Milenko Ribi\u0107, menad\u017eer operacija, Nelt; Milica Stevanovi\u0107, CSR menad\u017eer, Lidl Srbija; Neven Marinovi\u0107, izvr\u0161ni direktor [&hellip;]<\/p>\n","protected":false},"author":21,"featured_media":19421,"comment_status":"closed","ping_status":"open","sticky":false,"template":"","format":"standard","meta":{"om_disable_all_campaigns":false,"footnotes":""},"categories":[967,1536,1540,1560,1716,1760,1827],"tags":[469,1778,1587],"class_list":["post-19423","post","type-post","status-publish","format-standard","has-post-thumbnail","hentry","category-korporativno-pravo","category-pravo-eu-trgovina-prosirenje","category-radno-pravo","category-vesti","category-zastita-zivotne-sredine","category-esg","category-finance-sr","tag-gecic-law-firm-serbia-sr","tag-esg-sr","tag-ognjen-colic-sr"],"acf":[],"yoast_head":"<!-- This site is optimized with the Yoast SEO plugin v25.5 - https:\/\/yoast.com\/wordpress\/plugins\/seo\/ -->\n<title>Na\u0161i advokati govorili o odr\u017eivosti na CSR Forumu | Geci\u0107 Law<\/title>\n<meta name=\"description\" content=\"Geci\u0107 Law je zajedno sa Forumom za odgovorno poslovanje organizovao panel diskusiju na temu \u201eStrategijom do odr\u017eivosti \u2013 od CSR-a do ESG...\" \/>\n<meta name=\"robots\" content=\"index, follow, max-snippet:-1, max-image-preview:large, max-video-preview:-1\" \/>\n<link rel=\"canonical\" href=\"https:\/\/www.geciclaw.com\/sr\/panel-o-esg-csr-forum\/\" \/>\n<meta property=\"og:locale\" content=\"sr_RS\" \/>\n<meta property=\"og:type\" content=\"article\" \/>\n<meta property=\"og:title\" content=\"Na\u0161i advokati govorili o odr\u017eivosti na CSR Forumu | Geci\u0107 Law\" \/>\n<meta property=\"og:description\" content=\"Geci\u0107 Law je zajedno sa Forumom za odgovorno poslovanje organizovao panel diskusiju na temu \u201eStrategijom do odr\u017eivosti \u2013 od CSR-a do ESG...\" \/>\n<meta property=\"og:url\" content=\"https:\/\/www.geciclaw.com\/sr\/panel-o-esg-csr-forum\/\" \/>\n<meta property=\"og:site_name\" content=\"Geci\u0107 Law\" \/>\n<meta property=\"article:published_time\" content=\"2021-11-22T17:30:14+00:00\" \/>\n<meta property=\"article:modified_time\" content=\"2023-03-20T09:16:46+00:00\" \/>\n<meta property=\"og:image\" content=\"https:\/\/www.geciclaw.com\/wp-content\/uploads\/2021\/11\/Article-template-27.png\" \/>\n\t<meta property=\"og:image:width\" content=\"770\" \/>\n\t<meta property=\"og:image:height\" content=\"421\" \/>\n\t<meta property=\"og:image:type\" content=\"image\/png\" \/>\n<meta name=\"author\" content=\"Ivan Eftimov\" \/>\n<meta name=\"twitter:card\" content=\"summary_large_image\" \/>\n<meta name=\"twitter:label1\" content=\"Napisano od\" \/>\n\t<meta name=\"twitter:data1\" content=\"Ivan Eftimov\" \/>\n\t<meta name=\"twitter:label2\" content=\"Procenjeno vreme \u010ditanja\" \/>\n\t<meta name=\"twitter:data2\" content=\"2 minuta\" \/>\n<script type=\"application\/ld+json\" class=\"yoast-schema-graph\">{\"@context\":\"https:\/\/schema.org\",\"@graph\":[{\"@type\":\"Article\",\"@id\":\"https:\/\/www.geciclaw.com\/sr\/panel-o-esg-csr-forum\/#article\",\"isPartOf\":{\"@id\":\"https:\/\/www.geciclaw.com\/sr\/panel-o-esg-csr-forum\/\"},\"author\":{\"name\":\"Ivan Eftimov\",\"@id\":\"https:\/\/www.geciclaw.com\/#\/schema\/person\/f2133a67125e7057bc0c58435c3532f9\"},\"headline\":\"Na\u0161i advokati govorili o odr\u017eivosti na CSR Forumu\",\"datePublished\":\"2021-11-22T17:30:14+00:00\",\"dateModified\":\"2023-03-20T09:16:46+00:00\",\"mainEntityOfPage\":{\"@id\":\"https:\/\/www.geciclaw.com\/sr\/panel-o-esg-csr-forum\/\"},\"wordCount\":350,\"publisher\":{\"@id\":\"https:\/\/www.geciclaw.com\/#organization\"},\"image\":{\"@id\":\"https:\/\/www.geciclaw.com\/sr\/panel-o-esg-csr-forum\/#primaryimage\"},\"thumbnailUrl\":\"https:\/\/www.geciclaw.com\/wp-content\/uploads\/2021\/11\/Article-template-27.png\",\"keywords\":[\"Advokatska kancelarija Geci\u0107 Law\",\"ESG\",\"Ognjen Coli\u0107\"],\"articleSection\":[\"Korporativno pravo\",\"Pravo EU, trgovina i pro\u0161irenje\",\"Radno pravo\",\"Vesti\",\"Za\u0161tita \u017eivotne sredine\",\"ESG\",\"Finance\"],\"inLanguage\":\"sr-RS\"},{\"@type\":\"WebPage\",\"@id\":\"https:\/\/www.geciclaw.com\/sr\/panel-o-esg-csr-forum\/\",\"url\":\"https:\/\/www.geciclaw.com\/sr\/panel-o-esg-csr-forum\/\",\"name\":\"Na\u0161i advokati govorili o odr\u017eivosti na CSR Forumu | Geci\u0107 Law\",\"isPartOf\":{\"@id\":\"https:\/\/www.geciclaw.com\/#website\"},\"primaryImageOfPage\":{\"@id\":\"https:\/\/www.geciclaw.com\/sr\/panel-o-esg-csr-forum\/#primaryimage\"},\"image\":{\"@id\":\"https:\/\/www.geciclaw.com\/sr\/panel-o-esg-csr-forum\/#primaryimage\"},\"thumbnailUrl\":\"https:\/\/www.geciclaw.com\/wp-content\/uploads\/2021\/11\/Article-template-27.png\",\"datePublished\":\"2021-11-22T17:30:14+00:00\",\"dateModified\":\"2023-03-20T09:16:46+00:00\",\"description\":\"Geci\u0107 Law je zajedno sa Forumom za odgovorno poslovanje organizovao panel diskusiju na temu \u201eStrategijom do odr\u017eivosti \u2013 od CSR-a do ESG...\",\"breadcrumb\":{\"@id\":\"https:\/\/www.geciclaw.com\/sr\/panel-o-esg-csr-forum\/#breadcrumb\"},\"inLanguage\":\"sr-RS\",\"potentialAction\":[{\"@type\":\"ReadAction\",\"target\":[\"https:\/\/www.geciclaw.com\/sr\/panel-o-esg-csr-forum\/\"]}]},{\"@type\":\"ImageObject\",\"inLanguage\":\"sr-RS\",\"@id\":\"https:\/\/www.geciclaw.com\/sr\/panel-o-esg-csr-forum\/#primaryimage\",\"url\":\"https:\/\/www.geciclaw.com\/wp-content\/uploads\/2021\/11\/Article-template-27.png\",\"contentUrl\":\"https:\/\/www.geciclaw.com\/wp-content\/uploads\/2021\/11\/Article-template-27.png\",\"width\":770,\"height\":421},{\"@type\":\"BreadcrumbList\",\"@id\":\"https:\/\/www.geciclaw.com\/sr\/panel-o-esg-csr-forum\/#breadcrumb\",\"itemListElement\":[{\"@type\":\"ListItem\",\"position\":1,\"name\":\"Home\",\"item\":\"https:\/\/www.geciclaw.com\/sr\/\"},{\"@type\":\"ListItem\",\"position\":2,\"name\":\"Na\u0161i advokati govorili o odr\u017eivosti na CSR Forumu\"}]},{\"@type\":\"WebSite\",\"@id\":\"https:\/\/www.geciclaw.com\/#website\",\"url\":\"https:\/\/www.geciclaw.com\/\",\"name\":\"Geci\u0107 Law\",\"description\":\"Advokatska kancelarija\",\"publisher\":{\"@id\":\"https:\/\/www.geciclaw.com\/#organization\"},\"potentialAction\":[{\"@type\":\"SearchAction\",\"target\":{\"@type\":\"EntryPoint\",\"urlTemplate\":\"https:\/\/www.geciclaw.com\/?s={search_term_string}\"},\"query-input\":{\"@type\":\"PropertyValueSpecification\",\"valueRequired\":true,\"valueName\":\"search_term_string\"}}],\"inLanguage\":\"sr-RS\"},{\"@type\":\"Organization\",\"@id\":\"https:\/\/www.geciclaw.com\/#organization\",\"name\":\"Geci\u0107 Law\",\"url\":\"https:\/\/www.geciclaw.com\/\",\"logo\":{\"@type\":\"ImageObject\",\"inLanguage\":\"sr-RS\",\"@id\":\"https:\/\/www.geciclaw.com\/#\/schema\/logo\/image\/\",\"url\":\"https:\/\/geciclaw.com\/wp-content\/uploads\/2021\/10\/1.png\",\"contentUrl\":\"https:\/\/geciclaw.com\/wp-content\/uploads\/2021\/10\/1.png\",\"width\":1000,\"height\":409,\"caption\":\"Geci\u0107 Law\"},\"image\":{\"@id\":\"https:\/\/www.geciclaw.com\/#\/schema\/logo\/image\/\"}},{\"@type\":\"Person\",\"@id\":\"https:\/\/www.geciclaw.com\/#\/schema\/person\/f2133a67125e7057bc0c58435c3532f9\",\"name\":\"Ivan Eftimov\",\"image\":{\"@type\":\"ImageObject\",\"inLanguage\":\"sr-RS\",\"@id\":\"https:\/\/www.geciclaw.com\/#\/schema\/person\/image\/\",\"url\":\"https:\/\/secure.gravatar.com\/avatar\/b01054f24d3bbb4ef412bfacaf71306f068c8e1fab4435328367c58bf6ab606b?s=96&d=mm&r=g\",\"contentUrl\":\"https:\/\/secure.gravatar.com\/avatar\/b01054f24d3bbb4ef412bfacaf71306f068c8e1fab4435328367c58bf6ab606b?s=96&d=mm&r=g\",\"caption\":\"Ivan Eftimov\"},\"url\":\"https:\/\/www.geciclaw.com\/sr\/author\/vanja\/\"}]}<\/script>\n<!-- \/ Yoast SEO plugin. -->","yoast_head_json":{"title":"Na\u0161i advokati govorili o odr\u017eivosti na CSR Forumu | Geci\u0107 Law","description":"Geci\u0107 Law je zajedno sa Forumom za odgovorno poslovanje organizovao panel diskusiju na temu \u201eStrategijom do odr\u017eivosti \u2013 od CSR-a do ESG...","robots":{"index":"index","follow":"follow","max-snippet":"max-snippet:-1","max-image-preview":"max-image-preview:large","max-video-preview":"max-video-preview:-1"},"canonical":"https:\/\/www.geciclaw.com\/sr\/panel-o-esg-csr-forum\/","og_locale":"sr_RS","og_type":"article","og_title":"Na\u0161i advokati govorili o odr\u017eivosti na CSR Forumu | Geci\u0107 Law","og_description":"Geci\u0107 Law je zajedno sa Forumom za odgovorno poslovanje organizovao panel diskusiju na temu \u201eStrategijom do odr\u017eivosti \u2013 od CSR-a do ESG...","og_url":"https:\/\/www.geciclaw.com\/sr\/panel-o-esg-csr-forum\/","og_site_name":"Geci\u0107 Law","article_published_time":"2021-11-22T17:30:14+00:00","article_modified_time":"2023-03-20T09:16:46+00:00","og_image":[{"width":770,"height":421,"url":"https:\/\/www.geciclaw.com\/wp-content\/uploads\/2021\/11\/Article-template-27.png","type":"image\/png"}],"author":"Ivan Eftimov","twitter_card":"summary_large_image","twitter_misc":{"Napisano od":"Ivan Eftimov","Procenjeno vreme \u010ditanja":"2 minuta"},"schema":{"@context":"https:\/\/schema.org","@graph":[{"@type":"Article","@id":"https:\/\/www.geciclaw.com\/sr\/panel-o-esg-csr-forum\/#article","isPartOf":{"@id":"https:\/\/www.geciclaw.com\/sr\/panel-o-esg-csr-forum\/"},"author":{"name":"Ivan Eftimov","@id":"https:\/\/www.geciclaw.com\/#\/schema\/person\/f2133a67125e7057bc0c58435c3532f9"},"headline":"Na\u0161i advokati govorili o odr\u017eivosti na CSR Forumu","datePublished":"2021-11-22T17:30:14+00:00","dateModified":"2023-03-20T09:16:46+00:00","mainEntityOfPage":{"@id":"https:\/\/www.geciclaw.com\/sr\/panel-o-esg-csr-forum\/"},"wordCount":350,"publisher":{"@id":"https:\/\/www.geciclaw.com\/#organization"},"image":{"@id":"https:\/\/www.geciclaw.com\/sr\/panel-o-esg-csr-forum\/#primaryimage"},"thumbnailUrl":"https:\/\/www.geciclaw.com\/wp-content\/uploads\/2021\/11\/Article-template-27.png","keywords":["Advokatska kancelarija Geci\u0107 Law","ESG","Ognjen Coli\u0107"],"articleSection":["Korporativno pravo","Pravo EU, trgovina i pro\u0161irenje","Radno pravo","Vesti","Za\u0161tita \u017eivotne sredine","ESG","Finance"],"inLanguage":"sr-RS"},{"@type":"WebPage","@id":"https:\/\/www.geciclaw.com\/sr\/panel-o-esg-csr-forum\/","url":"https:\/\/www.geciclaw.com\/sr\/panel-o-esg-csr-forum\/","name":"Na\u0161i advokati govorili o odr\u017eivosti na CSR Forumu | Geci\u0107 Law","isPartOf":{"@id":"https:\/\/www.geciclaw.com\/#website"},"primaryImageOfPage":{"@id":"https:\/\/www.geciclaw.com\/sr\/panel-o-esg-csr-forum\/#primaryimage"},"image":{"@id":"https:\/\/www.geciclaw.com\/sr\/panel-o-esg-csr-forum\/#primaryimage"},"thumbnailUrl":"https:\/\/www.geciclaw.com\/wp-content\/uploads\/2021\/11\/Article-template-27.png","datePublished":"2021-11-22T17:30:14+00:00","dateModified":"2023-03-20T09:16:46+00:00","description":"Geci\u0107 Law je zajedno sa Forumom za odgovorno poslovanje organizovao panel diskusiju na temu \u201eStrategijom do odr\u017eivosti \u2013 od CSR-a do ESG...","breadcrumb":{"@id":"https:\/\/www.geciclaw.com\/sr\/panel-o-esg-csr-forum\/#breadcrumb"},"inLanguage":"sr-RS","potentialAction":[{"@type":"ReadAction","target":["https:\/\/www.geciclaw.com\/sr\/panel-o-esg-csr-forum\/"]}]},{"@type":"ImageObject","inLanguage":"sr-RS","@id":"https:\/\/www.geciclaw.com\/sr\/panel-o-esg-csr-forum\/#primaryimage","url":"https:\/\/www.geciclaw.com\/wp-content\/uploads\/2021\/11\/Article-template-27.png","contentUrl":"https:\/\/www.geciclaw.com\/wp-content\/uploads\/2021\/11\/Article-template-27.png","width":770,"height":421},{"@type":"BreadcrumbList","@id":"https:\/\/www.geciclaw.com\/sr\/panel-o-esg-csr-forum\/#breadcrumb","itemListElement":[{"@type":"ListItem","position":1,"name":"Home","item":"https:\/\/www.geciclaw.com\/sr\/"},{"@type":"ListItem","position":2,"name":"Na\u0161i advokati govorili o odr\u017eivosti na CSR Forumu"}]},{"@type":"WebSite","@id":"https:\/\/www.geciclaw.com\/#website","url":"https:\/\/www.geciclaw.com\/","name":"Geci\u0107 Law","description":"Advokatska kancelarija","publisher":{"@id":"https:\/\/www.geciclaw.com\/#organization"},"potentialAction":[{"@type":"SearchAction","target":{"@type":"EntryPoint","urlTemplate":"https:\/\/www.geciclaw.com\/?s={search_term_string}"},"query-input":{"@type":"PropertyValueSpecification","valueRequired":true,"valueName":"search_term_string"}}],"inLanguage":"sr-RS"},{"@type":"Organization","@id":"https:\/\/www.geciclaw.com\/#organization","name":"Geci\u0107 Law","url":"https:\/\/www.geciclaw.com\/","logo":{"@type":"ImageObject","inLanguage":"sr-RS","@id":"https:\/\/www.geciclaw.com\/#\/schema\/logo\/image\/","url":"https:\/\/geciclaw.com\/wp-content\/uploads\/2021\/10\/1.png","contentUrl":"https:\/\/geciclaw.com\/wp-content\/uploads\/2021\/10\/1.png","width":1000,"height":409,"caption":"Geci\u0107 Law"},"image":{"@id":"https:\/\/www.geciclaw.com\/#\/schema\/logo\/image\/"}},{"@type":"Person","@id":"https:\/\/www.geciclaw.com\/#\/schema\/person\/f2133a67125e7057bc0c58435c3532f9","name":"Ivan Eftimov","image":{"@type":"ImageObject","inLanguage":"sr-RS","@id":"https:\/\/www.geciclaw.com\/#\/schema\/person\/image\/","url":"https:\/\/secure.gravatar.com\/avatar\/b01054f24d3bbb4ef412bfacaf71306f068c8e1fab4435328367c58bf6ab606b?s=96&d=mm&r=g","contentUrl":"https:\/\/secure.gravatar.com\/avatar\/b01054f24d3bbb4ef412bfacaf71306f068c8e1fab4435328367c58bf6ab606b?s=96&d=mm&r=g","caption":"Ivan Eftimov"},"url":"https:\/\/www.geciclaw.com\/sr\/author\/vanja\/"}]}},"_links":{"self":[{"href":"https:\/\/www.geciclaw.com\/sr\/wp-json\/wp\/v2\/posts\/19423","targetHints":{"allow":["GET"]}}],"collection":[{"href":"https:\/\/www.geciclaw.com\/sr\/wp-json\/wp\/v2\/posts"}],"about":[{"href":"https:\/\/www.geciclaw.com\/sr\/wp-json\/wp\/v2\/types\/post"}],"author":[{"embeddable":true,"href":"https:\/\/www.geciclaw.com\/sr\/wp-json\/wp\/v2\/users\/21"}],"replies":[{"embeddable":true,"href":"https:\/\/www.geciclaw.com\/sr\/wp-json\/wp\/v2\/comments?post=19423"}],"version-history":[{"count":4,"href":"https:\/\/www.geciclaw.com\/sr\/wp-json\/wp\/v2\/posts\/19423\/revisions"}],"predecessor-version":[{"id":22874,"href":"https:\/\/www.geciclaw.com\/sr\/wp-json\/wp\/v2\/posts\/19423\/revisions\/22874"}],"wp:featuredmedia":[{"embeddable":true,"href":"https:\/\/www.geciclaw.com\/sr\/wp-json\/wp\/v2\/media\/19421"}],"wp:attachment":[{"href":"https:\/\/www.geciclaw.com\/sr\/wp-json\/wp\/v2\/media?parent=19423"}],"wp:term":[{"taxonomy":"category","embeddable":true,"href":"https:\/\/www.geciclaw.com\/sr\/wp-json\/wp\/v2\/categories?post=19423"},{"taxonomy":"post_tag","embeddable":true,"href":"https:\/\/www.geciclaw.com\/sr\/wp-json\/wp\/v2\/tags?post=19423"}],"curies":[{"name":"wp","href":"https:\/\/api.w.org\/{rel}","templated":true}]}}