{"id":19455,"date":"2021-12-03T14:30:07","date_gmt":"2021-12-03T13:30:07","guid":{"rendered":"https:\/\/geciclaw.com\/?p=19455"},"modified":"2022-01-20T15:03:31","modified_gmt":"2022-01-20T14:03:31","slug":"gecic-zimski-vivaldi-forum","status":"publish","type":"post","link":"https:\/\/www.geciclaw.com\/sr\/gecic-zimski-vivaldi-forum\/","title":{"rendered":"Bogdan Gecic\u0301 govorio o konkurenciji na Zimskom Vivaldi Forumu"},"content":{"rendered":"<p><a href=\"https:\/\/geciclaw.com\/sr\/gecic-bogdan\/\">Bogdan Gecic\u0301<\/a>, osniva\u010d i partner advokatske kancelarije Geci\u0107 Law, govorio je danas na presti\u017enom <a href=\"https:\/\/msm.edu.rs\/en\/vivaldi-forums\/\">Zimskom Vivaldi forumu<\/a> koji se tradicionalno odr\u017eava u Drvengradu, na <a href=\"https:\/\/www.unwto.org\/news\/unwto-announces-list-of-best-tourism-villages-2021\">Mokroj Gori<\/a>. Njegova prezentacija pod nazivom \u201eDovoljno svetla: tr\u017ei\u0161te i konkurencija\u201c, odr\u017eana u okviru segmenta konferencije \u201eVivaldi Talks: plodno tlo za rast kapitala\u201c, \u200b\u200bdonela je sve\u017e i nekonvencionalan pogled na va\u017enost ravnopravne <a href=\"https:\/\/geciclaw.com\/sr\/practices\/zastita-konkurencije-drzavna-pomoc\/\">konkurencije<\/a> za rast i razvoj kompanija. Prezentacija je izazvala veliko interesovanje me\u0111u u\u010desnicima koji su ove godine prisustvovali doga\u0111aju, kao i onima koji su pratili forum onlajn.<\/p>\n<p>\u201eKonkurencija je prirodan fenomen, svojstven ne samo ljudskim bic\u0301ima vec\u0301 i \u017eivotu na Zemlji, uop\u0161te. Ideja o za\u0161titi konkurencije je, me\u0111utim, ve\u0161ta\u010dka i mi smo je stvorili da bismo odr\u017eali ravnote\u017eu na tr\u017ei\u0161tima. Kao \u0161to je to slu\u010daj u prirodi, nije svaka dominacija lo\u0161a, ali je zloupotreba dominantnog polo\u017eaja na tr\u017ei\u0161tu \u0161tetna jer sputava efikasnost, inovativnost, kvalitet i mogu\u0107nost izbora a to negativno uti\u010de na sve u\u010desnike na tr\u017ei\u0161tu \u2013 dobavlja\u010de, kupce, potro\u0161a\u010de \u2013 uklju\u010dujuc\u0301i i na onog ko je dominantan\u201c, rekao je Gecic\u0301. \u201eZbog toga je va\u017eno da svi akteri na tr\u017ei\u0161tu, uklju\u010dujuc\u0301i i dr\u017eavu i regulatorna tela, podsti\u010du i odr\u017eavaju fer konkurenciju, iako postoje razlike u tome \u0161ta to podrazumeva i kako se tome pristupa na razli\u010ditim tr\u017ei\u0161tima \u2013 u SAD, EU, Srbiji i drugde.\u201d<\/p>\n<p>U organizaciji Mokrogorske \u0161kole menad\u017ementa, Vivaldi forum \u010detiri puta godi\u0161nje okuplja eksperte i privrednike iz razli\u010ditih oblasti. Ovogodi\u0161nji hibridni Zimski Vivaldi forum odr\u017ean je od 1. do 3. decembra i okupio je vi\u0161e od 150 u\u010desnika. Pod nazivom \u201eDas Kapital\u201c, glavna pitanja kojima su se u\u010desnici foruma bavili su savremeno poimanje kapitala, kako se on stvara, odr\u017eava i razvija. Vodec\u0301i stru\u010dnjaci, profesionalci i preduzetnici su o ovim pitanjima govorili iz ugla razli\u010ditih grana privrede.<\/p>\n<p>&nbsp;<\/p>\n","protected":false},"excerpt":{"rendered":"<p>Bogdan Gecic\u0301, osniva\u010d i partner advokatske kancelarije Geci\u0107 Law, govorio je danas na presti\u017enom Zimskom Vivaldi forumu koji se tradicionalno odr\u017eava u Drvengradu, na Mokroj Gori. Njegova prezentacija pod nazivom \u201eDovoljno svetla: tr\u017ei\u0161te i konkurencija\u201c, odr\u017eana u okviru segmenta konferencije \u201eVivaldi Talks: plodno tlo za rast kapitala\u201c, \u200b\u200bdonela je sve\u017e i nekonvencionalan pogled na va\u017enost ravnopravne konkurencije za rast i razvoj kompanija. Prezentacija je izazvala veliko interesovanje me\u0111u u\u010desnicima koji su ove godine prisustvovali doga\u0111aju, kao i onima koji su pratili forum onlajn. \u201eKonkurencija je prirodan fenomen, svojstven ne samo ljudskim bic\u0301ima vec\u0301 i \u017eivotu na Zemlji, uop\u0161te. Ideja o [&hellip;]<\/p>\n","protected":false},"author":21,"featured_media":19453,"comment_status":"closed","ping_status":"open","sticky":false,"template":"","format":"standard","meta":{"om_disable_all_campaigns":false,"footnotes":""},"categories":[613,607,1536,1560,603],"tags":[469,1600,691,633,635],"class_list":["post-19455","post","type-post","status-publish","format-standard","has-post-thumbnail","hentry","category-drzavna-pomoc","category-evropska-komisija","category-pravo-eu-trgovina-prosirenje","category-vesti","category-zastita-konkurencije-drzavna-pomoc","tag-gecic-law-firm-serbia-sr","tag-bogdan-gecic-sr","tag-competition-sr","tag-competition-law-sr","tag-competition-law-serbia-sr"],"acf":[],"yoast_head":"<!-- This site is optimized with the Yoast SEO plugin v25.5 - https:\/\/yoast.com\/wordpress\/plugins\/seo\/ -->\n<title>Bogdan Gecic\u0301 govorio o konkurenciji na Zimskom Vivaldi Forumu | Geci\u0107 Law<\/title>\n<meta name=\"description\" content=\"Bogdan Gecic\u0301, osniva\u010d i partner advokatske kancelarije Geci\u0107 Law, govorio je danas na presti\u017enom Zimskom Vivaldi forumu koji...\" \/>\n<meta name=\"robots\" content=\"index, follow, max-snippet:-1, max-image-preview:large, max-video-preview:-1\" \/>\n<link rel=\"canonical\" href=\"https:\/\/www.geciclaw.com\/sr\/gecic-zimski-vivaldi-forum\/\" \/>\n<meta property=\"og:locale\" content=\"sr_RS\" \/>\n<meta property=\"og:type\" content=\"article\" \/>\n<meta property=\"og:title\" content=\"Bogdan Gecic\u0301 govorio o konkurenciji na Zimskom Vivaldi Forumu | Geci\u0107 Law\" \/>\n<meta property=\"og:description\" content=\"Bogdan Gecic\u0301, osniva\u010d i partner advokatske kancelarije Geci\u0107 Law, govorio je danas na presti\u017enom Zimskom Vivaldi forumu koji...\" \/>\n<meta property=\"og:url\" content=\"https:\/\/www.geciclaw.com\/sr\/gecic-zimski-vivaldi-forum\/\" \/>\n<meta property=\"og:site_name\" content=\"Geci\u0107 Law\" \/>\n<meta property=\"article:published_time\" content=\"2021-12-03T13:30:07+00:00\" \/>\n<meta property=\"article:modified_time\" content=\"2022-01-20T14:03:31+00:00\" \/>\n<meta property=\"og:image\" content=\"https:\/\/www.geciclaw.com\/wp-content\/uploads\/2021\/12\/BogdanVivaldi.png\" \/>\n\t<meta property=\"og:image:width\" content=\"770\" \/>\n\t<meta property=\"og:image:height\" content=\"421\" \/>\n\t<meta property=\"og:image:type\" content=\"image\/png\" \/>\n<meta name=\"author\" content=\"Ivan Eftimov\" \/>\n<meta name=\"twitter:card\" content=\"summary_large_image\" \/>\n<meta name=\"twitter:label1\" content=\"Napisano od\" \/>\n\t<meta name=\"twitter:data1\" content=\"Ivan Eftimov\" \/>\n\t<meta name=\"twitter:label2\" content=\"Procenjeno vreme \u010ditanja\" \/>\n\t<meta name=\"twitter:data2\" content=\"2 minuta\" \/>\n<script type=\"application\/ld+json\" class=\"yoast-schema-graph\">{\"@context\":\"https:\/\/schema.org\",\"@graph\":[{\"@type\":\"Article\",\"@id\":\"https:\/\/www.geciclaw.com\/sr\/gecic-zimski-vivaldi-forum\/#article\",\"isPartOf\":{\"@id\":\"https:\/\/www.geciclaw.com\/sr\/gecic-zimski-vivaldi-forum\/\"},\"author\":{\"name\":\"Ivan Eftimov\",\"@id\":\"https:\/\/www.geciclaw.com\/#\/schema\/person\/f2133a67125e7057bc0c58435c3532f9\"},\"headline\":\"Bogdan Gecic\u0301 govorio o konkurenciji na Zimskom Vivaldi Forumu\",\"datePublished\":\"2021-12-03T13:30:07+00:00\",\"dateModified\":\"2022-01-20T14:03:31+00:00\",\"mainEntityOfPage\":{\"@id\":\"https:\/\/www.geciclaw.com\/sr\/gecic-zimski-vivaldi-forum\/\"},\"wordCount\":345,\"publisher\":{\"@id\":\"https:\/\/www.geciclaw.com\/#organization\"},\"image\":{\"@id\":\"https:\/\/www.geciclaw.com\/sr\/gecic-zimski-vivaldi-forum\/#primaryimage\"},\"thumbnailUrl\":\"https:\/\/www.geciclaw.com\/wp-content\/uploads\/2021\/12\/BogdanVivaldi.png\",\"keywords\":[\"Advokatska kancelarija Geci\u0107 Law\",\"Bogdan Gecic\",\"Konkurencija\",\"Pravo konkurencije\",\"Pravo konkurencije Srbija\"],\"articleSection\":[\"dr\u017eavna pomo\u0107\",\"Evropska komisija\",\"Pravo EU, trgovina i pro\u0161irenje\",\"Vesti\",\"Za\u0161tita konkurencije \/ Dr\u017eavna pomo\u0107\"],\"inLanguage\":\"sr-RS\"},{\"@type\":\"WebPage\",\"@id\":\"https:\/\/www.geciclaw.com\/sr\/gecic-zimski-vivaldi-forum\/\",\"url\":\"https:\/\/www.geciclaw.com\/sr\/gecic-zimski-vivaldi-forum\/\",\"name\":\"Bogdan Gecic\u0301 govorio o konkurenciji na Zimskom Vivaldi Forumu | Geci\u0107 Law\",\"isPartOf\":{\"@id\":\"https:\/\/www.geciclaw.com\/#website\"},\"primaryImageOfPage\":{\"@id\":\"https:\/\/www.geciclaw.com\/sr\/gecic-zimski-vivaldi-forum\/#primaryimage\"},\"image\":{\"@id\":\"https:\/\/www.geciclaw.com\/sr\/gecic-zimski-vivaldi-forum\/#primaryimage\"},\"thumbnailUrl\":\"https:\/\/www.geciclaw.com\/wp-content\/uploads\/2021\/12\/BogdanVivaldi.png\",\"datePublished\":\"2021-12-03T13:30:07+00:00\",\"dateModified\":\"2022-01-20T14:03:31+00:00\",\"description\":\"Bogdan Gecic\u0301, osniva\u010d i partner advokatske kancelarije Geci\u0107 Law, govorio je danas na presti\u017enom Zimskom Vivaldi forumu koji...\",\"breadcrumb\":{\"@id\":\"https:\/\/www.geciclaw.com\/sr\/gecic-zimski-vivaldi-forum\/#breadcrumb\"},\"inLanguage\":\"sr-RS\",\"potentialAction\":[{\"@type\":\"ReadAction\",\"target\":[\"https:\/\/www.geciclaw.com\/sr\/gecic-zimski-vivaldi-forum\/\"]}]},{\"@type\":\"ImageObject\",\"inLanguage\":\"sr-RS\",\"@id\":\"https:\/\/www.geciclaw.com\/sr\/gecic-zimski-vivaldi-forum\/#primaryimage\",\"url\":\"https:\/\/www.geciclaw.com\/wp-content\/uploads\/2021\/12\/BogdanVivaldi.png\",\"contentUrl\":\"https:\/\/www.geciclaw.com\/wp-content\/uploads\/2021\/12\/BogdanVivaldi.png\",\"width\":770,\"height\":421},{\"@type\":\"BreadcrumbList\",\"@id\":\"https:\/\/www.geciclaw.com\/sr\/gecic-zimski-vivaldi-forum\/#breadcrumb\",\"itemListElement\":[{\"@type\":\"ListItem\",\"position\":1,\"name\":\"Home\",\"item\":\"https:\/\/www.geciclaw.com\/sr\/\"},{\"@type\":\"ListItem\",\"position\":2,\"name\":\"Bogdan Gecic\u0301 govorio o konkurenciji na Zimskom Vivaldi Forumu\"}]},{\"@type\":\"WebSite\",\"@id\":\"https:\/\/www.geciclaw.com\/#website\",\"url\":\"https:\/\/www.geciclaw.com\/\",\"name\":\"Geci\u0107 Law\",\"description\":\"Advokatska kancelarija\",\"publisher\":{\"@id\":\"https:\/\/www.geciclaw.com\/#organization\"},\"potentialAction\":[{\"@type\":\"SearchAction\",\"target\":{\"@type\":\"EntryPoint\",\"urlTemplate\":\"https:\/\/www.geciclaw.com\/?s={search_term_string}\"},\"query-input\":{\"@type\":\"PropertyValueSpecification\",\"valueRequired\":true,\"valueName\":\"search_term_string\"}}],\"inLanguage\":\"sr-RS\"},{\"@type\":\"Organization\",\"@id\":\"https:\/\/www.geciclaw.com\/#organization\",\"name\":\"Geci\u0107 Law\",\"url\":\"https:\/\/www.geciclaw.com\/\",\"logo\":{\"@type\":\"ImageObject\",\"inLanguage\":\"sr-RS\",\"@id\":\"https:\/\/www.geciclaw.com\/#\/schema\/logo\/image\/\",\"url\":\"https:\/\/geciclaw.com\/wp-content\/uploads\/2021\/10\/1.png\",\"contentUrl\":\"https:\/\/geciclaw.com\/wp-content\/uploads\/2021\/10\/1.png\",\"width\":1000,\"height\":409,\"caption\":\"Geci\u0107 Law\"},\"image\":{\"@id\":\"https:\/\/www.geciclaw.com\/#\/schema\/logo\/image\/\"}},{\"@type\":\"Person\",\"@id\":\"https:\/\/www.geciclaw.com\/#\/schema\/person\/f2133a67125e7057bc0c58435c3532f9\",\"name\":\"Ivan Eftimov\",\"image\":{\"@type\":\"ImageObject\",\"inLanguage\":\"sr-RS\",\"@id\":\"https:\/\/www.geciclaw.com\/#\/schema\/person\/image\/\",\"url\":\"https:\/\/secure.gravatar.com\/avatar\/b01054f24d3bbb4ef412bfacaf71306f068c8e1fab4435328367c58bf6ab606b?s=96&d=mm&r=g\",\"contentUrl\":\"https:\/\/secure.gravatar.com\/avatar\/b01054f24d3bbb4ef412bfacaf71306f068c8e1fab4435328367c58bf6ab606b?s=96&d=mm&r=g\",\"caption\":\"Ivan Eftimov\"},\"url\":\"https:\/\/www.geciclaw.com\/sr\/author\/vanja\/\"}]}<\/script>\n<!-- \/ Yoast SEO plugin. -->","yoast_head_json":{"title":"Bogdan Gecic\u0301 govorio o konkurenciji na Zimskom Vivaldi Forumu | Geci\u0107 Law","description":"Bogdan Gecic\u0301, osniva\u010d i partner advokatske kancelarije Geci\u0107 Law, govorio je danas na presti\u017enom Zimskom Vivaldi forumu koji...","robots":{"index":"index","follow":"follow","max-snippet":"max-snippet:-1","max-image-preview":"max-image-preview:large","max-video-preview":"max-video-preview:-1"},"canonical":"https:\/\/www.geciclaw.com\/sr\/gecic-zimski-vivaldi-forum\/","og_locale":"sr_RS","og_type":"article","og_title":"Bogdan Gecic\u0301 govorio o konkurenciji na Zimskom Vivaldi Forumu | Geci\u0107 Law","og_description":"Bogdan Gecic\u0301, osniva\u010d i partner advokatske kancelarije Geci\u0107 Law, govorio je danas na presti\u017enom Zimskom Vivaldi forumu koji...","og_url":"https:\/\/www.geciclaw.com\/sr\/gecic-zimski-vivaldi-forum\/","og_site_name":"Geci\u0107 Law","article_published_time":"2021-12-03T13:30:07+00:00","article_modified_time":"2022-01-20T14:03:31+00:00","og_image":[{"width":770,"height":421,"url":"https:\/\/www.geciclaw.com\/wp-content\/uploads\/2021\/12\/BogdanVivaldi.png","type":"image\/png"}],"author":"Ivan Eftimov","twitter_card":"summary_large_image","twitter_misc":{"Napisano od":"Ivan Eftimov","Procenjeno vreme \u010ditanja":"2 minuta"},"schema":{"@context":"https:\/\/schema.org","@graph":[{"@type":"Article","@id":"https:\/\/www.geciclaw.com\/sr\/gecic-zimski-vivaldi-forum\/#article","isPartOf":{"@id":"https:\/\/www.geciclaw.com\/sr\/gecic-zimski-vivaldi-forum\/"},"author":{"name":"Ivan Eftimov","@id":"https:\/\/www.geciclaw.com\/#\/schema\/person\/f2133a67125e7057bc0c58435c3532f9"},"headline":"Bogdan Gecic\u0301 govorio o konkurenciji na Zimskom Vivaldi Forumu","datePublished":"2021-12-03T13:30:07+00:00","dateModified":"2022-01-20T14:03:31+00:00","mainEntityOfPage":{"@id":"https:\/\/www.geciclaw.com\/sr\/gecic-zimski-vivaldi-forum\/"},"wordCount":345,"publisher":{"@id":"https:\/\/www.geciclaw.com\/#organization"},"image":{"@id":"https:\/\/www.geciclaw.com\/sr\/gecic-zimski-vivaldi-forum\/#primaryimage"},"thumbnailUrl":"https:\/\/www.geciclaw.com\/wp-content\/uploads\/2021\/12\/BogdanVivaldi.png","keywords":["Advokatska kancelarija Geci\u0107 Law","Bogdan Gecic","Konkurencija","Pravo konkurencije","Pravo konkurencije Srbija"],"articleSection":["dr\u017eavna pomo\u0107","Evropska komisija","Pravo EU, trgovina i pro\u0161irenje","Vesti","Za\u0161tita konkurencije \/ Dr\u017eavna pomo\u0107"],"inLanguage":"sr-RS"},{"@type":"WebPage","@id":"https:\/\/www.geciclaw.com\/sr\/gecic-zimski-vivaldi-forum\/","url":"https:\/\/www.geciclaw.com\/sr\/gecic-zimski-vivaldi-forum\/","name":"Bogdan Gecic\u0301 govorio o konkurenciji na Zimskom Vivaldi Forumu | Geci\u0107 Law","isPartOf":{"@id":"https:\/\/www.geciclaw.com\/#website"},"primaryImageOfPage":{"@id":"https:\/\/www.geciclaw.com\/sr\/gecic-zimski-vivaldi-forum\/#primaryimage"},"image":{"@id":"https:\/\/www.geciclaw.com\/sr\/gecic-zimski-vivaldi-forum\/#primaryimage"},"thumbnailUrl":"https:\/\/www.geciclaw.com\/wp-content\/uploads\/2021\/12\/BogdanVivaldi.png","datePublished":"2021-12-03T13:30:07+00:00","dateModified":"2022-01-20T14:03:31+00:00","description":"Bogdan Gecic\u0301, osniva\u010d i partner advokatske kancelarije Geci\u0107 Law, govorio je danas na presti\u017enom Zimskom Vivaldi forumu koji...","breadcrumb":{"@id":"https:\/\/www.geciclaw.com\/sr\/gecic-zimski-vivaldi-forum\/#breadcrumb"},"inLanguage":"sr-RS","potentialAction":[{"@type":"ReadAction","target":["https:\/\/www.geciclaw.com\/sr\/gecic-zimski-vivaldi-forum\/"]}]},{"@type":"ImageObject","inLanguage":"sr-RS","@id":"https:\/\/www.geciclaw.com\/sr\/gecic-zimski-vivaldi-forum\/#primaryimage","url":"https:\/\/www.geciclaw.com\/wp-content\/uploads\/2021\/12\/BogdanVivaldi.png","contentUrl":"https:\/\/www.geciclaw.com\/wp-content\/uploads\/2021\/12\/BogdanVivaldi.png","width":770,"height":421},{"@type":"BreadcrumbList","@id":"https:\/\/www.geciclaw.com\/sr\/gecic-zimski-vivaldi-forum\/#breadcrumb","itemListElement":[{"@type":"ListItem","position":1,"name":"Home","item":"https:\/\/www.geciclaw.com\/sr\/"},{"@type":"ListItem","position":2,"name":"Bogdan Gecic\u0301 govorio o konkurenciji na Zimskom Vivaldi Forumu"}]},{"@type":"WebSite","@id":"https:\/\/www.geciclaw.com\/#website","url":"https:\/\/www.geciclaw.com\/","name":"Geci\u0107 Law","description":"Advokatska kancelarija","publisher":{"@id":"https:\/\/www.geciclaw.com\/#organization"},"potentialAction":[{"@type":"SearchAction","target":{"@type":"EntryPoint","urlTemplate":"https:\/\/www.geciclaw.com\/?s={search_term_string}"},"query-input":{"@type":"PropertyValueSpecification","valueRequired":true,"valueName":"search_term_string"}}],"inLanguage":"sr-RS"},{"@type":"Organization","@id":"https:\/\/www.geciclaw.com\/#organization","name":"Geci\u0107 Law","url":"https:\/\/www.geciclaw.com\/","logo":{"@type":"ImageObject","inLanguage":"sr-RS","@id":"https:\/\/www.geciclaw.com\/#\/schema\/logo\/image\/","url":"https:\/\/geciclaw.com\/wp-content\/uploads\/2021\/10\/1.png","contentUrl":"https:\/\/geciclaw.com\/wp-content\/uploads\/2021\/10\/1.png","width":1000,"height":409,"caption":"Geci\u0107 Law"},"image":{"@id":"https:\/\/www.geciclaw.com\/#\/schema\/logo\/image\/"}},{"@type":"Person","@id":"https:\/\/www.geciclaw.com\/#\/schema\/person\/f2133a67125e7057bc0c58435c3532f9","name":"Ivan Eftimov","image":{"@type":"ImageObject","inLanguage":"sr-RS","@id":"https:\/\/www.geciclaw.com\/#\/schema\/person\/image\/","url":"https:\/\/secure.gravatar.com\/avatar\/b01054f24d3bbb4ef412bfacaf71306f068c8e1fab4435328367c58bf6ab606b?s=96&d=mm&r=g","contentUrl":"https:\/\/secure.gravatar.com\/avatar\/b01054f24d3bbb4ef412bfacaf71306f068c8e1fab4435328367c58bf6ab606b?s=96&d=mm&r=g","caption":"Ivan Eftimov"},"url":"https:\/\/www.geciclaw.com\/sr\/author\/vanja\/"}]}},"_links":{"self":[{"href":"https:\/\/www.geciclaw.com\/sr\/wp-json\/wp\/v2\/posts\/19455","targetHints":{"allow":["GET"]}}],"collection":[{"href":"https:\/\/www.geciclaw.com\/sr\/wp-json\/wp\/v2\/posts"}],"about":[{"href":"https:\/\/www.geciclaw.com\/sr\/wp-json\/wp\/v2\/types\/post"}],"author":[{"embeddable":true,"href":"https:\/\/www.geciclaw.com\/sr\/wp-json\/wp\/v2\/users\/21"}],"replies":[{"embeddable":true,"href":"https:\/\/www.geciclaw.com\/sr\/wp-json\/wp\/v2\/comments?post=19455"}],"version-history":[{"count":2,"href":"https:\/\/www.geciclaw.com\/sr\/wp-json\/wp\/v2\/posts\/19455\/revisions"}],"predecessor-version":[{"id":20089,"href":"https:\/\/www.geciclaw.com\/sr\/wp-json\/wp\/v2\/posts\/19455\/revisions\/20089"}],"wp:featuredmedia":[{"embeddable":true,"href":"https:\/\/www.geciclaw.com\/sr\/wp-json\/wp\/v2\/media\/19453"}],"wp:attachment":[{"href":"https:\/\/www.geciclaw.com\/sr\/wp-json\/wp\/v2\/media?parent=19455"}],"wp:term":[{"taxonomy":"category","embeddable":true,"href":"https:\/\/www.geciclaw.com\/sr\/wp-json\/wp\/v2\/categories?post=19455"},{"taxonomy":"post_tag","embeddable":true,"href":"https:\/\/www.geciclaw.com\/sr\/wp-json\/wp\/v2\/tags?post=19455"}],"curies":[{"name":"wp","href":"https:\/\/api.w.org\/{rel}","templated":true}]}}