{"id":19535,"date":"2021-12-13T17:55:06","date_gmt":"2021-12-13T16:55:06","guid":{"rendered":"https:\/\/geciclaw.com\/?p=19535"},"modified":"2021-12-13T17:53:25","modified_gmt":"2021-12-13T16:53:25","slug":"evropska-komisija-zelena-drzavnu-pomoc-hrvatska","status":"publish","type":"post","link":"https:\/\/www.geciclaw.com\/sr\/evropska-komisija-zelena-drzavnu-pomoc-hrvatska\/","title":{"rendered":"Evropska komisija odobrila &#8222;zelenu&#8220; dr\u017eavnu pomoc\u0301 Hrvatskoj"},"content":{"rendered":"<p>Evropska komisija (\u201e<strong>Komisija<\/strong>\u201c) je 9. decembra 2021. odobrila Hrvatskoj <a href=\"https:\/\/geciclaw.com\/sr\/practices\/zastita-konkurencije-drzavna-pomoc\/\">dr\u017eavnu pomoc\u0301<\/a> u iznosu od 783 miliona evra za podr\u0161ku proizvodnji elektri\u010dne energije iz obnovljivih izvora energije u okviru nastojanja Evropske unije da postigne klimatske i energetske ciljeve postavljene u Komunikaciji \u201e<a href=\"https:\/\/eur-lex.europa.eu\/legal-content\/EN\/TXT\/PDF\/?uri=CELEX:52014DC0015&amp;from=EN\">Okvir politike za klimu i energiju u periodu od 2020. do 2030. godine<\/a>\u201c.<\/p>\n<p>Hrvatska \u0161ema dr\u017eavne pomo\u0107i c\u0301e biti dostupna do 2023. godine i isplac\u0301ivac\u0301e se odabranim korisnicima na period od 12 godina. Komisija je ovu \u0161emu procenila u skladu sa <a href=\"https:\/\/eur-lex.europa.eu\/legal-content\/EN\/TXT\/PDF\/?uri=CELEX:52014XC0628(01)&amp;from=EN\">Smernicama o dr\u017eavnoj pomoc\u0301i za za\u0161titu \u017eivotne sredine i energetiku iz 2014<\/a>. godine i utvrdila da je ona neophodna kako bi se podr\u017eali napori Hrvatske za postizanje <a href=\"https:\/\/geciclaw.com\/sr\/ek-spremni-za-55\/\">evropskih klimatskih i ekolo\u0161kih ciljeva<\/a>.<\/p>\n<p>Pomoc\u0301 c\u0301e biti dodeljivana u vidu premije na tr\u017ei\u0161nu cenu elektri\u010dne energije, a premija c\u0301e biti odre\u0111ena kroz proces konkurentnog nadmetanja i nec\u0301e biti vec\u0301a od razlike izme\u0111u prose\u010dne cene proizvodnje i tr\u017ei\u0161ne cene elektri\u010dne energije. Odabir korisnika c\u0301e se odvijati u periodu od 2021 do 2023 godine.<\/p>\n<p>&nbsp;<\/p>\n<p><em>Autori: Milica Novakovi\u0107, Jelena \u0160kori\u0107, Ivana Stojanovi\u0107-Rai\u0161i\u0107<\/em><\/p>\n","protected":false},"excerpt":{"rendered":"<p>Evropska komisija (\u201eKomisija\u201c) je 9. decembra 2021. odobrila Hrvatskoj dr\u017eavnu pomoc\u0301 u iznosu od 783 miliona evra za podr\u0161ku proizvodnji elektri\u010dne energije iz obnovljivih izvora energije u okviru nastojanja Evropske unije da postigne klimatske i energetske ciljeve postavljene u Komunikaciji \u201eOkvir politike za klimu i energiju u periodu od 2020. do 2030. godine\u201c. Hrvatska \u0161ema dr\u017eavne pomo\u0107i c\u0301e biti dostupna do 2023. godine i isplac\u0301ivac\u0301e se odabranim korisnicima na period od 12 godina. Komisija je ovu \u0161emu procenila u skladu sa Smernicama o dr\u017eavnoj pomoc\u0301i za za\u0161titu \u017eivotne sredine i energetiku iz 2014. godine i utvrdila da je ona neophodna [&hellip;]<\/p>\n","protected":false},"author":21,"featured_media":19533,"comment_status":"closed","ping_status":"open","sticky":false,"template":"","format":"standard","meta":{"om_disable_all_campaigns":false,"footnotes":""},"categories":[607,1536,1607,1716],"tags":[469,737,621,667],"class_list":["post-19535","post","type-post","status-publish","format-standard","has-post-thumbnail","hentry","category-evropska-komisija","category-pravo-eu-trgovina-prosirenje","category-najnovije","category-zastita-zivotne-sredine","tag-gecic-law-firm-serbia-sr","tag-state-aid-sr","tag-european-commission-sr","tag-european-law-sr"],"acf":[],"yoast_head":"<!-- This site is optimized with the Yoast SEO plugin v25.5 - https:\/\/yoast.com\/wordpress\/plugins\/seo\/ -->\n<title>Evropska komisija odobrila &quot;zelenu&quot; dr\u017eavnu pomoc\u0301 Hrvatskoj | Geci\u0107 Law<\/title>\n<meta name=\"description\" content=\"Evropska komisija (\u201eKomisija\u201c) je 9. decembra 2021. odobrila Hrvatskoj dr\u017eavnu pomoc\u0301 u iznosu od 783 miliona evra za podr\u0161ku....\" \/>\n<meta name=\"robots\" content=\"index, follow, max-snippet:-1, max-image-preview:large, max-video-preview:-1\" \/>\n<link rel=\"canonical\" href=\"https:\/\/www.geciclaw.com\/sr\/evropska-komisija-zelena-drzavnu-pomoc-hrvatska\/\" \/>\n<meta property=\"og:locale\" content=\"sr_RS\" \/>\n<meta property=\"og:type\" content=\"article\" \/>\n<meta property=\"og:title\" content=\"Evropska komisija odobrila &quot;zelenu&quot; dr\u017eavnu pomoc\u0301 Hrvatskoj | Geci\u0107 Law\" \/>\n<meta property=\"og:description\" content=\"Evropska komisija (\u201eKomisija\u201c) je 9. decembra 2021. odobrila Hrvatskoj dr\u017eavnu pomoc\u0301 u iznosu od 783 miliona evra za podr\u0161ku....\" \/>\n<meta property=\"og:url\" content=\"https:\/\/www.geciclaw.com\/sr\/evropska-komisija-zelena-drzavnu-pomoc-hrvatska\/\" \/>\n<meta property=\"og:site_name\" content=\"Geci\u0107 Law\" \/>\n<meta property=\"article:published_time\" content=\"2021-12-13T16:55:06+00:00\" \/>\n<meta property=\"og:image\" content=\"https:\/\/www.geciclaw.com\/wp-content\/uploads\/2021\/12\/croaeu.png\" \/>\n\t<meta property=\"og:image:width\" content=\"770\" \/>\n\t<meta property=\"og:image:height\" content=\"421\" \/>\n\t<meta property=\"og:image:type\" content=\"image\/png\" \/>\n<meta name=\"author\" content=\"Ivan Eftimov\" \/>\n<meta name=\"twitter:card\" content=\"summary_large_image\" \/>\n<meta name=\"twitter:label1\" content=\"Napisano od\" \/>\n\t<meta name=\"twitter:data1\" content=\"Ivan Eftimov\" \/>\n\t<meta name=\"twitter:label2\" content=\"Procenjeno vreme \u010ditanja\" \/>\n\t<meta name=\"twitter:data2\" content=\"1 minut\" \/>\n<script type=\"application\/ld+json\" class=\"yoast-schema-graph\">{\"@context\":\"https:\/\/schema.org\",\"@graph\":[{\"@type\":\"Article\",\"@id\":\"https:\/\/www.geciclaw.com\/sr\/evropska-komisija-zelena-drzavnu-pomoc-hrvatska\/#article\",\"isPartOf\":{\"@id\":\"https:\/\/www.geciclaw.com\/sr\/evropska-komisija-zelena-drzavnu-pomoc-hrvatska\/\"},\"author\":{\"name\":\"Ivan Eftimov\",\"@id\":\"https:\/\/www.geciclaw.com\/#\/schema\/person\/f2133a67125e7057bc0c58435c3532f9\"},\"headline\":\"Evropska komisija odobrila &#8222;zelenu&#8220; dr\u017eavnu pomoc\u0301 Hrvatskoj\",\"datePublished\":\"2021-12-13T16:55:06+00:00\",\"mainEntityOfPage\":{\"@id\":\"https:\/\/www.geciclaw.com\/sr\/evropska-komisija-zelena-drzavnu-pomoc-hrvatska\/\"},\"wordCount\":196,\"publisher\":{\"@id\":\"https:\/\/www.geciclaw.com\/#organization\"},\"image\":{\"@id\":\"https:\/\/www.geciclaw.com\/sr\/evropska-komisija-zelena-drzavnu-pomoc-hrvatska\/#primaryimage\"},\"thumbnailUrl\":\"https:\/\/www.geciclaw.com\/wp-content\/uploads\/2021\/12\/croaeu.png\",\"keywords\":[\"Advokatska kancelarija Geci\u0107 Law\",\"Dr\u017eavna pomo\u0107\",\"Evropska komisija\",\"Evropsko pravo\"],\"articleSection\":[\"Evropska komisija\",\"Pravo EU, trgovina i pro\u0161irenje\",\"Najnovije\",\"Za\u0161tita \u017eivotne sredine\"],\"inLanguage\":\"sr-RS\"},{\"@type\":\"WebPage\",\"@id\":\"https:\/\/www.geciclaw.com\/sr\/evropska-komisija-zelena-drzavnu-pomoc-hrvatska\/\",\"url\":\"https:\/\/www.geciclaw.com\/sr\/evropska-komisija-zelena-drzavnu-pomoc-hrvatska\/\",\"name\":\"Evropska komisija odobrila \\\"zelenu\\\" dr\u017eavnu pomoc\u0301 Hrvatskoj | Geci\u0107 Law\",\"isPartOf\":{\"@id\":\"https:\/\/www.geciclaw.com\/#website\"},\"primaryImageOfPage\":{\"@id\":\"https:\/\/www.geciclaw.com\/sr\/evropska-komisija-zelena-drzavnu-pomoc-hrvatska\/#primaryimage\"},\"image\":{\"@id\":\"https:\/\/www.geciclaw.com\/sr\/evropska-komisija-zelena-drzavnu-pomoc-hrvatska\/#primaryimage\"},\"thumbnailUrl\":\"https:\/\/www.geciclaw.com\/wp-content\/uploads\/2021\/12\/croaeu.png\",\"datePublished\":\"2021-12-13T16:55:06+00:00\",\"description\":\"Evropska komisija (\u201eKomisija\u201c) je 9. decembra 2021. odobrila Hrvatskoj dr\u017eavnu pomoc\u0301 u iznosu od 783 miliona evra za podr\u0161ku....\",\"breadcrumb\":{\"@id\":\"https:\/\/www.geciclaw.com\/sr\/evropska-komisija-zelena-drzavnu-pomoc-hrvatska\/#breadcrumb\"},\"inLanguage\":\"sr-RS\",\"potentialAction\":[{\"@type\":\"ReadAction\",\"target\":[\"https:\/\/www.geciclaw.com\/sr\/evropska-komisija-zelena-drzavnu-pomoc-hrvatska\/\"]}]},{\"@type\":\"ImageObject\",\"inLanguage\":\"sr-RS\",\"@id\":\"https:\/\/www.geciclaw.com\/sr\/evropska-komisija-zelena-drzavnu-pomoc-hrvatska\/#primaryimage\",\"url\":\"https:\/\/www.geciclaw.com\/wp-content\/uploads\/2021\/12\/croaeu.png\",\"contentUrl\":\"https:\/\/www.geciclaw.com\/wp-content\/uploads\/2021\/12\/croaeu.png\",\"width\":770,\"height\":421,\"caption\":\"croatian and eu flag\"},{\"@type\":\"BreadcrumbList\",\"@id\":\"https:\/\/www.geciclaw.com\/sr\/evropska-komisija-zelena-drzavnu-pomoc-hrvatska\/#breadcrumb\",\"itemListElement\":[{\"@type\":\"ListItem\",\"position\":1,\"name\":\"Home\",\"item\":\"https:\/\/www.geciclaw.com\/sr\/\"},{\"@type\":\"ListItem\",\"position\":2,\"name\":\"Evropska komisija odobrila &#8222;zelenu&#8220; dr\u017eavnu pomoc\u0301 Hrvatskoj\"}]},{\"@type\":\"WebSite\",\"@id\":\"https:\/\/www.geciclaw.com\/#website\",\"url\":\"https:\/\/www.geciclaw.com\/\",\"name\":\"Geci\u0107 Law\",\"description\":\"Advokatska kancelarija\",\"publisher\":{\"@id\":\"https:\/\/www.geciclaw.com\/#organization\"},\"potentialAction\":[{\"@type\":\"SearchAction\",\"target\":{\"@type\":\"EntryPoint\",\"urlTemplate\":\"https:\/\/www.geciclaw.com\/?s={search_term_string}\"},\"query-input\":{\"@type\":\"PropertyValueSpecification\",\"valueRequired\":true,\"valueName\":\"search_term_string\"}}],\"inLanguage\":\"sr-RS\"},{\"@type\":\"Organization\",\"@id\":\"https:\/\/www.geciclaw.com\/#organization\",\"name\":\"Geci\u0107 Law\",\"url\":\"https:\/\/www.geciclaw.com\/\",\"logo\":{\"@type\":\"ImageObject\",\"inLanguage\":\"sr-RS\",\"@id\":\"https:\/\/www.geciclaw.com\/#\/schema\/logo\/image\/\",\"url\":\"https:\/\/geciclaw.com\/wp-content\/uploads\/2021\/10\/1.png\",\"contentUrl\":\"https:\/\/geciclaw.com\/wp-content\/uploads\/2021\/10\/1.png\",\"width\":1000,\"height\":409,\"caption\":\"Geci\u0107 Law\"},\"image\":{\"@id\":\"https:\/\/www.geciclaw.com\/#\/schema\/logo\/image\/\"}},{\"@type\":\"Person\",\"@id\":\"https:\/\/www.geciclaw.com\/#\/schema\/person\/f2133a67125e7057bc0c58435c3532f9\",\"name\":\"Ivan Eftimov\",\"image\":{\"@type\":\"ImageObject\",\"inLanguage\":\"sr-RS\",\"@id\":\"https:\/\/www.geciclaw.com\/#\/schema\/person\/image\/\",\"url\":\"https:\/\/secure.gravatar.com\/avatar\/b01054f24d3bbb4ef412bfacaf71306f068c8e1fab4435328367c58bf6ab606b?s=96&d=mm&r=g\",\"contentUrl\":\"https:\/\/secure.gravatar.com\/avatar\/b01054f24d3bbb4ef412bfacaf71306f068c8e1fab4435328367c58bf6ab606b?s=96&d=mm&r=g\",\"caption\":\"Ivan Eftimov\"},\"url\":\"https:\/\/www.geciclaw.com\/sr\/author\/vanja\/\"}]}<\/script>\n<!-- \/ Yoast SEO plugin. -->","yoast_head_json":{"title":"Evropska komisija odobrila \"zelenu\" dr\u017eavnu pomoc\u0301 Hrvatskoj | Geci\u0107 Law","description":"Evropska komisija (\u201eKomisija\u201c) je 9. decembra 2021. odobrila Hrvatskoj dr\u017eavnu pomoc\u0301 u iznosu od 783 miliona evra za podr\u0161ku....","robots":{"index":"index","follow":"follow","max-snippet":"max-snippet:-1","max-image-preview":"max-image-preview:large","max-video-preview":"max-video-preview:-1"},"canonical":"https:\/\/www.geciclaw.com\/sr\/evropska-komisija-zelena-drzavnu-pomoc-hrvatska\/","og_locale":"sr_RS","og_type":"article","og_title":"Evropska komisija odobrila \"zelenu\" dr\u017eavnu pomoc\u0301 Hrvatskoj | Geci\u0107 Law","og_description":"Evropska komisija (\u201eKomisija\u201c) je 9. decembra 2021. odobrila Hrvatskoj dr\u017eavnu pomoc\u0301 u iznosu od 783 miliona evra za podr\u0161ku....","og_url":"https:\/\/www.geciclaw.com\/sr\/evropska-komisija-zelena-drzavnu-pomoc-hrvatska\/","og_site_name":"Geci\u0107 Law","article_published_time":"2021-12-13T16:55:06+00:00","og_image":[{"width":770,"height":421,"url":"https:\/\/www.geciclaw.com\/wp-content\/uploads\/2021\/12\/croaeu.png","type":"image\/png"}],"author":"Ivan Eftimov","twitter_card":"summary_large_image","twitter_misc":{"Napisano od":"Ivan Eftimov","Procenjeno vreme \u010ditanja":"1 minut"},"schema":{"@context":"https:\/\/schema.org","@graph":[{"@type":"Article","@id":"https:\/\/www.geciclaw.com\/sr\/evropska-komisija-zelena-drzavnu-pomoc-hrvatska\/#article","isPartOf":{"@id":"https:\/\/www.geciclaw.com\/sr\/evropska-komisija-zelena-drzavnu-pomoc-hrvatska\/"},"author":{"name":"Ivan Eftimov","@id":"https:\/\/www.geciclaw.com\/#\/schema\/person\/f2133a67125e7057bc0c58435c3532f9"},"headline":"Evropska komisija odobrila &#8222;zelenu&#8220; dr\u017eavnu pomoc\u0301 Hrvatskoj","datePublished":"2021-12-13T16:55:06+00:00","mainEntityOfPage":{"@id":"https:\/\/www.geciclaw.com\/sr\/evropska-komisija-zelena-drzavnu-pomoc-hrvatska\/"},"wordCount":196,"publisher":{"@id":"https:\/\/www.geciclaw.com\/#organization"},"image":{"@id":"https:\/\/www.geciclaw.com\/sr\/evropska-komisija-zelena-drzavnu-pomoc-hrvatska\/#primaryimage"},"thumbnailUrl":"https:\/\/www.geciclaw.com\/wp-content\/uploads\/2021\/12\/croaeu.png","keywords":["Advokatska kancelarija Geci\u0107 Law","Dr\u017eavna pomo\u0107","Evropska komisija","Evropsko pravo"],"articleSection":["Evropska komisija","Pravo EU, trgovina i pro\u0161irenje","Najnovije","Za\u0161tita \u017eivotne sredine"],"inLanguage":"sr-RS"},{"@type":"WebPage","@id":"https:\/\/www.geciclaw.com\/sr\/evropska-komisija-zelena-drzavnu-pomoc-hrvatska\/","url":"https:\/\/www.geciclaw.com\/sr\/evropska-komisija-zelena-drzavnu-pomoc-hrvatska\/","name":"Evropska komisija odobrila \"zelenu\" dr\u017eavnu pomoc\u0301 Hrvatskoj | Geci\u0107 Law","isPartOf":{"@id":"https:\/\/www.geciclaw.com\/#website"},"primaryImageOfPage":{"@id":"https:\/\/www.geciclaw.com\/sr\/evropska-komisija-zelena-drzavnu-pomoc-hrvatska\/#primaryimage"},"image":{"@id":"https:\/\/www.geciclaw.com\/sr\/evropska-komisija-zelena-drzavnu-pomoc-hrvatska\/#primaryimage"},"thumbnailUrl":"https:\/\/www.geciclaw.com\/wp-content\/uploads\/2021\/12\/croaeu.png","datePublished":"2021-12-13T16:55:06+00:00","description":"Evropska komisija (\u201eKomisija\u201c) je 9. decembra 2021. odobrila Hrvatskoj dr\u017eavnu pomoc\u0301 u iznosu od 783 miliona evra za podr\u0161ku....","breadcrumb":{"@id":"https:\/\/www.geciclaw.com\/sr\/evropska-komisija-zelena-drzavnu-pomoc-hrvatska\/#breadcrumb"},"inLanguage":"sr-RS","potentialAction":[{"@type":"ReadAction","target":["https:\/\/www.geciclaw.com\/sr\/evropska-komisija-zelena-drzavnu-pomoc-hrvatska\/"]}]},{"@type":"ImageObject","inLanguage":"sr-RS","@id":"https:\/\/www.geciclaw.com\/sr\/evropska-komisija-zelena-drzavnu-pomoc-hrvatska\/#primaryimage","url":"https:\/\/www.geciclaw.com\/wp-content\/uploads\/2021\/12\/croaeu.png","contentUrl":"https:\/\/www.geciclaw.com\/wp-content\/uploads\/2021\/12\/croaeu.png","width":770,"height":421,"caption":"croatian and eu flag"},{"@type":"BreadcrumbList","@id":"https:\/\/www.geciclaw.com\/sr\/evropska-komisija-zelena-drzavnu-pomoc-hrvatska\/#breadcrumb","itemListElement":[{"@type":"ListItem","position":1,"name":"Home","item":"https:\/\/www.geciclaw.com\/sr\/"},{"@type":"ListItem","position":2,"name":"Evropska komisija odobrila &#8222;zelenu&#8220; dr\u017eavnu pomoc\u0301 Hrvatskoj"}]},{"@type":"WebSite","@id":"https:\/\/www.geciclaw.com\/#website","url":"https:\/\/www.geciclaw.com\/","name":"Geci\u0107 Law","description":"Advokatska kancelarija","publisher":{"@id":"https:\/\/www.geciclaw.com\/#organization"},"potentialAction":[{"@type":"SearchAction","target":{"@type":"EntryPoint","urlTemplate":"https:\/\/www.geciclaw.com\/?s={search_term_string}"},"query-input":{"@type":"PropertyValueSpecification","valueRequired":true,"valueName":"search_term_string"}}],"inLanguage":"sr-RS"},{"@type":"Organization","@id":"https:\/\/www.geciclaw.com\/#organization","name":"Geci\u0107 Law","url":"https:\/\/www.geciclaw.com\/","logo":{"@type":"ImageObject","inLanguage":"sr-RS","@id":"https:\/\/www.geciclaw.com\/#\/schema\/logo\/image\/","url":"https:\/\/geciclaw.com\/wp-content\/uploads\/2021\/10\/1.png","contentUrl":"https:\/\/geciclaw.com\/wp-content\/uploads\/2021\/10\/1.png","width":1000,"height":409,"caption":"Geci\u0107 Law"},"image":{"@id":"https:\/\/www.geciclaw.com\/#\/schema\/logo\/image\/"}},{"@type":"Person","@id":"https:\/\/www.geciclaw.com\/#\/schema\/person\/f2133a67125e7057bc0c58435c3532f9","name":"Ivan Eftimov","image":{"@type":"ImageObject","inLanguage":"sr-RS","@id":"https:\/\/www.geciclaw.com\/#\/schema\/person\/image\/","url":"https:\/\/secure.gravatar.com\/avatar\/b01054f24d3bbb4ef412bfacaf71306f068c8e1fab4435328367c58bf6ab606b?s=96&d=mm&r=g","contentUrl":"https:\/\/secure.gravatar.com\/avatar\/b01054f24d3bbb4ef412bfacaf71306f068c8e1fab4435328367c58bf6ab606b?s=96&d=mm&r=g","caption":"Ivan Eftimov"},"url":"https:\/\/www.geciclaw.com\/sr\/author\/vanja\/"}]}},"_links":{"self":[{"href":"https:\/\/www.geciclaw.com\/sr\/wp-json\/wp\/v2\/posts\/19535","targetHints":{"allow":["GET"]}}],"collection":[{"href":"https:\/\/www.geciclaw.com\/sr\/wp-json\/wp\/v2\/posts"}],"about":[{"href":"https:\/\/www.geciclaw.com\/sr\/wp-json\/wp\/v2\/types\/post"}],"author":[{"embeddable":true,"href":"https:\/\/www.geciclaw.com\/sr\/wp-json\/wp\/v2\/users\/21"}],"replies":[{"embeddable":true,"href":"https:\/\/www.geciclaw.com\/sr\/wp-json\/wp\/v2\/comments?post=19535"}],"version-history":[{"count":1,"href":"https:\/\/www.geciclaw.com\/sr\/wp-json\/wp\/v2\/posts\/19535\/revisions"}],"predecessor-version":[{"id":19536,"href":"https:\/\/www.geciclaw.com\/sr\/wp-json\/wp\/v2\/posts\/19535\/revisions\/19536"}],"wp:featuredmedia":[{"embeddable":true,"href":"https:\/\/www.geciclaw.com\/sr\/wp-json\/wp\/v2\/media\/19533"}],"wp:attachment":[{"href":"https:\/\/www.geciclaw.com\/sr\/wp-json\/wp\/v2\/media?parent=19535"}],"wp:term":[{"taxonomy":"category","embeddable":true,"href":"https:\/\/www.geciclaw.com\/sr\/wp-json\/wp\/v2\/categories?post=19535"},{"taxonomy":"post_tag","embeddable":true,"href":"https:\/\/www.geciclaw.com\/sr\/wp-json\/wp\/v2\/tags?post=19535"}],"curies":[{"name":"wp","href":"https:\/\/api.w.org\/{rel}","templated":true}]}}