{"id":20149,"date":"2022-02-02T10:00:15","date_gmt":"2022-02-02T09:00:15","guid":{"rendered":"https:\/\/geciclaw.com\/?p=20149"},"modified":"2022-09-21T11:19:29","modified_gmt":"2022-09-21T09:19:29","slug":"kolektivna-tuzba-jevtic-euronews","status":"publish","type":"post","link":"https:\/\/www.geciclaw.com\/sr\/kolektivna-tuzba-jevtic-euronews\/","title":{"rendered":"Miodrag Jevti\u0107 govorio o kolektivnim tu\u017ebama za Euronews"},"content":{"rendered":"<p>Na\u0161 stariji saradnik <a href=\"https:\/\/geciclaw.com\/sr\/miodrag-jevtic\/\">Miodrag Jevtic\u0301<\/a> ju\u010de je u\u017eivo gostovao u centralnoj informativnoj emisiji kanala <a href=\"https:\/\/www.euronews.rs\/\">Euronews Srbija<\/a>. Povod za gostovanje je pravni institut kolektivne tu\u017ebe i njegov status u srpskom pravu, posebno u pogledu za\u0161tite prava potro\u0161a\u010da, oblasti koja je proteklih godina izazvala zna\u010dajno interesovanje javnosti u ve\u0107em broju istaknutih slu\u010dajeva.<\/p>\n<p>Miodrag je objasnio koncept kolektivnih tu\u017ebi i istakao njihove potencijalne prednosti, naro\u010dito u izjedna\u010davanju ekonomske nejednakosti izme\u0111u potro\u0161a\u010da i velikih kompanija kada je u pitanju povreda njihovih prava. Istakao je i da bi grupne tu\u017ebe mogle da pomognu kod rastere\u0107enja sudova u predmetima u kojima bi bilo mogu\u0107e imati jednu tu\u017ebu u kojoj u\u010destvuje ve\u0107i broj onih \u010dija su prava povre\u0111ena. Tako\u0111e je napomenuo da je za svako dalje regulisanje kolektivnih tu\u017ebi potrebno obezbediti uskla\u0111enost \u010ditavog niza pravnih akata uklju\u010dujuc\u0301i i <a href=\"https:\/\/www.paragraf.rs\/propisi\/zakon_o_udruzenjima.html\">Zakon o udru\u017eenjima<\/a>, kao i <a href=\"https:\/\/geciclaw.com\/sr\/novim-zakonom-zastita-potrosacima\/\">Zakon o za\u0161titi potro\u0161a\u010da<\/a>.<\/p>\n<p>Kolektivne tu\u017ebe su uvedene srpsko pravo u odredbama Zakona o parni\u010dnom postupku iz 2011. godine. Ustavni sud je 2013. godine odredbe Zakona koje se odnose na institut kolektivne tu\u017ebe, oceniv\u0161i ih neustavnim po osnovu nedovoljne jasnoc\u0301e ovih odredaba i da predstavljaju opasnost za o\u010duvanje principa pravne sigurnosti i vladavina prava.<\/p>\n<p>Ceo intervju mo\u017eete pogledati <a href=\"https:\/\/youtu.be\/Vm-E3tfERjQ\">ovde<\/a>.<\/p>\n","protected":false},"excerpt":{"rendered":"<p>Na\u0161 stariji saradnik Miodrag Jevtic\u0301 ju\u010de je u\u017eivo gostovao u centralnoj informativnoj emisiji kanala Euronews Srbija. Povod za gostovanje je pravni institut kolektivne tu\u017ebe i njegov status u srpskom pravu, posebno u pogledu za\u0161tite prava potro\u0161a\u010da, oblasti koja je proteklih godina izazvala zna\u010dajno interesovanje javnosti u ve\u0107em broju istaknutih slu\u010dajeva. Miodrag je objasnio koncept kolektivnih tu\u017ebi i istakao njihove potencijalne prednosti, naro\u010dito u izjedna\u010davanju ekonomske nejednakosti izme\u0111u potro\u0161a\u010da i velikih kompanija kada je u pitanju povreda njihovih prava. Istakao je i da bi grupne tu\u017ebe mogle da pomognu kod rastere\u0107enja sudova u predmetima u kojima bi bilo mogu\u0107e imati jednu [&hellip;]<\/p>\n","protected":false},"author":21,"featured_media":20147,"comment_status":"closed","ping_status":"open","sticky":false,"template":"","format":"standard","meta":{"om_disable_all_campaigns":false,"footnotes":""},"categories":[593,1539,1560],"tags":[469,1804,1803,1795,1753,465],"class_list":["post-20149","post","type-post","status-publish","format-standard","has-post-thumbnail","hentry","category-593","category-resavanje-sporova","category-vesti","tag-gecic-law-firm-serbia-sr","tag-kolek","tag-kolektivna-tuzba","tag-miodrag-jevtic-sr-2","tag-resavanje-sporova","tag-news-sr"],"acf":[],"yoast_head":"<!-- This site is optimized with the Yoast SEO plugin v25.5 - https:\/\/yoast.com\/wordpress\/plugins\/seo\/ -->\n<title>Miodrag Jevti\u0107 govorio o kolektivnim tu\u017ebama za Euronews | Geci\u0107 Law<\/title>\n<meta name=\"description\" content=\"Na\u0161 stariji saradnik Miodrag Jevtic\u0301 gostovao je na kanalu Euronews Srbija. Povod za gostovanje je pravni institut kolektivne tu\u017ebe...\" \/>\n<meta name=\"robots\" content=\"index, follow, max-snippet:-1, max-image-preview:large, max-video-preview:-1\" \/>\n<link rel=\"canonical\" href=\"https:\/\/www.geciclaw.com\/sr\/kolektivna-tuzba-jevtic-euronews\/\" \/>\n<meta property=\"og:locale\" content=\"sr_RS\" \/>\n<meta property=\"og:type\" content=\"article\" \/>\n<meta property=\"og:title\" content=\"Miodrag Jevti\u0107 govorio o kolektivnim tu\u017ebama za Euronews | Geci\u0107 Law\" \/>\n<meta property=\"og:description\" content=\"Na\u0161 stariji saradnik Miodrag Jevtic\u0301 gostovao je na kanalu Euronews Srbija. Povod za gostovanje je pravni institut kolektivne tu\u017ebe...\" \/>\n<meta property=\"og:url\" content=\"https:\/\/www.geciclaw.com\/sr\/kolektivna-tuzba-jevtic-euronews\/\" \/>\n<meta property=\"og:site_name\" content=\"Geci\u0107 Law\" \/>\n<meta property=\"article:published_time\" content=\"2022-02-02T09:00:15+00:00\" \/>\n<meta property=\"article:modified_time\" content=\"2022-09-21T09:19:29+00:00\" \/>\n<meta property=\"og:image\" content=\"https:\/\/www.geciclaw.com\/wp-content\/uploads\/2022\/02\/miodrageuronews.png\" \/>\n\t<meta property=\"og:image:width\" content=\"770\" \/>\n\t<meta property=\"og:image:height\" content=\"421\" \/>\n\t<meta property=\"og:image:type\" content=\"image\/png\" \/>\n<meta name=\"author\" content=\"Ivan Eftimov\" \/>\n<meta name=\"twitter:card\" content=\"summary_large_image\" \/>\n<meta name=\"twitter:label1\" content=\"Napisano od\" \/>\n\t<meta name=\"twitter:data1\" content=\"Ivan Eftimov\" \/>\n\t<meta name=\"twitter:label2\" content=\"Procenjeno vreme \u010ditanja\" \/>\n\t<meta name=\"twitter:data2\" content=\"1 minut\" \/>\n<script type=\"application\/ld+json\" class=\"yoast-schema-graph\">{\"@context\":\"https:\/\/schema.org\",\"@graph\":[{\"@type\":\"Article\",\"@id\":\"https:\/\/www.geciclaw.com\/sr\/kolektivna-tuzba-jevtic-euronews\/#article\",\"isPartOf\":{\"@id\":\"https:\/\/www.geciclaw.com\/sr\/kolektivna-tuzba-jevtic-euronews\/\"},\"author\":{\"name\":\"Ivan Eftimov\",\"@id\":\"https:\/\/www.geciclaw.com\/#\/schema\/person\/f2133a67125e7057bc0c58435c3532f9\"},\"headline\":\"Miodrag Jevti\u0107 govorio o kolektivnim tu\u017ebama za Euronews\",\"datePublished\":\"2022-02-02T09:00:15+00:00\",\"dateModified\":\"2022-09-21T09:19:29+00:00\",\"mainEntityOfPage\":{\"@id\":\"https:\/\/www.geciclaw.com\/sr\/kolektivna-tuzba-jevtic-euronews\/\"},\"wordCount\":240,\"publisher\":{\"@id\":\"https:\/\/www.geciclaw.com\/#organization\"},\"image\":{\"@id\":\"https:\/\/www.geciclaw.com\/sr\/kolektivna-tuzba-jevtic-euronews\/#primaryimage\"},\"thumbnailUrl\":\"https:\/\/www.geciclaw.com\/wp-content\/uploads\/2022\/02\/miodrageuronews.png\",\"keywords\":[\"Advokatska kancelarija Geci\u0107 Law\",\"kolek\",\"Kolektivna tu\u017eba\",\"Miodrag Jevtic\",\"Re\u0161avanje sporova\",\"Vesti\"],\"articleSection\":[\"\u0410\u043d\u0442\u0438\u0442\u0440\u0443\u0441\u0442 \/ \u041a\u043e\u043d\u043a\u0443\u0440\u0435\u043d\u0446\u0438\u0458\u0430\",\"Re\u0161avanje sporova\",\"Vesti\"],\"inLanguage\":\"sr-RS\"},{\"@type\":\"WebPage\",\"@id\":\"https:\/\/www.geciclaw.com\/sr\/kolektivna-tuzba-jevtic-euronews\/\",\"url\":\"https:\/\/www.geciclaw.com\/sr\/kolektivna-tuzba-jevtic-euronews\/\",\"name\":\"Miodrag Jevti\u0107 govorio o kolektivnim tu\u017ebama za Euronews | Geci\u0107 Law\",\"isPartOf\":{\"@id\":\"https:\/\/www.geciclaw.com\/#website\"},\"primaryImageOfPage\":{\"@id\":\"https:\/\/www.geciclaw.com\/sr\/kolektivna-tuzba-jevtic-euronews\/#primaryimage\"},\"image\":{\"@id\":\"https:\/\/www.geciclaw.com\/sr\/kolektivna-tuzba-jevtic-euronews\/#primaryimage\"},\"thumbnailUrl\":\"https:\/\/www.geciclaw.com\/wp-content\/uploads\/2022\/02\/miodrageuronews.png\",\"datePublished\":\"2022-02-02T09:00:15+00:00\",\"dateModified\":\"2022-09-21T09:19:29+00:00\",\"description\":\"Na\u0161 stariji saradnik Miodrag Jevtic\u0301 gostovao je na kanalu Euronews Srbija. Povod za gostovanje je pravni institut kolektivne tu\u017ebe...\",\"breadcrumb\":{\"@id\":\"https:\/\/www.geciclaw.com\/sr\/kolektivna-tuzba-jevtic-euronews\/#breadcrumb\"},\"inLanguage\":\"sr-RS\",\"potentialAction\":[{\"@type\":\"ReadAction\",\"target\":[\"https:\/\/www.geciclaw.com\/sr\/kolektivna-tuzba-jevtic-euronews\/\"]}]},{\"@type\":\"ImageObject\",\"inLanguage\":\"sr-RS\",\"@id\":\"https:\/\/www.geciclaw.com\/sr\/kolektivna-tuzba-jevtic-euronews\/#primaryimage\",\"url\":\"https:\/\/www.geciclaw.com\/wp-content\/uploads\/2022\/02\/miodrageuronews.png\",\"contentUrl\":\"https:\/\/www.geciclaw.com\/wp-content\/uploads\/2022\/02\/miodrageuronews.png\",\"width\":770,\"height\":421,\"caption\":\"Miodrag Jevtic and Zivana\"},{\"@type\":\"BreadcrumbList\",\"@id\":\"https:\/\/www.geciclaw.com\/sr\/kolektivna-tuzba-jevtic-euronews\/#breadcrumb\",\"itemListElement\":[{\"@type\":\"ListItem\",\"position\":1,\"name\":\"Home\",\"item\":\"https:\/\/www.geciclaw.com\/sr\/\"},{\"@type\":\"ListItem\",\"position\":2,\"name\":\"Miodrag Jevti\u0107 govorio o kolektivnim tu\u017ebama za Euronews\"}]},{\"@type\":\"WebSite\",\"@id\":\"https:\/\/www.geciclaw.com\/#website\",\"url\":\"https:\/\/www.geciclaw.com\/\",\"name\":\"Geci\u0107 Law\",\"description\":\"Advokatska kancelarija\",\"publisher\":{\"@id\":\"https:\/\/www.geciclaw.com\/#organization\"},\"potentialAction\":[{\"@type\":\"SearchAction\",\"target\":{\"@type\":\"EntryPoint\",\"urlTemplate\":\"https:\/\/www.geciclaw.com\/?s={search_term_string}\"},\"query-input\":{\"@type\":\"PropertyValueSpecification\",\"valueRequired\":true,\"valueName\":\"search_term_string\"}}],\"inLanguage\":\"sr-RS\"},{\"@type\":\"Organization\",\"@id\":\"https:\/\/www.geciclaw.com\/#organization\",\"name\":\"Geci\u0107 Law\",\"url\":\"https:\/\/www.geciclaw.com\/\",\"logo\":{\"@type\":\"ImageObject\",\"inLanguage\":\"sr-RS\",\"@id\":\"https:\/\/www.geciclaw.com\/#\/schema\/logo\/image\/\",\"url\":\"https:\/\/geciclaw.com\/wp-content\/uploads\/2021\/10\/1.png\",\"contentUrl\":\"https:\/\/geciclaw.com\/wp-content\/uploads\/2021\/10\/1.png\",\"width\":1000,\"height\":409,\"caption\":\"Geci\u0107 Law\"},\"image\":{\"@id\":\"https:\/\/www.geciclaw.com\/#\/schema\/logo\/image\/\"}},{\"@type\":\"Person\",\"@id\":\"https:\/\/www.geciclaw.com\/#\/schema\/person\/f2133a67125e7057bc0c58435c3532f9\",\"name\":\"Ivan Eftimov\",\"image\":{\"@type\":\"ImageObject\",\"inLanguage\":\"sr-RS\",\"@id\":\"https:\/\/www.geciclaw.com\/#\/schema\/person\/image\/\",\"url\":\"https:\/\/secure.gravatar.com\/avatar\/b01054f24d3bbb4ef412bfacaf71306f068c8e1fab4435328367c58bf6ab606b?s=96&d=mm&r=g\",\"contentUrl\":\"https:\/\/secure.gravatar.com\/avatar\/b01054f24d3bbb4ef412bfacaf71306f068c8e1fab4435328367c58bf6ab606b?s=96&d=mm&r=g\",\"caption\":\"Ivan Eftimov\"},\"url\":\"https:\/\/www.geciclaw.com\/sr\/author\/vanja\/\"}]}<\/script>\n<!-- \/ Yoast SEO plugin. -->","yoast_head_json":{"title":"Miodrag Jevti\u0107 govorio o kolektivnim tu\u017ebama za Euronews | Geci\u0107 Law","description":"Na\u0161 stariji saradnik Miodrag Jevtic\u0301 gostovao je na kanalu Euronews Srbija. Povod za gostovanje je pravni institut kolektivne tu\u017ebe...","robots":{"index":"index","follow":"follow","max-snippet":"max-snippet:-1","max-image-preview":"max-image-preview:large","max-video-preview":"max-video-preview:-1"},"canonical":"https:\/\/www.geciclaw.com\/sr\/kolektivna-tuzba-jevtic-euronews\/","og_locale":"sr_RS","og_type":"article","og_title":"Miodrag Jevti\u0107 govorio o kolektivnim tu\u017ebama za Euronews | Geci\u0107 Law","og_description":"Na\u0161 stariji saradnik Miodrag Jevtic\u0301 gostovao je na kanalu Euronews Srbija. Povod za gostovanje je pravni institut kolektivne tu\u017ebe...","og_url":"https:\/\/www.geciclaw.com\/sr\/kolektivna-tuzba-jevtic-euronews\/","og_site_name":"Geci\u0107 Law","article_published_time":"2022-02-02T09:00:15+00:00","article_modified_time":"2022-09-21T09:19:29+00:00","og_image":[{"width":770,"height":421,"url":"https:\/\/www.geciclaw.com\/wp-content\/uploads\/2022\/02\/miodrageuronews.png","type":"image\/png"}],"author":"Ivan Eftimov","twitter_card":"summary_large_image","twitter_misc":{"Napisano od":"Ivan Eftimov","Procenjeno vreme \u010ditanja":"1 minut"},"schema":{"@context":"https:\/\/schema.org","@graph":[{"@type":"Article","@id":"https:\/\/www.geciclaw.com\/sr\/kolektivna-tuzba-jevtic-euronews\/#article","isPartOf":{"@id":"https:\/\/www.geciclaw.com\/sr\/kolektivna-tuzba-jevtic-euronews\/"},"author":{"name":"Ivan Eftimov","@id":"https:\/\/www.geciclaw.com\/#\/schema\/person\/f2133a67125e7057bc0c58435c3532f9"},"headline":"Miodrag Jevti\u0107 govorio o kolektivnim tu\u017ebama za Euronews","datePublished":"2022-02-02T09:00:15+00:00","dateModified":"2022-09-21T09:19:29+00:00","mainEntityOfPage":{"@id":"https:\/\/www.geciclaw.com\/sr\/kolektivna-tuzba-jevtic-euronews\/"},"wordCount":240,"publisher":{"@id":"https:\/\/www.geciclaw.com\/#organization"},"image":{"@id":"https:\/\/www.geciclaw.com\/sr\/kolektivna-tuzba-jevtic-euronews\/#primaryimage"},"thumbnailUrl":"https:\/\/www.geciclaw.com\/wp-content\/uploads\/2022\/02\/miodrageuronews.png","keywords":["Advokatska kancelarija Geci\u0107 Law","kolek","Kolektivna tu\u017eba","Miodrag Jevtic","Re\u0161avanje sporova","Vesti"],"articleSection":["\u0410\u043d\u0442\u0438\u0442\u0440\u0443\u0441\u0442 \/ \u041a\u043e\u043d\u043a\u0443\u0440\u0435\u043d\u0446\u0438\u0458\u0430","Re\u0161avanje sporova","Vesti"],"inLanguage":"sr-RS"},{"@type":"WebPage","@id":"https:\/\/www.geciclaw.com\/sr\/kolektivna-tuzba-jevtic-euronews\/","url":"https:\/\/www.geciclaw.com\/sr\/kolektivna-tuzba-jevtic-euronews\/","name":"Miodrag Jevti\u0107 govorio o kolektivnim tu\u017ebama za Euronews | Geci\u0107 Law","isPartOf":{"@id":"https:\/\/www.geciclaw.com\/#website"},"primaryImageOfPage":{"@id":"https:\/\/www.geciclaw.com\/sr\/kolektivna-tuzba-jevtic-euronews\/#primaryimage"},"image":{"@id":"https:\/\/www.geciclaw.com\/sr\/kolektivna-tuzba-jevtic-euronews\/#primaryimage"},"thumbnailUrl":"https:\/\/www.geciclaw.com\/wp-content\/uploads\/2022\/02\/miodrageuronews.png","datePublished":"2022-02-02T09:00:15+00:00","dateModified":"2022-09-21T09:19:29+00:00","description":"Na\u0161 stariji saradnik Miodrag Jevtic\u0301 gostovao je na kanalu Euronews Srbija. Povod za gostovanje je pravni institut kolektivne tu\u017ebe...","breadcrumb":{"@id":"https:\/\/www.geciclaw.com\/sr\/kolektivna-tuzba-jevtic-euronews\/#breadcrumb"},"inLanguage":"sr-RS","potentialAction":[{"@type":"ReadAction","target":["https:\/\/www.geciclaw.com\/sr\/kolektivna-tuzba-jevtic-euronews\/"]}]},{"@type":"ImageObject","inLanguage":"sr-RS","@id":"https:\/\/www.geciclaw.com\/sr\/kolektivna-tuzba-jevtic-euronews\/#primaryimage","url":"https:\/\/www.geciclaw.com\/wp-content\/uploads\/2022\/02\/miodrageuronews.png","contentUrl":"https:\/\/www.geciclaw.com\/wp-content\/uploads\/2022\/02\/miodrageuronews.png","width":770,"height":421,"caption":"Miodrag Jevtic and Zivana"},{"@type":"BreadcrumbList","@id":"https:\/\/www.geciclaw.com\/sr\/kolektivna-tuzba-jevtic-euronews\/#breadcrumb","itemListElement":[{"@type":"ListItem","position":1,"name":"Home","item":"https:\/\/www.geciclaw.com\/sr\/"},{"@type":"ListItem","position":2,"name":"Miodrag Jevti\u0107 govorio o kolektivnim tu\u017ebama za Euronews"}]},{"@type":"WebSite","@id":"https:\/\/www.geciclaw.com\/#website","url":"https:\/\/www.geciclaw.com\/","name":"Geci\u0107 Law","description":"Advokatska kancelarija","publisher":{"@id":"https:\/\/www.geciclaw.com\/#organization"},"potentialAction":[{"@type":"SearchAction","target":{"@type":"EntryPoint","urlTemplate":"https:\/\/www.geciclaw.com\/?s={search_term_string}"},"query-input":{"@type":"PropertyValueSpecification","valueRequired":true,"valueName":"search_term_string"}}],"inLanguage":"sr-RS"},{"@type":"Organization","@id":"https:\/\/www.geciclaw.com\/#organization","name":"Geci\u0107 Law","url":"https:\/\/www.geciclaw.com\/","logo":{"@type":"ImageObject","inLanguage":"sr-RS","@id":"https:\/\/www.geciclaw.com\/#\/schema\/logo\/image\/","url":"https:\/\/geciclaw.com\/wp-content\/uploads\/2021\/10\/1.png","contentUrl":"https:\/\/geciclaw.com\/wp-content\/uploads\/2021\/10\/1.png","width":1000,"height":409,"caption":"Geci\u0107 Law"},"image":{"@id":"https:\/\/www.geciclaw.com\/#\/schema\/logo\/image\/"}},{"@type":"Person","@id":"https:\/\/www.geciclaw.com\/#\/schema\/person\/f2133a67125e7057bc0c58435c3532f9","name":"Ivan Eftimov","image":{"@type":"ImageObject","inLanguage":"sr-RS","@id":"https:\/\/www.geciclaw.com\/#\/schema\/person\/image\/","url":"https:\/\/secure.gravatar.com\/avatar\/b01054f24d3bbb4ef412bfacaf71306f068c8e1fab4435328367c58bf6ab606b?s=96&d=mm&r=g","contentUrl":"https:\/\/secure.gravatar.com\/avatar\/b01054f24d3bbb4ef412bfacaf71306f068c8e1fab4435328367c58bf6ab606b?s=96&d=mm&r=g","caption":"Ivan Eftimov"},"url":"https:\/\/www.geciclaw.com\/sr\/author\/vanja\/"}]}},"_links":{"self":[{"href":"https:\/\/www.geciclaw.com\/sr\/wp-json\/wp\/v2\/posts\/20149","targetHints":{"allow":["GET"]}}],"collection":[{"href":"https:\/\/www.geciclaw.com\/sr\/wp-json\/wp\/v2\/posts"}],"about":[{"href":"https:\/\/www.geciclaw.com\/sr\/wp-json\/wp\/v2\/types\/post"}],"author":[{"embeddable":true,"href":"https:\/\/www.geciclaw.com\/sr\/wp-json\/wp\/v2\/users\/21"}],"replies":[{"embeddable":true,"href":"https:\/\/www.geciclaw.com\/sr\/wp-json\/wp\/v2\/comments?post=20149"}],"version-history":[{"count":3,"href":"https:\/\/www.geciclaw.com\/sr\/wp-json\/wp\/v2\/posts\/20149\/revisions"}],"predecessor-version":[{"id":21521,"href":"https:\/\/www.geciclaw.com\/sr\/wp-json\/wp\/v2\/posts\/20149\/revisions\/21521"}],"wp:featuredmedia":[{"embeddable":true,"href":"https:\/\/www.geciclaw.com\/sr\/wp-json\/wp\/v2\/media\/20147"}],"wp:attachment":[{"href":"https:\/\/www.geciclaw.com\/sr\/wp-json\/wp\/v2\/media?parent=20149"}],"wp:term":[{"taxonomy":"category","embeddable":true,"href":"https:\/\/www.geciclaw.com\/sr\/wp-json\/wp\/v2\/categories?post=20149"},{"taxonomy":"post_tag","embeddable":true,"href":"https:\/\/www.geciclaw.com\/sr\/wp-json\/wp\/v2\/tags?post=20149"}],"curies":[{"name":"wp","href":"https:\/\/api.w.org\/{rel}","templated":true}]}}