{"id":21897,"date":"2022-10-18T18:47:45","date_gmt":"2022-10-18T16:47:45","guid":{"rendered":"https:\/\/geciclaw.com\/?p=21897"},"modified":"2022-10-18T18:47:45","modified_gmt":"2022-10-18T16:47:45","slug":"eu-asean-cata","status":"publish","type":"post","link":"https:\/\/www.geciclaw.com\/sr\/eu-asean-cata\/","title":{"rendered":"EU i ASEAN potpisale prvi sporazum o vazdu\u0161nom saobra\u0107aju"},"content":{"rendered":"<p>Evropska unija (<a href=\"https:\/\/european-union.europa.eu\/index_en\">EU<\/a>) i Asocijacija nacija jugoisto\u010dne Azije (<a href=\"https:\/\/asean.org\/\">ASEAN<\/a>) potpisale su ju\u010de na Baliju prvi multilateralni Sveobuhvatni sporazum o vazdu\u0161nom saobrac\u0301aju (<a href=\"https:\/\/ec.europa.eu\/commission\/presscorner\/detail\/en\/QANDA_22_6125\">CATA<\/a>) u svetu. Vec\u0301ina dr\u017eava \u010dlanica EU do sada je imala bilateralne sporazume sa nekim od zemalja ASEAN-a, sa razli\u010ditim obuhvatom i pravilima. Me\u0111utim, vrlo malo njih je imalo takve ugovore sa svim zemljama ASEAN-a. Novi sporazum sada uklju\u010duje sve dr\u017eave \u010dlanice svakog od regiona i zamenjuje sve postojec\u0301e ugovore jedinstvenim okvirom, koji povezuje vi\u0161e od milijardu ljudi.<\/p>\n<p>Sporazum ima za cilj revitalizaciju vazdu\u0161nog saobrac\u0301aja i <a href=\"https:\/\/geciclaw.com\/sr\/klaster-4-srbija-eu\/\">transporta<\/a> izme\u0111u jugoisto\u010dne Azije i Evrope, koja je ozbiljno pogo\u0111ena pandemijom koronavirusa, na osnovu jasnog i transparentnog regulatornog okvira. Sporazum bi trebalo da unapredi putni\u010dke i kargo usluge izme\u0111u deset dr\u017eava \u010dlanica ASEAN-a i 27 \u010dlanica EU i stvori vi\u0161e moguc\u0301nosti za povezivanje, putovanja, turizam, trgovinu kako bi se podstakao ekonomski razvoj. Po Sporazumu, avio-kompanije ASEAN i EU mogu da obavljaju neograni\u010den broj letova izme\u0111u dva regiona, kao i do 14 putni\u010dkih letova nedeljno i bilo koji broj kargo letova sa Pravom pete slobode preko i iz bilo koje trec\u0301e zemlje.<\/p>\n<p>Pored saobrac\u0301ajnih prava, sporazum c\u0301e obezbediti jednake uslove za za\u0161titu konkurencije. Sporazum bi trebalo da uspostavi i osnovu za intenzivniju saradnju izme\u0111u EU i ASEAN-a u razli\u010ditim oblastima transporta i saobra\u0107aja, uklju\u010dujuc\u0301i i za\u0161titu potro\u0161a\u010da, socijalna i ekolo\u0161ka pitanja, bezbednost, upravljanje vazdu\u0161nim saobrac\u0301ajem. Sporazum predvi\u0111a i mehanizme za brzo re\u0161avanje svih sporova izme\u0111u potpisnica.<\/p>\n","protected":false},"excerpt":{"rendered":"<p>Evropska unija (EU) i Asocijacija nacija jugoisto\u010dne Azije (ASEAN) potpisale su ju\u010de na Baliju prvi multilateralni Sveobuhvatni sporazum o vazdu\u0161nom saobrac\u0301aju (CATA) u svetu. Vec\u0301ina dr\u017eava \u010dlanica EU do sada je imala bilateralne sporazume sa nekim od zemalja ASEAN-a, sa razli\u010ditim obuhvatom i pravilima. Me\u0111utim, vrlo malo njih je imalo takve ugovore sa svim zemljama ASEAN-a. Novi sporazum sada uklju\u010duje sve dr\u017eave \u010dlanice svakog od regiona i zamenjuje sve postojec\u0301e ugovore jedinstvenim okvirom, koji povezuje vi\u0161e od milijardu ljudi. Sporazum ima za cilj revitalizaciju vazdu\u0161nog saobrac\u0301aja i transporta izme\u0111u jugoisto\u010dne Azije i Evrope, koja je ozbiljno pogo\u0111ena pandemijom koronavirusa, na [&hellip;]<\/p>\n","protected":false},"author":21,"featured_media":21894,"comment_status":"closed","ping_status":"open","sticky":false,"template":"","format":"standard","meta":{"om_disable_all_campaigns":false,"footnotes":""},"categories":[597,1536,1538,1560,1549,1824],"tags":[1825,691],"class_list":["post-21897","post","type-post","status-publish","format-standard","has-post-thumbnail","hentry","category-597","category-pravo-eu-trgovina-prosirenje","category-upravno-pravo-opsta-regulativa","category-vesti","category-zakonodavna-drzavna-pitanja","category-eu-law-sr","tag-eu-law-sr","tag-competition-sr"],"acf":[],"yoast_head":"<!-- This site is optimized with the Yoast SEO plugin v25.5 - https:\/\/yoast.com\/wordpress\/plugins\/seo\/ -->\n<title>EU i ASEAN potpisale prvi sporazum o vazdu\u0161nom saobra\u0107aju | Geci\u0107 Law<\/title>\n<meta name=\"description\" content=\"EU i ASEAN potpisale su ju\u010de na Baliju prvi multilateralni Sveobuhvatni sporazum o vazdu\u0161nom saobrac\u0301aju (CATA) u svetu.\" \/>\n<meta name=\"robots\" content=\"index, follow, max-snippet:-1, max-image-preview:large, max-video-preview:-1\" \/>\n<link rel=\"canonical\" href=\"https:\/\/www.geciclaw.com\/sr\/eu-asean-cata\/\" \/>\n<meta property=\"og:locale\" content=\"sr_RS\" \/>\n<meta property=\"og:type\" content=\"article\" \/>\n<meta property=\"og:title\" content=\"EU i ASEAN potpisale prvi sporazum o vazdu\u0161nom saobra\u0107aju | Geci\u0107 Law\" \/>\n<meta property=\"og:description\" content=\"EU i ASEAN potpisale su ju\u010de na Baliju prvi multilateralni Sveobuhvatni sporazum o vazdu\u0161nom saobrac\u0301aju (CATA) u svetu.\" \/>\n<meta property=\"og:url\" content=\"https:\/\/www.geciclaw.com\/sr\/eu-asean-cata\/\" \/>\n<meta property=\"og:site_name\" content=\"Geci\u0107 Law\" \/>\n<meta property=\"article:published_time\" content=\"2022-10-18T16:47:45+00:00\" \/>\n<meta property=\"og:image\" content=\"https:\/\/www.geciclaw.com\/wp-content\/uploads\/2022\/10\/EU-ASEAN-aviation.png\" \/>\n\t<meta property=\"og:image:width\" content=\"1200\" \/>\n\t<meta property=\"og:image:height\" content=\"630\" \/>\n\t<meta property=\"og:image:type\" content=\"image\/png\" \/>\n<meta name=\"author\" content=\"Ivan Eftimov\" \/>\n<meta name=\"twitter:card\" content=\"summary_large_image\" \/>\n<meta name=\"twitter:label1\" content=\"Napisano od\" \/>\n\t<meta name=\"twitter:data1\" content=\"Ivan Eftimov\" \/>\n\t<meta name=\"twitter:label2\" content=\"Procenjeno vreme \u010ditanja\" \/>\n\t<meta name=\"twitter:data2\" content=\"2 minuta\" \/>\n<script type=\"application\/ld+json\" class=\"yoast-schema-graph\">{\"@context\":\"https:\/\/schema.org\",\"@graph\":[{\"@type\":\"Article\",\"@id\":\"https:\/\/www.geciclaw.com\/sr\/eu-asean-cata\/#article\",\"isPartOf\":{\"@id\":\"https:\/\/www.geciclaw.com\/sr\/eu-asean-cata\/\"},\"author\":{\"name\":\"Ivan Eftimov\",\"@id\":\"https:\/\/www.geciclaw.com\/#\/schema\/person\/f2133a67125e7057bc0c58435c3532f9\"},\"headline\":\"EU i ASEAN potpisale prvi sporazum o vazdu\u0161nom saobra\u0107aju\",\"datePublished\":\"2022-10-18T16:47:45+00:00\",\"mainEntityOfPage\":{\"@id\":\"https:\/\/www.geciclaw.com\/sr\/eu-asean-cata\/\"},\"wordCount\":284,\"publisher\":{\"@id\":\"https:\/\/www.geciclaw.com\/#organization\"},\"image\":{\"@id\":\"https:\/\/www.geciclaw.com\/sr\/eu-asean-cata\/#primaryimage\"},\"thumbnailUrl\":\"https:\/\/www.geciclaw.com\/wp-content\/uploads\/2022\/10\/EU-ASEAN-aviation.png\",\"keywords\":[\"EU Law\",\"Konkurencija\"],\"articleSection\":[\"\u0430\u0432\u0438\u0458\u0430\u0446\u0438\u0458\u0430\",\"Pravo EU, trgovina i pro\u0161irenje\",\"Upravno pravo i op\u0161ta regulativa\",\"Vesti\",\"Zakonodavna i dr\u017eavna pitanja\",\"EU Law\"],\"inLanguage\":\"sr-RS\"},{\"@type\":\"WebPage\",\"@id\":\"https:\/\/www.geciclaw.com\/sr\/eu-asean-cata\/\",\"url\":\"https:\/\/www.geciclaw.com\/sr\/eu-asean-cata\/\",\"name\":\"EU i ASEAN potpisale prvi sporazum o vazdu\u0161nom saobra\u0107aju | Geci\u0107 Law\",\"isPartOf\":{\"@id\":\"https:\/\/www.geciclaw.com\/#website\"},\"primaryImageOfPage\":{\"@id\":\"https:\/\/www.geciclaw.com\/sr\/eu-asean-cata\/#primaryimage\"},\"image\":{\"@id\":\"https:\/\/www.geciclaw.com\/sr\/eu-asean-cata\/#primaryimage\"},\"thumbnailUrl\":\"https:\/\/www.geciclaw.com\/wp-content\/uploads\/2022\/10\/EU-ASEAN-aviation.png\",\"datePublished\":\"2022-10-18T16:47:45+00:00\",\"description\":\"EU i ASEAN potpisale su ju\u010de na Baliju prvi multilateralni Sveobuhvatni sporazum o vazdu\u0161nom saobrac\u0301aju (CATA) u svetu.\",\"breadcrumb\":{\"@id\":\"https:\/\/www.geciclaw.com\/sr\/eu-asean-cata\/#breadcrumb\"},\"inLanguage\":\"sr-RS\",\"potentialAction\":[{\"@type\":\"ReadAction\",\"target\":[\"https:\/\/www.geciclaw.com\/sr\/eu-asean-cata\/\"]}]},{\"@type\":\"ImageObject\",\"inLanguage\":\"sr-RS\",\"@id\":\"https:\/\/www.geciclaw.com\/sr\/eu-asean-cata\/#primaryimage\",\"url\":\"https:\/\/www.geciclaw.com\/wp-content\/uploads\/2022\/10\/EU-ASEAN-aviation.png\",\"contentUrl\":\"https:\/\/www.geciclaw.com\/wp-content\/uploads\/2022\/10\/EU-ASEAN-aviation.png\",\"width\":1200,\"height\":630},{\"@type\":\"BreadcrumbList\",\"@id\":\"https:\/\/www.geciclaw.com\/sr\/eu-asean-cata\/#breadcrumb\",\"itemListElement\":[{\"@type\":\"ListItem\",\"position\":1,\"name\":\"Home\",\"item\":\"https:\/\/www.geciclaw.com\/sr\/\"},{\"@type\":\"ListItem\",\"position\":2,\"name\":\"EU i ASEAN potpisale prvi sporazum o vazdu\u0161nom saobra\u0107aju\"}]},{\"@type\":\"WebSite\",\"@id\":\"https:\/\/www.geciclaw.com\/#website\",\"url\":\"https:\/\/www.geciclaw.com\/\",\"name\":\"Geci\u0107 Law\",\"description\":\"Advokatska kancelarija\",\"publisher\":{\"@id\":\"https:\/\/www.geciclaw.com\/#organization\"},\"potentialAction\":[{\"@type\":\"SearchAction\",\"target\":{\"@type\":\"EntryPoint\",\"urlTemplate\":\"https:\/\/www.geciclaw.com\/?s={search_term_string}\"},\"query-input\":{\"@type\":\"PropertyValueSpecification\",\"valueRequired\":true,\"valueName\":\"search_term_string\"}}],\"inLanguage\":\"sr-RS\"},{\"@type\":\"Organization\",\"@id\":\"https:\/\/www.geciclaw.com\/#organization\",\"name\":\"Geci\u0107 Law\",\"url\":\"https:\/\/www.geciclaw.com\/\",\"logo\":{\"@type\":\"ImageObject\",\"inLanguage\":\"sr-RS\",\"@id\":\"https:\/\/www.geciclaw.com\/#\/schema\/logo\/image\/\",\"url\":\"https:\/\/geciclaw.com\/wp-content\/uploads\/2021\/10\/1.png\",\"contentUrl\":\"https:\/\/geciclaw.com\/wp-content\/uploads\/2021\/10\/1.png\",\"width\":1000,\"height\":409,\"caption\":\"Geci\u0107 Law\"},\"image\":{\"@id\":\"https:\/\/www.geciclaw.com\/#\/schema\/logo\/image\/\"}},{\"@type\":\"Person\",\"@id\":\"https:\/\/www.geciclaw.com\/#\/schema\/person\/f2133a67125e7057bc0c58435c3532f9\",\"name\":\"Ivan Eftimov\",\"image\":{\"@type\":\"ImageObject\",\"inLanguage\":\"sr-RS\",\"@id\":\"https:\/\/www.geciclaw.com\/#\/schema\/person\/image\/\",\"url\":\"https:\/\/secure.gravatar.com\/avatar\/b01054f24d3bbb4ef412bfacaf71306f068c8e1fab4435328367c58bf6ab606b?s=96&d=mm&r=g\",\"contentUrl\":\"https:\/\/secure.gravatar.com\/avatar\/b01054f24d3bbb4ef412bfacaf71306f068c8e1fab4435328367c58bf6ab606b?s=96&d=mm&r=g\",\"caption\":\"Ivan Eftimov\"},\"url\":\"https:\/\/www.geciclaw.com\/sr\/author\/vanja\/\"}]}<\/script>\n<!-- \/ Yoast SEO plugin. -->","yoast_head_json":{"title":"EU i ASEAN potpisale prvi sporazum o vazdu\u0161nom saobra\u0107aju | Geci\u0107 Law","description":"EU i ASEAN potpisale su ju\u010de na Baliju prvi multilateralni Sveobuhvatni sporazum o vazdu\u0161nom saobrac\u0301aju (CATA) u svetu.","robots":{"index":"index","follow":"follow","max-snippet":"max-snippet:-1","max-image-preview":"max-image-preview:large","max-video-preview":"max-video-preview:-1"},"canonical":"https:\/\/www.geciclaw.com\/sr\/eu-asean-cata\/","og_locale":"sr_RS","og_type":"article","og_title":"EU i ASEAN potpisale prvi sporazum o vazdu\u0161nom saobra\u0107aju | Geci\u0107 Law","og_description":"EU i ASEAN potpisale su ju\u010de na Baliju prvi multilateralni Sveobuhvatni sporazum o vazdu\u0161nom saobrac\u0301aju (CATA) u svetu.","og_url":"https:\/\/www.geciclaw.com\/sr\/eu-asean-cata\/","og_site_name":"Geci\u0107 Law","article_published_time":"2022-10-18T16:47:45+00:00","og_image":[{"width":1200,"height":630,"url":"https:\/\/www.geciclaw.com\/wp-content\/uploads\/2022\/10\/EU-ASEAN-aviation.png","type":"image\/png"}],"author":"Ivan Eftimov","twitter_card":"summary_large_image","twitter_misc":{"Napisano od":"Ivan Eftimov","Procenjeno vreme \u010ditanja":"2 minuta"},"schema":{"@context":"https:\/\/schema.org","@graph":[{"@type":"Article","@id":"https:\/\/www.geciclaw.com\/sr\/eu-asean-cata\/#article","isPartOf":{"@id":"https:\/\/www.geciclaw.com\/sr\/eu-asean-cata\/"},"author":{"name":"Ivan Eftimov","@id":"https:\/\/www.geciclaw.com\/#\/schema\/person\/f2133a67125e7057bc0c58435c3532f9"},"headline":"EU i ASEAN potpisale prvi sporazum o vazdu\u0161nom saobra\u0107aju","datePublished":"2022-10-18T16:47:45+00:00","mainEntityOfPage":{"@id":"https:\/\/www.geciclaw.com\/sr\/eu-asean-cata\/"},"wordCount":284,"publisher":{"@id":"https:\/\/www.geciclaw.com\/#organization"},"image":{"@id":"https:\/\/www.geciclaw.com\/sr\/eu-asean-cata\/#primaryimage"},"thumbnailUrl":"https:\/\/www.geciclaw.com\/wp-content\/uploads\/2022\/10\/EU-ASEAN-aviation.png","keywords":["EU Law","Konkurencija"],"articleSection":["\u0430\u0432\u0438\u0458\u0430\u0446\u0438\u0458\u0430","Pravo EU, trgovina i pro\u0161irenje","Upravno pravo i op\u0161ta regulativa","Vesti","Zakonodavna i dr\u017eavna pitanja","EU Law"],"inLanguage":"sr-RS"},{"@type":"WebPage","@id":"https:\/\/www.geciclaw.com\/sr\/eu-asean-cata\/","url":"https:\/\/www.geciclaw.com\/sr\/eu-asean-cata\/","name":"EU i ASEAN potpisale prvi sporazum o vazdu\u0161nom saobra\u0107aju | Geci\u0107 Law","isPartOf":{"@id":"https:\/\/www.geciclaw.com\/#website"},"primaryImageOfPage":{"@id":"https:\/\/www.geciclaw.com\/sr\/eu-asean-cata\/#primaryimage"},"image":{"@id":"https:\/\/www.geciclaw.com\/sr\/eu-asean-cata\/#primaryimage"},"thumbnailUrl":"https:\/\/www.geciclaw.com\/wp-content\/uploads\/2022\/10\/EU-ASEAN-aviation.png","datePublished":"2022-10-18T16:47:45+00:00","description":"EU i ASEAN potpisale su ju\u010de na Baliju prvi multilateralni Sveobuhvatni sporazum o vazdu\u0161nom saobrac\u0301aju (CATA) u svetu.","breadcrumb":{"@id":"https:\/\/www.geciclaw.com\/sr\/eu-asean-cata\/#breadcrumb"},"inLanguage":"sr-RS","potentialAction":[{"@type":"ReadAction","target":["https:\/\/www.geciclaw.com\/sr\/eu-asean-cata\/"]}]},{"@type":"ImageObject","inLanguage":"sr-RS","@id":"https:\/\/www.geciclaw.com\/sr\/eu-asean-cata\/#primaryimage","url":"https:\/\/www.geciclaw.com\/wp-content\/uploads\/2022\/10\/EU-ASEAN-aviation.png","contentUrl":"https:\/\/www.geciclaw.com\/wp-content\/uploads\/2022\/10\/EU-ASEAN-aviation.png","width":1200,"height":630},{"@type":"BreadcrumbList","@id":"https:\/\/www.geciclaw.com\/sr\/eu-asean-cata\/#breadcrumb","itemListElement":[{"@type":"ListItem","position":1,"name":"Home","item":"https:\/\/www.geciclaw.com\/sr\/"},{"@type":"ListItem","position":2,"name":"EU i ASEAN potpisale prvi sporazum o vazdu\u0161nom saobra\u0107aju"}]},{"@type":"WebSite","@id":"https:\/\/www.geciclaw.com\/#website","url":"https:\/\/www.geciclaw.com\/","name":"Geci\u0107 Law","description":"Advokatska kancelarija","publisher":{"@id":"https:\/\/www.geciclaw.com\/#organization"},"potentialAction":[{"@type":"SearchAction","target":{"@type":"EntryPoint","urlTemplate":"https:\/\/www.geciclaw.com\/?s={search_term_string}"},"query-input":{"@type":"PropertyValueSpecification","valueRequired":true,"valueName":"search_term_string"}}],"inLanguage":"sr-RS"},{"@type":"Organization","@id":"https:\/\/www.geciclaw.com\/#organization","name":"Geci\u0107 Law","url":"https:\/\/www.geciclaw.com\/","logo":{"@type":"ImageObject","inLanguage":"sr-RS","@id":"https:\/\/www.geciclaw.com\/#\/schema\/logo\/image\/","url":"https:\/\/geciclaw.com\/wp-content\/uploads\/2021\/10\/1.png","contentUrl":"https:\/\/geciclaw.com\/wp-content\/uploads\/2021\/10\/1.png","width":1000,"height":409,"caption":"Geci\u0107 Law"},"image":{"@id":"https:\/\/www.geciclaw.com\/#\/schema\/logo\/image\/"}},{"@type":"Person","@id":"https:\/\/www.geciclaw.com\/#\/schema\/person\/f2133a67125e7057bc0c58435c3532f9","name":"Ivan Eftimov","image":{"@type":"ImageObject","inLanguage":"sr-RS","@id":"https:\/\/www.geciclaw.com\/#\/schema\/person\/image\/","url":"https:\/\/secure.gravatar.com\/avatar\/b01054f24d3bbb4ef412bfacaf71306f068c8e1fab4435328367c58bf6ab606b?s=96&d=mm&r=g","contentUrl":"https:\/\/secure.gravatar.com\/avatar\/b01054f24d3bbb4ef412bfacaf71306f068c8e1fab4435328367c58bf6ab606b?s=96&d=mm&r=g","caption":"Ivan Eftimov"},"url":"https:\/\/www.geciclaw.com\/sr\/author\/vanja\/"}]}},"_links":{"self":[{"href":"https:\/\/www.geciclaw.com\/sr\/wp-json\/wp\/v2\/posts\/21897","targetHints":{"allow":["GET"]}}],"collection":[{"href":"https:\/\/www.geciclaw.com\/sr\/wp-json\/wp\/v2\/posts"}],"about":[{"href":"https:\/\/www.geciclaw.com\/sr\/wp-json\/wp\/v2\/types\/post"}],"author":[{"embeddable":true,"href":"https:\/\/www.geciclaw.com\/sr\/wp-json\/wp\/v2\/users\/21"}],"replies":[{"embeddable":true,"href":"https:\/\/www.geciclaw.com\/sr\/wp-json\/wp\/v2\/comments?post=21897"}],"version-history":[{"count":1,"href":"https:\/\/www.geciclaw.com\/sr\/wp-json\/wp\/v2\/posts\/21897\/revisions"}],"predecessor-version":[{"id":21898,"href":"https:\/\/www.geciclaw.com\/sr\/wp-json\/wp\/v2\/posts\/21897\/revisions\/21898"}],"wp:featuredmedia":[{"embeddable":true,"href":"https:\/\/www.geciclaw.com\/sr\/wp-json\/wp\/v2\/media\/21894"}],"wp:attachment":[{"href":"https:\/\/www.geciclaw.com\/sr\/wp-json\/wp\/v2\/media?parent=21897"}],"wp:term":[{"taxonomy":"category","embeddable":true,"href":"https:\/\/www.geciclaw.com\/sr\/wp-json\/wp\/v2\/categories?post=21897"},{"taxonomy":"post_tag","embeddable":true,"href":"https:\/\/www.geciclaw.com\/sr\/wp-json\/wp\/v2\/tags?post=21897"}],"curies":[{"name":"wp","href":"https:\/\/api.w.org\/{rel}","templated":true}]}}