{"id":22077,"date":"2022-11-22T14:11:53","date_gmt":"2022-11-22T13:11:53","guid":{"rendered":"https:\/\/geciclaw.com\/?p=22077"},"modified":"2022-11-22T14:11:53","modified_gmt":"2022-11-22T13:11:53","slug":"bogdan-gecic-i-miodrag-jevtic-govorili-za-telegraf","status":"publish","type":"post","link":"https:\/\/www.geciclaw.com\/sr\/bogdan-gecic-i-miodrag-jevtic-govorili-za-telegraf\/","title":{"rendered":"Bogdan Geci\u0107 i Miodrag Jevti\u0107 govorili za Telegraf"},"content":{"rendered":"<p>Nedavno smo u\u0161li u finale u \u010detiri kategorije za ovogodi\u0161nje presti\u017ene nagrade <a href=\"https:\/\/www.thelawyer.com\/the-lawyer-european-awards-2022-whos-made-the-shortlist\/\">The Lawyer<\/a> \u0161to je ujedno i najvi\u0161e nominacija za ove nagrade u celoj Evropi! Kao pro\u0161logodi\u0161nji pobednik, advokatska kancelarija Gecic\u0301 Law je nominovana za Advokatsku kancelariju godine za Jugoisto\u010dnu Evropu, na tr\u017ei\u0161tu koje broji vi\u0161e od 150 miliona stanovnika, a u u\u0161la je i u top pet za impresivna dostignuc\u0301a u oblasti prava konkurencije, korporativnog prava i re\u0161avanja sporova, stojec\u0301i rame uz rame sa kremom sveta advokature celog kontinenta. Gecic\u0301 Law je dobila najve\u0107i broj nominacija me\u0111u ovogodi\u0161njim kandidatima \u0161irom Evrope, \u0161to do sada nije po\u0161lo za rukom nijednoj advokatskoj kancelariji u regionu.<\/p>\n<p>Vest o ovom izuzetnom dostignu\u0107u privukla je interesovanje medija, pa je to bio povod da predstavnici na\u0161eg tima za re\u0161avanje sporova, osniva\u010d i partner <a href=\"https:\/\/geciclaw.com\/sr\/gecic-bogdan\/\">Bogdan Geci\u0107<\/a> i advokat <a href=\"https:\/\/geciclaw.com\/sr\/miodrag-jevtic\/\">Miodrag Jevti\u0107<\/a> razgovaraju sa poslovnim delom portalaTelegraf o ovom dostignu\u0107u i predstavili na\u0161u praksu u ovoj oblasti.<\/p>\n<p>\u201eOva godina je posebna po mnogo \u010demu, ali za nas najvi\u0161e po tome \u0161to smo pored geografske kategorije nominovani i za nagrade u tri pravne oblasti, odnosno u kategorijama za najbolji tim za korporativno pravo, pravo konkurencije i re\u0161avanje sporova &#8211; u kojima je na\u0161a kancelarija postigla zna\u010dajne rezultate u poslednjih nekoliko godina. \u010cetvorostruka nominacija je izuzetno retka. Ne znamo ni za jedan slu\u010daj na potezu od Nema\u010dke do Turske, a kamoli u regionu.\u201c\u00a0Istakao je Bogdan Geci\u0107.<\/p>\n<p>\u201eZa nas je efektivnost veoma va\u017ena. I to je ono \u0161to svaki klijent prepoznaje, bilo da je to me\u0111unarodna korporacija ili mali preduzetnik \u2013 najva\u017eniji je rezultat. Uvek smo okrenuti ka pozitivnom ishodu, a prepreke shvatamo kao izazove sa kojima se treba uhvatiti u ko\u0161tac. Stalno pratimo privredne tokove i re\u0161enja koja nudimo prilago\u0111avamo stvarnim poslovnim prioritetima svakog pojedina\u010dnog klijenta. Nikada ne pribegavamo jednoobraznim re\u0161enjima koja bi se mogla primeniti na brojne razli\u010dite slu\u010dajeve.\u201c, izme\u0111u ostalog je rekao Miodrag Jevti\u0107.<\/p>\n<p>Ceo tekst mo\u017eete pro\u010ditati ovde:<\/p>\n<p><a href=\"https:\/\/biznis.telegraf.rs\/info-biz\/3589052-rezultat-pre-svega-siguran-put-do-evropskog-vrha\">Telegraf<\/a><\/p>\n","protected":false},"excerpt":{"rendered":"<p>Nedavno smo u\u0161li u finale u \u010detiri kategorije za ovogodi\u0161nje presti\u017ene nagrade The Lawyer \u0161to je ujedno i najvi\u0161e nominacija za ove nagrade u celoj Evropi! Kao pro\u0161logodi\u0161nji pobednik, advokatska kancelarija Gecic\u0301 Law je nominovana za Advokatsku kancelariju godine za Jugoisto\u010dnu Evropu, na tr\u017ei\u0161tu koje broji vi\u0161e od 150 miliona stanovnika, a u u\u0161la je i u top pet za impresivna dostignuc\u0301a u oblasti prava konkurencije, korporativnog prava i re\u0161avanja sporova, stojec\u0301i rame uz rame sa kremom sveta advokature celog kontinenta. Gecic\u0301 Law je dobila najve\u0107i broj nominacija me\u0111u ovogodi\u0161njim kandidatima \u0161irom Evrope, \u0161to do sada nije po\u0161lo za rukom [&hellip;]<\/p>\n","protected":false},"author":21,"featured_media":22075,"comment_status":"closed","ping_status":"open","sticky":false,"template":"","format":"standard","meta":{"om_disable_all_campaigns":false,"footnotes":""},"categories":[1560],"tags":[1514,469,1825,1453,465],"class_list":["post-22077","post","type-post","status-publish","format-standard","has-post-thumbnail","hentry","category-vesti","tag-thelawyer-2","tag-gecic-law-firm-serbia-sr","tag-eu-law-sr","tag-the-lawyer-sr","tag-news-sr"],"acf":[],"yoast_head":"<!-- This site is optimized with the Yoast SEO plugin v25.5 - https:\/\/yoast.com\/wordpress\/plugins\/seo\/ -->\n<title>Bogdan Geci\u0107 i Miodrag Jevti\u0107 govorili za Telegraf | Geci\u0107 Law<\/title>\n<meta name=\"description\" content=\"\u010clanovi na\u0161eg tima za re\u0161avanje sporova, osniva\u010dki partner Bogdan Gecic\u0301 i Miodrag Jevtic\u0301, advokat, govorili su za Telegraf o dostignuc\u0301ima i predstavili ovu praksu.\" \/>\n<meta name=\"robots\" content=\"index, follow, max-snippet:-1, max-image-preview:large, max-video-preview:-1\" \/>\n<link rel=\"canonical\" href=\"https:\/\/www.geciclaw.com\/sr\/bogdan-gecic-i-miodrag-jevtic-govorili-za-telegraf\/\" \/>\n<meta property=\"og:locale\" content=\"sr_RS\" \/>\n<meta property=\"og:type\" content=\"article\" \/>\n<meta property=\"og:title\" content=\"Bogdan Geci\u0107 i Miodrag Jevti\u0107 govorili za Telegraf | Geci\u0107 Law\" \/>\n<meta property=\"og:description\" content=\"\u010clanovi na\u0161eg tima za re\u0161avanje sporova, osniva\u010dki partner Bogdan Gecic\u0301 i Miodrag Jevtic\u0301, advokat, govorili su za Telegraf o dostignuc\u0301ima i predstavili ovu praksu.\" \/>\n<meta property=\"og:url\" content=\"https:\/\/www.geciclaw.com\/sr\/bogdan-gecic-i-miodrag-jevtic-govorili-za-telegraf\/\" \/>\n<meta property=\"og:site_name\" content=\"Geci\u0107 Law\" \/>\n<meta property=\"article:published_time\" content=\"2022-11-22T13:11:53+00:00\" \/>\n<meta property=\"og:image\" content=\"https:\/\/www.geciclaw.com\/wp-content\/uploads\/2022\/11\/Featured-in-telegraf.png\" \/>\n\t<meta property=\"og:image:width\" content=\"1200\" \/>\n\t<meta property=\"og:image:height\" content=\"630\" \/>\n\t<meta property=\"og:image:type\" content=\"image\/png\" \/>\n<meta name=\"author\" content=\"Ivan Eftimov\" \/>\n<meta name=\"twitter:card\" content=\"summary_large_image\" \/>\n<meta name=\"twitter:label1\" content=\"Napisano od\" \/>\n\t<meta name=\"twitter:data1\" content=\"Ivan Eftimov\" \/>\n\t<meta name=\"twitter:label2\" content=\"Procenjeno vreme \u010ditanja\" \/>\n\t<meta name=\"twitter:data2\" content=\"2 minuta\" \/>\n<script type=\"application\/ld+json\" class=\"yoast-schema-graph\">{\"@context\":\"https:\/\/schema.org\",\"@graph\":[{\"@type\":\"Article\",\"@id\":\"https:\/\/www.geciclaw.com\/sr\/bogdan-gecic-i-miodrag-jevtic-govorili-za-telegraf\/#article\",\"isPartOf\":{\"@id\":\"https:\/\/www.geciclaw.com\/sr\/bogdan-gecic-i-miodrag-jevtic-govorili-za-telegraf\/\"},\"author\":{\"name\":\"Ivan Eftimov\",\"@id\":\"https:\/\/www.geciclaw.com\/#\/schema\/person\/f2133a67125e7057bc0c58435c3532f9\"},\"headline\":\"Bogdan Geci\u0107 i Miodrag Jevti\u0107 govorili za Telegraf\",\"datePublished\":\"2022-11-22T13:11:53+00:00\",\"mainEntityOfPage\":{\"@id\":\"https:\/\/www.geciclaw.com\/sr\/bogdan-gecic-i-miodrag-jevtic-govorili-za-telegraf\/\"},\"wordCount\":362,\"publisher\":{\"@id\":\"https:\/\/www.geciclaw.com\/#organization\"},\"image\":{\"@id\":\"https:\/\/www.geciclaw.com\/sr\/bogdan-gecic-i-miodrag-jevtic-govorili-za-telegraf\/#primaryimage\"},\"thumbnailUrl\":\"https:\/\/www.geciclaw.com\/wp-content\/uploads\/2022\/11\/Featured-in-telegraf.png\",\"keywords\":[\"#TheLawyer\",\"Advokatska kancelarija Geci\u0107 Law\",\"EU Law\",\"The Lawyer\",\"Vesti\"],\"articleSection\":[\"Vesti\"],\"inLanguage\":\"sr-RS\"},{\"@type\":\"WebPage\",\"@id\":\"https:\/\/www.geciclaw.com\/sr\/bogdan-gecic-i-miodrag-jevtic-govorili-za-telegraf\/\",\"url\":\"https:\/\/www.geciclaw.com\/sr\/bogdan-gecic-i-miodrag-jevtic-govorili-za-telegraf\/\",\"name\":\"Bogdan Geci\u0107 i Miodrag Jevti\u0107 govorili za Telegraf | Geci\u0107 Law\",\"isPartOf\":{\"@id\":\"https:\/\/www.geciclaw.com\/#website\"},\"primaryImageOfPage\":{\"@id\":\"https:\/\/www.geciclaw.com\/sr\/bogdan-gecic-i-miodrag-jevtic-govorili-za-telegraf\/#primaryimage\"},\"image\":{\"@id\":\"https:\/\/www.geciclaw.com\/sr\/bogdan-gecic-i-miodrag-jevtic-govorili-za-telegraf\/#primaryimage\"},\"thumbnailUrl\":\"https:\/\/www.geciclaw.com\/wp-content\/uploads\/2022\/11\/Featured-in-telegraf.png\",\"datePublished\":\"2022-11-22T13:11:53+00:00\",\"description\":\"\u010clanovi na\u0161eg tima za re\u0161avanje sporova, osniva\u010dki partner Bogdan Gecic\u0301 i Miodrag Jevtic\u0301, advokat, govorili su za Telegraf o dostignuc\u0301ima i predstavili ovu praksu.\",\"breadcrumb\":{\"@id\":\"https:\/\/www.geciclaw.com\/sr\/bogdan-gecic-i-miodrag-jevtic-govorili-za-telegraf\/#breadcrumb\"},\"inLanguage\":\"sr-RS\",\"potentialAction\":[{\"@type\":\"ReadAction\",\"target\":[\"https:\/\/www.geciclaw.com\/sr\/bogdan-gecic-i-miodrag-jevtic-govorili-za-telegraf\/\"]}]},{\"@type\":\"ImageObject\",\"inLanguage\":\"sr-RS\",\"@id\":\"https:\/\/www.geciclaw.com\/sr\/bogdan-gecic-i-miodrag-jevtic-govorili-za-telegraf\/#primaryimage\",\"url\":\"https:\/\/www.geciclaw.com\/wp-content\/uploads\/2022\/11\/Featured-in-telegraf.png\",\"contentUrl\":\"https:\/\/www.geciclaw.com\/wp-content\/uploads\/2022\/11\/Featured-in-telegraf.png\",\"width\":1200,\"height\":630},{\"@type\":\"BreadcrumbList\",\"@id\":\"https:\/\/www.geciclaw.com\/sr\/bogdan-gecic-i-miodrag-jevtic-govorili-za-telegraf\/#breadcrumb\",\"itemListElement\":[{\"@type\":\"ListItem\",\"position\":1,\"name\":\"Home\",\"item\":\"https:\/\/www.geciclaw.com\/sr\/\"},{\"@type\":\"ListItem\",\"position\":2,\"name\":\"Bogdan Geci\u0107 i Miodrag Jevti\u0107 govorili za Telegraf\"}]},{\"@type\":\"WebSite\",\"@id\":\"https:\/\/www.geciclaw.com\/#website\",\"url\":\"https:\/\/www.geciclaw.com\/\",\"name\":\"Geci\u0107 Law\",\"description\":\"Advokatska kancelarija\",\"publisher\":{\"@id\":\"https:\/\/www.geciclaw.com\/#organization\"},\"potentialAction\":[{\"@type\":\"SearchAction\",\"target\":{\"@type\":\"EntryPoint\",\"urlTemplate\":\"https:\/\/www.geciclaw.com\/?s={search_term_string}\"},\"query-input\":{\"@type\":\"PropertyValueSpecification\",\"valueRequired\":true,\"valueName\":\"search_term_string\"}}],\"inLanguage\":\"sr-RS\"},{\"@type\":\"Organization\",\"@id\":\"https:\/\/www.geciclaw.com\/#organization\",\"name\":\"Geci\u0107 Law\",\"url\":\"https:\/\/www.geciclaw.com\/\",\"logo\":{\"@type\":\"ImageObject\",\"inLanguage\":\"sr-RS\",\"@id\":\"https:\/\/www.geciclaw.com\/#\/schema\/logo\/image\/\",\"url\":\"https:\/\/geciclaw.com\/wp-content\/uploads\/2021\/10\/1.png\",\"contentUrl\":\"https:\/\/geciclaw.com\/wp-content\/uploads\/2021\/10\/1.png\",\"width\":1000,\"height\":409,\"caption\":\"Geci\u0107 Law\"},\"image\":{\"@id\":\"https:\/\/www.geciclaw.com\/#\/schema\/logo\/image\/\"}},{\"@type\":\"Person\",\"@id\":\"https:\/\/www.geciclaw.com\/#\/schema\/person\/f2133a67125e7057bc0c58435c3532f9\",\"name\":\"Ivan Eftimov\",\"image\":{\"@type\":\"ImageObject\",\"inLanguage\":\"sr-RS\",\"@id\":\"https:\/\/www.geciclaw.com\/#\/schema\/person\/image\/\",\"url\":\"https:\/\/secure.gravatar.com\/avatar\/b01054f24d3bbb4ef412bfacaf71306f068c8e1fab4435328367c58bf6ab606b?s=96&d=mm&r=g\",\"contentUrl\":\"https:\/\/secure.gravatar.com\/avatar\/b01054f24d3bbb4ef412bfacaf71306f068c8e1fab4435328367c58bf6ab606b?s=96&d=mm&r=g\",\"caption\":\"Ivan Eftimov\"},\"url\":\"https:\/\/www.geciclaw.com\/sr\/author\/vanja\/\"}]}<\/script>\n<!-- \/ Yoast SEO plugin. -->","yoast_head_json":{"title":"Bogdan Geci\u0107 i Miodrag Jevti\u0107 govorili za Telegraf | Geci\u0107 Law","description":"\u010clanovi na\u0161eg tima za re\u0161avanje sporova, osniva\u010dki partner Bogdan Gecic\u0301 i Miodrag Jevtic\u0301, advokat, govorili su za Telegraf o dostignuc\u0301ima i predstavili ovu praksu.","robots":{"index":"index","follow":"follow","max-snippet":"max-snippet:-1","max-image-preview":"max-image-preview:large","max-video-preview":"max-video-preview:-1"},"canonical":"https:\/\/www.geciclaw.com\/sr\/bogdan-gecic-i-miodrag-jevtic-govorili-za-telegraf\/","og_locale":"sr_RS","og_type":"article","og_title":"Bogdan Geci\u0107 i Miodrag Jevti\u0107 govorili za Telegraf | Geci\u0107 Law","og_description":"\u010clanovi na\u0161eg tima za re\u0161avanje sporova, osniva\u010dki partner Bogdan Gecic\u0301 i Miodrag Jevtic\u0301, advokat, govorili su za Telegraf o dostignuc\u0301ima i predstavili ovu praksu.","og_url":"https:\/\/www.geciclaw.com\/sr\/bogdan-gecic-i-miodrag-jevtic-govorili-za-telegraf\/","og_site_name":"Geci\u0107 Law","article_published_time":"2022-11-22T13:11:53+00:00","og_image":[{"width":1200,"height":630,"url":"https:\/\/www.geciclaw.com\/wp-content\/uploads\/2022\/11\/Featured-in-telegraf.png","type":"image\/png"}],"author":"Ivan Eftimov","twitter_card":"summary_large_image","twitter_misc":{"Napisano od":"Ivan Eftimov","Procenjeno vreme \u010ditanja":"2 minuta"},"schema":{"@context":"https:\/\/schema.org","@graph":[{"@type":"Article","@id":"https:\/\/www.geciclaw.com\/sr\/bogdan-gecic-i-miodrag-jevtic-govorili-za-telegraf\/#article","isPartOf":{"@id":"https:\/\/www.geciclaw.com\/sr\/bogdan-gecic-i-miodrag-jevtic-govorili-za-telegraf\/"},"author":{"name":"Ivan Eftimov","@id":"https:\/\/www.geciclaw.com\/#\/schema\/person\/f2133a67125e7057bc0c58435c3532f9"},"headline":"Bogdan Geci\u0107 i Miodrag Jevti\u0107 govorili za Telegraf","datePublished":"2022-11-22T13:11:53+00:00","mainEntityOfPage":{"@id":"https:\/\/www.geciclaw.com\/sr\/bogdan-gecic-i-miodrag-jevtic-govorili-za-telegraf\/"},"wordCount":362,"publisher":{"@id":"https:\/\/www.geciclaw.com\/#organization"},"image":{"@id":"https:\/\/www.geciclaw.com\/sr\/bogdan-gecic-i-miodrag-jevtic-govorili-za-telegraf\/#primaryimage"},"thumbnailUrl":"https:\/\/www.geciclaw.com\/wp-content\/uploads\/2022\/11\/Featured-in-telegraf.png","keywords":["#TheLawyer","Advokatska kancelarija Geci\u0107 Law","EU Law","The Lawyer","Vesti"],"articleSection":["Vesti"],"inLanguage":"sr-RS"},{"@type":"WebPage","@id":"https:\/\/www.geciclaw.com\/sr\/bogdan-gecic-i-miodrag-jevtic-govorili-za-telegraf\/","url":"https:\/\/www.geciclaw.com\/sr\/bogdan-gecic-i-miodrag-jevtic-govorili-za-telegraf\/","name":"Bogdan Geci\u0107 i Miodrag Jevti\u0107 govorili za Telegraf | Geci\u0107 Law","isPartOf":{"@id":"https:\/\/www.geciclaw.com\/#website"},"primaryImageOfPage":{"@id":"https:\/\/www.geciclaw.com\/sr\/bogdan-gecic-i-miodrag-jevtic-govorili-za-telegraf\/#primaryimage"},"image":{"@id":"https:\/\/www.geciclaw.com\/sr\/bogdan-gecic-i-miodrag-jevtic-govorili-za-telegraf\/#primaryimage"},"thumbnailUrl":"https:\/\/www.geciclaw.com\/wp-content\/uploads\/2022\/11\/Featured-in-telegraf.png","datePublished":"2022-11-22T13:11:53+00:00","description":"\u010clanovi na\u0161eg tima za re\u0161avanje sporova, osniva\u010dki partner Bogdan Gecic\u0301 i Miodrag Jevtic\u0301, advokat, govorili su za Telegraf o dostignuc\u0301ima i predstavili ovu praksu.","breadcrumb":{"@id":"https:\/\/www.geciclaw.com\/sr\/bogdan-gecic-i-miodrag-jevtic-govorili-za-telegraf\/#breadcrumb"},"inLanguage":"sr-RS","potentialAction":[{"@type":"ReadAction","target":["https:\/\/www.geciclaw.com\/sr\/bogdan-gecic-i-miodrag-jevtic-govorili-za-telegraf\/"]}]},{"@type":"ImageObject","inLanguage":"sr-RS","@id":"https:\/\/www.geciclaw.com\/sr\/bogdan-gecic-i-miodrag-jevtic-govorili-za-telegraf\/#primaryimage","url":"https:\/\/www.geciclaw.com\/wp-content\/uploads\/2022\/11\/Featured-in-telegraf.png","contentUrl":"https:\/\/www.geciclaw.com\/wp-content\/uploads\/2022\/11\/Featured-in-telegraf.png","width":1200,"height":630},{"@type":"BreadcrumbList","@id":"https:\/\/www.geciclaw.com\/sr\/bogdan-gecic-i-miodrag-jevtic-govorili-za-telegraf\/#breadcrumb","itemListElement":[{"@type":"ListItem","position":1,"name":"Home","item":"https:\/\/www.geciclaw.com\/sr\/"},{"@type":"ListItem","position":2,"name":"Bogdan Geci\u0107 i Miodrag Jevti\u0107 govorili za Telegraf"}]},{"@type":"WebSite","@id":"https:\/\/www.geciclaw.com\/#website","url":"https:\/\/www.geciclaw.com\/","name":"Geci\u0107 Law","description":"Advokatska kancelarija","publisher":{"@id":"https:\/\/www.geciclaw.com\/#organization"},"potentialAction":[{"@type":"SearchAction","target":{"@type":"EntryPoint","urlTemplate":"https:\/\/www.geciclaw.com\/?s={search_term_string}"},"query-input":{"@type":"PropertyValueSpecification","valueRequired":true,"valueName":"search_term_string"}}],"inLanguage":"sr-RS"},{"@type":"Organization","@id":"https:\/\/www.geciclaw.com\/#organization","name":"Geci\u0107 Law","url":"https:\/\/www.geciclaw.com\/","logo":{"@type":"ImageObject","inLanguage":"sr-RS","@id":"https:\/\/www.geciclaw.com\/#\/schema\/logo\/image\/","url":"https:\/\/geciclaw.com\/wp-content\/uploads\/2021\/10\/1.png","contentUrl":"https:\/\/geciclaw.com\/wp-content\/uploads\/2021\/10\/1.png","width":1000,"height":409,"caption":"Geci\u0107 Law"},"image":{"@id":"https:\/\/www.geciclaw.com\/#\/schema\/logo\/image\/"}},{"@type":"Person","@id":"https:\/\/www.geciclaw.com\/#\/schema\/person\/f2133a67125e7057bc0c58435c3532f9","name":"Ivan Eftimov","image":{"@type":"ImageObject","inLanguage":"sr-RS","@id":"https:\/\/www.geciclaw.com\/#\/schema\/person\/image\/","url":"https:\/\/secure.gravatar.com\/avatar\/b01054f24d3bbb4ef412bfacaf71306f068c8e1fab4435328367c58bf6ab606b?s=96&d=mm&r=g","contentUrl":"https:\/\/secure.gravatar.com\/avatar\/b01054f24d3bbb4ef412bfacaf71306f068c8e1fab4435328367c58bf6ab606b?s=96&d=mm&r=g","caption":"Ivan Eftimov"},"url":"https:\/\/www.geciclaw.com\/sr\/author\/vanja\/"}]}},"_links":{"self":[{"href":"https:\/\/www.geciclaw.com\/sr\/wp-json\/wp\/v2\/posts\/22077","targetHints":{"allow":["GET"]}}],"collection":[{"href":"https:\/\/www.geciclaw.com\/sr\/wp-json\/wp\/v2\/posts"}],"about":[{"href":"https:\/\/www.geciclaw.com\/sr\/wp-json\/wp\/v2\/types\/post"}],"author":[{"embeddable":true,"href":"https:\/\/www.geciclaw.com\/sr\/wp-json\/wp\/v2\/users\/21"}],"replies":[{"embeddable":true,"href":"https:\/\/www.geciclaw.com\/sr\/wp-json\/wp\/v2\/comments?post=22077"}],"version-history":[{"count":1,"href":"https:\/\/www.geciclaw.com\/sr\/wp-json\/wp\/v2\/posts\/22077\/revisions"}],"predecessor-version":[{"id":22078,"href":"https:\/\/www.geciclaw.com\/sr\/wp-json\/wp\/v2\/posts\/22077\/revisions\/22078"}],"wp:featuredmedia":[{"embeddable":true,"href":"https:\/\/www.geciclaw.com\/sr\/wp-json\/wp\/v2\/media\/22075"}],"wp:attachment":[{"href":"https:\/\/www.geciclaw.com\/sr\/wp-json\/wp\/v2\/media?parent=22077"}],"wp:term":[{"taxonomy":"category","embeddable":true,"href":"https:\/\/www.geciclaw.com\/sr\/wp-json\/wp\/v2\/categories?post=22077"},{"taxonomy":"post_tag","embeddable":true,"href":"https:\/\/www.geciclaw.com\/sr\/wp-json\/wp\/v2\/tags?post=22077"}],"curies":[{"name":"wp","href":"https:\/\/api.w.org\/{rel}","templated":true}]}}