{"id":22673,"date":"2023-01-25T14:52:44","date_gmt":"2023-01-25T13:52:44","guid":{"rendered":"https:\/\/geciclaw.com\/?p=22673"},"modified":"2026-04-02T16:12:25","modified_gmt":"2026-04-02T14:12:25","slug":"deklaracija-iz-tirane-zapadni-balkan-saraduje-u-pravcu-zelenije-buducnosti","status":"publish","type":"post","link":"https:\/\/www.geciclaw.com\/sr\/deklaracija-iz-tirane-zapadni-balkan-saraduje-u-pravcu-zelenije-buducnosti\/","title":{"rendered":"Deklaracija iz Tirane \u2013 Zapadni Balkan sara\u0111uje u pravcu zelenije buduc\u0301nosti?"},"content":{"rendered":"<p>Lideri EU i Zapadnog Balkana okupili su se pro\u0161log decembra u Albaniji na <a href=\"https:\/\/www.consilium.europa.eu\/en\/meetings\/international-summit\/2022\/12\/06\/\">Samitu EU &#8211; Zapadni Balkan<\/a> i razgovarali o saradnji i EU perspektivi regiona. <a href=\"https:\/\/www.consilium.europa.eu\/en\/press\/press-releases\/2022\/12\/06\/tirana-declaration-6-december-2022\/\">Deklaracija iz Tirane<\/a> (\u201eDeklaracija\u201c) potpisana je izme\u0111u lidera zapadno balkanske \u0161estorke i dr\u017eava \u010dlanica EU, sa predstavnicima Saveta EU i Komisije EU. Dokument sadr\u017ei konkretne inicijative u razli\u010ditim oblastima koje su osmi\u0161ljene da oja\u010daju saradnju unutar regiona uporedo sa procesom pristupanja EU.<\/p>\n<p>Jedna od zna\u010dajnih tema Deklaracije bila je posvec\u0301enost Zapadnog Balkana da u potpunosti sprovede Zelenu agendu i razvije politiku cena ugljenika u kontekstu Mehanizma EU za prilago\u0111avanje granice ugljenika.<\/p>\n<p>Kao \u0161to smo izvestili, u decembru 2022. godine, Evropska komisija, Evropski parlament i Savet EU postigli su <a href=\"https:\/\/www.consilium.europa.eu\/en\/press\/press-releases\/2022\/12\/13\/eu-climate-action-provisional-agreement-reached-on-carbon-border-adjustment-mechanism-cbam\/\">privremeni sporazum<\/a> o mehanizmu za prilago\u0111avanje granice ugljenika (\u201eCBAM\u201c) i kona\u010dno uskladili svoje stavove u vezi sa glavnim pitanjima ove revolucionarne klimatske regulative. CBAM c\u0301e se primenjivati vec\u0301 od oktobra ove godine, dok bi se sama cena ugljenika primenjivala od 2026. Brojne zemlje \u010diji \u0107e proizvodi biti obuhva\u0107eni ovim regulatornim instrumentom nastoje da projektuju njegov uticaj na me\u0111unarodnu trgovinu robom, posebno na izvoz na jedinstveno tr\u017ei\u0161te Evropske unije (\u201eEU\u201c).<\/p>\n<p><strong>Zapadni Balkan i Evropska unija<\/strong><\/p>\n<p>U svetlu procesa pridru\u017eivanja EU, zemlje Zapadnog Balkana (\u201eZB\u201c) potpisale su nekoliko me\u0111unarodnih sporazuma i deklaracija u kojima su se, izme\u0111u ostalog, obavezale na ambiciozne klimatske ciljeve. Jedan od takvih koraka bilo je potpisivanje <a href=\"https:\/\/www.consilium.europa.eu\/media\/34776\/sofia-declaration_en.pdf\">Sofijske deklaracije<\/a> o Zelenoj agendi za Zapadni Balkan u novembru 2020. godine, kojom su zemlje regiona prihvatile <a href=\"https:\/\/commission.europa.eu\/strategy-and-policy\/priorities-2019-2024\/european-green-deal_en\">Zeleni dogovor EU<\/a> kao novu strategiju razvoja moderne, klimatski neutralne i konkurentne ekonomije. Ugovorne strane su se ovim aktom obavezale na niz konkretnih aktivnosti, uklju\u010dujuc\u0301i uvo\u0111enje cene emisija ugljen dioksida, povec\u0301anje udela i investicije u obnovljive izvore energije i postepeno ukidanje subvencija za ugalj. Potpisnici su se obavezali da c\u0301e raditi zajedno sa EU na ostvarenju ciljeva klimatske neutralnosti do 2050. godine i da c\u0301e uskladiti svoje zakonodavstvo sa strogom klimatskom politikom EU. Pored toga, Sofijska deklaracija predvi\u0111a da zemlje SB treba da nastave da promovi\u0161u dekarbonizaciju u regionu uskla\u0111ivanjem sa sistemom EU za trgovinu emisijama i uvo\u0111enjem drugih oblika cena ugljenika. Prepoznavanje problema klimatskih promjena od strane zemalja Zapadnog balkana je neosporno, a implementacija mehanizma kao \u0161to je CBAM dodatno c\u0301e podstac\u0301i zelenu tranziciju u ovim oblastima. Kona\u010dno, vlade moraju usvojiti nacionalne klimatske planove za smanjenje emisije gasova staklene ba\u0161te. Od kraja pro\u0161le godine, jurisdikcije regiona su potpisivanjem <a href=\"https:\/\/www.consilium.europa.eu\/en\/press\/press-releases\/2022\/12\/06\/tirana-declaration-6-december-2022\/\">Deklaracije iz Tirane<\/a> preuzele dodatne obaveze u vezi sa odre\u0111enim ekolo\u0161kim aspektima.<\/p>\n<p><strong>Tiranska deklaracija i Zelena agenda<\/strong><\/p>\n<p>EU je kroz Deklaraciju iz Tirane izrazila spremnost da podr\u017ei obaveze zemalja Zapadnog Balkana prema Zelenom dogovoru EU. Po prvi put stavlja poseban akcenat na primenu CBAM-a u regionu. EU je izjavila da je spremna da pomogne liderima Zapadnog Balkana u implementaciji Zelene agende u toj oblasti, uklju\u010dujuc\u0301i njihove klimatske obaveze prema Pariskom sporazumu, kao kriti\u010dnom pokreta\u010du prelaska na klimatski neutralanu, klimatski otpornu i resursno efikasnu ekonomiju. EU je istakla va\u017enost Zelene agende za razvoj potencijala cirkularne ekonomije, borbu protiv zaga\u0111enja, unapre\u0111enje upravljanja otpadom i ubrzanje prelaska na zelenu energiju u regionu. Pored toga, EU namerava da pru\u017ei tehni\u010dku i finansijsku pomoc\u0301 partnerima u kreiranju strategije cena za emisije ugljen dioksida u okviru CBAM.<\/p>\n<p><strong>Primena CBAM-a u zemljama Zapadnog Balkana \u2013 prilika za prekograni\u010dnu saradnju<\/strong><\/p>\n<p>Imajuc\u0301i u vidu da je EU vodec\u0301i trgovinski partner zemalja Zapadnog Balkana, sa 67,6% ukupne trgovine regiona, ove zemlje pomno prate uvo\u0111enje CBAM-a, prve da\u017ebine na uvoz ugljenika.<\/p>\n<p>Izvoznici sa Zapadnog Balkana na jedinstveno tr\u017ei\u0161te EU imaju na raspolaganju nekoliko opcija da postanu uskla\u0111eni sa CBAM-om. Kupovina CBAM sertifikata na granici prilikom izvoza proizvoda pokrivenih CBAM-om je najmanje po\u017eeljna opcija. U tom smislu, zemlje van EU, uklju\u010dujuc\u0301i zemlje Zapadnog Balkana, c\u0301e najverovatnije imati dve dodatne moguc\u0301nosti da izbegnu pla\u0107anje CBAM:<\/p>\n<ol>\n<li>Povezivanje sa EU ETS \u2013 Zemlje van EU koje su povezane sa EU ETS (EU sistem trgovine emisijama) bic\u0301e izuzete iz CBAM (npr. \u0160vajcarska). Me\u0111utim, imajuc\u0301i u vidu zahtevne standarde za povezivanje sa EU ETS, ova opcija je manje verovatna iz prakti\u010dne perspektive.<\/li>\n<li>Interni sistem cena emisija ugljen dioksida (domac\u0301i ETS) \u2013 Zemlje van EU sa domac\u0301om cenom ugljenika mogu ostvariti proporcionalno smanjenje cene CBAM-a kako bi se izbeglo dvostruka naplata da\u017ebine. Ovde postoji prilika za prekograni\u010dnu saradnju izme\u0111u zemalja Zapadnog Balkana. Stvaranje unutra\u0161njeg tr\u017ei\u0161ta ugljenika \u0161irom Zapadni Balkan samo je jedna od opcija o kojima se raspravlja na raskr\u0161c\u0301u politike i ekonomije.<\/li>\n<\/ol>\n<p>Na godi\u0161njoj konferenciji Inicijative za regione uglja u tranziciji na Zapadnom Balkanu i Ukrajini, ministar \u017eivotne sredine i prostornog planiranja Severne Makedonije Naser Nuredini je ukazao na to da je Zapadnom Balkanu potreban zajedni\u010dki sistem cena emisija jer je to jedini na\u010din da se izbegne CBAM i zadr\u017ee sredstva koja bi EU naplatila putem ove prekograni\u010dne takes, kao i da Severna Makedonija nije spremna da sama uvede namet na emisije.<\/p>\n<p>Ostaje da se vidi da li c\u0301e nacije Zapadnog Balkana sara\u0111ivati i efikasno implementirati mehanizme odre\u0111ivanja cena ugljenika i da li c\u0301e moc\u0301i da prevazi\u0111u sve prepreke koje se mogu pojaviti u tom procesu. Ipak, postoji osec\u0301aj optimizma da c\u0301e kroz usagla\u0161ene napore i \u010dvrstu re\u0161enost moc\u0301i da prevazi\u0111u ove izazove i utru put ka odr\u017eivoj buduc\u0301nosti.<\/p>\n<p>&nbsp;<\/p>\n<p><em>Autori:<\/em> Vasilije Bo\u0161kovi\u0107, Nikola Ivkovi\u0107<\/p>\n","protected":false},"excerpt":{"rendered":"<p>Lideri EU i Zapadnog Balkana okupili su se pro\u0161log decembra u Albaniji na Samitu EU &#8211; Zapadni Balkan i razgovarali o saradnji i EU perspektivi regiona. Deklaracija iz Tirane (\u201eDeklaracija\u201c) potpisana je izme\u0111u lidera zapadno balkanske \u0161estorke i dr\u017eava \u010dlanica EU, sa predstavnicima Saveta EU i Komisije EU. Dokument sadr\u017ei konkretne inicijative u razli\u010ditim oblastima koje su osmi\u0161ljene da oja\u010daju saradnju unutar regiona uporedo sa procesom pristupanja EU. Jedna od zna\u010dajnih tema Deklaracije bila je posvec\u0301enost Zapadnog Balkana da u potpunosti sprovede Zelenu agendu i razvije politiku cena ugljenika u kontekstu Mehanizma EU za prilago\u0111avanje granice ugljenika. Kao \u0161to smo [&hellip;]<\/p>\n","protected":false},"author":21,"featured_media":22358,"comment_status":"closed","ping_status":"open","sticky":false,"template":"","format":"standard","meta":{"om_disable_all_campaigns":false,"footnotes":""},"categories":[607,1534,1536,1538,1716,1760,1824],"tags":[469,1855,1778,1825,1805],"class_list":["post-22673","post","type-post","status-publish","format-standard","has-post-thumbnail","hentry","category-evropska-komisija","category-evropsko-pravo","category-pravo-eu-trgovina-prosirenje","category-upravno-pravo-opsta-regulativa","category-zastita-zivotne-sredine","category-esg","category-eu-law-sr","tag-gecic-law-firm-serbia-sr","tag-cbam-sr","tag-esg-sr","tag-eu-law-sr","tag-zapadni-balkan"],"acf":[],"yoast_head":"<!-- This site is optimized with the Yoast SEO plugin v25.5 - https:\/\/yoast.com\/wordpress\/plugins\/seo\/ -->\n<title>Deklaracija iz Tirane \u2013 Zapadni Balkan sara\u0111uje u pravcu zelenije buduc\u0301nosti? | Geci\u0107 Law<\/title>\n<meta name=\"description\" content=\"Deklaracija iz Tirane potpisana je izme\u0111u lidera zapadno balkanske \u0161estorke i dr\u017eava \u010dlanica EU, sa predstavnicima Saveta EU i Komisije EU.\" \/>\n<meta name=\"robots\" content=\"index, follow, max-snippet:-1, max-image-preview:large, max-video-preview:-1\" \/>\n<link rel=\"canonical\" href=\"https:\/\/www.geciclaw.com\/sr\/deklaracija-iz-tirane-zapadni-balkan-saraduje-u-pravcu-zelenije-buducnosti\/\" \/>\n<meta property=\"og:locale\" content=\"sr_RS\" \/>\n<meta property=\"og:type\" content=\"article\" \/>\n<meta property=\"og:title\" content=\"Deklaracija iz Tirane \u2013 Zapadni Balkan sara\u0111uje u pravcu zelenije buduc\u0301nosti? | Geci\u0107 Law\" \/>\n<meta property=\"og:description\" content=\"Deklaracija iz Tirane potpisana je izme\u0111u lidera zapadno balkanske \u0161estorke i dr\u017eava \u010dlanica EU, sa predstavnicima Saveta EU i Komisije EU.\" \/>\n<meta property=\"og:url\" content=\"https:\/\/www.geciclaw.com\/sr\/deklaracija-iz-tirane-zapadni-balkan-saraduje-u-pravcu-zelenije-buducnosti\/\" \/>\n<meta property=\"og:site_name\" content=\"Geci\u0107 Law\" \/>\n<meta property=\"article:published_time\" content=\"2023-01-25T13:52:44+00:00\" \/>\n<meta property=\"article:modified_time\" content=\"2026-04-02T14:12:25+00:00\" \/>\n<meta property=\"og:image\" content=\"https:\/\/www.geciclaw.com\/wp-content\/uploads\/2022\/12\/roaming.png\" \/>\n\t<meta property=\"og:image:width\" content=\"1200\" \/>\n\t<meta property=\"og:image:height\" content=\"630\" \/>\n\t<meta property=\"og:image:type\" content=\"image\/png\" \/>\n<meta name=\"author\" content=\"Ivan Eftimov\" \/>\n<meta name=\"twitter:card\" content=\"summary_large_image\" \/>\n<meta name=\"twitter:label1\" content=\"Napisano od\" \/>\n\t<meta name=\"twitter:data1\" content=\"Ivan Eftimov\" \/>\n\t<meta name=\"twitter:label2\" content=\"Procenjeno vreme \u010ditanja\" \/>\n\t<meta name=\"twitter:data2\" content=\"4 minuta\" \/>\n<script type=\"application\/ld+json\" class=\"yoast-schema-graph\">{\"@context\":\"https:\/\/schema.org\",\"@graph\":[{\"@type\":\"Article\",\"@id\":\"https:\/\/www.geciclaw.com\/sr\/deklaracija-iz-tirane-zapadni-balkan-saraduje-u-pravcu-zelenije-buducnosti\/#article\",\"isPartOf\":{\"@id\":\"https:\/\/www.geciclaw.com\/sr\/deklaracija-iz-tirane-zapadni-balkan-saraduje-u-pravcu-zelenije-buducnosti\/\"},\"author\":{\"name\":\"Ivan Eftimov\",\"@id\":\"https:\/\/www.geciclaw.com\/#\/schema\/person\/f2133a67125e7057bc0c58435c3532f9\"},\"headline\":\"Deklaracija iz Tirane \u2013 Zapadni Balkan sara\u0111uje u pravcu zelenije buduc\u0301nosti?\",\"datePublished\":\"2023-01-25T13:52:44+00:00\",\"dateModified\":\"2026-04-02T14:12:25+00:00\",\"mainEntityOfPage\":{\"@id\":\"https:\/\/www.geciclaw.com\/sr\/deklaracija-iz-tirane-zapadni-balkan-saraduje-u-pravcu-zelenije-buducnosti\/\"},\"wordCount\":945,\"publisher\":{\"@id\":\"https:\/\/www.geciclaw.com\/#organization\"},\"image\":{\"@id\":\"https:\/\/www.geciclaw.com\/sr\/deklaracija-iz-tirane-zapadni-balkan-saraduje-u-pravcu-zelenije-buducnosti\/#primaryimage\"},\"thumbnailUrl\":\"https:\/\/www.geciclaw.com\/wp-content\/uploads\/2022\/12\/roaming.png\",\"keywords\":[\"Advokatska kancelarija Geci\u0107 Law\",\"CBAM\",\"ESG\",\"EU Law\",\"Zapadni Balkan\"],\"articleSection\":[\"Evropska komisija\",\"Evropsko pravo\",\"Pravo EU, trgovina i pro\u0161irenje\",\"Upravno pravo i op\u0161ta regulativa\",\"Za\u0161tita \u017eivotne sredine\",\"ESG\",\"EU Law\"],\"inLanguage\":\"sr-RS\"},{\"@type\":\"WebPage\",\"@id\":\"https:\/\/www.geciclaw.com\/sr\/deklaracija-iz-tirane-zapadni-balkan-saraduje-u-pravcu-zelenije-buducnosti\/\",\"url\":\"https:\/\/www.geciclaw.com\/sr\/deklaracija-iz-tirane-zapadni-balkan-saraduje-u-pravcu-zelenije-buducnosti\/\",\"name\":\"Deklaracija iz Tirane \u2013 Zapadni Balkan sara\u0111uje u pravcu zelenije buduc\u0301nosti? | Geci\u0107 Law\",\"isPartOf\":{\"@id\":\"https:\/\/www.geciclaw.com\/#website\"},\"primaryImageOfPage\":{\"@id\":\"https:\/\/www.geciclaw.com\/sr\/deklaracija-iz-tirane-zapadni-balkan-saraduje-u-pravcu-zelenije-buducnosti\/#primaryimage\"},\"image\":{\"@id\":\"https:\/\/www.geciclaw.com\/sr\/deklaracija-iz-tirane-zapadni-balkan-saraduje-u-pravcu-zelenije-buducnosti\/#primaryimage\"},\"thumbnailUrl\":\"https:\/\/www.geciclaw.com\/wp-content\/uploads\/2022\/12\/roaming.png\",\"datePublished\":\"2023-01-25T13:52:44+00:00\",\"dateModified\":\"2026-04-02T14:12:25+00:00\",\"description\":\"Deklaracija iz Tirane potpisana je izme\u0111u lidera zapadno balkanske \u0161estorke i dr\u017eava \u010dlanica EU, sa predstavnicima Saveta EU i Komisije EU.\",\"breadcrumb\":{\"@id\":\"https:\/\/www.geciclaw.com\/sr\/deklaracija-iz-tirane-zapadni-balkan-saraduje-u-pravcu-zelenije-buducnosti\/#breadcrumb\"},\"inLanguage\":\"sr-RS\",\"potentialAction\":[{\"@type\":\"ReadAction\",\"target\":[\"https:\/\/www.geciclaw.com\/sr\/deklaracija-iz-tirane-zapadni-balkan-saraduje-u-pravcu-zelenije-buducnosti\/\"]}]},{\"@type\":\"ImageObject\",\"inLanguage\":\"sr-RS\",\"@id\":\"https:\/\/www.geciclaw.com\/sr\/deklaracija-iz-tirane-zapadni-balkan-saraduje-u-pravcu-zelenije-buducnosti\/#primaryimage\",\"url\":\"https:\/\/www.geciclaw.com\/wp-content\/uploads\/2022\/12\/roaming.png\",\"contentUrl\":\"https:\/\/www.geciclaw.com\/wp-content\/uploads\/2022\/12\/roaming.png\",\"width\":1200,\"height\":630},{\"@type\":\"BreadcrumbList\",\"@id\":\"https:\/\/www.geciclaw.com\/sr\/deklaracija-iz-tirane-zapadni-balkan-saraduje-u-pravcu-zelenije-buducnosti\/#breadcrumb\",\"itemListElement\":[{\"@type\":\"ListItem\",\"position\":1,\"name\":\"Home\",\"item\":\"https:\/\/www.geciclaw.com\/sr\/\"},{\"@type\":\"ListItem\",\"position\":2,\"name\":\"Deklaracija iz Tirane \u2013 Zapadni Balkan sara\u0111uje u pravcu zelenije buduc\u0301nosti?\"}]},{\"@type\":\"WebSite\",\"@id\":\"https:\/\/www.geciclaw.com\/#website\",\"url\":\"https:\/\/www.geciclaw.com\/\",\"name\":\"Geci\u0107 Law\",\"description\":\"Advokatska kancelarija\",\"publisher\":{\"@id\":\"https:\/\/www.geciclaw.com\/#organization\"},\"potentialAction\":[{\"@type\":\"SearchAction\",\"target\":{\"@type\":\"EntryPoint\",\"urlTemplate\":\"https:\/\/www.geciclaw.com\/?s={search_term_string}\"},\"query-input\":{\"@type\":\"PropertyValueSpecification\",\"valueRequired\":true,\"valueName\":\"search_term_string\"}}],\"inLanguage\":\"sr-RS\"},{\"@type\":\"Organization\",\"@id\":\"https:\/\/www.geciclaw.com\/#organization\",\"name\":\"Geci\u0107 Law\",\"url\":\"https:\/\/www.geciclaw.com\/\",\"logo\":{\"@type\":\"ImageObject\",\"inLanguage\":\"sr-RS\",\"@id\":\"https:\/\/www.geciclaw.com\/#\/schema\/logo\/image\/\",\"url\":\"https:\/\/geciclaw.com\/wp-content\/uploads\/2021\/10\/1.png\",\"contentUrl\":\"https:\/\/geciclaw.com\/wp-content\/uploads\/2021\/10\/1.png\",\"width\":1000,\"height\":409,\"caption\":\"Geci\u0107 Law\"},\"image\":{\"@id\":\"https:\/\/www.geciclaw.com\/#\/schema\/logo\/image\/\"}},{\"@type\":\"Person\",\"@id\":\"https:\/\/www.geciclaw.com\/#\/schema\/person\/f2133a67125e7057bc0c58435c3532f9\",\"name\":\"Ivan Eftimov\",\"image\":{\"@type\":\"ImageObject\",\"inLanguage\":\"sr-RS\",\"@id\":\"https:\/\/www.geciclaw.com\/#\/schema\/person\/image\/\",\"url\":\"https:\/\/secure.gravatar.com\/avatar\/b01054f24d3bbb4ef412bfacaf71306f068c8e1fab4435328367c58bf6ab606b?s=96&d=mm&r=g\",\"contentUrl\":\"https:\/\/secure.gravatar.com\/avatar\/b01054f24d3bbb4ef412bfacaf71306f068c8e1fab4435328367c58bf6ab606b?s=96&d=mm&r=g\",\"caption\":\"Ivan Eftimov\"},\"url\":\"https:\/\/www.geciclaw.com\/sr\/author\/vanja\/\"}]}<\/script>\n<!-- \/ Yoast SEO plugin. -->","yoast_head_json":{"title":"Deklaracija iz Tirane \u2013 Zapadni Balkan sara\u0111uje u pravcu zelenije buduc\u0301nosti? | Geci\u0107 Law","description":"Deklaracija iz Tirane potpisana je izme\u0111u lidera zapadno balkanske \u0161estorke i dr\u017eava \u010dlanica EU, sa predstavnicima Saveta EU i Komisije EU.","robots":{"index":"index","follow":"follow","max-snippet":"max-snippet:-1","max-image-preview":"max-image-preview:large","max-video-preview":"max-video-preview:-1"},"canonical":"https:\/\/www.geciclaw.com\/sr\/deklaracija-iz-tirane-zapadni-balkan-saraduje-u-pravcu-zelenije-buducnosti\/","og_locale":"sr_RS","og_type":"article","og_title":"Deklaracija iz Tirane \u2013 Zapadni Balkan sara\u0111uje u pravcu zelenije buduc\u0301nosti? | Geci\u0107 Law","og_description":"Deklaracija iz Tirane potpisana je izme\u0111u lidera zapadno balkanske \u0161estorke i dr\u017eava \u010dlanica EU, sa predstavnicima Saveta EU i Komisije EU.","og_url":"https:\/\/www.geciclaw.com\/sr\/deklaracija-iz-tirane-zapadni-balkan-saraduje-u-pravcu-zelenije-buducnosti\/","og_site_name":"Geci\u0107 Law","article_published_time":"2023-01-25T13:52:44+00:00","article_modified_time":"2026-04-02T14:12:25+00:00","og_image":[{"width":1200,"height":630,"url":"https:\/\/www.geciclaw.com\/wp-content\/uploads\/2022\/12\/roaming.png","type":"image\/png"}],"author":"Ivan Eftimov","twitter_card":"summary_large_image","twitter_misc":{"Napisano od":"Ivan Eftimov","Procenjeno vreme \u010ditanja":"4 minuta"},"schema":{"@context":"https:\/\/schema.org","@graph":[{"@type":"Article","@id":"https:\/\/www.geciclaw.com\/sr\/deklaracija-iz-tirane-zapadni-balkan-saraduje-u-pravcu-zelenije-buducnosti\/#article","isPartOf":{"@id":"https:\/\/www.geciclaw.com\/sr\/deklaracija-iz-tirane-zapadni-balkan-saraduje-u-pravcu-zelenije-buducnosti\/"},"author":{"name":"Ivan Eftimov","@id":"https:\/\/www.geciclaw.com\/#\/schema\/person\/f2133a67125e7057bc0c58435c3532f9"},"headline":"Deklaracija iz Tirane \u2013 Zapadni Balkan sara\u0111uje u pravcu zelenije buduc\u0301nosti?","datePublished":"2023-01-25T13:52:44+00:00","dateModified":"2026-04-02T14:12:25+00:00","mainEntityOfPage":{"@id":"https:\/\/www.geciclaw.com\/sr\/deklaracija-iz-tirane-zapadni-balkan-saraduje-u-pravcu-zelenije-buducnosti\/"},"wordCount":945,"publisher":{"@id":"https:\/\/www.geciclaw.com\/#organization"},"image":{"@id":"https:\/\/www.geciclaw.com\/sr\/deklaracija-iz-tirane-zapadni-balkan-saraduje-u-pravcu-zelenije-buducnosti\/#primaryimage"},"thumbnailUrl":"https:\/\/www.geciclaw.com\/wp-content\/uploads\/2022\/12\/roaming.png","keywords":["Advokatska kancelarija Geci\u0107 Law","CBAM","ESG","EU Law","Zapadni Balkan"],"articleSection":["Evropska komisija","Evropsko pravo","Pravo EU, trgovina i pro\u0161irenje","Upravno pravo i op\u0161ta regulativa","Za\u0161tita \u017eivotne sredine","ESG","EU Law"],"inLanguage":"sr-RS"},{"@type":"WebPage","@id":"https:\/\/www.geciclaw.com\/sr\/deklaracija-iz-tirane-zapadni-balkan-saraduje-u-pravcu-zelenije-buducnosti\/","url":"https:\/\/www.geciclaw.com\/sr\/deklaracija-iz-tirane-zapadni-balkan-saraduje-u-pravcu-zelenije-buducnosti\/","name":"Deklaracija iz Tirane \u2013 Zapadni Balkan sara\u0111uje u pravcu zelenije buduc\u0301nosti? | Geci\u0107 Law","isPartOf":{"@id":"https:\/\/www.geciclaw.com\/#website"},"primaryImageOfPage":{"@id":"https:\/\/www.geciclaw.com\/sr\/deklaracija-iz-tirane-zapadni-balkan-saraduje-u-pravcu-zelenije-buducnosti\/#primaryimage"},"image":{"@id":"https:\/\/www.geciclaw.com\/sr\/deklaracija-iz-tirane-zapadni-balkan-saraduje-u-pravcu-zelenije-buducnosti\/#primaryimage"},"thumbnailUrl":"https:\/\/www.geciclaw.com\/wp-content\/uploads\/2022\/12\/roaming.png","datePublished":"2023-01-25T13:52:44+00:00","dateModified":"2026-04-02T14:12:25+00:00","description":"Deklaracija iz Tirane potpisana je izme\u0111u lidera zapadno balkanske \u0161estorke i dr\u017eava \u010dlanica EU, sa predstavnicima Saveta EU i Komisije EU.","breadcrumb":{"@id":"https:\/\/www.geciclaw.com\/sr\/deklaracija-iz-tirane-zapadni-balkan-saraduje-u-pravcu-zelenije-buducnosti\/#breadcrumb"},"inLanguage":"sr-RS","potentialAction":[{"@type":"ReadAction","target":["https:\/\/www.geciclaw.com\/sr\/deklaracija-iz-tirane-zapadni-balkan-saraduje-u-pravcu-zelenije-buducnosti\/"]}]},{"@type":"ImageObject","inLanguage":"sr-RS","@id":"https:\/\/www.geciclaw.com\/sr\/deklaracija-iz-tirane-zapadni-balkan-saraduje-u-pravcu-zelenije-buducnosti\/#primaryimage","url":"https:\/\/www.geciclaw.com\/wp-content\/uploads\/2022\/12\/roaming.png","contentUrl":"https:\/\/www.geciclaw.com\/wp-content\/uploads\/2022\/12\/roaming.png","width":1200,"height":630},{"@type":"BreadcrumbList","@id":"https:\/\/www.geciclaw.com\/sr\/deklaracija-iz-tirane-zapadni-balkan-saraduje-u-pravcu-zelenije-buducnosti\/#breadcrumb","itemListElement":[{"@type":"ListItem","position":1,"name":"Home","item":"https:\/\/www.geciclaw.com\/sr\/"},{"@type":"ListItem","position":2,"name":"Deklaracija iz Tirane \u2013 Zapadni Balkan sara\u0111uje u pravcu zelenije buduc\u0301nosti?"}]},{"@type":"WebSite","@id":"https:\/\/www.geciclaw.com\/#website","url":"https:\/\/www.geciclaw.com\/","name":"Geci\u0107 Law","description":"Advokatska kancelarija","publisher":{"@id":"https:\/\/www.geciclaw.com\/#organization"},"potentialAction":[{"@type":"SearchAction","target":{"@type":"EntryPoint","urlTemplate":"https:\/\/www.geciclaw.com\/?s={search_term_string}"},"query-input":{"@type":"PropertyValueSpecification","valueRequired":true,"valueName":"search_term_string"}}],"inLanguage":"sr-RS"},{"@type":"Organization","@id":"https:\/\/www.geciclaw.com\/#organization","name":"Geci\u0107 Law","url":"https:\/\/www.geciclaw.com\/","logo":{"@type":"ImageObject","inLanguage":"sr-RS","@id":"https:\/\/www.geciclaw.com\/#\/schema\/logo\/image\/","url":"https:\/\/geciclaw.com\/wp-content\/uploads\/2021\/10\/1.png","contentUrl":"https:\/\/geciclaw.com\/wp-content\/uploads\/2021\/10\/1.png","width":1000,"height":409,"caption":"Geci\u0107 Law"},"image":{"@id":"https:\/\/www.geciclaw.com\/#\/schema\/logo\/image\/"}},{"@type":"Person","@id":"https:\/\/www.geciclaw.com\/#\/schema\/person\/f2133a67125e7057bc0c58435c3532f9","name":"Ivan Eftimov","image":{"@type":"ImageObject","inLanguage":"sr-RS","@id":"https:\/\/www.geciclaw.com\/#\/schema\/person\/image\/","url":"https:\/\/secure.gravatar.com\/avatar\/b01054f24d3bbb4ef412bfacaf71306f068c8e1fab4435328367c58bf6ab606b?s=96&d=mm&r=g","contentUrl":"https:\/\/secure.gravatar.com\/avatar\/b01054f24d3bbb4ef412bfacaf71306f068c8e1fab4435328367c58bf6ab606b?s=96&d=mm&r=g","caption":"Ivan Eftimov"},"url":"https:\/\/www.geciclaw.com\/sr\/author\/vanja\/"}]}},"_links":{"self":[{"href":"https:\/\/www.geciclaw.com\/sr\/wp-json\/wp\/v2\/posts\/22673","targetHints":{"allow":["GET"]}}],"collection":[{"href":"https:\/\/www.geciclaw.com\/sr\/wp-json\/wp\/v2\/posts"}],"about":[{"href":"https:\/\/www.geciclaw.com\/sr\/wp-json\/wp\/v2\/types\/post"}],"author":[{"embeddable":true,"href":"https:\/\/www.geciclaw.com\/sr\/wp-json\/wp\/v2\/users\/21"}],"replies":[{"embeddable":true,"href":"https:\/\/www.geciclaw.com\/sr\/wp-json\/wp\/v2\/comments?post=22673"}],"version-history":[{"count":5,"href":"https:\/\/www.geciclaw.com\/sr\/wp-json\/wp\/v2\/posts\/22673\/revisions"}],"predecessor-version":[{"id":48979,"href":"https:\/\/www.geciclaw.com\/sr\/wp-json\/wp\/v2\/posts\/22673\/revisions\/48979"}],"wp:featuredmedia":[{"embeddable":true,"href":"https:\/\/www.geciclaw.com\/sr\/wp-json\/wp\/v2\/media\/22358"}],"wp:attachment":[{"href":"https:\/\/www.geciclaw.com\/sr\/wp-json\/wp\/v2\/media?parent=22673"}],"wp:term":[{"taxonomy":"category","embeddable":true,"href":"https:\/\/www.geciclaw.com\/sr\/wp-json\/wp\/v2\/categories?post=22673"},{"taxonomy":"post_tag","embeddable":true,"href":"https:\/\/www.geciclaw.com\/sr\/wp-json\/wp\/v2\/tags?post=22673"}],"curies":[{"name":"wp","href":"https:\/\/api.w.org\/{rel}","templated":true}]}}