{"id":24244,"date":"2023-08-25T11:37:00","date_gmt":"2023-08-25T09:37:00","guid":{"rendered":"https:\/\/geciclaw.com\/?p=24244"},"modified":"2025-06-19T14:29:23","modified_gmt":"2025-06-19T12:29:23","slug":"memanizmu-za-prekogranicno-prilagodavanje-ugljenika-cbam","status":"publish","type":"post","link":"https:\/\/www.geciclaw.com\/sr\/memanizmu-za-prekogranicno-prilagodavanje-ugljenika-cbam\/","title":{"rendered":"Bogdan Geci\u0107 o EU CBAM"},"content":{"rendered":"<p>Bogdan Geci\u0107, osniva\u010d i partner u advokatskoj kancelariji Geci\u0107 Law, govorio je za eKapiju podelio je svoje uvide o predstoje\u0107oj transformaciji u oblasti me\u0111unarodne trgovinske razmene, pokrenutoj uredbom Evropske unije o revolucionarnom Mehanizmu za prekograni\u010dno prilago\u0111avanje ugljenika (<a href=\"https:\/\/geciclaw.com\/sr\/eu-parlament-usvojio-cbam\/\">CBAM<\/a>). U susret 1. oktobru 2023. godine, kada CBAM stupa na snagu, Bogdanova zapa\u017eanja detaljno opisana u \u010dlanku pod naslovom \u201cRevolucionarna nova carina na uvoz ugljenika: \u0160ta treba da znate?\u201d<\/p>\n<p>\u010clanak obja\u0161njava motivaciju i razloge koji stoje iza ove jedinstvene regulative. Uvo\u0111enjem CBAM-a, EU postavlja prvu carinu na uvoz odre\u0111enih kategorija proizvoda u EU, u \u010dijoj proizvodnji su ostvarene visoke emisije ugljen-dioksida. \u010clanak tako\u0111e iznosi najva\u017enije aspekte za privredne subjekte kojima predstoji priprema za predstoje\u0107e promene.<\/p>\n<p>\u201eIako CBAM predstavlja zna\u010dajan korak u oblasti klimatske politike EU, efekti njegove primene znatno prevazilaze isklju\u010divo ekolo\u0161ka razmatranja jer \u0107e zna\u010dajno uticati na me\u0111unarodnu trgovinu i operativnu dinamiku u razli\u010ditim sektorima privrede. Evropska unija koristi &#8222;efekat Brisela&#8220;, oslanjaju\u0107i se na to da bi CBAM mogao postati zlatni standard za regulativu u ovoj oblasti, kao \u0161to je GDPR uticao na globalne standarde za\u0161tite podataka o li\u010dnosti. Na ovaj na\u010din, EU \u010dini da se kompanije van granica EU uskla\u0111uju sa njenim zakonima, stvaraju\u0107i domino efekat na globalnom nivou.\u201c<\/p>\n<p>Ceo tekst mo\u017eete pro\u010ditati <a href=\"https:\/\/www.ekapija.com\/news\/4350063\/the-revolutionary-new-eu-carbon-import-tariff-what-you-need-to-know\">ovde<\/a>.<\/p>\n","protected":false},"excerpt":{"rendered":"<p>Bogdan Geci\u0107, osniva\u010d i partner u advokatskoj kancelariji Geci\u0107 Law, govorio je za eKapiju podelio je svoje uvide o predstoje\u0107oj transformaciji u oblasti me\u0111unarodne trgovinske razmene, pokrenutoj uredbom Evropske unije o revolucionarnom Mehanizmu za prekograni\u010dno prilago\u0111avanje ugljenika (CBAM). U susret 1. oktobru 2023. godine, kada CBAM stupa na snagu, Bogdanova zapa\u017eanja detaljno opisana u \u010dlanku pod naslovom \u201cRevolucionarna nova carina na uvoz ugljenika: \u0160ta treba da znate?\u201d \u010clanak obja\u0161njava motivaciju i razloge koji stoje iza ove jedinstvene regulative. Uvo\u0111enjem CBAM-a, EU postavlja prvu carinu na uvoz odre\u0111enih kategorija proizvoda u EU, u \u010dijoj proizvodnji su ostvarene visoke emisije ugljen-dioksida. \u010clanak [&hellip;]<\/p>\n","protected":false},"author":21,"featured_media":24242,"comment_status":"closed","ping_status":"open","sticky":false,"template":"","format":"standard","meta":{"om_disable_all_campaigns":false,"footnotes":""},"categories":[1560,1716,1760],"tags":[1600,1778],"class_list":["post-24244","post","type-post","status-publish","format-standard","has-post-thumbnail","hentry","category-vesti","category-zastita-zivotne-sredine","category-esg","tag-bogdan-gecic-sr","tag-esg-sr"],"acf":[],"yoast_head":"<!-- This site is optimized with the Yoast SEO plugin v25.5 - https:\/\/yoast.com\/wordpress\/plugins\/seo\/ -->\n<title>Bogdan Geci\u0107 o EU CBAM | Geci\u0107 Law<\/title>\n<meta name=\"description\" content=\"Bogdan Geci\u0107, osniva\u010d i partner u advokatskoj kancelariji Ge\u010di\u0107 Law, podelio je svoje uvide o predstoje\u0107oj transformaciji u oblasti me\u0111unarodne trgovinske razmene, pokrenutoj uredbom Evropske unije o revolucionarnom Memanizmu za prekograni\u010dno prilago\u0111avanje ugljenika (CBAM).\" \/>\n<meta name=\"robots\" content=\"index, follow, max-snippet:-1, max-image-preview:large, max-video-preview:-1\" \/>\n<link rel=\"canonical\" href=\"https:\/\/www.geciclaw.com\/sr\/memanizmu-za-prekogranicno-prilagodavanje-ugljenika-cbam\/\" \/>\n<meta property=\"og:locale\" content=\"sr_RS\" \/>\n<meta property=\"og:type\" content=\"article\" \/>\n<meta property=\"og:title\" content=\"Bogdan Geci\u0107 o EU CBAM | Geci\u0107 Law\" \/>\n<meta property=\"og:description\" content=\"Bogdan Geci\u0107, osniva\u010d i partner u advokatskoj kancelariji Ge\u010di\u0107 Law, podelio je svoje uvide o predstoje\u0107oj transformaciji u oblasti me\u0111unarodne trgovinske razmene, pokrenutoj uredbom Evropske unije o revolucionarnom Memanizmu za prekograni\u010dno prilago\u0111avanje ugljenika (CBAM).\" \/>\n<meta property=\"og:url\" content=\"https:\/\/www.geciclaw.com\/sr\/memanizmu-za-prekogranicno-prilagodavanje-ugljenika-cbam\/\" \/>\n<meta property=\"og:site_name\" content=\"Geci\u0107 Law\" \/>\n<meta property=\"article:published_time\" content=\"2023-08-25T09:37:00+00:00\" \/>\n<meta property=\"article:modified_time\" content=\"2025-06-19T12:29:23+00:00\" \/>\n<meta property=\"og:image\" content=\"https:\/\/www.geciclaw.com\/wp-content\/uploads\/2023\/08\/Legal-Business-1.png\" \/>\n\t<meta property=\"og:image:width\" content=\"1200\" \/>\n\t<meta property=\"og:image:height\" content=\"630\" \/>\n\t<meta property=\"og:image:type\" content=\"image\/png\" \/>\n<meta name=\"author\" content=\"Ivan Eftimov\" \/>\n<meta name=\"twitter:card\" content=\"summary_large_image\" \/>\n<meta name=\"twitter:label1\" content=\"Napisano od\" \/>\n\t<meta name=\"twitter:data1\" content=\"Ivan Eftimov\" \/>\n\t<meta name=\"twitter:label2\" content=\"Procenjeno vreme \u010ditanja\" \/>\n\t<meta name=\"twitter:data2\" content=\"1 minut\" \/>\n<script type=\"application\/ld+json\" class=\"yoast-schema-graph\">{\"@context\":\"https:\/\/schema.org\",\"@graph\":[{\"@type\":\"Article\",\"@id\":\"https:\/\/www.geciclaw.com\/sr\/memanizmu-za-prekogranicno-prilagodavanje-ugljenika-cbam\/#article\",\"isPartOf\":{\"@id\":\"https:\/\/www.geciclaw.com\/sr\/memanizmu-za-prekogranicno-prilagodavanje-ugljenika-cbam\/\"},\"author\":{\"name\":\"Ivan Eftimov\",\"@id\":\"https:\/\/www.geciclaw.com\/#\/schema\/person\/f2133a67125e7057bc0c58435c3532f9\"},\"headline\":\"Bogdan Geci\u0107 o EU CBAM\",\"datePublished\":\"2023-08-25T09:37:00+00:00\",\"dateModified\":\"2025-06-19T12:29:23+00:00\",\"mainEntityOfPage\":{\"@id\":\"https:\/\/www.geciclaw.com\/sr\/memanizmu-za-prekogranicno-prilagodavanje-ugljenika-cbam\/\"},\"wordCount\":232,\"publisher\":{\"@id\":\"https:\/\/www.geciclaw.com\/#organization\"},\"image\":{\"@id\":\"https:\/\/www.geciclaw.com\/sr\/memanizmu-za-prekogranicno-prilagodavanje-ugljenika-cbam\/#primaryimage\"},\"thumbnailUrl\":\"https:\/\/www.geciclaw.com\/wp-content\/uploads\/2023\/08\/Legal-Business-1.png\",\"keywords\":[\"Bogdan Gecic\",\"ESG\"],\"articleSection\":[\"Vesti\",\"Za\u0161tita \u017eivotne sredine\",\"ESG\"],\"inLanguage\":\"sr-RS\"},{\"@type\":\"WebPage\",\"@id\":\"https:\/\/www.geciclaw.com\/sr\/memanizmu-za-prekogranicno-prilagodavanje-ugljenika-cbam\/\",\"url\":\"https:\/\/www.geciclaw.com\/sr\/memanizmu-za-prekogranicno-prilagodavanje-ugljenika-cbam\/\",\"name\":\"Bogdan Geci\u0107 o EU CBAM | Geci\u0107 Law\",\"isPartOf\":{\"@id\":\"https:\/\/www.geciclaw.com\/#website\"},\"primaryImageOfPage\":{\"@id\":\"https:\/\/www.geciclaw.com\/sr\/memanizmu-za-prekogranicno-prilagodavanje-ugljenika-cbam\/#primaryimage\"},\"image\":{\"@id\":\"https:\/\/www.geciclaw.com\/sr\/memanizmu-za-prekogranicno-prilagodavanje-ugljenika-cbam\/#primaryimage\"},\"thumbnailUrl\":\"https:\/\/www.geciclaw.com\/wp-content\/uploads\/2023\/08\/Legal-Business-1.png\",\"datePublished\":\"2023-08-25T09:37:00+00:00\",\"dateModified\":\"2025-06-19T12:29:23+00:00\",\"description\":\"Bogdan Geci\u0107, osniva\u010d i partner u advokatskoj kancelariji Ge\u010di\u0107 Law, podelio je svoje uvide o predstoje\u0107oj transformaciji u oblasti me\u0111unarodne trgovinske razmene, pokrenutoj uredbom Evropske unije o revolucionarnom Memanizmu za prekograni\u010dno prilago\u0111avanje ugljenika (CBAM).\",\"breadcrumb\":{\"@id\":\"https:\/\/www.geciclaw.com\/sr\/memanizmu-za-prekogranicno-prilagodavanje-ugljenika-cbam\/#breadcrumb\"},\"inLanguage\":\"sr-RS\",\"potentialAction\":[{\"@type\":\"ReadAction\",\"target\":[\"https:\/\/www.geciclaw.com\/sr\/memanizmu-za-prekogranicno-prilagodavanje-ugljenika-cbam\/\"]}]},{\"@type\":\"ImageObject\",\"inLanguage\":\"sr-RS\",\"@id\":\"https:\/\/www.geciclaw.com\/sr\/memanizmu-za-prekogranicno-prilagodavanje-ugljenika-cbam\/#primaryimage\",\"url\":\"https:\/\/www.geciclaw.com\/wp-content\/uploads\/2023\/08\/Legal-Business-1.png\",\"contentUrl\":\"https:\/\/www.geciclaw.com\/wp-content\/uploads\/2023\/08\/Legal-Business-1.png\",\"width\":1200,\"height\":630},{\"@type\":\"BreadcrumbList\",\"@id\":\"https:\/\/www.geciclaw.com\/sr\/memanizmu-za-prekogranicno-prilagodavanje-ugljenika-cbam\/#breadcrumb\",\"itemListElement\":[{\"@type\":\"ListItem\",\"position\":1,\"name\":\"Home\",\"item\":\"https:\/\/www.geciclaw.com\/sr\/\"},{\"@type\":\"ListItem\",\"position\":2,\"name\":\"Bogdan Geci\u0107 o EU CBAM\"}]},{\"@type\":\"WebSite\",\"@id\":\"https:\/\/www.geciclaw.com\/#website\",\"url\":\"https:\/\/www.geciclaw.com\/\",\"name\":\"Geci\u0107 Law\",\"description\":\"Advokatska kancelarija\",\"publisher\":{\"@id\":\"https:\/\/www.geciclaw.com\/#organization\"},\"potentialAction\":[{\"@type\":\"SearchAction\",\"target\":{\"@type\":\"EntryPoint\",\"urlTemplate\":\"https:\/\/www.geciclaw.com\/?s={search_term_string}\"},\"query-input\":{\"@type\":\"PropertyValueSpecification\",\"valueRequired\":true,\"valueName\":\"search_term_string\"}}],\"inLanguage\":\"sr-RS\"},{\"@type\":\"Organization\",\"@id\":\"https:\/\/www.geciclaw.com\/#organization\",\"name\":\"Geci\u0107 Law\",\"url\":\"https:\/\/www.geciclaw.com\/\",\"logo\":{\"@type\":\"ImageObject\",\"inLanguage\":\"sr-RS\",\"@id\":\"https:\/\/www.geciclaw.com\/#\/schema\/logo\/image\/\",\"url\":\"https:\/\/geciclaw.com\/wp-content\/uploads\/2021\/10\/1.png\",\"contentUrl\":\"https:\/\/geciclaw.com\/wp-content\/uploads\/2021\/10\/1.png\",\"width\":1000,\"height\":409,\"caption\":\"Geci\u0107 Law\"},\"image\":{\"@id\":\"https:\/\/www.geciclaw.com\/#\/schema\/logo\/image\/\"}},{\"@type\":\"Person\",\"@id\":\"https:\/\/www.geciclaw.com\/#\/schema\/person\/f2133a67125e7057bc0c58435c3532f9\",\"name\":\"Ivan Eftimov\",\"image\":{\"@type\":\"ImageObject\",\"inLanguage\":\"sr-RS\",\"@id\":\"https:\/\/www.geciclaw.com\/#\/schema\/person\/image\/\",\"url\":\"https:\/\/secure.gravatar.com\/avatar\/b01054f24d3bbb4ef412bfacaf71306f068c8e1fab4435328367c58bf6ab606b?s=96&d=mm&r=g\",\"contentUrl\":\"https:\/\/secure.gravatar.com\/avatar\/b01054f24d3bbb4ef412bfacaf71306f068c8e1fab4435328367c58bf6ab606b?s=96&d=mm&r=g\",\"caption\":\"Ivan Eftimov\"},\"url\":\"https:\/\/www.geciclaw.com\/sr\/author\/vanja\/\"}]}<\/script>\n<!-- \/ Yoast SEO plugin. -->","yoast_head_json":{"title":"Bogdan Geci\u0107 o EU CBAM | Geci\u0107 Law","description":"Bogdan Geci\u0107, osniva\u010d i partner u advokatskoj kancelariji Ge\u010di\u0107 Law, podelio je svoje uvide o predstoje\u0107oj transformaciji u oblasti me\u0111unarodne trgovinske razmene, pokrenutoj uredbom Evropske unije o revolucionarnom Memanizmu za prekograni\u010dno prilago\u0111avanje ugljenika (CBAM).","robots":{"index":"index","follow":"follow","max-snippet":"max-snippet:-1","max-image-preview":"max-image-preview:large","max-video-preview":"max-video-preview:-1"},"canonical":"https:\/\/www.geciclaw.com\/sr\/memanizmu-za-prekogranicno-prilagodavanje-ugljenika-cbam\/","og_locale":"sr_RS","og_type":"article","og_title":"Bogdan Geci\u0107 o EU CBAM | Geci\u0107 Law","og_description":"Bogdan Geci\u0107, osniva\u010d i partner u advokatskoj kancelariji Ge\u010di\u0107 Law, podelio je svoje uvide o predstoje\u0107oj transformaciji u oblasti me\u0111unarodne trgovinske razmene, pokrenutoj uredbom Evropske unije o revolucionarnom Memanizmu za prekograni\u010dno prilago\u0111avanje ugljenika (CBAM).","og_url":"https:\/\/www.geciclaw.com\/sr\/memanizmu-za-prekogranicno-prilagodavanje-ugljenika-cbam\/","og_site_name":"Geci\u0107 Law","article_published_time":"2023-08-25T09:37:00+00:00","article_modified_time":"2025-06-19T12:29:23+00:00","og_image":[{"width":1200,"height":630,"url":"https:\/\/www.geciclaw.com\/wp-content\/uploads\/2023\/08\/Legal-Business-1.png","type":"image\/png"}],"author":"Ivan Eftimov","twitter_card":"summary_large_image","twitter_misc":{"Napisano od":"Ivan Eftimov","Procenjeno vreme \u010ditanja":"1 minut"},"schema":{"@context":"https:\/\/schema.org","@graph":[{"@type":"Article","@id":"https:\/\/www.geciclaw.com\/sr\/memanizmu-za-prekogranicno-prilagodavanje-ugljenika-cbam\/#article","isPartOf":{"@id":"https:\/\/www.geciclaw.com\/sr\/memanizmu-za-prekogranicno-prilagodavanje-ugljenika-cbam\/"},"author":{"name":"Ivan Eftimov","@id":"https:\/\/www.geciclaw.com\/#\/schema\/person\/f2133a67125e7057bc0c58435c3532f9"},"headline":"Bogdan Geci\u0107 o EU CBAM","datePublished":"2023-08-25T09:37:00+00:00","dateModified":"2025-06-19T12:29:23+00:00","mainEntityOfPage":{"@id":"https:\/\/www.geciclaw.com\/sr\/memanizmu-za-prekogranicno-prilagodavanje-ugljenika-cbam\/"},"wordCount":232,"publisher":{"@id":"https:\/\/www.geciclaw.com\/#organization"},"image":{"@id":"https:\/\/www.geciclaw.com\/sr\/memanizmu-za-prekogranicno-prilagodavanje-ugljenika-cbam\/#primaryimage"},"thumbnailUrl":"https:\/\/www.geciclaw.com\/wp-content\/uploads\/2023\/08\/Legal-Business-1.png","keywords":["Bogdan Gecic","ESG"],"articleSection":["Vesti","Za\u0161tita \u017eivotne sredine","ESG"],"inLanguage":"sr-RS"},{"@type":"WebPage","@id":"https:\/\/www.geciclaw.com\/sr\/memanizmu-za-prekogranicno-prilagodavanje-ugljenika-cbam\/","url":"https:\/\/www.geciclaw.com\/sr\/memanizmu-za-prekogranicno-prilagodavanje-ugljenika-cbam\/","name":"Bogdan Geci\u0107 o EU CBAM | Geci\u0107 Law","isPartOf":{"@id":"https:\/\/www.geciclaw.com\/#website"},"primaryImageOfPage":{"@id":"https:\/\/www.geciclaw.com\/sr\/memanizmu-za-prekogranicno-prilagodavanje-ugljenika-cbam\/#primaryimage"},"image":{"@id":"https:\/\/www.geciclaw.com\/sr\/memanizmu-za-prekogranicno-prilagodavanje-ugljenika-cbam\/#primaryimage"},"thumbnailUrl":"https:\/\/www.geciclaw.com\/wp-content\/uploads\/2023\/08\/Legal-Business-1.png","datePublished":"2023-08-25T09:37:00+00:00","dateModified":"2025-06-19T12:29:23+00:00","description":"Bogdan Geci\u0107, osniva\u010d i partner u advokatskoj kancelariji Ge\u010di\u0107 Law, podelio je svoje uvide o predstoje\u0107oj transformaciji u oblasti me\u0111unarodne trgovinske razmene, pokrenutoj uredbom Evropske unije o revolucionarnom Memanizmu za prekograni\u010dno prilago\u0111avanje ugljenika (CBAM).","breadcrumb":{"@id":"https:\/\/www.geciclaw.com\/sr\/memanizmu-za-prekogranicno-prilagodavanje-ugljenika-cbam\/#breadcrumb"},"inLanguage":"sr-RS","potentialAction":[{"@type":"ReadAction","target":["https:\/\/www.geciclaw.com\/sr\/memanizmu-za-prekogranicno-prilagodavanje-ugljenika-cbam\/"]}]},{"@type":"ImageObject","inLanguage":"sr-RS","@id":"https:\/\/www.geciclaw.com\/sr\/memanizmu-za-prekogranicno-prilagodavanje-ugljenika-cbam\/#primaryimage","url":"https:\/\/www.geciclaw.com\/wp-content\/uploads\/2023\/08\/Legal-Business-1.png","contentUrl":"https:\/\/www.geciclaw.com\/wp-content\/uploads\/2023\/08\/Legal-Business-1.png","width":1200,"height":630},{"@type":"BreadcrumbList","@id":"https:\/\/www.geciclaw.com\/sr\/memanizmu-za-prekogranicno-prilagodavanje-ugljenika-cbam\/#breadcrumb","itemListElement":[{"@type":"ListItem","position":1,"name":"Home","item":"https:\/\/www.geciclaw.com\/sr\/"},{"@type":"ListItem","position":2,"name":"Bogdan Geci\u0107 o EU CBAM"}]},{"@type":"WebSite","@id":"https:\/\/www.geciclaw.com\/#website","url":"https:\/\/www.geciclaw.com\/","name":"Geci\u0107 Law","description":"Advokatska kancelarija","publisher":{"@id":"https:\/\/www.geciclaw.com\/#organization"},"potentialAction":[{"@type":"SearchAction","target":{"@type":"EntryPoint","urlTemplate":"https:\/\/www.geciclaw.com\/?s={search_term_string}"},"query-input":{"@type":"PropertyValueSpecification","valueRequired":true,"valueName":"search_term_string"}}],"inLanguage":"sr-RS"},{"@type":"Organization","@id":"https:\/\/www.geciclaw.com\/#organization","name":"Geci\u0107 Law","url":"https:\/\/www.geciclaw.com\/","logo":{"@type":"ImageObject","inLanguage":"sr-RS","@id":"https:\/\/www.geciclaw.com\/#\/schema\/logo\/image\/","url":"https:\/\/geciclaw.com\/wp-content\/uploads\/2021\/10\/1.png","contentUrl":"https:\/\/geciclaw.com\/wp-content\/uploads\/2021\/10\/1.png","width":1000,"height":409,"caption":"Geci\u0107 Law"},"image":{"@id":"https:\/\/www.geciclaw.com\/#\/schema\/logo\/image\/"}},{"@type":"Person","@id":"https:\/\/www.geciclaw.com\/#\/schema\/person\/f2133a67125e7057bc0c58435c3532f9","name":"Ivan Eftimov","image":{"@type":"ImageObject","inLanguage":"sr-RS","@id":"https:\/\/www.geciclaw.com\/#\/schema\/person\/image\/","url":"https:\/\/secure.gravatar.com\/avatar\/b01054f24d3bbb4ef412bfacaf71306f068c8e1fab4435328367c58bf6ab606b?s=96&d=mm&r=g","contentUrl":"https:\/\/secure.gravatar.com\/avatar\/b01054f24d3bbb4ef412bfacaf71306f068c8e1fab4435328367c58bf6ab606b?s=96&d=mm&r=g","caption":"Ivan Eftimov"},"url":"https:\/\/www.geciclaw.com\/sr\/author\/vanja\/"}]}},"_links":{"self":[{"href":"https:\/\/www.geciclaw.com\/sr\/wp-json\/wp\/v2\/posts\/24244","targetHints":{"allow":["GET"]}}],"collection":[{"href":"https:\/\/www.geciclaw.com\/sr\/wp-json\/wp\/v2\/posts"}],"about":[{"href":"https:\/\/www.geciclaw.com\/sr\/wp-json\/wp\/v2\/types\/post"}],"author":[{"embeddable":true,"href":"https:\/\/www.geciclaw.com\/sr\/wp-json\/wp\/v2\/users\/21"}],"replies":[{"embeddable":true,"href":"https:\/\/www.geciclaw.com\/sr\/wp-json\/wp\/v2\/comments?post=24244"}],"version-history":[{"count":4,"href":"https:\/\/www.geciclaw.com\/sr\/wp-json\/wp\/v2\/posts\/24244\/revisions"}],"predecessor-version":[{"id":46945,"href":"https:\/\/www.geciclaw.com\/sr\/wp-json\/wp\/v2\/posts\/24244\/revisions\/46945"}],"wp:featuredmedia":[{"embeddable":true,"href":"https:\/\/www.geciclaw.com\/sr\/wp-json\/wp\/v2\/media\/24242"}],"wp:attachment":[{"href":"https:\/\/www.geciclaw.com\/sr\/wp-json\/wp\/v2\/media?parent=24244"}],"wp:term":[{"taxonomy":"category","embeddable":true,"href":"https:\/\/www.geciclaw.com\/sr\/wp-json\/wp\/v2\/categories?post=24244"},{"taxonomy":"post_tag","embeddable":true,"href":"https:\/\/www.geciclaw.com\/sr\/wp-json\/wp\/v2\/tags?post=24244"}],"curies":[{"name":"wp","href":"https:\/\/api.w.org\/{rel}","templated":true}]}}