{"id":24645,"date":"2023-10-05T15:47:58","date_gmt":"2023-10-05T13:47:58","guid":{"rendered":"https:\/\/geciclaw.com\/?p=24645"},"modified":"2023-10-05T15:51:08","modified_gmt":"2023-10-05T13:51:08","slug":"terralex-radne-grupe","status":"publish","type":"post","link":"https:\/\/www.geciclaw.com\/sr\/terralex-radne-grupe\/","title":{"rendered":"Geci\u0107 Law eksperti na \u010delu radnih grupa TerraLex"},"content":{"rendered":"<p>Gecic\u0301 Law s ponosom objavljuje da su dvojica na\u0161ih cenjenih kolega, partner <a href=\"https:\/\/geciclaw.com\/sr\/colic-ognjen\/\">Ognjen Colic\u0301<\/a> i advokat <a href=\"https:\/\/geciclaw.com\/sr\/branko-gabric\/\">Branko Gabric\u0301<\/a>, imenovani za lidere radnih grupa za avijaciju i proizvodnju hrane i pic\u0301a globalne pravne mre\u017ee <a href=\"https:\/\/www.terralex.org\/\">TerraLex<\/a>. Ova imenovanja spre svega svedo\u010de o posve\u0107enosti i stru\u010dnosti koju su Ognjen i Branko pokazali u svojim oblastima.<\/p>\n<p>TerraLex, elitna globalna pravna mre\u017ea, nedavno je objavila listu novovoizabranih lidera radnih grupa po privrednim granama i pravnim oblastima na trogodi\u0161nji mandat koji po\u010dinje 16. oktobra 2023. Izbor me\u0111u kandidatima je izvr\u0161en na osnovu dokazanog znanja i siskustva u odre\u0111enim oblastima. Novoizabrani lideri su tako\u0111e pokazali posve\u0107enost negovanju i razvoju saradnje me\u0111u \u010dlanicama TerraLex \u0161irom sveta.<\/p>\n<p>Bogdan Gecic\u0301, osniva\u010d i partner Gecic\u0301 Law, izjavio je: \u201eBrankovo izvanredno pravno iskustvo u sektoru vazduhoplovstva i Ognjenova stru\u010dnost u industriji hrane i pic\u0301a su bez premca. Njihova imenovanja na ove rukovodec\u0301e pozicije u TerraLex-u su potvrda njihovog napornog rada, znanja i godina iskustva u ovim oblastima. Zadovoljstvo nam je \u0161to c\u0301e dvojica na\u0161ih kolega zahvaljuju\u0107i svojoj stru\u010dnoti i liderskim sposobnostima doprineti radu TerraLex-a i podr\u017eati razvoj saradnje me\u0111u \u010dlanicama ove elitne pravne mre\u017ee. Zaista smo ponosni na njihov uspeh.\u201d<\/p>\n<p>Partner Ognjen Colic\u0301 je izjavio: \u201eKao \u010dlan tima Gecic\u0301 Law, dugi niz godina blisko sara\u0111ujem sa TerraLex-om i advokatskim kancelarijama, \u010dlanicama ove mre\u017ee. Moja nova uloga govori i o na\u0161oj posvec\u0301enosti stru\u010dnosti i inovacijama u na\u0161oj profesiji i u skladu je sa duhom me\u0111unarodne saradnje koji razvijamo. Posve\u0107eni smo \u017eelji da doprinesemo razvoju TerraLex-a i saradnje me\u0111u \u010dlanicama iz svih delova sveta u pravnim aspektima proizvodnje hrane i pic\u0301a.\u201d<\/p>\n<p>Advokat Branko Gabric\u0301 je rekao: \u201eNa nepreglednom nebu vazduhoplovstva saradnja i stru\u010dnost su najva\u017eniji. Ponosan sam na ovo imenovanje i jedna \u010dekam da poletim na ovo uzbudljivo putovanje. Ovo je zaista odli\u010dna prilika da doprinesemo produbljivanju veza i razmeni iskustava izme\u0111u \u010dlanica TerraLex-a u ovom zanimljivom sektoru.\u201d<\/p>\n<p>Mark Benedikt iz kancelarije Husch Blackwell je isovremeno imenovan za ko-predsedavajuc\u0301eg sektora za radne grupe za pravne oblasti i privredne grane. Na ovaj na\u010din TerraLex potvr\u0111uje posve\u0107enost rukovodstva mre\u017ee razvoju uravnote\u017eene saradnje me\u0111u \u010dlanicama.<\/p>\n<p>Ostali novoimenovani lideri radnih grupa su: Virginie Coursiere-Pluntz iz PDGB i Zarema Jaramillo iz Lovenstein Sandler za oblast prava za\u0161tite konkurencije; Joseph Ghio iz Fenech &amp; Fenech za oblast avijacije; J\u00f8rn Uggerud, Hjort za oblasti+ energetike i \u017eivotne sredine; Xavier Foz Giralt iz Roca Junient za oblast finansija i bankarstva; Jonathan O&#8217;Hara iz McMillan za oblast me\u0111unarodne trgovine i politike; Marc Tepper, Buchanan za oblast re\u0161avanja me\u0111unarodnih sporova; Takachengetva Tavanda Gambe, Gambe Lav Group za rudarstvo; Gina Hernandez Volkuez iz Alburkuerkuea i Silvia Lopez Jimenez iz Roca Junient u oblasti prava nepokretnosti; Carl-Johan Krusell iz Lindahl za maloprodaju; Andi Nolan, Brodies u oblasti prava sporta i zabave; i Ben Roberts, RPC za oblast poreskih i imovinskih usluga.<\/p>\n<p>Ovim imenovanjima Terralex potvr\u0111uje svoju posvec\u0301enost podsticanju saradnje \u010dlanica u okviru radnih grupa po pravnim oblastima i privrednim granama. Gecic\u0301 Law \u010destita svim novoimenovanim liderima i njihovim kancelarijama.<\/p>\n<p>TerraLex je jedna od vodec\u0301ih globalnih pravnih mre\u017ea. Mre\u017eu \u010dini 150 vrhunskih nezavisnih advokatskih kancelarija i vi\u0161e od 19.000 advokata u preko 100 zemalja. \u010clanovi TerraLex-a pru\u017eaju klijentima pravne usluge koje im omogu\u0107uju poslovanje \u0161irom sveta. Gecic\u0301 Law je <a href=\"https:\/\/geciclaw.com\/sr\/gecic-law-se-siri-na-globalno-trziste-sa-elitnom-pravnom-mrezom-terralex\/\">ekskluzivna \u010dlanica<\/a> TerraLex za Crnu Goru i Srbiju.<\/p>\n","protected":false},"excerpt":{"rendered":"<p>Gecic\u0301 Law s ponosom objavljuje da su dvojica na\u0161ih cenjenih kolega, partner Ognjen Colic\u0301 i advokat Branko Gabric\u0301, imenovani za lidere radnih grupa za avijaciju i proizvodnju hrane i pic\u0301a globalne pravne mre\u017ee TerraLex. Ova imenovanja spre svega svedo\u010de o posve\u0107enosti i stru\u010dnosti koju su Ognjen i Branko pokazali u svojim oblastima. TerraLex, elitna globalna pravna mre\u017ea, nedavno je objavila listu novovoizabranih lidera radnih grupa po privrednim granama i pravnim oblastima na trogodi\u0161nji mandat koji po\u010dinje 16. oktobra 2023. Izbor me\u0111u kandidatima je izvr\u0161en na osnovu dokazanog znanja i siskustva u odre\u0111enim oblastima. Novoizabrani lideri su tako\u0111e pokazali posve\u0107enost negovanju [&hellip;]<\/p>\n","protected":false},"author":21,"featured_media":24643,"comment_status":"closed","ping_status":"open","sticky":false,"template":"","format":"standard","meta":{"om_disable_all_campaigns":false,"footnotes":""},"categories":[597,1560],"tags":[1876,1587,1664],"class_list":["post-24645","post","type-post","status-publish","format-standard","has-post-thumbnail","hentry","category-597","category-vesti","tag-branko-gabric-sr","tag-ognjen-colic-sr","tag-terralex-sr"],"acf":[],"yoast_head":"<!-- This site is optimized with the Yoast SEO plugin v25.5 - https:\/\/yoast.com\/wordpress\/plugins\/seo\/ -->\n<title>Geci\u0107 Law eksperti na \u010delu radnih grupa TerraLex | Geci\u0107 Law<\/title>\n<meta name=\"description\" content=\"Gecic\u0301 Law objavljuje da su kolege Ognjen Colic\u0301 i Branko Gabric imenovani za lidere radnih grupa za avijaciju i hranu i pic\u0301e TerraLex.\" \/>\n<meta name=\"robots\" content=\"index, follow, max-snippet:-1, max-image-preview:large, max-video-preview:-1\" \/>\n<link rel=\"canonical\" href=\"https:\/\/www.geciclaw.com\/sr\/terralex-radne-grupe\/\" \/>\n<meta property=\"og:locale\" content=\"sr_RS\" \/>\n<meta property=\"og:type\" content=\"article\" \/>\n<meta property=\"og:title\" content=\"Geci\u0107 Law eksperti na \u010delu radnih grupa TerraLex | Geci\u0107 Law\" \/>\n<meta property=\"og:description\" content=\"Gecic\u0301 Law objavljuje da su kolege Ognjen Colic\u0301 i Branko Gabric imenovani za lidere radnih grupa za avijaciju i hranu i pic\u0301e TerraLex.\" \/>\n<meta property=\"og:url\" content=\"https:\/\/www.geciclaw.com\/sr\/terralex-radne-grupe\/\" \/>\n<meta property=\"og:site_name\" content=\"Geci\u0107 Law\" \/>\n<meta property=\"article:published_time\" content=\"2023-10-05T13:47:58+00:00\" \/>\n<meta property=\"article:modified_time\" content=\"2023-10-05T13:51:08+00:00\" \/>\n<meta property=\"og:image\" content=\"https:\/\/www.geciclaw.com\/wp-content\/uploads\/2023\/10\/Copy-of-Cross-Border-Guide-to-ESG-and-Sustainable-Finance-1.png\" \/>\n\t<meta property=\"og:image:width\" content=\"1200\" \/>\n\t<meta property=\"og:image:height\" content=\"630\" \/>\n\t<meta property=\"og:image:type\" content=\"image\/png\" \/>\n<meta name=\"author\" content=\"Ivan Eftimov\" \/>\n<meta name=\"twitter:card\" content=\"summary_large_image\" \/>\n<meta name=\"twitter:label1\" content=\"Napisano od\" \/>\n\t<meta name=\"twitter:data1\" content=\"Ivan Eftimov\" \/>\n\t<meta name=\"twitter:label2\" content=\"Procenjeno vreme \u010ditanja\" \/>\n\t<meta name=\"twitter:data2\" content=\"3 minuta\" \/>\n<script type=\"application\/ld+json\" class=\"yoast-schema-graph\">{\"@context\":\"https:\/\/schema.org\",\"@graph\":[{\"@type\":\"Article\",\"@id\":\"https:\/\/www.geciclaw.com\/sr\/terralex-radne-grupe\/#article\",\"isPartOf\":{\"@id\":\"https:\/\/www.geciclaw.com\/sr\/terralex-radne-grupe\/\"},\"author\":{\"name\":\"Ivan Eftimov\",\"@id\":\"https:\/\/www.geciclaw.com\/#\/schema\/person\/f2133a67125e7057bc0c58435c3532f9\"},\"headline\":\"Geci\u0107 Law eksperti na \u010delu radnih grupa TerraLex\",\"datePublished\":\"2023-10-05T13:47:58+00:00\",\"dateModified\":\"2023-10-05T13:51:08+00:00\",\"mainEntityOfPage\":{\"@id\":\"https:\/\/www.geciclaw.com\/sr\/terralex-radne-grupe\/\"},\"wordCount\":593,\"publisher\":{\"@id\":\"https:\/\/www.geciclaw.com\/#organization\"},\"image\":{\"@id\":\"https:\/\/www.geciclaw.com\/sr\/terralex-radne-grupe\/#primaryimage\"},\"thumbnailUrl\":\"https:\/\/www.geciclaw.com\/wp-content\/uploads\/2023\/10\/Copy-of-Cross-Border-Guide-to-ESG-and-Sustainable-Finance-1.png\",\"keywords\":[\"Branko Gabri\u0107\",\"Ognjen Coli\u0107\",\"TerraLex\"],\"articleSection\":[\"\u0430\u0432\u0438\u0458\u0430\u0446\u0438\u0458\u0430\",\"Vesti\"],\"inLanguage\":\"sr-RS\"},{\"@type\":\"WebPage\",\"@id\":\"https:\/\/www.geciclaw.com\/sr\/terralex-radne-grupe\/\",\"url\":\"https:\/\/www.geciclaw.com\/sr\/terralex-radne-grupe\/\",\"name\":\"Geci\u0107 Law eksperti na \u010delu radnih grupa TerraLex | Geci\u0107 Law\",\"isPartOf\":{\"@id\":\"https:\/\/www.geciclaw.com\/#website\"},\"primaryImageOfPage\":{\"@id\":\"https:\/\/www.geciclaw.com\/sr\/terralex-radne-grupe\/#primaryimage\"},\"image\":{\"@id\":\"https:\/\/www.geciclaw.com\/sr\/terralex-radne-grupe\/#primaryimage\"},\"thumbnailUrl\":\"https:\/\/www.geciclaw.com\/wp-content\/uploads\/2023\/10\/Copy-of-Cross-Border-Guide-to-ESG-and-Sustainable-Finance-1.png\",\"datePublished\":\"2023-10-05T13:47:58+00:00\",\"dateModified\":\"2023-10-05T13:51:08+00:00\",\"description\":\"Gecic\u0301 Law objavljuje da su kolege Ognjen Colic\u0301 i Branko Gabric imenovani za lidere radnih grupa za avijaciju i hranu i pic\u0301e TerraLex.\",\"breadcrumb\":{\"@id\":\"https:\/\/www.geciclaw.com\/sr\/terralex-radne-grupe\/#breadcrumb\"},\"inLanguage\":\"sr-RS\",\"potentialAction\":[{\"@type\":\"ReadAction\",\"target\":[\"https:\/\/www.geciclaw.com\/sr\/terralex-radne-grupe\/\"]}]},{\"@type\":\"ImageObject\",\"inLanguage\":\"sr-RS\",\"@id\":\"https:\/\/www.geciclaw.com\/sr\/terralex-radne-grupe\/#primaryimage\",\"url\":\"https:\/\/www.geciclaw.com\/wp-content\/uploads\/2023\/10\/Copy-of-Cross-Border-Guide-to-ESG-and-Sustainable-Finance-1.png\",\"contentUrl\":\"https:\/\/www.geciclaw.com\/wp-content\/uploads\/2023\/10\/Copy-of-Cross-Border-Guide-to-ESG-and-Sustainable-Finance-1.png\",\"width\":1200,\"height\":630},{\"@type\":\"BreadcrumbList\",\"@id\":\"https:\/\/www.geciclaw.com\/sr\/terralex-radne-grupe\/#breadcrumb\",\"itemListElement\":[{\"@type\":\"ListItem\",\"position\":1,\"name\":\"Home\",\"item\":\"https:\/\/www.geciclaw.com\/sr\/\"},{\"@type\":\"ListItem\",\"position\":2,\"name\":\"Geci\u0107 Law eksperti na \u010delu radnih grupa TerraLex\"}]},{\"@type\":\"WebSite\",\"@id\":\"https:\/\/www.geciclaw.com\/#website\",\"url\":\"https:\/\/www.geciclaw.com\/\",\"name\":\"Geci\u0107 Law\",\"description\":\"Advokatska kancelarija\",\"publisher\":{\"@id\":\"https:\/\/www.geciclaw.com\/#organization\"},\"potentialAction\":[{\"@type\":\"SearchAction\",\"target\":{\"@type\":\"EntryPoint\",\"urlTemplate\":\"https:\/\/www.geciclaw.com\/?s={search_term_string}\"},\"query-input\":{\"@type\":\"PropertyValueSpecification\",\"valueRequired\":true,\"valueName\":\"search_term_string\"}}],\"inLanguage\":\"sr-RS\"},{\"@type\":\"Organization\",\"@id\":\"https:\/\/www.geciclaw.com\/#organization\",\"name\":\"Geci\u0107 Law\",\"url\":\"https:\/\/www.geciclaw.com\/\",\"logo\":{\"@type\":\"ImageObject\",\"inLanguage\":\"sr-RS\",\"@id\":\"https:\/\/www.geciclaw.com\/#\/schema\/logo\/image\/\",\"url\":\"https:\/\/geciclaw.com\/wp-content\/uploads\/2021\/10\/1.png\",\"contentUrl\":\"https:\/\/geciclaw.com\/wp-content\/uploads\/2021\/10\/1.png\",\"width\":1000,\"height\":409,\"caption\":\"Geci\u0107 Law\"},\"image\":{\"@id\":\"https:\/\/www.geciclaw.com\/#\/schema\/logo\/image\/\"}},{\"@type\":\"Person\",\"@id\":\"https:\/\/www.geciclaw.com\/#\/schema\/person\/f2133a67125e7057bc0c58435c3532f9\",\"name\":\"Ivan Eftimov\",\"image\":{\"@type\":\"ImageObject\",\"inLanguage\":\"sr-RS\",\"@id\":\"https:\/\/www.geciclaw.com\/#\/schema\/person\/image\/\",\"url\":\"https:\/\/secure.gravatar.com\/avatar\/b01054f24d3bbb4ef412bfacaf71306f068c8e1fab4435328367c58bf6ab606b?s=96&d=mm&r=g\",\"contentUrl\":\"https:\/\/secure.gravatar.com\/avatar\/b01054f24d3bbb4ef412bfacaf71306f068c8e1fab4435328367c58bf6ab606b?s=96&d=mm&r=g\",\"caption\":\"Ivan Eftimov\"},\"url\":\"https:\/\/www.geciclaw.com\/sr\/author\/vanja\/\"}]}<\/script>\n<!-- \/ Yoast SEO plugin. -->","yoast_head_json":{"title":"Geci\u0107 Law eksperti na \u010delu radnih grupa TerraLex | Geci\u0107 Law","description":"Gecic\u0301 Law objavljuje da su kolege Ognjen Colic\u0301 i Branko Gabric imenovani za lidere radnih grupa za avijaciju i hranu i pic\u0301e TerraLex.","robots":{"index":"index","follow":"follow","max-snippet":"max-snippet:-1","max-image-preview":"max-image-preview:large","max-video-preview":"max-video-preview:-1"},"canonical":"https:\/\/www.geciclaw.com\/sr\/terralex-radne-grupe\/","og_locale":"sr_RS","og_type":"article","og_title":"Geci\u0107 Law eksperti na \u010delu radnih grupa TerraLex | Geci\u0107 Law","og_description":"Gecic\u0301 Law objavljuje da su kolege Ognjen Colic\u0301 i Branko Gabric imenovani za lidere radnih grupa za avijaciju i hranu i pic\u0301e TerraLex.","og_url":"https:\/\/www.geciclaw.com\/sr\/terralex-radne-grupe\/","og_site_name":"Geci\u0107 Law","article_published_time":"2023-10-05T13:47:58+00:00","article_modified_time":"2023-10-05T13:51:08+00:00","og_image":[{"width":1200,"height":630,"url":"https:\/\/www.geciclaw.com\/wp-content\/uploads\/2023\/10\/Copy-of-Cross-Border-Guide-to-ESG-and-Sustainable-Finance-1.png","type":"image\/png"}],"author":"Ivan Eftimov","twitter_card":"summary_large_image","twitter_misc":{"Napisano od":"Ivan Eftimov","Procenjeno vreme \u010ditanja":"3 minuta"},"schema":{"@context":"https:\/\/schema.org","@graph":[{"@type":"Article","@id":"https:\/\/www.geciclaw.com\/sr\/terralex-radne-grupe\/#article","isPartOf":{"@id":"https:\/\/www.geciclaw.com\/sr\/terralex-radne-grupe\/"},"author":{"name":"Ivan Eftimov","@id":"https:\/\/www.geciclaw.com\/#\/schema\/person\/f2133a67125e7057bc0c58435c3532f9"},"headline":"Geci\u0107 Law eksperti na \u010delu radnih grupa TerraLex","datePublished":"2023-10-05T13:47:58+00:00","dateModified":"2023-10-05T13:51:08+00:00","mainEntityOfPage":{"@id":"https:\/\/www.geciclaw.com\/sr\/terralex-radne-grupe\/"},"wordCount":593,"publisher":{"@id":"https:\/\/www.geciclaw.com\/#organization"},"image":{"@id":"https:\/\/www.geciclaw.com\/sr\/terralex-radne-grupe\/#primaryimage"},"thumbnailUrl":"https:\/\/www.geciclaw.com\/wp-content\/uploads\/2023\/10\/Copy-of-Cross-Border-Guide-to-ESG-and-Sustainable-Finance-1.png","keywords":["Branko Gabri\u0107","Ognjen Coli\u0107","TerraLex"],"articleSection":["\u0430\u0432\u0438\u0458\u0430\u0446\u0438\u0458\u0430","Vesti"],"inLanguage":"sr-RS"},{"@type":"WebPage","@id":"https:\/\/www.geciclaw.com\/sr\/terralex-radne-grupe\/","url":"https:\/\/www.geciclaw.com\/sr\/terralex-radne-grupe\/","name":"Geci\u0107 Law eksperti na \u010delu radnih grupa TerraLex | Geci\u0107 Law","isPartOf":{"@id":"https:\/\/www.geciclaw.com\/#website"},"primaryImageOfPage":{"@id":"https:\/\/www.geciclaw.com\/sr\/terralex-radne-grupe\/#primaryimage"},"image":{"@id":"https:\/\/www.geciclaw.com\/sr\/terralex-radne-grupe\/#primaryimage"},"thumbnailUrl":"https:\/\/www.geciclaw.com\/wp-content\/uploads\/2023\/10\/Copy-of-Cross-Border-Guide-to-ESG-and-Sustainable-Finance-1.png","datePublished":"2023-10-05T13:47:58+00:00","dateModified":"2023-10-05T13:51:08+00:00","description":"Gecic\u0301 Law objavljuje da su kolege Ognjen Colic\u0301 i Branko Gabric imenovani za lidere radnih grupa za avijaciju i hranu i pic\u0301e TerraLex.","breadcrumb":{"@id":"https:\/\/www.geciclaw.com\/sr\/terralex-radne-grupe\/#breadcrumb"},"inLanguage":"sr-RS","potentialAction":[{"@type":"ReadAction","target":["https:\/\/www.geciclaw.com\/sr\/terralex-radne-grupe\/"]}]},{"@type":"ImageObject","inLanguage":"sr-RS","@id":"https:\/\/www.geciclaw.com\/sr\/terralex-radne-grupe\/#primaryimage","url":"https:\/\/www.geciclaw.com\/wp-content\/uploads\/2023\/10\/Copy-of-Cross-Border-Guide-to-ESG-and-Sustainable-Finance-1.png","contentUrl":"https:\/\/www.geciclaw.com\/wp-content\/uploads\/2023\/10\/Copy-of-Cross-Border-Guide-to-ESG-and-Sustainable-Finance-1.png","width":1200,"height":630},{"@type":"BreadcrumbList","@id":"https:\/\/www.geciclaw.com\/sr\/terralex-radne-grupe\/#breadcrumb","itemListElement":[{"@type":"ListItem","position":1,"name":"Home","item":"https:\/\/www.geciclaw.com\/sr\/"},{"@type":"ListItem","position":2,"name":"Geci\u0107 Law eksperti na \u010delu radnih grupa TerraLex"}]},{"@type":"WebSite","@id":"https:\/\/www.geciclaw.com\/#website","url":"https:\/\/www.geciclaw.com\/","name":"Geci\u0107 Law","description":"Advokatska kancelarija","publisher":{"@id":"https:\/\/www.geciclaw.com\/#organization"},"potentialAction":[{"@type":"SearchAction","target":{"@type":"EntryPoint","urlTemplate":"https:\/\/www.geciclaw.com\/?s={search_term_string}"},"query-input":{"@type":"PropertyValueSpecification","valueRequired":true,"valueName":"search_term_string"}}],"inLanguage":"sr-RS"},{"@type":"Organization","@id":"https:\/\/www.geciclaw.com\/#organization","name":"Geci\u0107 Law","url":"https:\/\/www.geciclaw.com\/","logo":{"@type":"ImageObject","inLanguage":"sr-RS","@id":"https:\/\/www.geciclaw.com\/#\/schema\/logo\/image\/","url":"https:\/\/geciclaw.com\/wp-content\/uploads\/2021\/10\/1.png","contentUrl":"https:\/\/geciclaw.com\/wp-content\/uploads\/2021\/10\/1.png","width":1000,"height":409,"caption":"Geci\u0107 Law"},"image":{"@id":"https:\/\/www.geciclaw.com\/#\/schema\/logo\/image\/"}},{"@type":"Person","@id":"https:\/\/www.geciclaw.com\/#\/schema\/person\/f2133a67125e7057bc0c58435c3532f9","name":"Ivan Eftimov","image":{"@type":"ImageObject","inLanguage":"sr-RS","@id":"https:\/\/www.geciclaw.com\/#\/schema\/person\/image\/","url":"https:\/\/secure.gravatar.com\/avatar\/b01054f24d3bbb4ef412bfacaf71306f068c8e1fab4435328367c58bf6ab606b?s=96&d=mm&r=g","contentUrl":"https:\/\/secure.gravatar.com\/avatar\/b01054f24d3bbb4ef412bfacaf71306f068c8e1fab4435328367c58bf6ab606b?s=96&d=mm&r=g","caption":"Ivan Eftimov"},"url":"https:\/\/www.geciclaw.com\/sr\/author\/vanja\/"}]}},"_links":{"self":[{"href":"https:\/\/www.geciclaw.com\/sr\/wp-json\/wp\/v2\/posts\/24645","targetHints":{"allow":["GET"]}}],"collection":[{"href":"https:\/\/www.geciclaw.com\/sr\/wp-json\/wp\/v2\/posts"}],"about":[{"href":"https:\/\/www.geciclaw.com\/sr\/wp-json\/wp\/v2\/types\/post"}],"author":[{"embeddable":true,"href":"https:\/\/www.geciclaw.com\/sr\/wp-json\/wp\/v2\/users\/21"}],"replies":[{"embeddable":true,"href":"https:\/\/www.geciclaw.com\/sr\/wp-json\/wp\/v2\/comments?post=24645"}],"version-history":[{"count":3,"href":"https:\/\/www.geciclaw.com\/sr\/wp-json\/wp\/v2\/posts\/24645\/revisions"}],"predecessor-version":[{"id":24648,"href":"https:\/\/www.geciclaw.com\/sr\/wp-json\/wp\/v2\/posts\/24645\/revisions\/24648"}],"wp:featuredmedia":[{"embeddable":true,"href":"https:\/\/www.geciclaw.com\/sr\/wp-json\/wp\/v2\/media\/24643"}],"wp:attachment":[{"href":"https:\/\/www.geciclaw.com\/sr\/wp-json\/wp\/v2\/media?parent=24645"}],"wp:term":[{"taxonomy":"category","embeddable":true,"href":"https:\/\/www.geciclaw.com\/sr\/wp-json\/wp\/v2\/categories?post=24645"},{"taxonomy":"post_tag","embeddable":true,"href":"https:\/\/www.geciclaw.com\/sr\/wp-json\/wp\/v2\/tags?post=24645"}],"curies":[{"name":"wp","href":"https:\/\/api.w.org\/{rel}","templated":true}]}}