{"id":27824,"date":"2024-09-09T12:17:04","date_gmt":"2024-09-09T10:17:04","guid":{"rendered":"https:\/\/www.geciclaw.com\/?p=27824"},"modified":"2026-04-20T09:46:01","modified_gmt":"2026-04-20T07:46:01","slug":"whos-who-legal-2024-ognjen","status":"publish","type":"post","link":"https:\/\/www.geciclaw.com\/sr\/whos-who-legal-2024-ognjen\/","title":{"rendered":"Dvostruko priznanje Ognjena \u010colic\u0301a na Who\u2019s Who Legal 2024"},"content":{"rendered":"<p>Sa zadovoljstvom nastavljamo seriju o dostignuc\u0301ima vrhunskih profesionalaca advokatske kancelarije Gecic\u0301 Law. U ovom izdanju slavimo izuzetan uspeh <a href=\"https:\/\/www.geciclaw.com\/colic-ognjen\/\">Ognjena Colic\u0301a<\/a>, partnera i rokovodioca oblasti Korporativno pravo, spajanja i preuzimanja, i ESG prakse Gecic\u0301 Law. U svom izdanju za 2024. godinu, Who\u2019s Who Legal prepoznao je Ognjena u dve veoma konkurentne oblasti: M&amp;A &amp; Governance i Environment &amp; Climate Change. Ovo dvostruko priznanje dolazi drugu godinu zaredom, \u0161to govori o Ognjenovoj izuzetnoj stru\u010dnosti i predstavlja zna\u010dajnu prekretnicu u njegovoj karijeri.<\/p>\n<p>Who\u2019s Who Legal ponovo je Ognjena rangirao kao preporu\u010denog advokata (Recommended Lawyer) u oblasti M&amp;A i korporativnog upravljanja. Na taj na\u010din je potvr\u0111ena njegova pozicija vrhunskog pravnog profesionalca u jednom od najdinami\u010dnijih sektora tr\u017ei\u0161ta. Njegovo liderstvo u ovoj oblasti je bilo je klju\u010dno u slo\u017eenim investicionim transakcijama, spajanjima i akvizicijama \u0161irom regiona. Njegova sposobnost da pru\u017ei inovativna re\u0161enja prilago\u0111ena potrebama klijenata \u010dini ga savetnikom od poverenja najistaknutijih kompanija.<\/p>\n<p>Pored uspeha u oblasti M&amp;A i korporativnog upravljanja, Ognjen je tako\u0111e rangiran u oblasti prava \u017eivotne sredine i klimatskih promena. On je jedini advokat iz na\u0161e jurisdikcije koji je rangiran u ovoj oblasti. Ova razlika nagla\u0161ava Ognjenov dubok uticaj na oblast prava \u017eivotne sredine. Kao rukovodilac ESG, Ognjen je odigrao klju\u010dnu ulogu u oblikovanju ove inovativne prakse. Savetovao je klijente o sve slo\u017eenijem regulatornom okru\u017eenju u ovoj oblasti. Ognjen je tako\u0111e vodio neke od najzna\u010dajnijih projekata u oblasti obnovljive energije. Tako\u0111e je aktivno doprineo oblikovanju regulatornih okvira u regionu. Njegov rad doprineo je pionirskoj poziciji Geci\u0107 Law u ovim oblastima.<\/p>\n<p>Ognjen je rukovodi obla\u0161\u0107u <a href=\"https:\/\/www.geciclaw.com\/sr\/practices\/korporativno-pravo-spajanja-i-preuzimanja\/\">K<\/a><a href=\"https:\/\/www.geciclaw.com\/sr\/practices\/korporativno-pravo-spajanja-i-preuzimanja\/\">orporativnog prava, spajanja i preuzimanja<\/a> od njenih ranih faza razvoja, nakon \u0161to se 2016. godine pridru\u017eio pravnom timu Gecic\u0301 Law. Tokom gotovo dve decenije pravnog iskustva, Ognjen je vodio brojne zna\u010dajne projekte u oblasti energetike, rudarstva, IKT, medija i telekomunikacija, automobilske industrije, transporta i maloprodaje. Globalni direktorijumi su dosledno prepoznali njegov doprinos pravnoj profesiji. Legal 500 ga ve\u0107 dugi niz godina prepoznaje kao vodec\u0301eg pojedinca, a njegov tim kao jednog od klju\u010dnih igra\u010da na ovom polju. Pored toga, Chambers and Partners ga izdvaja kao jednog od vodec\u0301ih pravnika korporativnog i privrednog prava. Rang lista Who&#8217;s Who Legal dodatno potvr\u0111uje Ognjenovu stru\u010dnost u ovim oblastima. Ovo rangiranje predstavlja jo\u0161 jedno presti\u017eno priznanje na njegovom profesionalnom putu.<\/p>\n<p>Ognjen tako\u0111e aktivno doprinosi brojnim diskusijama i \u010desto govori o aktuelnim pravnim temama. Me\u0111u njegovim brojnim aktivnostima, nedavno je u\u010destvovao na prvom <a href=\"https:\/\/ai-master-class.com\/\">AI Masterclass-u<\/a>, pionirskom doga\u0111aju posvec\u0301enom ovoj novoj oblasti prava, gde je govorio o dono\u0161enju odluka i odgovornosti u eri ve\u0161ta\u010dke inteligencije. Ostali doga\u0111aji uklju\u010duju <a href=\"https:\/\/www.geciclaw.com\/sr\/ognjen-colic-govorio-o-esg-na-seminaru-forum-media\/\">Forum Media ESG radionicu<\/a>, <a href=\"https:\/\/www.geciclaw.com\/sr\/ognjen-colic-panelista-na-zimskom-vivaldi-cfo-legal-forumu-2019\/\">Zimski Vivaldi forum<\/a>, seminar pod nazivom \u201e<a href=\"https:\/\/www.youtube.com\/watch?v=-I245Sy1YXU\">Za koga Gen Z \u017eeli da radi?<\/a>\u201c u saradnji sa Manpower Group i <a href=\"https:\/\/www.geciclaw.com\/sr\/colic-jpp\/\">4. Konferenciju javno-privatnog partnerstva Srbije<\/a>, odr\u017eanoj pod pokroviteljstvom Britansko-srpske privredne komore i Ministarstva privrede Republike Srbije.<\/p>\n<p>Ognjen je i \u010dest sagovornik specijalizovanih pravnih publikacija. Njegov nedavni \u010dlanak o razvoju infrastrukture i moguc\u0301nostima JPP u Srbiji u <a href=\"https:\/\/ceelegalmatters.com\/gecic-law\/27175-serbia-expo-belgrade-2027-and-the-role-of-ppps-in-infrastructure-development\">CEE Legal Matters<\/a> privukao je veliku pa\u017enju stru\u010dne javnosti. Nedavno je na poziv magazina Lawyer Monthly u intervjuu za tu publikaciju, govorio o zna\u010dajnom multijurisdikcijskom projektu preuzimanja u kome je nedavno u\u010destvovao.<\/p>\n<p>Ognjen je me\u0111u retkim advokatima iz regiona koji su citirani u me\u0111unarodnim medijima, uklju\u010dujuc\u0301i <a href=\"https:\/\/www.geciclaw.com\/sr\/ognjen-colic-citiran-u-faz-u\/\">Frankfurter Allgemeine Zeitung<\/a>, a <a href=\"https:\/\/www.geciclaw.com\/sr\/ognjen-colic-na-spisku-svetske-banke-kao-lokalni-strucnjak-za-poljoprivredno-pravo\/\">Svetska banka<\/a> ga prepoznaje kao vodec\u0301eg pravnog stru\u010dnjaka i redovnog saradnika u njihovim publikacijama. Ognjen tako\u0111e redovno doprinosi edukativnim aktivnostima Foruma za odgovorno poslovanje usmerenim na mala i srednja preduzec\u0301a. Poznat je po tome \u0161to je i \u010dest gost predava\u010d na Pravnom fakultetu Univerziteta u Beogradu, gde govori o pitanjima <a href=\"https:\/\/www.geciclaw.com\/sr\/ognjen-colic-spajanja-preuzimanja-pravni-fakultet\/\">spajanja i preuzimanja, kao i o investicijama<\/a>. Ognjen tako\u0111e vodi me\u0111unarodnu saradnju Gecic\u0301 Law i gradi partnerstva u okviru elitnih globalnih pravnih mre\u017ea <a href=\"https:\/\/www.geciclaw.com\/gecic-law-contributes-to-the-serbian-chapter-of-terralex-cross-border-guides\/\">TerraLex<\/a> i <a href=\"https:\/\/www.tagalliances.com\/component\/mtree\/lawyer-profiles\/9873-colic-ognjen?Itemid=\">TAG Law<\/a>, \u010diji je Gecic\u0301 Law ekskluzivni \u010dlan. Ognjen je nedavno imenovan za <a href=\"https:\/\/www.terralex.org\/practice-groups-Industry-sector-teams\/industry-sector-teams\/food-beverage\">tim lidera<\/a> sektora industrije hrane i pic\u0301a TerraLex-a.<\/p>\n<p>Ognjenova dostignuc\u0301a na rang-listi Who\u2019s Who Legal 2024 su nesumnjivo izuzetna. Ti uspesi nas podse\u0107aju na vrlo va\u017enu ulogu koju na\u0161i advokati imaju u uspesima kancelarije. Ognjenovo dvostruko priznanje u oblasti M&amp;A i korporativnog upravljanja i \u017eivotne sredine odraz je njegovog izuzetnog doprinosa firmi i \u0161iroj pravnoj zajednici. Ponosni smo na saradnju sa tako istaknutim pravnim stru\u010dnjakom. Njegov rad nastavlja da inspiri\u0161e i postavlja nova merila u pravnoj industriji.<\/p>\n<p>Pratite na\u0161 sajt za o izuzetnim uspesima na\u0161ih advokata na Who&#8217;s Who Legal 2024.<\/p>\n","protected":false},"excerpt":{"rendered":"<p>Sa zadovoljstvom nastavljamo seriju o dostignuc\u0301ima vrhunskih profesionalaca advokatske kancelarije Gecic\u0301 Law. U ovom izdanju slavimo izuzetan uspeh Ognjena Colic\u0301a, partnera i rokovodioca oblasti Korporativno pravo, spajanja i preuzimanja, i ESG prakse Gecic\u0301 Law. U svom izdanju za 2024. godinu, Who\u2019s Who Legal prepoznao je Ognjena u dve veoma konkurentne oblasti: M&amp;A &amp; Governance i Environment &amp; Climate Change. Ovo dvostruko priznanje dolazi drugu godinu zaredom, \u0161to govori o Ognjenovoj izuzetnoj stru\u010dnosti i predstavlja zna\u010dajnu prekretnicu u njegovoj karijeri. Who\u2019s Who Legal ponovo je Ognjena rangirao kao preporu\u010denog advokata (Recommended Lawyer) u oblasti M&amp;A i korporativnog upravljanja. Na taj na\u010din [&hellip;]<\/p>\n","protected":false},"author":21,"featured_media":27645,"comment_status":"closed","ping_status":"open","sticky":false,"template":"","format":"standard","meta":{"om_disable_all_campaigns":false,"footnotes":""},"categories":[1035,967,1560],"tags":[469,1587,465],"class_list":["post-27824","post","type-post","status-publish","format-standard","has-post-thumbnail","hentry","category-kompanijsko-pravo","category-korporativno-pravo","category-vesti","tag-gecic-law-firm-serbia-sr","tag-ognjen-colic-sr","tag-news-sr"],"acf":[],"yoast_head":"<!-- This site is optimized with the Yoast SEO plugin v25.5 - https:\/\/yoast.com\/wordpress\/plugins\/seo\/ -->\n<title>Dvostruko priznanje Ognjena \u010colic\u0301a na Who\u2019s Who Legal 2024 | Geci\u0107 Law<\/title>\n<meta name=\"description\" content=\"Sa zadovoljstvom nastavljamo seriju o na\u0161im dostignu\u0107ima izuzetnim uspehom Ognjena Colic\u0301a u ovogodi\u0161njem izdanju Who&#039;s Who Legal.\" \/>\n<meta name=\"robots\" content=\"index, follow, max-snippet:-1, max-image-preview:large, max-video-preview:-1\" \/>\n<link rel=\"canonical\" href=\"https:\/\/www.geciclaw.com\/whos-who-legal-2024-ognjen\/\" \/>\n<meta property=\"og:locale\" content=\"sr_RS\" \/>\n<meta property=\"og:type\" content=\"article\" \/>\n<meta property=\"og:title\" content=\"Dvostruko priznanje Ognjena \u010colic\u0301a na Who\u2019s Who Legal 2024 | Geci\u0107 Law\" \/>\n<meta property=\"og:description\" content=\"Sa zadovoljstvom nastavljamo seriju o na\u0161im dostignu\u0107ima izuzetnim uspehom Ognjena Colic\u0301a u ovogodi\u0161njem izdanju Who&#039;s Who Legal.\" \/>\n<meta property=\"og:url\" content=\"https:\/\/www.geciclaw.com\/whos-who-legal-2024-ognjen\/\" \/>\n<meta property=\"og:site_name\" content=\"Geci\u0107 Law\" \/>\n<meta property=\"article:published_time\" content=\"2024-09-09T10:17:04+00:00\" \/>\n<meta property=\"article:modified_time\" content=\"2026-04-20T07:46:01+00:00\" \/>\n<meta property=\"og:image\" content=\"https:\/\/www.geciclaw.com\/wp-content\/uploads\/2024\/08\/final-Ognjen.png\" \/>\n\t<meta property=\"og:image:width\" content=\"1366\" \/>\n\t<meta property=\"og:image:height\" content=\"768\" \/>\n\t<meta property=\"og:image:type\" content=\"image\/png\" \/>\n<meta name=\"author\" content=\"Ivan Eftimov\" \/>\n<meta name=\"twitter:card\" content=\"summary_large_image\" \/>\n<meta name=\"twitter:label1\" content=\"Napisano od\" \/>\n\t<meta name=\"twitter:data1\" content=\"Ivan Eftimov\" \/>\n\t<meta name=\"twitter:label2\" content=\"Procenjeno vreme \u010ditanja\" \/>\n\t<meta name=\"twitter:data2\" content=\"4 minuta\" \/>\n<script type=\"application\/ld+json\" class=\"yoast-schema-graph\">{\"@context\":\"https:\/\/schema.org\",\"@graph\":[{\"@type\":\"Article\",\"@id\":\"https:\/\/www.geciclaw.com\/whos-who-legal-2024-ognjen\/#article\",\"isPartOf\":{\"@id\":\"https:\/\/www.geciclaw.com\/whos-who-legal-2024-ognjen\/\"},\"author\":{\"name\":\"Ivan Eftimov\",\"@id\":\"https:\/\/www.geciclaw.com\/#\/schema\/person\/f2133a67125e7057bc0c58435c3532f9\"},\"headline\":\"Dvostruko priznanje Ognjena \u010colic\u0301a na Who\u2019s Who Legal 2024\",\"datePublished\":\"2024-09-09T10:17:04+00:00\",\"dateModified\":\"2026-04-20T07:46:01+00:00\",\"mainEntityOfPage\":{\"@id\":\"https:\/\/www.geciclaw.com\/whos-who-legal-2024-ognjen\/\"},\"wordCount\":787,\"publisher\":{\"@id\":\"https:\/\/www.geciclaw.com\/#organization\"},\"image\":{\"@id\":\"https:\/\/www.geciclaw.com\/whos-who-legal-2024-ognjen\/#primaryimage\"},\"thumbnailUrl\":\"https:\/\/www.geciclaw.com\/wp-content\/uploads\/2024\/08\/final-Ognjen.png\",\"keywords\":[\"Advokatska kancelarija Geci\u0107 Law\",\"Ognjen Coli\u0107\",\"Vesti\"],\"articleSection\":[\"kompanijsko pravo\",\"Korporativno pravo\",\"Vesti\"],\"inLanguage\":\"sr-RS\"},{\"@type\":\"WebPage\",\"@id\":\"https:\/\/www.geciclaw.com\/whos-who-legal-2024-ognjen\/\",\"url\":\"https:\/\/www.geciclaw.com\/whos-who-legal-2024-ognjen\/\",\"name\":\"Dvostruko priznanje Ognjena \u010colic\u0301a na Who\u2019s Who Legal 2024 | Geci\u0107 Law\",\"isPartOf\":{\"@id\":\"https:\/\/www.geciclaw.com\/#website\"},\"primaryImageOfPage\":{\"@id\":\"https:\/\/www.geciclaw.com\/whos-who-legal-2024-ognjen\/#primaryimage\"},\"image\":{\"@id\":\"https:\/\/www.geciclaw.com\/whos-who-legal-2024-ognjen\/#primaryimage\"},\"thumbnailUrl\":\"https:\/\/www.geciclaw.com\/wp-content\/uploads\/2024\/08\/final-Ognjen.png\",\"datePublished\":\"2024-09-09T10:17:04+00:00\",\"dateModified\":\"2026-04-20T07:46:01+00:00\",\"description\":\"Sa zadovoljstvom nastavljamo seriju o na\u0161im dostignu\u0107ima izuzetnim uspehom Ognjena Colic\u0301a u ovogodi\u0161njem izdanju Who's Who Legal.\",\"breadcrumb\":{\"@id\":\"https:\/\/www.geciclaw.com\/whos-who-legal-2024-ognjen\/#breadcrumb\"},\"inLanguage\":\"sr-RS\",\"potentialAction\":[{\"@type\":\"ReadAction\",\"target\":[\"https:\/\/www.geciclaw.com\/whos-who-legal-2024-ognjen\/\"]}]},{\"@type\":\"ImageObject\",\"inLanguage\":\"sr-RS\",\"@id\":\"https:\/\/www.geciclaw.com\/whos-who-legal-2024-ognjen\/#primaryimage\",\"url\":\"https:\/\/www.geciclaw.com\/wp-content\/uploads\/2024\/08\/final-Ognjen.png\",\"contentUrl\":\"https:\/\/www.geciclaw.com\/wp-content\/uploads\/2024\/08\/final-Ognjen.png\",\"width\":1366,\"height\":768},{\"@type\":\"BreadcrumbList\",\"@id\":\"https:\/\/www.geciclaw.com\/whos-who-legal-2024-ognjen\/#breadcrumb\",\"itemListElement\":[{\"@type\":\"ListItem\",\"position\":1,\"name\":\"Home\",\"item\":\"https:\/\/www.geciclaw.com\/sr\/\"},{\"@type\":\"ListItem\",\"position\":2,\"name\":\"Dvostruko priznanje Ognjena \u010colic\u0301a na Who\u2019s Who Legal 2024\"}]},{\"@type\":\"WebSite\",\"@id\":\"https:\/\/www.geciclaw.com\/#website\",\"url\":\"https:\/\/www.geciclaw.com\/\",\"name\":\"Geci\u0107 Law\",\"description\":\"Advokatska kancelarija\",\"publisher\":{\"@id\":\"https:\/\/www.geciclaw.com\/#organization\"},\"potentialAction\":[{\"@type\":\"SearchAction\",\"target\":{\"@type\":\"EntryPoint\",\"urlTemplate\":\"https:\/\/www.geciclaw.com\/?s={search_term_string}\"},\"query-input\":{\"@type\":\"PropertyValueSpecification\",\"valueRequired\":true,\"valueName\":\"search_term_string\"}}],\"inLanguage\":\"sr-RS\"},{\"@type\":\"Organization\",\"@id\":\"https:\/\/www.geciclaw.com\/#organization\",\"name\":\"Geci\u0107 Law\",\"url\":\"https:\/\/www.geciclaw.com\/\",\"logo\":{\"@type\":\"ImageObject\",\"inLanguage\":\"sr-RS\",\"@id\":\"https:\/\/www.geciclaw.com\/#\/schema\/logo\/image\/\",\"url\":\"https:\/\/geciclaw.com\/wp-content\/uploads\/2021\/10\/1.png\",\"contentUrl\":\"https:\/\/geciclaw.com\/wp-content\/uploads\/2021\/10\/1.png\",\"width\":1000,\"height\":409,\"caption\":\"Geci\u0107 Law\"},\"image\":{\"@id\":\"https:\/\/www.geciclaw.com\/#\/schema\/logo\/image\/\"}},{\"@type\":\"Person\",\"@id\":\"https:\/\/www.geciclaw.com\/#\/schema\/person\/f2133a67125e7057bc0c58435c3532f9\",\"name\":\"Ivan Eftimov\",\"image\":{\"@type\":\"ImageObject\",\"inLanguage\":\"sr-RS\",\"@id\":\"https:\/\/www.geciclaw.com\/#\/schema\/person\/image\/\",\"url\":\"https:\/\/secure.gravatar.com\/avatar\/b01054f24d3bbb4ef412bfacaf71306f068c8e1fab4435328367c58bf6ab606b?s=96&d=mm&r=g\",\"contentUrl\":\"https:\/\/secure.gravatar.com\/avatar\/b01054f24d3bbb4ef412bfacaf71306f068c8e1fab4435328367c58bf6ab606b?s=96&d=mm&r=g\",\"caption\":\"Ivan Eftimov\"},\"url\":\"https:\/\/www.geciclaw.com\/sr\/author\/vanja\/\"}]}<\/script>\n<!-- \/ Yoast SEO plugin. -->","yoast_head_json":{"title":"Dvostruko priznanje Ognjena \u010colic\u0301a na Who\u2019s Who Legal 2024 | Geci\u0107 Law","description":"Sa zadovoljstvom nastavljamo seriju o na\u0161im dostignu\u0107ima izuzetnim uspehom Ognjena Colic\u0301a u ovogodi\u0161njem izdanju Who's Who Legal.","robots":{"index":"index","follow":"follow","max-snippet":"max-snippet:-1","max-image-preview":"max-image-preview:large","max-video-preview":"max-video-preview:-1"},"canonical":"https:\/\/www.geciclaw.com\/whos-who-legal-2024-ognjen\/","og_locale":"sr_RS","og_type":"article","og_title":"Dvostruko priznanje Ognjena \u010colic\u0301a na Who\u2019s Who Legal 2024 | Geci\u0107 Law","og_description":"Sa zadovoljstvom nastavljamo seriju o na\u0161im dostignu\u0107ima izuzetnim uspehom Ognjena Colic\u0301a u ovogodi\u0161njem izdanju Who's Who Legal.","og_url":"https:\/\/www.geciclaw.com\/whos-who-legal-2024-ognjen\/","og_site_name":"Geci\u0107 Law","article_published_time":"2024-09-09T10:17:04+00:00","article_modified_time":"2026-04-20T07:46:01+00:00","og_image":[{"width":1366,"height":768,"url":"https:\/\/www.geciclaw.com\/wp-content\/uploads\/2024\/08\/final-Ognjen.png","type":"image\/png"}],"author":"Ivan Eftimov","twitter_card":"summary_large_image","twitter_misc":{"Napisano od":"Ivan Eftimov","Procenjeno vreme \u010ditanja":"4 minuta"},"schema":{"@context":"https:\/\/schema.org","@graph":[{"@type":"Article","@id":"https:\/\/www.geciclaw.com\/whos-who-legal-2024-ognjen\/#article","isPartOf":{"@id":"https:\/\/www.geciclaw.com\/whos-who-legal-2024-ognjen\/"},"author":{"name":"Ivan Eftimov","@id":"https:\/\/www.geciclaw.com\/#\/schema\/person\/f2133a67125e7057bc0c58435c3532f9"},"headline":"Dvostruko priznanje Ognjena \u010colic\u0301a na Who\u2019s Who Legal 2024","datePublished":"2024-09-09T10:17:04+00:00","dateModified":"2026-04-20T07:46:01+00:00","mainEntityOfPage":{"@id":"https:\/\/www.geciclaw.com\/whos-who-legal-2024-ognjen\/"},"wordCount":787,"publisher":{"@id":"https:\/\/www.geciclaw.com\/#organization"},"image":{"@id":"https:\/\/www.geciclaw.com\/whos-who-legal-2024-ognjen\/#primaryimage"},"thumbnailUrl":"https:\/\/www.geciclaw.com\/wp-content\/uploads\/2024\/08\/final-Ognjen.png","keywords":["Advokatska kancelarija Geci\u0107 Law","Ognjen Coli\u0107","Vesti"],"articleSection":["kompanijsko pravo","Korporativno pravo","Vesti"],"inLanguage":"sr-RS"},{"@type":"WebPage","@id":"https:\/\/www.geciclaw.com\/whos-who-legal-2024-ognjen\/","url":"https:\/\/www.geciclaw.com\/whos-who-legal-2024-ognjen\/","name":"Dvostruko priznanje Ognjena \u010colic\u0301a na Who\u2019s Who Legal 2024 | Geci\u0107 Law","isPartOf":{"@id":"https:\/\/www.geciclaw.com\/#website"},"primaryImageOfPage":{"@id":"https:\/\/www.geciclaw.com\/whos-who-legal-2024-ognjen\/#primaryimage"},"image":{"@id":"https:\/\/www.geciclaw.com\/whos-who-legal-2024-ognjen\/#primaryimage"},"thumbnailUrl":"https:\/\/www.geciclaw.com\/wp-content\/uploads\/2024\/08\/final-Ognjen.png","datePublished":"2024-09-09T10:17:04+00:00","dateModified":"2026-04-20T07:46:01+00:00","description":"Sa zadovoljstvom nastavljamo seriju o na\u0161im dostignu\u0107ima izuzetnim uspehom Ognjena Colic\u0301a u ovogodi\u0161njem izdanju Who's Who Legal.","breadcrumb":{"@id":"https:\/\/www.geciclaw.com\/whos-who-legal-2024-ognjen\/#breadcrumb"},"inLanguage":"sr-RS","potentialAction":[{"@type":"ReadAction","target":["https:\/\/www.geciclaw.com\/whos-who-legal-2024-ognjen\/"]}]},{"@type":"ImageObject","inLanguage":"sr-RS","@id":"https:\/\/www.geciclaw.com\/whos-who-legal-2024-ognjen\/#primaryimage","url":"https:\/\/www.geciclaw.com\/wp-content\/uploads\/2024\/08\/final-Ognjen.png","contentUrl":"https:\/\/www.geciclaw.com\/wp-content\/uploads\/2024\/08\/final-Ognjen.png","width":1366,"height":768},{"@type":"BreadcrumbList","@id":"https:\/\/www.geciclaw.com\/whos-who-legal-2024-ognjen\/#breadcrumb","itemListElement":[{"@type":"ListItem","position":1,"name":"Home","item":"https:\/\/www.geciclaw.com\/sr\/"},{"@type":"ListItem","position":2,"name":"Dvostruko priznanje Ognjena \u010colic\u0301a na Who\u2019s Who Legal 2024"}]},{"@type":"WebSite","@id":"https:\/\/www.geciclaw.com\/#website","url":"https:\/\/www.geciclaw.com\/","name":"Geci\u0107 Law","description":"Advokatska kancelarija","publisher":{"@id":"https:\/\/www.geciclaw.com\/#organization"},"potentialAction":[{"@type":"SearchAction","target":{"@type":"EntryPoint","urlTemplate":"https:\/\/www.geciclaw.com\/?s={search_term_string}"},"query-input":{"@type":"PropertyValueSpecification","valueRequired":true,"valueName":"search_term_string"}}],"inLanguage":"sr-RS"},{"@type":"Organization","@id":"https:\/\/www.geciclaw.com\/#organization","name":"Geci\u0107 Law","url":"https:\/\/www.geciclaw.com\/","logo":{"@type":"ImageObject","inLanguage":"sr-RS","@id":"https:\/\/www.geciclaw.com\/#\/schema\/logo\/image\/","url":"https:\/\/geciclaw.com\/wp-content\/uploads\/2021\/10\/1.png","contentUrl":"https:\/\/geciclaw.com\/wp-content\/uploads\/2021\/10\/1.png","width":1000,"height":409,"caption":"Geci\u0107 Law"},"image":{"@id":"https:\/\/www.geciclaw.com\/#\/schema\/logo\/image\/"}},{"@type":"Person","@id":"https:\/\/www.geciclaw.com\/#\/schema\/person\/f2133a67125e7057bc0c58435c3532f9","name":"Ivan Eftimov","image":{"@type":"ImageObject","inLanguage":"sr-RS","@id":"https:\/\/www.geciclaw.com\/#\/schema\/person\/image\/","url":"https:\/\/secure.gravatar.com\/avatar\/b01054f24d3bbb4ef412bfacaf71306f068c8e1fab4435328367c58bf6ab606b?s=96&d=mm&r=g","contentUrl":"https:\/\/secure.gravatar.com\/avatar\/b01054f24d3bbb4ef412bfacaf71306f068c8e1fab4435328367c58bf6ab606b?s=96&d=mm&r=g","caption":"Ivan Eftimov"},"url":"https:\/\/www.geciclaw.com\/sr\/author\/vanja\/"}]}},"_links":{"self":[{"href":"https:\/\/www.geciclaw.com\/sr\/wp-json\/wp\/v2\/posts\/27824","targetHints":{"allow":["GET"]}}],"collection":[{"href":"https:\/\/www.geciclaw.com\/sr\/wp-json\/wp\/v2\/posts"}],"about":[{"href":"https:\/\/www.geciclaw.com\/sr\/wp-json\/wp\/v2\/types\/post"}],"author":[{"embeddable":true,"href":"https:\/\/www.geciclaw.com\/sr\/wp-json\/wp\/v2\/users\/21"}],"replies":[{"embeddable":true,"href":"https:\/\/www.geciclaw.com\/sr\/wp-json\/wp\/v2\/comments?post=27824"}],"version-history":[{"count":4,"href":"https:\/\/www.geciclaw.com\/sr\/wp-json\/wp\/v2\/posts\/27824\/revisions"}],"predecessor-version":[{"id":49047,"href":"https:\/\/www.geciclaw.com\/sr\/wp-json\/wp\/v2\/posts\/27824\/revisions\/49047"}],"wp:featuredmedia":[{"embeddable":true,"href":"https:\/\/www.geciclaw.com\/sr\/wp-json\/wp\/v2\/media\/27645"}],"wp:attachment":[{"href":"https:\/\/www.geciclaw.com\/sr\/wp-json\/wp\/v2\/media?parent=27824"}],"wp:term":[{"taxonomy":"category","embeddable":true,"href":"https:\/\/www.geciclaw.com\/sr\/wp-json\/wp\/v2\/categories?post=27824"},{"taxonomy":"post_tag","embeddable":true,"href":"https:\/\/www.geciclaw.com\/sr\/wp-json\/wp\/v2\/tags?post=27824"}],"curies":[{"name":"wp","href":"https:\/\/api.w.org\/{rel}","templated":true}]}}