{"id":28631,"date":"2024-03-13T15:55:16","date_gmt":"2024-03-13T14:55:16","guid":{"rendered":"https:\/\/www.geciclaw.com\/?p=28631"},"modified":"2025-10-02T11:54:23","modified_gmt":"2025-10-02T09:54:23","slug":"gecic-law-podrzao-stratesku-investiciju-strategic-ebrd-i-fonda-enef-ii-u-razvoj-kompanije-vega-it","status":"publish","type":"post","link":"https:\/\/www.geciclaw.com\/sr\/gecic-law-podrzao-stratesku-investiciju-strategic-ebrd-i-fonda-enef-ii-u-razvoj-kompanije-vega-it\/","title":{"rendered":"Geci\u0107 Law podr\u017eao strate\u0161ku investiciju EBRD i fonda ENEF II u razvoj kompanije Vega IT"},"content":{"rendered":"<p>Geci\u0107 Law sa ponosom objavljuje svoje u\u010de\u0161\u0107e u zna\u010dajnoj finansijskoj transakciji izme\u0111u <a href=\"https:\/\/www.ebrd.com\/home\">Evropske banke za obnovu i razvoj<\/a> (EBRD), Fonda za razvoj kompanija II (<a href=\"https:\/\/www.ebrd.com\/news\/2024\/ebrd-launches-enef-ii-for-the-western-balkans-banca-intesa-joins-anchor-investors.html\">ENEF II<\/a>) kao zajmodavaca, i kompanije <a href=\"https:\/\/www.vegaitglobal.com\/\">Vega IT<\/a>.<\/p>\n<p>EBRD i ENEF II obavezali su se na obezbe\u0111ivanje zajma radi podr\u0161ke \u0161irenju kompanije Vega IT. Vega IT je vode\u0107a srpska kompanija za razvoj softvera.<\/p>\n<p>Kao lokalni pravni savetnik za EBRD i ENEF II u ovoj transakciji, advokatska kancelarija Geci\u0107 Law pru\u017eila je sveobuhvatnu pravnu podr\u0161ku. U\u010de\u0161\u0107e tima obuhvatilo je pripremu due diligence analize i pregovore. Tako\u0111e smo obezbedili finalizaciju klju\u010dnih dokumenata za finansiranje i obezbe\u0111enje, kao i uspe\u0161no zaklju\u010denje transakcije. Ovo partnerstvo nagla\u0161ava na\u0161u posve\u0107enost podr\u0161ci ekonomskom rastu i razvoju na Zapadnom Balkanu putem strate\u0161kog pravnog savetovanja.<\/p>\n<p>Ugovor o zajmuje potpisan tokom zvani\u010dne prezentacije ENEF II u Beogradu. ENEF II je fond koji podr\u017eava \u0161irenje malih i srednjih preduze\u0107a (MSP) u regionu. ENEF II, kroz svoj aran\u017eman za zajedni\u010dko investiranje sa EBRD i finansiran od strane Evropske unije, <a href=\"https:\/\/www.cdp.it\/sitointernet\/it\/homepage.page\">CDP<\/a> (Cassa Depositi e Prestiti), <a href=\"https:\/\/www.kfw.de\/kfw.de.html\">KfW<\/a> (Kreditanstalt f\u00fcr Wiederaufbau) i <a href=\"https:\/\/www.bancaintesa.rs\/\">Banca Intesa<\/a>, ima za cilj da finansira MSP, obezbe\u0111uju\u0107i im kapital i savetovanje neophodno za skaliranje njihovog poslovanja i postizanje odr\u017eivog rasta.<\/p>\n<h4><strong>O kompaniji Vega IT<\/strong><\/h4>\n<p>Vega IT predvodi razvoj digitalnih proizvoda, sa timom od preko 750 in\u017eenjera i raznovrsnom globalnom mre\u017eom koja broji vi\u0161e od 200 klijenata. Ova finansijska injekcija od strane EBRD i ENEF II omogu\u0107i\u0107e kompaniji Vega IT da se pro\u0161iri na nova tr\u017ei\u0161ta. Transakcija \u0107e pomo\u0107i firmi da otvori nove kancelarije za razvoj poslovanja i zaposli dodatne prodajne stru\u010dnjake. Dogovor dodatno u\u010dvr\u0161\u0107uje njenu poziciju lidera u sektoru digitalne tehnologije.<\/p>\n<p>Geci\u0107 Law sa ponosom je doprineo ovom transformativnom projektu. Ovaj sporazum osna\u017euje na\u0161u posve\u0107enost podr\u0161ci klijentima putem pravne izvrsnosti i strate\u0161kog savetovanja. Radujemo se nastavku na\u0161eg rada na podsticanju ekonomskog razvoja Zapadnog Balkana i doprinosu uspehu kompanija kao \u0161to je Vega IT.<\/p>\n","protected":false},"excerpt":{"rendered":"<p>Geci\u0107 Law sa ponosom objavljuje svoje u\u010de\u0161\u0107e u zna\u010dajnoj finansijskoj transakciji izme\u0111u Evropske banke za obnovu i razvoj (EBRD), Fonda za razvoj kompanija II (ENEF II) kao zajmodavaca, i kompanije Vega IT. EBRD i ENEF II obavezali su se na obezbe\u0111ivanje zajma radi podr\u0161ke \u0161irenju kompanije Vega IT. Vega IT je vode\u0107a srpska kompanija za razvoj softvera. Kao lokalni pravni savetnik za EBRD i ENEF II u ovoj transakciji, advokatska kancelarija Geci\u0107 Law pru\u017eila je sveobuhvatnu pravnu podr\u0161ku. U\u010de\u0161\u0107e tima obuhvatilo je pripremu due diligence analize i pregovore. Tako\u0111e smo obezbedili finalizaciju klju\u010dnih dokumenata za finansiranje i obezbe\u0111enje, kao i [&hellip;]<\/p>\n","protected":false},"author":21,"featured_media":25880,"comment_status":"closed","ping_status":"open","sticky":false,"template":"","format":"standard","meta":{"om_disable_all_campaigns":false,"footnotes":""},"categories":[1543,1560],"tags":[1600,1778],"class_list":["post-28631","post","type-post","status-publish","format-standard","has-post-thumbnail","hentry","category-bankarstvo-i-finansije","category-vesti","tag-bogdan-gecic-sr","tag-esg-sr"],"acf":[],"yoast_head":"<!-- This site is optimized with the Yoast SEO plugin v25.5 - https:\/\/yoast.com\/wordpress\/plugins\/seo\/ -->\n<title>Geci\u0107 Law podr\u017eao strate\u0161ku investiciju EBRD i fonda ENEF II u razvoj kompanije Vega IT | Geci\u0107 Law<\/title>\n<meta name=\"description\" content=\"Geci\u0107 Law sa ponosom objavljuje da je u\u010destvovao u zna\u010dajnoj finansijskoj transakciji izme\u0111u EBRD, fonda ENEF II i kompanije Vega IT.\" \/>\n<meta name=\"robots\" content=\"index, follow, max-snippet:-1, max-image-preview:large, max-video-preview:-1\" \/>\n<link rel=\"canonical\" href=\"https:\/\/www.geciclaw.com\/sr\/gecic-law-podrzao-stratesku-investiciju-strategic-ebrd-i-fonda-enef-ii-u-razvoj-kompanije-vega-it\/\" \/>\n<meta property=\"og:locale\" content=\"sr_RS\" \/>\n<meta property=\"og:type\" content=\"article\" \/>\n<meta property=\"og:title\" content=\"Geci\u0107 Law podr\u017eao strate\u0161ku investiciju EBRD i fonda ENEF II u razvoj kompanije Vega IT | Geci\u0107 Law\" \/>\n<meta property=\"og:description\" content=\"Geci\u0107 Law sa ponosom objavljuje da je u\u010destvovao u zna\u010dajnoj finansijskoj transakciji izme\u0111u EBRD, fonda ENEF II i kompanije Vega IT.\" \/>\n<meta property=\"og:url\" content=\"https:\/\/www.geciclaw.com\/sr\/gecic-law-podrzao-stratesku-investiciju-strategic-ebrd-i-fonda-enef-ii-u-razvoj-kompanije-vega-it\/\" \/>\n<meta property=\"og:site_name\" content=\"Geci\u0107 Law\" \/>\n<meta property=\"article:published_time\" content=\"2024-03-13T14:55:16+00:00\" \/>\n<meta property=\"article:modified_time\" content=\"2025-10-02T09:54:23+00:00\" \/>\n<meta property=\"og:image\" content=\"https:\/\/www.geciclaw.com\/wp-content\/uploads\/2024\/03\/potpisivanje-ugovora.png\" \/>\n\t<meta property=\"og:image:width\" content=\"1366\" \/>\n\t<meta property=\"og:image:height\" content=\"768\" \/>\n\t<meta property=\"og:image:type\" content=\"image\/png\" \/>\n<meta name=\"author\" content=\"Ivan Eftimov\" \/>\n<meta name=\"twitter:card\" content=\"summary_large_image\" \/>\n<meta name=\"twitter:label1\" content=\"Napisano od\" \/>\n\t<meta name=\"twitter:data1\" content=\"Ivan Eftimov\" \/>\n\t<meta name=\"twitter:label2\" content=\"Procenjeno vreme \u010ditanja\" \/>\n\t<meta name=\"twitter:data2\" content=\"2 minuta\" \/>\n<script type=\"application\/ld+json\" class=\"yoast-schema-graph\">{\"@context\":\"https:\/\/schema.org\",\"@graph\":[{\"@type\":\"Article\",\"@id\":\"https:\/\/www.geciclaw.com\/sr\/gecic-law-podrzao-stratesku-investiciju-strategic-ebrd-i-fonda-enef-ii-u-razvoj-kompanije-vega-it\/#article\",\"isPartOf\":{\"@id\":\"https:\/\/www.geciclaw.com\/sr\/gecic-law-podrzao-stratesku-investiciju-strategic-ebrd-i-fonda-enef-ii-u-razvoj-kompanije-vega-it\/\"},\"author\":{\"name\":\"Ivan Eftimov\",\"@id\":\"https:\/\/www.geciclaw.com\/#\/schema\/person\/f2133a67125e7057bc0c58435c3532f9\"},\"headline\":\"Geci\u0107 Law podr\u017eao strate\u0161ku investiciju EBRD i fonda ENEF II u razvoj kompanije Vega IT\",\"datePublished\":\"2024-03-13T14:55:16+00:00\",\"dateModified\":\"2025-10-02T09:54:23+00:00\",\"mainEntityOfPage\":{\"@id\":\"https:\/\/www.geciclaw.com\/sr\/gecic-law-podrzao-stratesku-investiciju-strategic-ebrd-i-fonda-enef-ii-u-razvoj-kompanije-vega-it\/\"},\"wordCount\":369,\"publisher\":{\"@id\":\"https:\/\/www.geciclaw.com\/#organization\"},\"image\":{\"@id\":\"https:\/\/www.geciclaw.com\/sr\/gecic-law-podrzao-stratesku-investiciju-strategic-ebrd-i-fonda-enef-ii-u-razvoj-kompanije-vega-it\/#primaryimage\"},\"thumbnailUrl\":\"https:\/\/www.geciclaw.com\/wp-content\/uploads\/2024\/03\/potpisivanje-ugovora.png\",\"keywords\":[\"Bogdan Gecic\",\"ESG\"],\"articleSection\":[\"Bankarstvo i finansije\",\"Vesti\"],\"inLanguage\":\"sr-RS\"},{\"@type\":\"WebPage\",\"@id\":\"https:\/\/www.geciclaw.com\/sr\/gecic-law-podrzao-stratesku-investiciju-strategic-ebrd-i-fonda-enef-ii-u-razvoj-kompanije-vega-it\/\",\"url\":\"https:\/\/www.geciclaw.com\/sr\/gecic-law-podrzao-stratesku-investiciju-strategic-ebrd-i-fonda-enef-ii-u-razvoj-kompanije-vega-it\/\",\"name\":\"Geci\u0107 Law podr\u017eao strate\u0161ku investiciju EBRD i fonda ENEF II u razvoj kompanije Vega IT | Geci\u0107 Law\",\"isPartOf\":{\"@id\":\"https:\/\/www.geciclaw.com\/#website\"},\"primaryImageOfPage\":{\"@id\":\"https:\/\/www.geciclaw.com\/sr\/gecic-law-podrzao-stratesku-investiciju-strategic-ebrd-i-fonda-enef-ii-u-razvoj-kompanije-vega-it\/#primaryimage\"},\"image\":{\"@id\":\"https:\/\/www.geciclaw.com\/sr\/gecic-law-podrzao-stratesku-investiciju-strategic-ebrd-i-fonda-enef-ii-u-razvoj-kompanije-vega-it\/#primaryimage\"},\"thumbnailUrl\":\"https:\/\/www.geciclaw.com\/wp-content\/uploads\/2024\/03\/potpisivanje-ugovora.png\",\"datePublished\":\"2024-03-13T14:55:16+00:00\",\"dateModified\":\"2025-10-02T09:54:23+00:00\",\"description\":\"Geci\u0107 Law sa ponosom objavljuje da je u\u010destvovao u zna\u010dajnoj finansijskoj transakciji izme\u0111u EBRD, fonda ENEF II i kompanije Vega IT.\",\"breadcrumb\":{\"@id\":\"https:\/\/www.geciclaw.com\/sr\/gecic-law-podrzao-stratesku-investiciju-strategic-ebrd-i-fonda-enef-ii-u-razvoj-kompanije-vega-it\/#breadcrumb\"},\"inLanguage\":\"sr-RS\",\"potentialAction\":[{\"@type\":\"ReadAction\",\"target\":[\"https:\/\/www.geciclaw.com\/sr\/gecic-law-podrzao-stratesku-investiciju-strategic-ebrd-i-fonda-enef-ii-u-razvoj-kompanije-vega-it\/\"]}]},{\"@type\":\"ImageObject\",\"inLanguage\":\"sr-RS\",\"@id\":\"https:\/\/www.geciclaw.com\/sr\/gecic-law-podrzao-stratesku-investiciju-strategic-ebrd-i-fonda-enef-ii-u-razvoj-kompanije-vega-it\/#primaryimage\",\"url\":\"https:\/\/www.geciclaw.com\/wp-content\/uploads\/2024\/03\/potpisivanje-ugovora.png\",\"contentUrl\":\"https:\/\/www.geciclaw.com\/wp-content\/uploads\/2024\/03\/potpisivanje-ugovora.png\",\"width\":1366,\"height\":768},{\"@type\":\"BreadcrumbList\",\"@id\":\"https:\/\/www.geciclaw.com\/sr\/gecic-law-podrzao-stratesku-investiciju-strategic-ebrd-i-fonda-enef-ii-u-razvoj-kompanije-vega-it\/#breadcrumb\",\"itemListElement\":[{\"@type\":\"ListItem\",\"position\":1,\"name\":\"Home\",\"item\":\"https:\/\/www.geciclaw.com\/sr\/\"},{\"@type\":\"ListItem\",\"position\":2,\"name\":\"Geci\u0107 Law podr\u017eao strate\u0161ku investiciju EBRD i fonda ENEF II u razvoj kompanije Vega IT\"}]},{\"@type\":\"WebSite\",\"@id\":\"https:\/\/www.geciclaw.com\/#website\",\"url\":\"https:\/\/www.geciclaw.com\/\",\"name\":\"Geci\u0107 Law\",\"description\":\"Advokatska kancelarija\",\"publisher\":{\"@id\":\"https:\/\/www.geciclaw.com\/#organization\"},\"potentialAction\":[{\"@type\":\"SearchAction\",\"target\":{\"@type\":\"EntryPoint\",\"urlTemplate\":\"https:\/\/www.geciclaw.com\/?s={search_term_string}\"},\"query-input\":{\"@type\":\"PropertyValueSpecification\",\"valueRequired\":true,\"valueName\":\"search_term_string\"}}],\"inLanguage\":\"sr-RS\"},{\"@type\":\"Organization\",\"@id\":\"https:\/\/www.geciclaw.com\/#organization\",\"name\":\"Geci\u0107 Law\",\"url\":\"https:\/\/www.geciclaw.com\/\",\"logo\":{\"@type\":\"ImageObject\",\"inLanguage\":\"sr-RS\",\"@id\":\"https:\/\/www.geciclaw.com\/#\/schema\/logo\/image\/\",\"url\":\"https:\/\/geciclaw.com\/wp-content\/uploads\/2021\/10\/1.png\",\"contentUrl\":\"https:\/\/geciclaw.com\/wp-content\/uploads\/2021\/10\/1.png\",\"width\":1000,\"height\":409,\"caption\":\"Geci\u0107 Law\"},\"image\":{\"@id\":\"https:\/\/www.geciclaw.com\/#\/schema\/logo\/image\/\"}},{\"@type\":\"Person\",\"@id\":\"https:\/\/www.geciclaw.com\/#\/schema\/person\/f2133a67125e7057bc0c58435c3532f9\",\"name\":\"Ivan Eftimov\",\"image\":{\"@type\":\"ImageObject\",\"inLanguage\":\"sr-RS\",\"@id\":\"https:\/\/www.geciclaw.com\/#\/schema\/person\/image\/\",\"url\":\"https:\/\/secure.gravatar.com\/avatar\/b01054f24d3bbb4ef412bfacaf71306f068c8e1fab4435328367c58bf6ab606b?s=96&d=mm&r=g\",\"contentUrl\":\"https:\/\/secure.gravatar.com\/avatar\/b01054f24d3bbb4ef412bfacaf71306f068c8e1fab4435328367c58bf6ab606b?s=96&d=mm&r=g\",\"caption\":\"Ivan Eftimov\"},\"url\":\"https:\/\/www.geciclaw.com\/sr\/author\/vanja\/\"}]}<\/script>\n<!-- \/ Yoast SEO plugin. -->","yoast_head_json":{"title":"Geci\u0107 Law podr\u017eao strate\u0161ku investiciju EBRD i fonda ENEF II u razvoj kompanije Vega IT | Geci\u0107 Law","description":"Geci\u0107 Law sa ponosom objavljuje da je u\u010destvovao u zna\u010dajnoj finansijskoj transakciji izme\u0111u EBRD, fonda ENEF II i kompanije Vega IT.","robots":{"index":"index","follow":"follow","max-snippet":"max-snippet:-1","max-image-preview":"max-image-preview:large","max-video-preview":"max-video-preview:-1"},"canonical":"https:\/\/www.geciclaw.com\/sr\/gecic-law-podrzao-stratesku-investiciju-strategic-ebrd-i-fonda-enef-ii-u-razvoj-kompanije-vega-it\/","og_locale":"sr_RS","og_type":"article","og_title":"Geci\u0107 Law podr\u017eao strate\u0161ku investiciju EBRD i fonda ENEF II u razvoj kompanije Vega IT | Geci\u0107 Law","og_description":"Geci\u0107 Law sa ponosom objavljuje da je u\u010destvovao u zna\u010dajnoj finansijskoj transakciji izme\u0111u EBRD, fonda ENEF II i kompanije Vega IT.","og_url":"https:\/\/www.geciclaw.com\/sr\/gecic-law-podrzao-stratesku-investiciju-strategic-ebrd-i-fonda-enef-ii-u-razvoj-kompanije-vega-it\/","og_site_name":"Geci\u0107 Law","article_published_time":"2024-03-13T14:55:16+00:00","article_modified_time":"2025-10-02T09:54:23+00:00","og_image":[{"width":1366,"height":768,"url":"https:\/\/www.geciclaw.com\/wp-content\/uploads\/2024\/03\/potpisivanje-ugovora.png","type":"image\/png"}],"author":"Ivan Eftimov","twitter_card":"summary_large_image","twitter_misc":{"Napisano od":"Ivan Eftimov","Procenjeno vreme \u010ditanja":"2 minuta"},"schema":{"@context":"https:\/\/schema.org","@graph":[{"@type":"Article","@id":"https:\/\/www.geciclaw.com\/sr\/gecic-law-podrzao-stratesku-investiciju-strategic-ebrd-i-fonda-enef-ii-u-razvoj-kompanije-vega-it\/#article","isPartOf":{"@id":"https:\/\/www.geciclaw.com\/sr\/gecic-law-podrzao-stratesku-investiciju-strategic-ebrd-i-fonda-enef-ii-u-razvoj-kompanije-vega-it\/"},"author":{"name":"Ivan Eftimov","@id":"https:\/\/www.geciclaw.com\/#\/schema\/person\/f2133a67125e7057bc0c58435c3532f9"},"headline":"Geci\u0107 Law podr\u017eao strate\u0161ku investiciju EBRD i fonda ENEF II u razvoj kompanije Vega IT","datePublished":"2024-03-13T14:55:16+00:00","dateModified":"2025-10-02T09:54:23+00:00","mainEntityOfPage":{"@id":"https:\/\/www.geciclaw.com\/sr\/gecic-law-podrzao-stratesku-investiciju-strategic-ebrd-i-fonda-enef-ii-u-razvoj-kompanije-vega-it\/"},"wordCount":369,"publisher":{"@id":"https:\/\/www.geciclaw.com\/#organization"},"image":{"@id":"https:\/\/www.geciclaw.com\/sr\/gecic-law-podrzao-stratesku-investiciju-strategic-ebrd-i-fonda-enef-ii-u-razvoj-kompanije-vega-it\/#primaryimage"},"thumbnailUrl":"https:\/\/www.geciclaw.com\/wp-content\/uploads\/2024\/03\/potpisivanje-ugovora.png","keywords":["Bogdan Gecic","ESG"],"articleSection":["Bankarstvo i finansije","Vesti"],"inLanguage":"sr-RS"},{"@type":"WebPage","@id":"https:\/\/www.geciclaw.com\/sr\/gecic-law-podrzao-stratesku-investiciju-strategic-ebrd-i-fonda-enef-ii-u-razvoj-kompanije-vega-it\/","url":"https:\/\/www.geciclaw.com\/sr\/gecic-law-podrzao-stratesku-investiciju-strategic-ebrd-i-fonda-enef-ii-u-razvoj-kompanije-vega-it\/","name":"Geci\u0107 Law podr\u017eao strate\u0161ku investiciju EBRD i fonda ENEF II u razvoj kompanije Vega IT | Geci\u0107 Law","isPartOf":{"@id":"https:\/\/www.geciclaw.com\/#website"},"primaryImageOfPage":{"@id":"https:\/\/www.geciclaw.com\/sr\/gecic-law-podrzao-stratesku-investiciju-strategic-ebrd-i-fonda-enef-ii-u-razvoj-kompanije-vega-it\/#primaryimage"},"image":{"@id":"https:\/\/www.geciclaw.com\/sr\/gecic-law-podrzao-stratesku-investiciju-strategic-ebrd-i-fonda-enef-ii-u-razvoj-kompanije-vega-it\/#primaryimage"},"thumbnailUrl":"https:\/\/www.geciclaw.com\/wp-content\/uploads\/2024\/03\/potpisivanje-ugovora.png","datePublished":"2024-03-13T14:55:16+00:00","dateModified":"2025-10-02T09:54:23+00:00","description":"Geci\u0107 Law sa ponosom objavljuje da je u\u010destvovao u zna\u010dajnoj finansijskoj transakciji izme\u0111u EBRD, fonda ENEF II i kompanije Vega IT.","breadcrumb":{"@id":"https:\/\/www.geciclaw.com\/sr\/gecic-law-podrzao-stratesku-investiciju-strategic-ebrd-i-fonda-enef-ii-u-razvoj-kompanije-vega-it\/#breadcrumb"},"inLanguage":"sr-RS","potentialAction":[{"@type":"ReadAction","target":["https:\/\/www.geciclaw.com\/sr\/gecic-law-podrzao-stratesku-investiciju-strategic-ebrd-i-fonda-enef-ii-u-razvoj-kompanije-vega-it\/"]}]},{"@type":"ImageObject","inLanguage":"sr-RS","@id":"https:\/\/www.geciclaw.com\/sr\/gecic-law-podrzao-stratesku-investiciju-strategic-ebrd-i-fonda-enef-ii-u-razvoj-kompanije-vega-it\/#primaryimage","url":"https:\/\/www.geciclaw.com\/wp-content\/uploads\/2024\/03\/potpisivanje-ugovora.png","contentUrl":"https:\/\/www.geciclaw.com\/wp-content\/uploads\/2024\/03\/potpisivanje-ugovora.png","width":1366,"height":768},{"@type":"BreadcrumbList","@id":"https:\/\/www.geciclaw.com\/sr\/gecic-law-podrzao-stratesku-investiciju-strategic-ebrd-i-fonda-enef-ii-u-razvoj-kompanije-vega-it\/#breadcrumb","itemListElement":[{"@type":"ListItem","position":1,"name":"Home","item":"https:\/\/www.geciclaw.com\/sr\/"},{"@type":"ListItem","position":2,"name":"Geci\u0107 Law podr\u017eao strate\u0161ku investiciju EBRD i fonda ENEF II u razvoj kompanije Vega IT"}]},{"@type":"WebSite","@id":"https:\/\/www.geciclaw.com\/#website","url":"https:\/\/www.geciclaw.com\/","name":"Geci\u0107 Law","description":"Advokatska kancelarija","publisher":{"@id":"https:\/\/www.geciclaw.com\/#organization"},"potentialAction":[{"@type":"SearchAction","target":{"@type":"EntryPoint","urlTemplate":"https:\/\/www.geciclaw.com\/?s={search_term_string}"},"query-input":{"@type":"PropertyValueSpecification","valueRequired":true,"valueName":"search_term_string"}}],"inLanguage":"sr-RS"},{"@type":"Organization","@id":"https:\/\/www.geciclaw.com\/#organization","name":"Geci\u0107 Law","url":"https:\/\/www.geciclaw.com\/","logo":{"@type":"ImageObject","inLanguage":"sr-RS","@id":"https:\/\/www.geciclaw.com\/#\/schema\/logo\/image\/","url":"https:\/\/geciclaw.com\/wp-content\/uploads\/2021\/10\/1.png","contentUrl":"https:\/\/geciclaw.com\/wp-content\/uploads\/2021\/10\/1.png","width":1000,"height":409,"caption":"Geci\u0107 Law"},"image":{"@id":"https:\/\/www.geciclaw.com\/#\/schema\/logo\/image\/"}},{"@type":"Person","@id":"https:\/\/www.geciclaw.com\/#\/schema\/person\/f2133a67125e7057bc0c58435c3532f9","name":"Ivan Eftimov","image":{"@type":"ImageObject","inLanguage":"sr-RS","@id":"https:\/\/www.geciclaw.com\/#\/schema\/person\/image\/","url":"https:\/\/secure.gravatar.com\/avatar\/b01054f24d3bbb4ef412bfacaf71306f068c8e1fab4435328367c58bf6ab606b?s=96&d=mm&r=g","contentUrl":"https:\/\/secure.gravatar.com\/avatar\/b01054f24d3bbb4ef412bfacaf71306f068c8e1fab4435328367c58bf6ab606b?s=96&d=mm&r=g","caption":"Ivan Eftimov"},"url":"https:\/\/www.geciclaw.com\/sr\/author\/vanja\/"}]}},"_links":{"self":[{"href":"https:\/\/www.geciclaw.com\/sr\/wp-json\/wp\/v2\/posts\/28631","targetHints":{"allow":["GET"]}}],"collection":[{"href":"https:\/\/www.geciclaw.com\/sr\/wp-json\/wp\/v2\/posts"}],"about":[{"href":"https:\/\/www.geciclaw.com\/sr\/wp-json\/wp\/v2\/types\/post"}],"author":[{"embeddable":true,"href":"https:\/\/www.geciclaw.com\/sr\/wp-json\/wp\/v2\/users\/21"}],"replies":[{"embeddable":true,"href":"https:\/\/www.geciclaw.com\/sr\/wp-json\/wp\/v2\/comments?post=28631"}],"version-history":[{"count":4,"href":"https:\/\/www.geciclaw.com\/sr\/wp-json\/wp\/v2\/posts\/28631\/revisions"}],"predecessor-version":[{"id":47604,"href":"https:\/\/www.geciclaw.com\/sr\/wp-json\/wp\/v2\/posts\/28631\/revisions\/47604"}],"wp:featuredmedia":[{"embeddable":true,"href":"https:\/\/www.geciclaw.com\/sr\/wp-json\/wp\/v2\/media\/25880"}],"wp:attachment":[{"href":"https:\/\/www.geciclaw.com\/sr\/wp-json\/wp\/v2\/media?parent=28631"}],"wp:term":[{"taxonomy":"category","embeddable":true,"href":"https:\/\/www.geciclaw.com\/sr\/wp-json\/wp\/v2\/categories?post=28631"},{"taxonomy":"post_tag","embeddable":true,"href":"https:\/\/www.geciclaw.com\/sr\/wp-json\/wp\/v2\/tags?post=28631"}],"curies":[{"name":"wp","href":"https:\/\/api.w.org\/{rel}","templated":true}]}}