{"id":3479,"date":"2015-12-15T13:29:26","date_gmt":"2015-12-15T12:29:26","guid":{"rendered":"http:\/\/www.geciclaw.com\/?p=3479"},"modified":"2021-12-22T13:46:25","modified_gmt":"2021-12-22T12:46:25","slug":"iclg-cartels-leniency-serbia","status":"publish","type":"post","link":"https:\/\/www.geciclaw.com\/sr\/iclg-cartels-leniency-serbia\/","title":{"rendered":"Geci\u0107 Law Contributes the First-Ever Serbia Chapter on Cartels &#038; Leniency to The International Comparative Legal Guide"},"content":{"rendered":"<p>We are very pleased to announce that Geci\u0107 Law contributed the first-ever Serbia chapter for <strong>The International Comparative Legal Guides to Cartels &amp; Leniency<\/strong>. \u00a0The publication comes at a defining moment in terms of antitrust enforcement in Serbia as the Commission for Protection of Competition (the \u201cCompetition Commission\u201d) conducted a number of dawn raids in two ongoing investigations in 2015. \u00a0This was the first time the Competition Commission invoked such investigative powers since it was established\u00a0in 2006. \u00a0We have already published a short guide on dawn raids, available <strong><a style=\"color: #d43540;\" href=\"http:\/\/www.geciclaw.com\/short-guide-on-dawn-raid\/\">here<\/a><\/strong>, in the light of the aforementioned developments,\u00a0and a standalone piece on the most recent raid conducted on December 1, 2015, available<strong> <a style=\"color: #d43540;\" href=\"http:\/\/www.geciclaw.com\/competition-commission-serbia-dawn-raid-cigarette-market\/\">here<\/a><\/strong>. \u00a0<strong>Cartels &amp; Leniency<\/strong> publication applies a question and answer interview format, and covers various aspects of competition law including: legislative framework, Competition Commission\u2019s investigative powers, sanction regimes, whistle-blowing &amp; leniency procedures, appeals, damage actions, criminal enforcement and others.<\/p>\n<p>The International Comparative Legal Guides to: Cartels &amp; Leniency is published by the <a style=\"color: #d43540;\" href=\"http:\/\/www.glgroup.co.uk\/\">Global Legal Group<\/a> (GLG), an independent, London-based media company specializing in the legal market. \u00a0The series provides current and practical comparative legal information on a range of practice areas. \u00a0Each guide draws together the collective expertise of contributors from respective markets to provide a valuable and convenient resource that is updated annually. The list of contributors to the 2016 edition of The International Comparative Legal Guide to: Cartels &amp; Leniency, besides Geci\u0107 Law, includes a number of leading\u00a0international law firms, such as DLA Piper and King &amp; Wood Mallesons.<\/p>\n<p>The authors of the chapter, <a style=\"color: #d43540;\" href=\"http:\/\/www.geciclaw.com\/bogdan-gecic\/\">Bogdan Geci\u0107<\/a> and Marija Papi\u0107, would like to use this opportunity to acknowledge\u00a0Zoran Sreti\u0107, for his helpful comments and contributions and \u00a0Jelena Adamovi\u0107, for her suggestions and support in the preparation of this chapter.<\/p>\n<p>For more details or any questions, please contact Bogdan Geci\u0107 at <a style=\"color: #d43540;\" href=\"mailto:bogdan.gecic@geciclaw.com\">bogdan.gecic@geciclaw.com<\/a>.<\/p>\n","protected":false},"excerpt":{"rendered":"<p>We are very pleased to announce that Geci\u0107 Law contributed the first-ever Serbia chapter for The International Comparative Legal Guides to Cartels &amp; Leniency. \u00a0The publication comes at a defining moment in terms of antitrust enforcement in Serbia as the Commission for Protection of Competition (the \u201cCompetition Commission\u201d) conducted a number of dawn raids in two ongoing investigations in 2015. \u00a0This was the first time the Competition Commission invoked such investigative powers since it was established\u00a0in 2006. \u00a0We have already published a short guide on dawn raids, available here, in the light of the aforementioned developments,\u00a0and a standalone piece on [&hellip;]<\/p>\n","protected":false},"author":1,"featured_media":19662,"comment_status":"closed","ping_status":"open","sticky":false,"template":"","format":"standard","meta":{"om_disable_all_campaigns":false,"footnotes":""},"categories":[593,603],"tags":[469,643,637,645,639,629,641,633,635,631],"class_list":["post-3479","post","type-post","status-publish","format-standard","has-post-thumbnail","hentry","category-593","category-zastita-konkurencije-drzavna-pomoc","tag-gecic-law-firm-serbia-sr","tag-global-legal-group-sr","tag-iclg-sr","tag-international-comparative-legal-guide-sr","tag-cartels-sr","tag-commission-for-protection-of-competition-sr","tag-leniency-sr","tag-competition-law-sr","tag-competition-law-serbia-sr","tag-serbia-sr"],"acf":[],"yoast_head":"<!-- This site is optimized with the Yoast SEO plugin v25.5 - https:\/\/yoast.com\/wordpress\/plugins\/seo\/ -->\n<title>Geci\u0107 Law Contributes the First-Ever Serbia Chapter on Cartels &amp; Leniency to The International Comparative Legal Guide | Geci\u0107 Law<\/title>\n<meta name=\"robots\" content=\"index, follow, max-snippet:-1, max-image-preview:large, max-video-preview:-1\" \/>\n<link rel=\"canonical\" href=\"https:\/\/www.geciclaw.com\/sr\/iclg-cartels-leniency-serbia\/\" \/>\n<meta property=\"og:locale\" content=\"sr_RS\" \/>\n<meta property=\"og:type\" content=\"article\" \/>\n<meta property=\"og:title\" content=\"Geci\u0107 Law Contributes the First-Ever Serbia Chapter on Cartels &amp; Leniency to The International Comparative Legal Guide | Geci\u0107 Law\" \/>\n<meta property=\"og:description\" content=\"We are very pleased to announce that Geci\u0107 Law contributed the first-ever Serbia chapter for The International Comparative Legal Guides to Cartels &amp; Leniency. \u00a0The publication comes at a defining moment in terms of antitrust enforcement in Serbia as the Commission for Protection of Competition (the \u201cCompetition Commission\u201d) conducted a number of dawn raids in two ongoing investigations in 2015. \u00a0This was the first time the Competition Commission invoked such investigative powers since it was established\u00a0in 2006. \u00a0We have already published a short guide on dawn raids, available here, in the light of the aforementioned developments,\u00a0and a standalone piece on [&hellip;]\" \/>\n<meta property=\"og:url\" content=\"https:\/\/www.geciclaw.com\/sr\/iclg-cartels-leniency-serbia\/\" \/>\n<meta property=\"og:site_name\" content=\"Geci\u0107 Law\" \/>\n<meta property=\"article:published_time\" content=\"2015-12-15T12:29:26+00:00\" \/>\n<meta property=\"article:modified_time\" content=\"2021-12-22T12:46:25+00:00\" \/>\n<meta property=\"og:image\" content=\"https:\/\/www.geciclaw.com\/wp-content\/uploads\/2015\/12\/4m.jpg\" \/>\n\t<meta property=\"og:image:width\" content=\"410\" \/>\n\t<meta property=\"og:image:height\" content=\"350\" \/>\n\t<meta property=\"og:image:type\" content=\"image\/jpeg\" \/>\n<meta name=\"author\" content=\"stefan\" \/>\n<meta name=\"twitter:card\" content=\"summary_large_image\" \/>\n<meta name=\"twitter:label1\" content=\"Napisano od\" \/>\n\t<meta name=\"twitter:data1\" content=\"stefan\" \/>\n\t<meta name=\"twitter:label2\" content=\"Procenjeno vreme \u010ditanja\" \/>\n\t<meta name=\"twitter:data2\" content=\"2 minuta\" \/>\n<script type=\"application\/ld+json\" class=\"yoast-schema-graph\">{\"@context\":\"https:\/\/schema.org\",\"@graph\":[{\"@type\":\"Article\",\"@id\":\"https:\/\/www.geciclaw.com\/sr\/iclg-cartels-leniency-serbia\/#article\",\"isPartOf\":{\"@id\":\"https:\/\/www.geciclaw.com\/sr\/iclg-cartels-leniency-serbia\/\"},\"author\":{\"name\":\"stefan\",\"@id\":\"https:\/\/www.geciclaw.com\/#\/schema\/person\/6da1a36ae431e659988e851fe3a9cf83\"},\"headline\":\"Geci\u0107 Law Contributes the First-Ever Serbia Chapter on Cartels &#038; Leniency to The International Comparative Legal Guide\",\"datePublished\":\"2015-12-15T12:29:26+00:00\",\"dateModified\":\"2021-12-22T12:46:25+00:00\",\"mainEntityOfPage\":{\"@id\":\"https:\/\/www.geciclaw.com\/sr\/iclg-cartels-leniency-serbia\/\"},\"wordCount\":321,\"publisher\":{\"@id\":\"https:\/\/www.geciclaw.com\/#organization\"},\"image\":{\"@id\":\"https:\/\/www.geciclaw.com\/sr\/iclg-cartels-leniency-serbia\/#primaryimage\"},\"thumbnailUrl\":\"https:\/\/www.geciclaw.com\/wp-content\/uploads\/2015\/12\/4m.jpg\",\"keywords\":[\"Advokatska kancelarija Geci\u0107 Law\",\"Global Legal Group @sr\",\"ICLG @sr\",\"International Comparative Legal Guide @sr\",\"Karteli\",\"Komisija za za\u0161titu konkurencije\",\"Osloba\u0111anje od obaveze\",\"Pravo konkurencije\",\"Pravo konkurencije Srbija\",\"Srbija\"],\"articleSection\":[\"\u0410\u043d\u0442\u0438\u0442\u0440\u0443\u0441\u0442 \/ \u041a\u043e\u043d\u043a\u0443\u0440\u0435\u043d\u0446\u0438\u0458\u0430\",\"Za\u0161tita konkurencije \/ Dr\u017eavna pomo\u0107\"],\"inLanguage\":\"sr-RS\"},{\"@type\":\"WebPage\",\"@id\":\"https:\/\/www.geciclaw.com\/sr\/iclg-cartels-leniency-serbia\/\",\"url\":\"https:\/\/www.geciclaw.com\/sr\/iclg-cartels-leniency-serbia\/\",\"name\":\"Geci\u0107 Law Contributes the First-Ever Serbia Chapter on Cartels & Leniency to The International Comparative Legal Guide | Geci\u0107 Law\",\"isPartOf\":{\"@id\":\"https:\/\/www.geciclaw.com\/#website\"},\"primaryImageOfPage\":{\"@id\":\"https:\/\/www.geciclaw.com\/sr\/iclg-cartels-leniency-serbia\/#primaryimage\"},\"image\":{\"@id\":\"https:\/\/www.geciclaw.com\/sr\/iclg-cartels-leniency-serbia\/#primaryimage\"},\"thumbnailUrl\":\"https:\/\/www.geciclaw.com\/wp-content\/uploads\/2015\/12\/4m.jpg\",\"datePublished\":\"2015-12-15T12:29:26+00:00\",\"dateModified\":\"2021-12-22T12:46:25+00:00\",\"breadcrumb\":{\"@id\":\"https:\/\/www.geciclaw.com\/sr\/iclg-cartels-leniency-serbia\/#breadcrumb\"},\"inLanguage\":\"sr-RS\",\"potentialAction\":[{\"@type\":\"ReadAction\",\"target\":[\"https:\/\/www.geciclaw.com\/sr\/iclg-cartels-leniency-serbia\/\"]}]},{\"@type\":\"ImageObject\",\"inLanguage\":\"sr-RS\",\"@id\":\"https:\/\/www.geciclaw.com\/sr\/iclg-cartels-leniency-serbia\/#primaryimage\",\"url\":\"https:\/\/www.geciclaw.com\/wp-content\/uploads\/2015\/12\/4m.jpg\",\"contentUrl\":\"https:\/\/www.geciclaw.com\/wp-content\/uploads\/2015\/12\/4m.jpg\",\"width\":410,\"height\":350},{\"@type\":\"BreadcrumbList\",\"@id\":\"https:\/\/www.geciclaw.com\/sr\/iclg-cartels-leniency-serbia\/#breadcrumb\",\"itemListElement\":[{\"@type\":\"ListItem\",\"position\":1,\"name\":\"Home\",\"item\":\"https:\/\/www.geciclaw.com\/sr\/\"},{\"@type\":\"ListItem\",\"position\":2,\"name\":\"Geci\u0107 Law Contributes the First-Ever Serbia Chapter on Cartels &#038; Leniency to The International Comparative Legal Guide\"}]},{\"@type\":\"WebSite\",\"@id\":\"https:\/\/www.geciclaw.com\/#website\",\"url\":\"https:\/\/www.geciclaw.com\/\",\"name\":\"Geci\u0107 Law\",\"description\":\"Advokatska kancelarija\",\"publisher\":{\"@id\":\"https:\/\/www.geciclaw.com\/#organization\"},\"potentialAction\":[{\"@type\":\"SearchAction\",\"target\":{\"@type\":\"EntryPoint\",\"urlTemplate\":\"https:\/\/www.geciclaw.com\/?s={search_term_string}\"},\"query-input\":{\"@type\":\"PropertyValueSpecification\",\"valueRequired\":true,\"valueName\":\"search_term_string\"}}],\"inLanguage\":\"sr-RS\"},{\"@type\":\"Organization\",\"@id\":\"https:\/\/www.geciclaw.com\/#organization\",\"name\":\"Geci\u0107 Law\",\"url\":\"https:\/\/www.geciclaw.com\/\",\"logo\":{\"@type\":\"ImageObject\",\"inLanguage\":\"sr-RS\",\"@id\":\"https:\/\/www.geciclaw.com\/#\/schema\/logo\/image\/\",\"url\":\"https:\/\/geciclaw.com\/wp-content\/uploads\/2021\/10\/1.png\",\"contentUrl\":\"https:\/\/geciclaw.com\/wp-content\/uploads\/2021\/10\/1.png\",\"width\":1000,\"height\":409,\"caption\":\"Geci\u0107 Law\"},\"image\":{\"@id\":\"https:\/\/www.geciclaw.com\/#\/schema\/logo\/image\/\"}},{\"@type\":\"Person\",\"@id\":\"https:\/\/www.geciclaw.com\/#\/schema\/person\/6da1a36ae431e659988e851fe3a9cf83\",\"name\":\"stefan\",\"image\":{\"@type\":\"ImageObject\",\"inLanguage\":\"sr-RS\",\"@id\":\"https:\/\/www.geciclaw.com\/#\/schema\/person\/image\/\",\"url\":\"https:\/\/secure.gravatar.com\/avatar\/59099af461191b217c7b825d928bcba2b02d1b3c89de8338854bc40abd2b30c9?s=96&d=mm&r=g\",\"contentUrl\":\"https:\/\/secure.gravatar.com\/avatar\/59099af461191b217c7b825d928bcba2b02d1b3c89de8338854bc40abd2b30c9?s=96&d=mm&r=g\",\"caption\":\"stefan\"},\"url\":\"https:\/\/www.geciclaw.com\/sr\/author\/stefan\/\"}]}<\/script>\n<!-- \/ Yoast SEO plugin. -->","yoast_head_json":{"title":"Geci\u0107 Law Contributes the First-Ever Serbia Chapter on Cartels & Leniency to The International Comparative Legal Guide | Geci\u0107 Law","robots":{"index":"index","follow":"follow","max-snippet":"max-snippet:-1","max-image-preview":"max-image-preview:large","max-video-preview":"max-video-preview:-1"},"canonical":"https:\/\/www.geciclaw.com\/sr\/iclg-cartels-leniency-serbia\/","og_locale":"sr_RS","og_type":"article","og_title":"Geci\u0107 Law Contributes the First-Ever Serbia Chapter on Cartels & Leniency to The International Comparative Legal Guide | Geci\u0107 Law","og_description":"We are very pleased to announce that Geci\u0107 Law contributed the first-ever Serbia chapter for The International Comparative Legal Guides to Cartels &amp; Leniency. \u00a0The publication comes at a defining moment in terms of antitrust enforcement in Serbia as the Commission for Protection of Competition (the \u201cCompetition Commission\u201d) conducted a number of dawn raids in two ongoing investigations in 2015. \u00a0This was the first time the Competition Commission invoked such investigative powers since it was established\u00a0in 2006. \u00a0We have already published a short guide on dawn raids, available here, in the light of the aforementioned developments,\u00a0and a standalone piece on [&hellip;]","og_url":"https:\/\/www.geciclaw.com\/sr\/iclg-cartels-leniency-serbia\/","og_site_name":"Geci\u0107 Law","article_published_time":"2015-12-15T12:29:26+00:00","article_modified_time":"2021-12-22T12:46:25+00:00","og_image":[{"width":410,"height":350,"url":"https:\/\/www.geciclaw.com\/wp-content\/uploads\/2015\/12\/4m.jpg","type":"image\/jpeg"}],"author":"stefan","twitter_card":"summary_large_image","twitter_misc":{"Napisano od":"stefan","Procenjeno vreme \u010ditanja":"2 minuta"},"schema":{"@context":"https:\/\/schema.org","@graph":[{"@type":"Article","@id":"https:\/\/www.geciclaw.com\/sr\/iclg-cartels-leniency-serbia\/#article","isPartOf":{"@id":"https:\/\/www.geciclaw.com\/sr\/iclg-cartels-leniency-serbia\/"},"author":{"name":"stefan","@id":"https:\/\/www.geciclaw.com\/#\/schema\/person\/6da1a36ae431e659988e851fe3a9cf83"},"headline":"Geci\u0107 Law Contributes the First-Ever Serbia Chapter on Cartels &#038; Leniency to The International Comparative Legal Guide","datePublished":"2015-12-15T12:29:26+00:00","dateModified":"2021-12-22T12:46:25+00:00","mainEntityOfPage":{"@id":"https:\/\/www.geciclaw.com\/sr\/iclg-cartels-leniency-serbia\/"},"wordCount":321,"publisher":{"@id":"https:\/\/www.geciclaw.com\/#organization"},"image":{"@id":"https:\/\/www.geciclaw.com\/sr\/iclg-cartels-leniency-serbia\/#primaryimage"},"thumbnailUrl":"https:\/\/www.geciclaw.com\/wp-content\/uploads\/2015\/12\/4m.jpg","keywords":["Advokatska kancelarija Geci\u0107 Law","Global Legal Group @sr","ICLG @sr","International Comparative Legal Guide @sr","Karteli","Komisija za za\u0161titu konkurencije","Osloba\u0111anje od obaveze","Pravo konkurencije","Pravo konkurencije Srbija","Srbija"],"articleSection":["\u0410\u043d\u0442\u0438\u0442\u0440\u0443\u0441\u0442 \/ \u041a\u043e\u043d\u043a\u0443\u0440\u0435\u043d\u0446\u0438\u0458\u0430","Za\u0161tita konkurencije \/ Dr\u017eavna pomo\u0107"],"inLanguage":"sr-RS"},{"@type":"WebPage","@id":"https:\/\/www.geciclaw.com\/sr\/iclg-cartels-leniency-serbia\/","url":"https:\/\/www.geciclaw.com\/sr\/iclg-cartels-leniency-serbia\/","name":"Geci\u0107 Law Contributes the First-Ever Serbia Chapter on Cartels & Leniency to The International Comparative Legal Guide | Geci\u0107 Law","isPartOf":{"@id":"https:\/\/www.geciclaw.com\/#website"},"primaryImageOfPage":{"@id":"https:\/\/www.geciclaw.com\/sr\/iclg-cartels-leniency-serbia\/#primaryimage"},"image":{"@id":"https:\/\/www.geciclaw.com\/sr\/iclg-cartels-leniency-serbia\/#primaryimage"},"thumbnailUrl":"https:\/\/www.geciclaw.com\/wp-content\/uploads\/2015\/12\/4m.jpg","datePublished":"2015-12-15T12:29:26+00:00","dateModified":"2021-12-22T12:46:25+00:00","breadcrumb":{"@id":"https:\/\/www.geciclaw.com\/sr\/iclg-cartels-leniency-serbia\/#breadcrumb"},"inLanguage":"sr-RS","potentialAction":[{"@type":"ReadAction","target":["https:\/\/www.geciclaw.com\/sr\/iclg-cartels-leniency-serbia\/"]}]},{"@type":"ImageObject","inLanguage":"sr-RS","@id":"https:\/\/www.geciclaw.com\/sr\/iclg-cartels-leniency-serbia\/#primaryimage","url":"https:\/\/www.geciclaw.com\/wp-content\/uploads\/2015\/12\/4m.jpg","contentUrl":"https:\/\/www.geciclaw.com\/wp-content\/uploads\/2015\/12\/4m.jpg","width":410,"height":350},{"@type":"BreadcrumbList","@id":"https:\/\/www.geciclaw.com\/sr\/iclg-cartels-leniency-serbia\/#breadcrumb","itemListElement":[{"@type":"ListItem","position":1,"name":"Home","item":"https:\/\/www.geciclaw.com\/sr\/"},{"@type":"ListItem","position":2,"name":"Geci\u0107 Law Contributes the First-Ever Serbia Chapter on Cartels &#038; Leniency to The International Comparative Legal Guide"}]},{"@type":"WebSite","@id":"https:\/\/www.geciclaw.com\/#website","url":"https:\/\/www.geciclaw.com\/","name":"Geci\u0107 Law","description":"Advokatska kancelarija","publisher":{"@id":"https:\/\/www.geciclaw.com\/#organization"},"potentialAction":[{"@type":"SearchAction","target":{"@type":"EntryPoint","urlTemplate":"https:\/\/www.geciclaw.com\/?s={search_term_string}"},"query-input":{"@type":"PropertyValueSpecification","valueRequired":true,"valueName":"search_term_string"}}],"inLanguage":"sr-RS"},{"@type":"Organization","@id":"https:\/\/www.geciclaw.com\/#organization","name":"Geci\u0107 Law","url":"https:\/\/www.geciclaw.com\/","logo":{"@type":"ImageObject","inLanguage":"sr-RS","@id":"https:\/\/www.geciclaw.com\/#\/schema\/logo\/image\/","url":"https:\/\/geciclaw.com\/wp-content\/uploads\/2021\/10\/1.png","contentUrl":"https:\/\/geciclaw.com\/wp-content\/uploads\/2021\/10\/1.png","width":1000,"height":409,"caption":"Geci\u0107 Law"},"image":{"@id":"https:\/\/www.geciclaw.com\/#\/schema\/logo\/image\/"}},{"@type":"Person","@id":"https:\/\/www.geciclaw.com\/#\/schema\/person\/6da1a36ae431e659988e851fe3a9cf83","name":"stefan","image":{"@type":"ImageObject","inLanguage":"sr-RS","@id":"https:\/\/www.geciclaw.com\/#\/schema\/person\/image\/","url":"https:\/\/secure.gravatar.com\/avatar\/59099af461191b217c7b825d928bcba2b02d1b3c89de8338854bc40abd2b30c9?s=96&d=mm&r=g","contentUrl":"https:\/\/secure.gravatar.com\/avatar\/59099af461191b217c7b825d928bcba2b02d1b3c89de8338854bc40abd2b30c9?s=96&d=mm&r=g","caption":"stefan"},"url":"https:\/\/www.geciclaw.com\/sr\/author\/stefan\/"}]}},"_links":{"self":[{"href":"https:\/\/www.geciclaw.com\/sr\/wp-json\/wp\/v2\/posts\/3479","targetHints":{"allow":["GET"]}}],"collection":[{"href":"https:\/\/www.geciclaw.com\/sr\/wp-json\/wp\/v2\/posts"}],"about":[{"href":"https:\/\/www.geciclaw.com\/sr\/wp-json\/wp\/v2\/types\/post"}],"author":[{"embeddable":true,"href":"https:\/\/www.geciclaw.com\/sr\/wp-json\/wp\/v2\/users\/1"}],"replies":[{"embeddable":true,"href":"https:\/\/www.geciclaw.com\/sr\/wp-json\/wp\/v2\/comments?post=3479"}],"version-history":[{"count":10,"href":"https:\/\/www.geciclaw.com\/sr\/wp-json\/wp\/v2\/posts\/3479\/revisions"}],"predecessor-version":[{"id":19664,"href":"https:\/\/www.geciclaw.com\/sr\/wp-json\/wp\/v2\/posts\/3479\/revisions\/19664"}],"wp:featuredmedia":[{"embeddable":true,"href":"https:\/\/www.geciclaw.com\/sr\/wp-json\/wp\/v2\/media\/19662"}],"wp:attachment":[{"href":"https:\/\/www.geciclaw.com\/sr\/wp-json\/wp\/v2\/media?parent=3479"}],"wp:term":[{"taxonomy":"category","embeddable":true,"href":"https:\/\/www.geciclaw.com\/sr\/wp-json\/wp\/v2\/categories?post=3479"},{"taxonomy":"post_tag","embeddable":true,"href":"https:\/\/www.geciclaw.com\/sr\/wp-json\/wp\/v2\/tags?post=3479"}],"curies":[{"name":"wp","href":"https:\/\/api.w.org\/{rel}","templated":true}]}}