{"id":4311,"date":"2016-03-11T15:35:31","date_gmt":"2016-03-11T14:35:31","guid":{"rendered":"http:\/\/www.geciclaw.com\/?p=4311"},"modified":"2016-04-25T16:49:38","modified_gmt":"2016-04-25T14:49:38","slug":"misljenje-evropskog-suda-pravde","status":"publish","type":"post","link":"https:\/\/www.geciclaw.com\/sr\/misljenje-evropskog-suda-pravde\/","title":{"rendered":"Mi\u0161ljenje Evropskog suda pravde, bura za evropsko tr\u017ei\u0161te usluga?"},"content":{"rendered":"<p>Gospodin Maciej Szpunar, op\u0161ti pravozastupnik (engl. Advocate General) Evropskog suda pravde (u daljem tekstu: ESP), 25. februara 2016. godine je, u spojenim predmetima Promoimpresa srl v Consorzio dei Comuni della Sponda Bresciana del Lago di Garda e del Lago di Idro, Regione Lombardia and Mario Melis, Tavolara Beach Sas, i Dionigi Piredda, Claudio Del Giudice v Comune di Loiri Porto San Paolo, Provincia di Olbia Tempio (u daljem tekstu: Promoimpresa i ostali), dao neobavezuju\u0107e mi\u0161ljenje ESP-u i izneo stav da pravo Evropske unije derogira nacionalni propis koji predvi\u0111a da se period va\u017eenja dozvola za komercijalno iskori\u0161\u0107avanje priobalja u dr\u017eavnoj svojini automatski produ\u017eava. \u00a0Naime, (biv\u0161i) koncesionari su osporili upravne odluke kojima se ukidaju instrumenti, prema italijanskom pravu klasifikovani kao koncesije, na osnovu kojih su komercijalno iskori\u0161\u0107avane oblasti na obali mora i jezera. \u00a0Nadle\u017eni sudovi su pokrenuli postupak dobijanja tuma\u010denja u ovom slu\u010daju, ispituju\u0107i da li je relevantni italijanski propis koji dozvoljava produ\u017eenje isklju\u010divog prava iskori\u0161\u0107avanja u skladu sa Ugovorom o funkcionisanju Evropske unije i Direktivom 2006\/123\/EC (koja se tako\u0111e naziva \u201eBolke\u0161tajn direktivom\u201c, po biv\u0161em evropskom komesaru za unutra\u0161nje tr\u017ei\u0161te, Fricu Bolke\u0161tajnu). \u00a0\u010cini se da je odgovor &#8211; ne.<\/p>\n<p>Evropska komisija je 2008. godine protiv Italije pokrenula postupak zbog povrede prava na osnovu navodne nesaglasnosti italijanske politike davanja prvenstva koncesionarima dr\u017eavnog zemlji\u0161ta u priobalju sa Bolke\u0161tajn direktivom. \u00a0Direktiva propisuje da se, ako je broj raspolo\u017eivih dozvola za datu delatnost ograni\u010den zbog oskudice prirodnih izvora (kao \u0161to jeste u konkretnom slu\u010daju), primenjuje postupak odabira potencijalnih kandidata koji u potpunosti jam\u010di nepristrasnost i transparentnost, i koji posebno podrazumeva adekvatno obave\u0161tenje o pokretanju, sprovo\u0111enju i zavr\u0161etku postupka, \u0161to, prakti\u010dno, zahteva sprovo\u0111enje tenderskog postupka. \u00a0Tako\u0111e, predvi\u0111eno je da takva dozvola mora imati odgovaraju\u0107e vremensko ograni\u010denje i da ne sme biti predmet automatskog produ\u017eenja. \u00a0Nakon pokretanja postupka zbog povrede prava, pravo prvenstva koje su u\u017eivali koncesionari je ukinuto time \u0161to je previ\u0111eno da mo\u017ee trajati najdu\u017ee do 31. decembra 2012. godine. Kasnijim izmenama je ovaj period produ\u017een do 31. decembra 2015. godine i, na kraju, do 31. decembra 2020. godine.<\/p>\n<p>Oslanjaju\u0107i se na pomenuti italijanski propis, pru\u017eaoci usluga na italijanskim obalama su se u februaru okupili u Rimu ako bi izrazili protest protiv Direktive i poku\u0161ali da za\u0161tite svoje investicije vr\u0161e\u0107i pritisak na italijansku vladu da prona\u0111e re\u0161enje. \u00a0Op\u0161ti pravozastupnik je, me\u0111utim, zaklju\u010dio da su \u201ekoncesionari mogli da predvide vrednost njihovih investicija na osnovu prethodno odre\u0111enog perioda u kojem je trebalo amortizovati investiciju\u201c i da je \u201eizri\u010dito predvi\u0111eno da predmetne mere prestaju 2010. godine\u201c. \u00a0Kona\u010dno stanovi\u0161te jeste da produ\u017eenje perioda va\u017eenja postoje\u0107ih dozvola predstavlja povredu obaveza preuzetih Direktivom 2006\/123.<\/p>\n<p>Dok \u010dekamo na odluku ESP u slu\u010daju Promoimpresa i ostali, ostaje otvoreno pitanje kakav \u0107e uticaj ona imati na evropsko tr\u017ei\u0161te usluga.<\/p>\n","protected":false},"excerpt":{"rendered":"<p>Gospodin Maciej Szpunar, op\u0161ti pravozastupnik (engl. Advocate General) Evropskog suda pravde (u daljem tekstu: ESP), 25. februara 2016. godine je, u spojenim predmetima Promoimpresa srl v Consorzio dei Comuni della Sponda Bresciana del Lago di Garda e del Lago di Idro, Regione Lombardia and Mario Melis, Tavolara Beach Sas, i Dionigi Piredda, Claudio Del Giudice v Comune di Loiri Porto San Paolo, Provincia di Olbia Tempio (u daljem tekstu: Promoimpresa i ostali), dao neobavezuju\u0107e mi\u0161ljenje ESP-u i izneo stav da pravo Evropske unije derogira nacionalni propis koji predvi\u0111a da se period va\u017eenja dozvola za komercijalno iskori\u0161\u0107avanje priobalja u dr\u017eavnoj svojini [&hellip;]<\/p>\n","protected":false},"author":1,"featured_media":4303,"comment_status":"closed","ping_status":"closed","sticky":false,"template":"","format":"standard","meta":{"om_disable_all_campaigns":false,"footnotes":""},"categories":[613],"tags":[469,655,621,667],"class_list":["post-4311","post","type-post","status-publish","format-standard","has-post-thumbnail","hentry","category-drzavna-pomoc","tag-gecic-law-firm-serbia-sr","tag-state-aid-serbia-sr","tag-european-commission-sr","tag-european-law-sr"],"acf":[],"yoast_head":"<!-- This site is optimized with the Yoast SEO plugin v25.5 - https:\/\/yoast.com\/wordpress\/plugins\/seo\/ -->\n<title>Mi\u0161ljenje Evropskog suda pravde, bura za evropsko tr\u017ei\u0161te usluga? | Geci\u0107 Law<\/title>\n<meta name=\"robots\" content=\"index, follow, max-snippet:-1, max-image-preview:large, max-video-preview:-1\" \/>\n<link rel=\"canonical\" href=\"https:\/\/www.geciclaw.com\/italian-concessions-ecj-european-services-market\/\" \/>\n<meta property=\"og:locale\" content=\"sr_RS\" \/>\n<meta property=\"og:type\" content=\"article\" \/>\n<meta property=\"og:title\" content=\"Mi\u0161ljenje Evropskog suda pravde, bura za evropsko tr\u017ei\u0161te usluga? | Geci\u0107 Law\" \/>\n<meta property=\"og:description\" content=\"Gospodin Maciej Szpunar, op\u0161ti pravozastupnik (engl. Advocate General) Evropskog suda pravde (u daljem tekstu: ESP), 25. februara 2016. godine je, u spojenim predmetima Promoimpresa srl v Consorzio dei Comuni della Sponda Bresciana del Lago di Garda e del Lago di Idro, Regione Lombardia and Mario Melis, Tavolara Beach Sas, i Dionigi Piredda, Claudio Del Giudice v Comune di Loiri Porto San Paolo, Provincia di Olbia Tempio (u daljem tekstu: Promoimpresa i ostali), dao neobavezuju\u0107e mi\u0161ljenje ESP-u i izneo stav da pravo Evropske unije derogira nacionalni propis koji predvi\u0111a da se period va\u017eenja dozvola za komercijalno iskori\u0161\u0107avanje priobalja u dr\u017eavnoj svojini [&hellip;]\" \/>\n<meta property=\"og:url\" content=\"https:\/\/www.geciclaw.com\/italian-concessions-ecj-european-services-market\/\" \/>\n<meta property=\"og:site_name\" content=\"Geci\u0107 Law\" \/>\n<meta property=\"article:published_time\" content=\"2016-03-11T14:35:31+00:00\" \/>\n<meta property=\"article:modified_time\" content=\"2016-04-25T14:49:38+00:00\" \/>\n<meta property=\"og:image\" content=\"https:\/\/www.geciclaw.com\/wp-content\/uploads\/2016\/03\/stateland1.jpg\" \/>\n\t<meta property=\"og:image:width\" content=\"410\" \/>\n\t<meta property=\"og:image:height\" content=\"350\" \/>\n\t<meta property=\"og:image:type\" content=\"image\/jpeg\" \/>\n<meta name=\"author\" content=\"stefan\" \/>\n<meta name=\"twitter:card\" content=\"summary_large_image\" \/>\n<meta name=\"twitter:label1\" content=\"Napisano od\" \/>\n\t<meta name=\"twitter:data1\" content=\"stefan\" \/>\n\t<meta name=\"twitter:label2\" content=\"Procenjeno vreme \u010ditanja\" \/>\n\t<meta name=\"twitter:data2\" content=\"3 minuta\" \/>\n<script type=\"application\/ld+json\" class=\"yoast-schema-graph\">{\"@context\":\"https:\/\/schema.org\",\"@graph\":[{\"@type\":\"Article\",\"@id\":\"https:\/\/www.geciclaw.com\/italian-concessions-ecj-european-services-market\/#article\",\"isPartOf\":{\"@id\":\"https:\/\/www.geciclaw.com\/italian-concessions-ecj-european-services-market\/\"},\"author\":{\"name\":\"stefan\",\"@id\":\"https:\/\/www.geciclaw.com\/#\/schema\/person\/6da1a36ae431e659988e851fe3a9cf83\"},\"headline\":\"Mi\u0161ljenje Evropskog suda pravde, bura za evropsko tr\u017ei\u0161te usluga?\",\"datePublished\":\"2016-03-11T14:35:31+00:00\",\"dateModified\":\"2016-04-25T14:49:38+00:00\",\"mainEntityOfPage\":{\"@id\":\"https:\/\/www.geciclaw.com\/italian-concessions-ecj-european-services-market\/\"},\"wordCount\":513,\"publisher\":{\"@id\":\"https:\/\/www.geciclaw.com\/#organization\"},\"image\":{\"@id\":\"https:\/\/www.geciclaw.com\/italian-concessions-ecj-european-services-market\/#primaryimage\"},\"thumbnailUrl\":\"https:\/\/www.geciclaw.com\/wp-content\/uploads\/2016\/03\/stateland1.jpg\",\"keywords\":[\"Advokatska kancelarija Geci\u0107 Law\",\"Dr\u017eavna pomo\u0107 Srbija\",\"Evropska komisija\",\"Evropsko pravo\"],\"articleSection\":[\"dr\u017eavna pomo\u0107\"],\"inLanguage\":\"sr-RS\"},{\"@type\":\"WebPage\",\"@id\":\"https:\/\/www.geciclaw.com\/italian-concessions-ecj-european-services-market\/\",\"url\":\"https:\/\/www.geciclaw.com\/italian-concessions-ecj-european-services-market\/\",\"name\":\"Mi\u0161ljenje Evropskog suda pravde, bura za evropsko tr\u017ei\u0161te usluga? | Geci\u0107 Law\",\"isPartOf\":{\"@id\":\"https:\/\/www.geciclaw.com\/#website\"},\"primaryImageOfPage\":{\"@id\":\"https:\/\/www.geciclaw.com\/italian-concessions-ecj-european-services-market\/#primaryimage\"},\"image\":{\"@id\":\"https:\/\/www.geciclaw.com\/italian-concessions-ecj-european-services-market\/#primaryimage\"},\"thumbnailUrl\":\"https:\/\/www.geciclaw.com\/wp-content\/uploads\/2016\/03\/stateland1.jpg\",\"datePublished\":\"2016-03-11T14:35:31+00:00\",\"dateModified\":\"2016-04-25T14:49:38+00:00\",\"breadcrumb\":{\"@id\":\"https:\/\/www.geciclaw.com\/italian-concessions-ecj-european-services-market\/#breadcrumb\"},\"inLanguage\":\"sr-RS\",\"potentialAction\":[{\"@type\":\"ReadAction\",\"target\":[\"https:\/\/www.geciclaw.com\/italian-concessions-ecj-european-services-market\/\"]}]},{\"@type\":\"ImageObject\",\"inLanguage\":\"sr-RS\",\"@id\":\"https:\/\/www.geciclaw.com\/italian-concessions-ecj-european-services-market\/#primaryimage\",\"url\":\"https:\/\/www.geciclaw.com\/wp-content\/uploads\/2016\/03\/stateland1.jpg\",\"contentUrl\":\"https:\/\/www.geciclaw.com\/wp-content\/uploads\/2016\/03\/stateland1.jpg\",\"width\":410,\"height\":350,\"caption\":\"Italy Maritime Concession\"},{\"@type\":\"BreadcrumbList\",\"@id\":\"https:\/\/www.geciclaw.com\/italian-concessions-ecj-european-services-market\/#breadcrumb\",\"itemListElement\":[{\"@type\":\"ListItem\",\"position\":1,\"name\":\"Home\",\"item\":\"https:\/\/www.geciclaw.com\/sr\/\"},{\"@type\":\"ListItem\",\"position\":2,\"name\":\"Mi\u0161ljenje Evropskog suda pravde, bura za evropsko tr\u017ei\u0161te usluga?\"}]},{\"@type\":\"WebSite\",\"@id\":\"https:\/\/www.geciclaw.com\/#website\",\"url\":\"https:\/\/www.geciclaw.com\/\",\"name\":\"Geci\u0107 Law\",\"description\":\"Advokatska kancelarija\",\"publisher\":{\"@id\":\"https:\/\/www.geciclaw.com\/#organization\"},\"potentialAction\":[{\"@type\":\"SearchAction\",\"target\":{\"@type\":\"EntryPoint\",\"urlTemplate\":\"https:\/\/www.geciclaw.com\/?s={search_term_string}\"},\"query-input\":{\"@type\":\"PropertyValueSpecification\",\"valueRequired\":true,\"valueName\":\"search_term_string\"}}],\"inLanguage\":\"sr-RS\"},{\"@type\":\"Organization\",\"@id\":\"https:\/\/www.geciclaw.com\/#organization\",\"name\":\"Geci\u0107 Law\",\"url\":\"https:\/\/www.geciclaw.com\/\",\"logo\":{\"@type\":\"ImageObject\",\"inLanguage\":\"sr-RS\",\"@id\":\"https:\/\/www.geciclaw.com\/#\/schema\/logo\/image\/\",\"url\":\"https:\/\/geciclaw.com\/wp-content\/uploads\/2021\/10\/1.png\",\"contentUrl\":\"https:\/\/geciclaw.com\/wp-content\/uploads\/2021\/10\/1.png\",\"width\":1000,\"height\":409,\"caption\":\"Geci\u0107 Law\"},\"image\":{\"@id\":\"https:\/\/www.geciclaw.com\/#\/schema\/logo\/image\/\"}},{\"@type\":\"Person\",\"@id\":\"https:\/\/www.geciclaw.com\/#\/schema\/person\/6da1a36ae431e659988e851fe3a9cf83\",\"name\":\"stefan\",\"image\":{\"@type\":\"ImageObject\",\"inLanguage\":\"sr-RS\",\"@id\":\"https:\/\/www.geciclaw.com\/#\/schema\/person\/image\/\",\"url\":\"https:\/\/secure.gravatar.com\/avatar\/59099af461191b217c7b825d928bcba2b02d1b3c89de8338854bc40abd2b30c9?s=96&d=mm&r=g\",\"contentUrl\":\"https:\/\/secure.gravatar.com\/avatar\/59099af461191b217c7b825d928bcba2b02d1b3c89de8338854bc40abd2b30c9?s=96&d=mm&r=g\",\"caption\":\"stefan\"},\"url\":\"https:\/\/www.geciclaw.com\/sr\/author\/stefan\/\"}]}<\/script>\n<!-- \/ Yoast SEO plugin. -->","yoast_head_json":{"title":"Mi\u0161ljenje Evropskog suda pravde, bura za evropsko tr\u017ei\u0161te usluga? | Geci\u0107 Law","robots":{"index":"index","follow":"follow","max-snippet":"max-snippet:-1","max-image-preview":"max-image-preview:large","max-video-preview":"max-video-preview:-1"},"canonical":"https:\/\/www.geciclaw.com\/italian-concessions-ecj-european-services-market\/","og_locale":"sr_RS","og_type":"article","og_title":"Mi\u0161ljenje Evropskog suda pravde, bura za evropsko tr\u017ei\u0161te usluga? | Geci\u0107 Law","og_description":"Gospodin Maciej Szpunar, op\u0161ti pravozastupnik (engl. Advocate General) Evropskog suda pravde (u daljem tekstu: ESP), 25. februara 2016. godine je, u spojenim predmetima Promoimpresa srl v Consorzio dei Comuni della Sponda Bresciana del Lago di Garda e del Lago di Idro, Regione Lombardia and Mario Melis, Tavolara Beach Sas, i Dionigi Piredda, Claudio Del Giudice v Comune di Loiri Porto San Paolo, Provincia di Olbia Tempio (u daljem tekstu: Promoimpresa i ostali), dao neobavezuju\u0107e mi\u0161ljenje ESP-u i izneo stav da pravo Evropske unije derogira nacionalni propis koji predvi\u0111a da se period va\u017eenja dozvola za komercijalno iskori\u0161\u0107avanje priobalja u dr\u017eavnoj svojini [&hellip;]","og_url":"https:\/\/www.geciclaw.com\/italian-concessions-ecj-european-services-market\/","og_site_name":"Geci\u0107 Law","article_published_time":"2016-03-11T14:35:31+00:00","article_modified_time":"2016-04-25T14:49:38+00:00","og_image":[{"width":410,"height":350,"url":"https:\/\/www.geciclaw.com\/wp-content\/uploads\/2016\/03\/stateland1.jpg","type":"image\/jpeg"}],"author":"stefan","twitter_card":"summary_large_image","twitter_misc":{"Napisano od":"stefan","Procenjeno vreme \u010ditanja":"3 minuta"},"schema":{"@context":"https:\/\/schema.org","@graph":[{"@type":"Article","@id":"https:\/\/www.geciclaw.com\/italian-concessions-ecj-european-services-market\/#article","isPartOf":{"@id":"https:\/\/www.geciclaw.com\/italian-concessions-ecj-european-services-market\/"},"author":{"name":"stefan","@id":"https:\/\/www.geciclaw.com\/#\/schema\/person\/6da1a36ae431e659988e851fe3a9cf83"},"headline":"Mi\u0161ljenje Evropskog suda pravde, bura za evropsko tr\u017ei\u0161te usluga?","datePublished":"2016-03-11T14:35:31+00:00","dateModified":"2016-04-25T14:49:38+00:00","mainEntityOfPage":{"@id":"https:\/\/www.geciclaw.com\/italian-concessions-ecj-european-services-market\/"},"wordCount":513,"publisher":{"@id":"https:\/\/www.geciclaw.com\/#organization"},"image":{"@id":"https:\/\/www.geciclaw.com\/italian-concessions-ecj-european-services-market\/#primaryimage"},"thumbnailUrl":"https:\/\/www.geciclaw.com\/wp-content\/uploads\/2016\/03\/stateland1.jpg","keywords":["Advokatska kancelarija Geci\u0107 Law","Dr\u017eavna pomo\u0107 Srbija","Evropska komisija","Evropsko pravo"],"articleSection":["dr\u017eavna pomo\u0107"],"inLanguage":"sr-RS"},{"@type":"WebPage","@id":"https:\/\/www.geciclaw.com\/italian-concessions-ecj-european-services-market\/","url":"https:\/\/www.geciclaw.com\/italian-concessions-ecj-european-services-market\/","name":"Mi\u0161ljenje Evropskog suda pravde, bura za evropsko tr\u017ei\u0161te usluga? | Geci\u0107 Law","isPartOf":{"@id":"https:\/\/www.geciclaw.com\/#website"},"primaryImageOfPage":{"@id":"https:\/\/www.geciclaw.com\/italian-concessions-ecj-european-services-market\/#primaryimage"},"image":{"@id":"https:\/\/www.geciclaw.com\/italian-concessions-ecj-european-services-market\/#primaryimage"},"thumbnailUrl":"https:\/\/www.geciclaw.com\/wp-content\/uploads\/2016\/03\/stateland1.jpg","datePublished":"2016-03-11T14:35:31+00:00","dateModified":"2016-04-25T14:49:38+00:00","breadcrumb":{"@id":"https:\/\/www.geciclaw.com\/italian-concessions-ecj-european-services-market\/#breadcrumb"},"inLanguage":"sr-RS","potentialAction":[{"@type":"ReadAction","target":["https:\/\/www.geciclaw.com\/italian-concessions-ecj-european-services-market\/"]}]},{"@type":"ImageObject","inLanguage":"sr-RS","@id":"https:\/\/www.geciclaw.com\/italian-concessions-ecj-european-services-market\/#primaryimage","url":"https:\/\/www.geciclaw.com\/wp-content\/uploads\/2016\/03\/stateland1.jpg","contentUrl":"https:\/\/www.geciclaw.com\/wp-content\/uploads\/2016\/03\/stateland1.jpg","width":410,"height":350,"caption":"Italy Maritime Concession"},{"@type":"BreadcrumbList","@id":"https:\/\/www.geciclaw.com\/italian-concessions-ecj-european-services-market\/#breadcrumb","itemListElement":[{"@type":"ListItem","position":1,"name":"Home","item":"https:\/\/www.geciclaw.com\/sr\/"},{"@type":"ListItem","position":2,"name":"Mi\u0161ljenje Evropskog suda pravde, bura za evropsko tr\u017ei\u0161te usluga?"}]},{"@type":"WebSite","@id":"https:\/\/www.geciclaw.com\/#website","url":"https:\/\/www.geciclaw.com\/","name":"Geci\u0107 Law","description":"Advokatska kancelarija","publisher":{"@id":"https:\/\/www.geciclaw.com\/#organization"},"potentialAction":[{"@type":"SearchAction","target":{"@type":"EntryPoint","urlTemplate":"https:\/\/www.geciclaw.com\/?s={search_term_string}"},"query-input":{"@type":"PropertyValueSpecification","valueRequired":true,"valueName":"search_term_string"}}],"inLanguage":"sr-RS"},{"@type":"Organization","@id":"https:\/\/www.geciclaw.com\/#organization","name":"Geci\u0107 Law","url":"https:\/\/www.geciclaw.com\/","logo":{"@type":"ImageObject","inLanguage":"sr-RS","@id":"https:\/\/www.geciclaw.com\/#\/schema\/logo\/image\/","url":"https:\/\/geciclaw.com\/wp-content\/uploads\/2021\/10\/1.png","contentUrl":"https:\/\/geciclaw.com\/wp-content\/uploads\/2021\/10\/1.png","width":1000,"height":409,"caption":"Geci\u0107 Law"},"image":{"@id":"https:\/\/www.geciclaw.com\/#\/schema\/logo\/image\/"}},{"@type":"Person","@id":"https:\/\/www.geciclaw.com\/#\/schema\/person\/6da1a36ae431e659988e851fe3a9cf83","name":"stefan","image":{"@type":"ImageObject","inLanguage":"sr-RS","@id":"https:\/\/www.geciclaw.com\/#\/schema\/person\/image\/","url":"https:\/\/secure.gravatar.com\/avatar\/59099af461191b217c7b825d928bcba2b02d1b3c89de8338854bc40abd2b30c9?s=96&d=mm&r=g","contentUrl":"https:\/\/secure.gravatar.com\/avatar\/59099af461191b217c7b825d928bcba2b02d1b3c89de8338854bc40abd2b30c9?s=96&d=mm&r=g","caption":"stefan"},"url":"https:\/\/www.geciclaw.com\/sr\/author\/stefan\/"}]}},"_links":{"self":[{"href":"https:\/\/www.geciclaw.com\/sr\/wp-json\/wp\/v2\/posts\/4311","targetHints":{"allow":["GET"]}}],"collection":[{"href":"https:\/\/www.geciclaw.com\/sr\/wp-json\/wp\/v2\/posts"}],"about":[{"href":"https:\/\/www.geciclaw.com\/sr\/wp-json\/wp\/v2\/types\/post"}],"author":[{"embeddable":true,"href":"https:\/\/www.geciclaw.com\/sr\/wp-json\/wp\/v2\/users\/1"}],"replies":[{"embeddable":true,"href":"https:\/\/www.geciclaw.com\/sr\/wp-json\/wp\/v2\/comments?post=4311"}],"version-history":[{"count":2,"href":"https:\/\/www.geciclaw.com\/sr\/wp-json\/wp\/v2\/posts\/4311\/revisions"}],"predecessor-version":[{"id":4533,"href":"https:\/\/www.geciclaw.com\/sr\/wp-json\/wp\/v2\/posts\/4311\/revisions\/4533"}],"wp:featuredmedia":[{"embeddable":true,"href":"https:\/\/www.geciclaw.com\/sr\/wp-json\/wp\/v2\/media\/4303"}],"wp:attachment":[{"href":"https:\/\/www.geciclaw.com\/sr\/wp-json\/wp\/v2\/media?parent=4311"}],"wp:term":[{"taxonomy":"category","embeddable":true,"href":"https:\/\/www.geciclaw.com\/sr\/wp-json\/wp\/v2\/categories?post=4311"},{"taxonomy":"post_tag","embeddable":true,"href":"https:\/\/www.geciclaw.com\/sr\/wp-json\/wp\/v2\/tags?post=4311"}],"curies":[{"name":"wp","href":"https:\/\/api.w.org\/{rel}","templated":true}]}}