{"id":47386,"date":"2025-10-10T10:40:18","date_gmt":"2025-10-10T08:40:18","guid":{"rendered":"https:\/\/www.geciclaw.com\/?p=47386"},"modified":"2025-10-10T10:40:18","modified_gmt":"2025-10-10T08:40:18","slug":"udruzenje-pravnika-harvard-slavi-60-godina-postojanja","status":"publish","type":"post","link":"https:\/\/www.geciclaw.com\/sr\/udruzenje-pravnika-harvard-slavi-60-godina-postojanja\/","title":{"rendered":"Udru\u017eenje pravnika sa Harvarda slavi 60 godina postojanja"},"content":{"rendered":"<h3 data-start=\"83\" data-end=\"150\"><em><strong>Geci\u0107 Law i godi\u0161nji susret HLSAE u Beogradu 2017. godine dobili zna\u010dajno mesto u sve\u010danoj publikaciji<\/strong><\/em><\/h3>\n<p data-start=\"152\" data-end=\"730\">Povodom obele\u017eavanja 60. godi\u0161njice, <a href=\"https:\/\/europe.hlsa.org\/index.html\">Udru\u017eenje diplomaca Pravnog fakulteta Univerziteta Harvard u Evropi (HLSAE)<\/a> sastalo se u Vilnjusu, glavnom gradu Litvanije, od 29. maja do 1. juna 2025. godine. Doga\u0111aj je okupio vi\u0161e od 200 alumnista \u2013 iz pro\u0161lih, sada\u0161njih i budu\u0107ih generacija \u2013 iz svih delova Evrope i sveta, u \u010dast \u0161est decenija slavljenja pravne nauke, profesionalnog prijateljstva i me\u0111unarodne saradnje. Udru\u017eenje HLSAE je osnovano u Parizu 1965. godine i od tada se razvilo u jedno od najzna\u010dajnijih regionalnih udru\u017eenja diplomaca Pravnog fakulteta Univerziteta Harvard, koje danas okuplja vi\u0161e od 2.000 \u010dlanova \u0161irom Evrope.<\/p>\n<p data-start=\"732\" data-end=\"1224\">Jedan od najzna\u010dajnijih momenata ovogodi\u0161njeg skupa bilo je Generalno zasedanje, na kome je za predsednicu izabrana <a href=\"https:\/\/www.linkedin.com\/in\/salom%C3%A9-cisnal-de-ugarte-7682215\/\">Salome Cisnal de Ugarte<\/a> (LL.M. \u201994), koja nasle\u0111uje <a href=\"https:\/\/www.linkedin.com\/in\/alvyda\/?locale=en_US\">Alvydu Usinskaite<\/a> (LL.M. \u201913), \u010dime je ozna\u010den po\u010detak novog perioda u vo\u0111stvu organizacije. Bogdan Geci\u0107 \u2013 alumnista LL.M. programa, osniva\u010d i partner kancelarije Geci\u0107 Law, \u010dlan Upravnog odbora u dva mandata i glavni organizator <a href=\"https:\/\/www.geciclaw.com\/sr\/gecic-law-kancelarija-domacin-okupljanja-diplomaca-prava-sa-harvarda-u-beogradu\/\">godi\u0161njeg sastanka HLSAE u Beogradu 2017. godine<\/a> \u2013 izabran je ove godine za potpredsednika, \u010dime zauzima jo\u0161 zna\u010dajnije mesto u evropskoj mre\u017ei HLSAE.<\/p>\n<h4 data-start=\"1231\" data-end=\"1280\"><strong>Sve\u010dana publikacija: Hronika HLSAE koju su priredili osniva\u010di<\/strong><\/h4>\n<p data-start=\"1282\" data-end=\"1897\">Tokom okupljanja u Vilnjusu predstavljena je publikacija povodom jubileja <em data-start=\"1349\" data-end=\"1403\">Harvard Law School Association of Europe \u2013 A History<\/em>. Autori su oba osniva\u010da udru\u017eenja \u2013 <a href=\"https:\/\/www.linkedin.com\/in\/willem-stevens-00a3a76\/\">William F. C. Stevens<\/a> (LL.M. \u201963) i <a href=\"https:\/\/cabinetsales.com\/personnel\/jacques-sales\/\">Jacques Sal\u00e8s<\/a> (LL.M. \u201967). Knjiga prati razvoj HLSAE od po\u010detaka u Parizu do dana\u0161nje ugledne organizacije. Stevens, suosniva\u010d i prvi sekretar HLSAE, a kasnije dugogodi\u0161nji \u010dlan uprave, postavio je temelje trajnog delovanja udru\u017eenja. Sal\u00e8s, koji je bio predsednik HLSAE od 1986. do 1989. godine, a zatim i predsednik Globalnog udru\u017eenja alumnista harvarda, pisao je o zna\u010daju liderstva i globalnog povezivanja diplomaca.<\/p>\n<p data-start=\"1899\" data-end=\"2265\">U zajedni\u010dkom predgovoru, Stivens i Sal\u00e8s prise\u0107aju se klju\u010dnih trenutaka \u2013 me\u0111u kojima i prvog pariskog okupljanja 1966. sa profesorom Rogerom Fisherom \u2013 i opisuju trajnu tradiciju okupljanja koja spajaju pravnike obrazovane na Harvardu \u0161irom Evrope. Njihova pri\u010da nagla\u0161ava misiju HLSAE: unapre\u0111enje pravne nauke i ja\u010danje transnacionalnih veza me\u0111u alumnistima.<\/p>\n<h4 data-start=\"2272\" data-end=\"2301\"><strong>Se\u0107anje na okupljanje u Beogradu 2017. godine<\/strong><\/h4>\n<p data-start=\"2303\" data-end=\"3143\">Skup u Beogradu 2017. godine zauzima posebno mesto u istoriji HLSAE i dobio je zna\u010dajno mesto u jubilarnoj publikaciji. U organizaciji kancelarije Geci\u0107 Law, skup je odr\u017ean povodom dve stotine godina od osnivanja Pravnog fakulteta Univerziteta Harvard. Sustretu u Beogradu je prisustvovalo vi\u0161e od 160 uglednih gostiju. Beograd je plenio pa\u017enju tokom obilaska kulturnih znamenitosti, prikazuju\u0107i se kao \u201ejedna od najbolje \u010duvanih tajni Evrope\u201c. Me\u0111u najzanimljivijim je akademska sesija o pravu u poljoprivredi i prehrambenoj industriji, odr\u017eana u sve\u010danoj sali Doma Narodne skup\u0161tine, uz u\u010de\u0161\u0107e eminentnih govornika, me\u0111u kojima su Emily Brod Leib, profesorka sa Harvarda, koja je progla\u0161ena za jednu od pet najinovativnijih \u017eena u oblasti proizvodnje hrane prema magazinu <em data-start=\"3014\" data-end=\"3020\">Time;<\/em> Stefano Palmieri, finansijski direktor Grupe Granarolo, kao i tada\u0161nji ministar poljoprivrede Srbije Branislav Nedimovi\u0107.<\/p>\n<p data-start=\"3145\" data-end=\"3496\">Okupljanje je zaista dobilo sve\u010danu notu na gala prijemu u Belom dvoru, \u010diji su doma\u0107ini bili \u010dlanovi srpske kraljevske porodice. Te ve\u010deri je po prvi put dodeljena nagrada HLSAE: predsednik udru\u017eenja Salvo Arena uru\u010dio je priznanje Williemu Stivensu, suosniva\u010du i sada autoru publikacije <em data-start=\"3439\" data-end=\"3493\">Harvard Law School Association of Europe \u2013 A History<\/em>.<\/p>\n<p data-start=\"3498\" data-end=\"3547\">Bogdan Geci\u0107 je ovako opisao zna\u010daj susreta u Beogradu:<\/p>\n<blockquote>\n<p data-start=\"3549\" data-end=\"4343\"><em>\u201eBiti doma\u0107in susreta HLSAE 2017. u Beogradu bilo je zaista posebno iskustvo. Otvorili smo vrata na\u0161eg regiona globalnoj zajednici pravnika, \u0161to nas je zaista ispunilo ponosom. Sama \u010dinjenica da se sve odvijalo povodom proslave dvestote godi\u0161njice na\u0161eg slavnog fakulteta u\u010dinilo je doga\u0111aj jo\u0161 zna\u010dajnijim. Ose\u0107ali smo da slavimo nasle\u0111e Harvarda, ali i da dajemo doprinos stvaranju novog poglavlja, koje svoj koren ima u jugoisto\u010dnoj Evropi. Bila mi je \u010dast \u0161to smo bili u prilici odamo priznanje pionirskim poduhvatima osniva\u010da HLSAE koji su nas vodili i da inspiri\u0161emo budu\u0107e generacije pravnih stru\u010dnjaka iz na\u0161eg regiona. Zahvaljujem Williamu F. C. Stevensu i Jacques Sal\u00e8su, \u0161to su beogradskom okupljanju dali tako istaknuto mesto u publikaciji povodom 60. godi\u0161njice i sa\u010duvali se\u0107anje na ovaj va\u017ean doga\u0111aj u istoriji HLSAE.\u201c<\/em><\/p>\n<\/blockquote>\n<h4 data-start=\"4350\" data-end=\"4369\"><strong>Pogled u budu\u0107nost<\/strong><\/h4>\n<p data-start=\"4371\" data-end=\"4671\">Na pragu nove faze razvoja Udru\u017eenja sa novim rukovodstvom na \u010delu, HLSAE ostaje privr\u017een unapre\u0111enju pravne profesije i negovanju prijateljstva me\u0111u diplomcima Harvarda u Evropi. Proslava 60. godi\u0161njice u Vilnjusu bila je istovremeno oma\u017e nasle\u0111u i polazi\u0161te za dalje povezivanje i saradnju u godinama koje dolaze.<\/p>\n<p data-start=\"4673\" data-end=\"4691\">Bogdan je dodao:<\/p>\n<blockquote>\n<p data-start=\"4693\" data-end=\"5305\"><em data-start=\"4693\" data-end=\"5303\">\u201eKada se osvrnem na put od organizacije okupljanja 2017. u mom rodnom gradu do moje dana\u0161nje uloge na \u010delu Udru\u017eenja, se\u0107am se trajnih veza i zajedni\u010dkih vrednosti koje ujedinjuju pravnike sa Harvarda \u0161irom Evrope i sveta. Duboko smo zahvalni osniva\u010dima na\u0161eg udru\u017eenja, Viljemu F. C. Stivensu i Jacques Sal\u00e8su, koji su svojom vizijom i posve\u0107eno\u0161\u0107u postavili temelje onoga \u0161to HLSAE danas predstavlja. Radujemo se \u0161to \u0107emo nastaviti da doprinosimo tom nasle\u0111u kroz nove poduhvate, pru\u017eanje podr\u0161ke novim generacijama pravnika, ja\u010danje transatlantskih veza i podsticanje izvrsnosti, jedinstvo i saradnju u okviru na\u0161e pravne zajednice.\u201c<\/em><\/p>\n<\/blockquote>\n","protected":false},"excerpt":{"rendered":"<p>Geci\u0107 Law i godi\u0161nji susret HLSAE u Beogradu 2017. godine dobili zna\u010dajno mesto u sve\u010danoj publikaciji Povodom obele\u017eavanja 60. godi\u0161njice, Udru\u017eenje diplomaca Pravnog fakulteta Univerziteta Harvard u Evropi (HLSAE) sastalo se u Vilnjusu, glavnom gradu Litvanije, od 29. maja do 1. juna 2025. godine. Doga\u0111aj je okupio vi\u0161e od 200 alumnista \u2013 iz pro\u0161lih, sada\u0161njih i budu\u0107ih generacija \u2013 iz svih delova Evrope i sveta, u \u010dast \u0161est decenija slavljenja pravne nauke, profesionalnog prijateljstva i me\u0111unarodne saradnje. Udru\u017eenje HLSAE je osnovano u Parizu 1965. godine i od tada se razvilo u jedno od najzna\u010dajnijih regionalnih udru\u017eenja diplomaca Pravnog fakulteta Univerziteta [&hellip;]<\/p>\n","protected":false},"author":21,"featured_media":47387,"comment_status":"closed","ping_status":"open","sticky":false,"template":"","format":"standard","meta":{"om_disable_all_campaigns":false,"footnotes":""},"categories":[463,937,1560],"tags":[469,1600,465],"class_list":["post-47386","post","type-post","status-publish","format-standard","has-post-thumbnail","hentry","category-uncategorized-sr","category-harvard-uncategorized-sr","category-vesti","tag-gecic-law-firm-serbia-sr","tag-bogdan-gecic-sr","tag-news-sr"],"acf":[],"yoast_head":"<!-- This site is optimized with the Yoast SEO plugin v25.5 - https:\/\/yoast.com\/wordpress\/plugins\/seo\/ -->\n<title>Udru\u017eenje pravnika sa Harvarda slavi 60 godina postojanja | Geci\u0107 Law<\/title>\n<meta name=\"description\" content=\"Povodom 60. godi\u0161njice HLSAE, predstavljena je publikacija o istoriji ovog Udru\u017eenja, u kojoj je predstavljen i skup u Beogradu 2017. godine.\" \/>\n<meta name=\"robots\" content=\"index, follow, max-snippet:-1, max-image-preview:large, max-video-preview:-1\" \/>\n<link rel=\"canonical\" href=\"https:\/\/www.geciclaw.com\/sr\/udruzenje-pravnika-harvard-slavi-60-godina-postojanja\/\" \/>\n<meta property=\"og:locale\" content=\"sr_RS\" \/>\n<meta property=\"og:type\" content=\"article\" \/>\n<meta property=\"og:title\" content=\"Udru\u017eenje pravnika sa Harvarda slavi 60 godina postojanja | Geci\u0107 Law\" \/>\n<meta property=\"og:description\" content=\"Povodom 60. godi\u0161njice HLSAE, predstavljena je publikacija o istoriji ovog Udru\u017eenja, u kojoj je predstavljen i skup u Beogradu 2017. godine.\" \/>\n<meta property=\"og:url\" content=\"https:\/\/www.geciclaw.com\/sr\/udruzenje-pravnika-harvard-slavi-60-godina-postojanja\/\" \/>\n<meta property=\"og:site_name\" content=\"Geci\u0107 Law\" \/>\n<meta property=\"article:published_time\" content=\"2025-10-10T08:40:18+00:00\" \/>\n<meta property=\"og:image\" content=\"https:\/\/www.geciclaw.com\/wp-content\/uploads\/2025\/08\/harvard-site-v2.png\" \/>\n\t<meta property=\"og:image:width\" content=\"1200\" \/>\n\t<meta property=\"og:image:height\" content=\"630\" \/>\n\t<meta property=\"og:image:type\" content=\"image\/png\" \/>\n<meta name=\"author\" content=\"Ivan Eftimov\" \/>\n<meta name=\"twitter:card\" content=\"summary_large_image\" \/>\n<meta name=\"twitter:label1\" content=\"Napisano od\" \/>\n\t<meta name=\"twitter:data1\" content=\"Ivan Eftimov\" \/>\n\t<meta name=\"twitter:label2\" content=\"Procenjeno vreme \u010ditanja\" \/>\n\t<meta name=\"twitter:data2\" content=\"3 minuta\" \/>\n<script type=\"application\/ld+json\" class=\"yoast-schema-graph\">{\"@context\":\"https:\/\/schema.org\",\"@graph\":[{\"@type\":\"Article\",\"@id\":\"https:\/\/www.geciclaw.com\/sr\/udruzenje-pravnika-harvard-slavi-60-godina-postojanja\/#article\",\"isPartOf\":{\"@id\":\"https:\/\/www.geciclaw.com\/sr\/udruzenje-pravnika-harvard-slavi-60-godina-postojanja\/\"},\"author\":{\"name\":\"Ivan Eftimov\",\"@id\":\"https:\/\/www.geciclaw.com\/#\/schema\/person\/f2133a67125e7057bc0c58435c3532f9\"},\"headline\":\"Udru\u017eenje pravnika sa Harvarda slavi 60 godina postojanja\",\"datePublished\":\"2025-10-10T08:40:18+00:00\",\"mainEntityOfPage\":{\"@id\":\"https:\/\/www.geciclaw.com\/sr\/udruzenje-pravnika-harvard-slavi-60-godina-postojanja\/\"},\"wordCount\":899,\"publisher\":{\"@id\":\"https:\/\/www.geciclaw.com\/#organization\"},\"image\":{\"@id\":\"https:\/\/www.geciclaw.com\/sr\/udruzenje-pravnika-harvard-slavi-60-godina-postojanja\/#primaryimage\"},\"thumbnailUrl\":\"https:\/\/www.geciclaw.com\/wp-content\/uploads\/2025\/08\/harvard-site-v2.png\",\"keywords\":[\"Advokatska kancelarija Geci\u0107 Law\",\"Bogdan Gecic\",\"Vesti\"],\"articleSection\":[\"Uncategorized @sr\",\"Harvard\",\"Vesti\"],\"inLanguage\":\"sr-RS\"},{\"@type\":\"WebPage\",\"@id\":\"https:\/\/www.geciclaw.com\/sr\/udruzenje-pravnika-harvard-slavi-60-godina-postojanja\/\",\"url\":\"https:\/\/www.geciclaw.com\/sr\/udruzenje-pravnika-harvard-slavi-60-godina-postojanja\/\",\"name\":\"Udru\u017eenje pravnika sa Harvarda slavi 60 godina postojanja | Geci\u0107 Law\",\"isPartOf\":{\"@id\":\"https:\/\/www.geciclaw.com\/#website\"},\"primaryImageOfPage\":{\"@id\":\"https:\/\/www.geciclaw.com\/sr\/udruzenje-pravnika-harvard-slavi-60-godina-postojanja\/#primaryimage\"},\"image\":{\"@id\":\"https:\/\/www.geciclaw.com\/sr\/udruzenje-pravnika-harvard-slavi-60-godina-postojanja\/#primaryimage\"},\"thumbnailUrl\":\"https:\/\/www.geciclaw.com\/wp-content\/uploads\/2025\/08\/harvard-site-v2.png\",\"datePublished\":\"2025-10-10T08:40:18+00:00\",\"description\":\"Povodom 60. godi\u0161njice HLSAE, predstavljena je publikacija o istoriji ovog Udru\u017eenja, u kojoj je predstavljen i skup u Beogradu 2017. godine.\",\"breadcrumb\":{\"@id\":\"https:\/\/www.geciclaw.com\/sr\/udruzenje-pravnika-harvard-slavi-60-godina-postojanja\/#breadcrumb\"},\"inLanguage\":\"sr-RS\",\"potentialAction\":[{\"@type\":\"ReadAction\",\"target\":[\"https:\/\/www.geciclaw.com\/sr\/udruzenje-pravnika-harvard-slavi-60-godina-postojanja\/\"]}]},{\"@type\":\"ImageObject\",\"inLanguage\":\"sr-RS\",\"@id\":\"https:\/\/www.geciclaw.com\/sr\/udruzenje-pravnika-harvard-slavi-60-godina-postojanja\/#primaryimage\",\"url\":\"https:\/\/www.geciclaw.com\/wp-content\/uploads\/2025\/08\/harvard-site-v2.png\",\"contentUrl\":\"https:\/\/www.geciclaw.com\/wp-content\/uploads\/2025\/08\/harvard-site-v2.png\",\"width\":1200,\"height\":630},{\"@type\":\"BreadcrumbList\",\"@id\":\"https:\/\/www.geciclaw.com\/sr\/udruzenje-pravnika-harvard-slavi-60-godina-postojanja\/#breadcrumb\",\"itemListElement\":[{\"@type\":\"ListItem\",\"position\":1,\"name\":\"Home\",\"item\":\"https:\/\/www.geciclaw.com\/sr\/\"},{\"@type\":\"ListItem\",\"position\":2,\"name\":\"Udru\u017eenje pravnika sa Harvarda slavi 60 godina postojanja\"}]},{\"@type\":\"WebSite\",\"@id\":\"https:\/\/www.geciclaw.com\/#website\",\"url\":\"https:\/\/www.geciclaw.com\/\",\"name\":\"Geci\u0107 Law\",\"description\":\"Advokatska kancelarija\",\"publisher\":{\"@id\":\"https:\/\/www.geciclaw.com\/#organization\"},\"potentialAction\":[{\"@type\":\"SearchAction\",\"target\":{\"@type\":\"EntryPoint\",\"urlTemplate\":\"https:\/\/www.geciclaw.com\/?s={search_term_string}\"},\"query-input\":{\"@type\":\"PropertyValueSpecification\",\"valueRequired\":true,\"valueName\":\"search_term_string\"}}],\"inLanguage\":\"sr-RS\"},{\"@type\":\"Organization\",\"@id\":\"https:\/\/www.geciclaw.com\/#organization\",\"name\":\"Geci\u0107 Law\",\"url\":\"https:\/\/www.geciclaw.com\/\",\"logo\":{\"@type\":\"ImageObject\",\"inLanguage\":\"sr-RS\",\"@id\":\"https:\/\/www.geciclaw.com\/#\/schema\/logo\/image\/\",\"url\":\"https:\/\/geciclaw.com\/wp-content\/uploads\/2021\/10\/1.png\",\"contentUrl\":\"https:\/\/geciclaw.com\/wp-content\/uploads\/2021\/10\/1.png\",\"width\":1000,\"height\":409,\"caption\":\"Geci\u0107 Law\"},\"image\":{\"@id\":\"https:\/\/www.geciclaw.com\/#\/schema\/logo\/image\/\"}},{\"@type\":\"Person\",\"@id\":\"https:\/\/www.geciclaw.com\/#\/schema\/person\/f2133a67125e7057bc0c58435c3532f9\",\"name\":\"Ivan Eftimov\",\"image\":{\"@type\":\"ImageObject\",\"inLanguage\":\"sr-RS\",\"@id\":\"https:\/\/www.geciclaw.com\/#\/schema\/person\/image\/\",\"url\":\"https:\/\/secure.gravatar.com\/avatar\/b01054f24d3bbb4ef412bfacaf71306f068c8e1fab4435328367c58bf6ab606b?s=96&d=mm&r=g\",\"contentUrl\":\"https:\/\/secure.gravatar.com\/avatar\/b01054f24d3bbb4ef412bfacaf71306f068c8e1fab4435328367c58bf6ab606b?s=96&d=mm&r=g\",\"caption\":\"Ivan Eftimov\"},\"url\":\"https:\/\/www.geciclaw.com\/sr\/author\/vanja\/\"}]}<\/script>\n<!-- \/ Yoast SEO plugin. -->","yoast_head_json":{"title":"Udru\u017eenje pravnika sa Harvarda slavi 60 godina postojanja | Geci\u0107 Law","description":"Povodom 60. godi\u0161njice HLSAE, predstavljena je publikacija o istoriji ovog Udru\u017eenja, u kojoj je predstavljen i skup u Beogradu 2017. godine.","robots":{"index":"index","follow":"follow","max-snippet":"max-snippet:-1","max-image-preview":"max-image-preview:large","max-video-preview":"max-video-preview:-1"},"canonical":"https:\/\/www.geciclaw.com\/sr\/udruzenje-pravnika-harvard-slavi-60-godina-postojanja\/","og_locale":"sr_RS","og_type":"article","og_title":"Udru\u017eenje pravnika sa Harvarda slavi 60 godina postojanja | Geci\u0107 Law","og_description":"Povodom 60. godi\u0161njice HLSAE, predstavljena je publikacija o istoriji ovog Udru\u017eenja, u kojoj je predstavljen i skup u Beogradu 2017. godine.","og_url":"https:\/\/www.geciclaw.com\/sr\/udruzenje-pravnika-harvard-slavi-60-godina-postojanja\/","og_site_name":"Geci\u0107 Law","article_published_time":"2025-10-10T08:40:18+00:00","og_image":[{"width":1200,"height":630,"url":"https:\/\/www.geciclaw.com\/wp-content\/uploads\/2025\/08\/harvard-site-v2.png","type":"image\/png"}],"author":"Ivan Eftimov","twitter_card":"summary_large_image","twitter_misc":{"Napisano od":"Ivan Eftimov","Procenjeno vreme \u010ditanja":"3 minuta"},"schema":{"@context":"https:\/\/schema.org","@graph":[{"@type":"Article","@id":"https:\/\/www.geciclaw.com\/sr\/udruzenje-pravnika-harvard-slavi-60-godina-postojanja\/#article","isPartOf":{"@id":"https:\/\/www.geciclaw.com\/sr\/udruzenje-pravnika-harvard-slavi-60-godina-postojanja\/"},"author":{"name":"Ivan Eftimov","@id":"https:\/\/www.geciclaw.com\/#\/schema\/person\/f2133a67125e7057bc0c58435c3532f9"},"headline":"Udru\u017eenje pravnika sa Harvarda slavi 60 godina postojanja","datePublished":"2025-10-10T08:40:18+00:00","mainEntityOfPage":{"@id":"https:\/\/www.geciclaw.com\/sr\/udruzenje-pravnika-harvard-slavi-60-godina-postojanja\/"},"wordCount":899,"publisher":{"@id":"https:\/\/www.geciclaw.com\/#organization"},"image":{"@id":"https:\/\/www.geciclaw.com\/sr\/udruzenje-pravnika-harvard-slavi-60-godina-postojanja\/#primaryimage"},"thumbnailUrl":"https:\/\/www.geciclaw.com\/wp-content\/uploads\/2025\/08\/harvard-site-v2.png","keywords":["Advokatska kancelarija Geci\u0107 Law","Bogdan Gecic","Vesti"],"articleSection":["Uncategorized @sr","Harvard","Vesti"],"inLanguage":"sr-RS"},{"@type":"WebPage","@id":"https:\/\/www.geciclaw.com\/sr\/udruzenje-pravnika-harvard-slavi-60-godina-postojanja\/","url":"https:\/\/www.geciclaw.com\/sr\/udruzenje-pravnika-harvard-slavi-60-godina-postojanja\/","name":"Udru\u017eenje pravnika sa Harvarda slavi 60 godina postojanja | Geci\u0107 Law","isPartOf":{"@id":"https:\/\/www.geciclaw.com\/#website"},"primaryImageOfPage":{"@id":"https:\/\/www.geciclaw.com\/sr\/udruzenje-pravnika-harvard-slavi-60-godina-postojanja\/#primaryimage"},"image":{"@id":"https:\/\/www.geciclaw.com\/sr\/udruzenje-pravnika-harvard-slavi-60-godina-postojanja\/#primaryimage"},"thumbnailUrl":"https:\/\/www.geciclaw.com\/wp-content\/uploads\/2025\/08\/harvard-site-v2.png","datePublished":"2025-10-10T08:40:18+00:00","description":"Povodom 60. godi\u0161njice HLSAE, predstavljena je publikacija o istoriji ovog Udru\u017eenja, u kojoj je predstavljen i skup u Beogradu 2017. godine.","breadcrumb":{"@id":"https:\/\/www.geciclaw.com\/sr\/udruzenje-pravnika-harvard-slavi-60-godina-postojanja\/#breadcrumb"},"inLanguage":"sr-RS","potentialAction":[{"@type":"ReadAction","target":["https:\/\/www.geciclaw.com\/sr\/udruzenje-pravnika-harvard-slavi-60-godina-postojanja\/"]}]},{"@type":"ImageObject","inLanguage":"sr-RS","@id":"https:\/\/www.geciclaw.com\/sr\/udruzenje-pravnika-harvard-slavi-60-godina-postojanja\/#primaryimage","url":"https:\/\/www.geciclaw.com\/wp-content\/uploads\/2025\/08\/harvard-site-v2.png","contentUrl":"https:\/\/www.geciclaw.com\/wp-content\/uploads\/2025\/08\/harvard-site-v2.png","width":1200,"height":630},{"@type":"BreadcrumbList","@id":"https:\/\/www.geciclaw.com\/sr\/udruzenje-pravnika-harvard-slavi-60-godina-postojanja\/#breadcrumb","itemListElement":[{"@type":"ListItem","position":1,"name":"Home","item":"https:\/\/www.geciclaw.com\/sr\/"},{"@type":"ListItem","position":2,"name":"Udru\u017eenje pravnika sa Harvarda slavi 60 godina postojanja"}]},{"@type":"WebSite","@id":"https:\/\/www.geciclaw.com\/#website","url":"https:\/\/www.geciclaw.com\/","name":"Geci\u0107 Law","description":"Advokatska kancelarija","publisher":{"@id":"https:\/\/www.geciclaw.com\/#organization"},"potentialAction":[{"@type":"SearchAction","target":{"@type":"EntryPoint","urlTemplate":"https:\/\/www.geciclaw.com\/?s={search_term_string}"},"query-input":{"@type":"PropertyValueSpecification","valueRequired":true,"valueName":"search_term_string"}}],"inLanguage":"sr-RS"},{"@type":"Organization","@id":"https:\/\/www.geciclaw.com\/#organization","name":"Geci\u0107 Law","url":"https:\/\/www.geciclaw.com\/","logo":{"@type":"ImageObject","inLanguage":"sr-RS","@id":"https:\/\/www.geciclaw.com\/#\/schema\/logo\/image\/","url":"https:\/\/geciclaw.com\/wp-content\/uploads\/2021\/10\/1.png","contentUrl":"https:\/\/geciclaw.com\/wp-content\/uploads\/2021\/10\/1.png","width":1000,"height":409,"caption":"Geci\u0107 Law"},"image":{"@id":"https:\/\/www.geciclaw.com\/#\/schema\/logo\/image\/"}},{"@type":"Person","@id":"https:\/\/www.geciclaw.com\/#\/schema\/person\/f2133a67125e7057bc0c58435c3532f9","name":"Ivan Eftimov","image":{"@type":"ImageObject","inLanguage":"sr-RS","@id":"https:\/\/www.geciclaw.com\/#\/schema\/person\/image\/","url":"https:\/\/secure.gravatar.com\/avatar\/b01054f24d3bbb4ef412bfacaf71306f068c8e1fab4435328367c58bf6ab606b?s=96&d=mm&r=g","contentUrl":"https:\/\/secure.gravatar.com\/avatar\/b01054f24d3bbb4ef412bfacaf71306f068c8e1fab4435328367c58bf6ab606b?s=96&d=mm&r=g","caption":"Ivan Eftimov"},"url":"https:\/\/www.geciclaw.com\/sr\/author\/vanja\/"}]}},"_links":{"self":[{"href":"https:\/\/www.geciclaw.com\/sr\/wp-json\/wp\/v2\/posts\/47386","targetHints":{"allow":["GET"]}}],"collection":[{"href":"https:\/\/www.geciclaw.com\/sr\/wp-json\/wp\/v2\/posts"}],"about":[{"href":"https:\/\/www.geciclaw.com\/sr\/wp-json\/wp\/v2\/types\/post"}],"author":[{"embeddable":true,"href":"https:\/\/www.geciclaw.com\/sr\/wp-json\/wp\/v2\/users\/21"}],"replies":[{"embeddable":true,"href":"https:\/\/www.geciclaw.com\/sr\/wp-json\/wp\/v2\/comments?post=47386"}],"version-history":[{"count":4,"href":"https:\/\/www.geciclaw.com\/sr\/wp-json\/wp\/v2\/posts\/47386\/revisions"}],"predecessor-version":[{"id":47396,"href":"https:\/\/www.geciclaw.com\/sr\/wp-json\/wp\/v2\/posts\/47386\/revisions\/47396"}],"wp:featuredmedia":[{"embeddable":true,"href":"https:\/\/www.geciclaw.com\/sr\/wp-json\/wp\/v2\/media\/47387"}],"wp:attachment":[{"href":"https:\/\/www.geciclaw.com\/sr\/wp-json\/wp\/v2\/media?parent=47386"}],"wp:term":[{"taxonomy":"category","embeddable":true,"href":"https:\/\/www.geciclaw.com\/sr\/wp-json\/wp\/v2\/categories?post=47386"},{"taxonomy":"post_tag","embeddable":true,"href":"https:\/\/www.geciclaw.com\/sr\/wp-json\/wp\/v2\/tags?post=47386"}],"curies":[{"name":"wp","href":"https:\/\/api.w.org\/{rel}","templated":true}]}}