{"id":48360,"date":"2025-12-31T10:30:52","date_gmt":"2025-12-31T09:30:52","guid":{"rendered":"https:\/\/www.geciclaw.com\/?p=48360"},"modified":"2025-12-30T19:23:07","modified_gmt":"2025-12-30T18:23:07","slug":"gecic-law-retrospektiva-2025","status":"publish","type":"post","link":"https:\/\/www.geciclaw.com\/sr\/gecic-law-retrospektiva-2025\/","title":{"rendered":"Osvrt na 2025. godinu &#8211; Decenija izvrsnosti"},"content":{"rendered":"<p data-start=\"335\" data-end=\"831\">Kako se godina bli\u017ei kraju, osvr\u0107emo se na izuzetna dostignu\u0107a koja su obele\u017eila na\u0161 razvoj tokom 2025. \u2013 godine u kojoj smo proslavili punu deceniju od osnivanja. Iza nas je godina istorijskih pobeda, pionirskih poduhvata i zaslu\u017eenih priznanja. Posve\u0107enost izvrsnosti, inovacijama i vrhunskoj usluzi klijentima dodatno je u\u010dvrstila na\u0161u poziciju na pravnoj sceni, kako u regionu, tako i \u0161ire. Podsetimo se klju\u010dnih momenata koji su ovu godinu za nas u\u010dinili nezaboravnom i jednom od najuspe\u0161nijih do sada.<\/p>\n<h3 data-start=\"838\" data-end=\"871\"><strong><span class=\"a_GcMg font-feature-liga-off font-feature-clig-off font-feature-calt-off text-decoration-none text-strikethrough-none\">Najzna\u010dajnija pravna dostignu\u0107a<\/span><\/strong><\/h3>\n<p data-start=\"873\" data-end=\"932\"><strong><a href=\"https:\/\/www.geciclaw.com\/sr\/telekom-srbija-group-united-group-kupovina\/\"><span class=\"a_GcMg font-feature-liga-off font-feature-clig-off font-feature-calt-off text-decoration-underline text-strikethrough-none\">Telekom Srbija: istorijska <\/span>akvizicija<\/a> <\/strong>Uspe\u0161no smo savetovali Telekom Srbija u zna\u010dajnoj prekograni\u010dnoj akviziciji strate\u0161kih digitalnih medijskih sredstava i prava na sportsko emitovanje od United Group, u vrednosti od 1,5 milijardi evra. Ova transakcija bez presedana preoblikovala je regionalni telekomunikacioni pejza\u017e i pokazala da vrhunske, transakcije visoke vrednosti mogu pote\u0107i sa Balkana uz u\u010de\u0161\u0107e regionalnih advokatskih kancelarija. Ovo nije bila samo jo\u0161 jedna transakcija \u2013 ve\u0107, kako je istakao na\u0161 osniva\u010d, \u201e<a href=\"https:\/\/www.geciclaw.com\/sr\/cee-legal-matters-intervju\/\">prekretnica<\/a>\u201c za \u010ditav region. Ovim poslom podignuti su standardi pravnih usluga i dodatno je oja\u010dano poverenje u doma\u0107u stru\u010dnost.<\/p>\n<p data-start=\"1549\" data-end=\"1604\"><strong><a href=\"https:\/\/www.geciclaw.com\/sr\/premijer-liga-bih-2\/\"><span class=\"a_GcMg font-feature-liga-off font-feature-clig-off font-feature-calt-off text-decoration-underline text-strikethrough-none\">Trijumf<\/span> za Arena Channels Group<\/a> <\/strong>Geci\u0107 Law je ostvario zna\u010dajnu pravnu pobedu za svog klijenta, Arena Channels Group (ACG), u jednom od najzna\u010dajnijih antimonopolskih predmeta u Bosni i Hercegovini. Sud BiH je doneo kona\u010dnu odluku u korist ACG-a, u potpunosti odbaciv\u0161i navode koji su se odnosili na prava prenosa utakmica Premijer lige. Ovaj ishod potvr\u0111uje preciznost i strate\u0161ku promi\u0161ljenost na\u0161eg tima u slo\u017eenim predmetima prava konkurencije. On se nadovezuje na prethodne uspehe ACG-a u regionu i dodatno potvr\u0111uje na\u0161u sposobnost da se suo\u010dimo sa kompleksnim pravnim izazovima i klijentima obezbedimo izuzetne rezultate.<\/p>\n<h3 data-start=\"2207\" data-end=\"2232\"><strong>Zna\u010dajni predmeti: istaknuti primeri<\/strong><\/h3>\n<p data-start=\"2234\" data-end=\"2297\"><a href=\"https:\/\/www.geciclaw.com\/sr\/gecic-law-ebrd-enef-ii-meter-control\/\"><strong>Investicija EBRD-a i ENEF II u pametna energetska re\u0161enja<\/strong><\/a> Na\u0161a kancelarija imala je klju\u010dnu ulogu u zna\u010dajnoj zelenoj finansijskoj transakciji koja podr\u017eava razvoj sektora obnovljive energije u Srbiji. Savetovali smo Evropsku banku za obnovu i razvoj (EBRD) i fond Enterprise Expansion Fund II (ENEF II) u vezi sa kreditom od 9,1 milion evra za kompaniju Meter &amp; Control, doma\u0107eg proizvo\u0111a\u010da pametnih sistema za merenje energije. Ova strate\u0161ka investicija doprinosi pove\u0107anju proizvodnih kapaciteta kompanije i njenom pozicioniranju kao regionalnog lidera u oblasti pametnog merenja. Kao lokalni pravni savetnik, na\u0161 tim za bankarstvo i finansije obezbedio je kompletnu pravnu podr\u0161ku, osiguravaju\u0107i realizaciju projekta u potpunosti u skladu sa srpskim pravom. Ova transakcija dodatno potvr\u0111uje na\u0161u posve\u0107enost podr\u0161ci inovativnim kompanijama i nastavak uspe\u0161ne saradnje sa EBRD\/ENEF grupom, nakon prethodnih finansiranja.<\/p>\n<p data-start=\"3166\" data-end=\"3208\"><a href=\"https:\/\/www.linkedin.com\/posts\/gecic-law_internationalexpansion-saudiarabia-techandlaw-activity-7325507340969918466-N4tB?utm_source=share&amp;utm_medium=member_desktop&amp;rcm=ACoAAAH94JwBZiilbScrM9UMGiLZ5ZQBpN1CcGI\"><strong>Globalna ekspanzija kompanije VegaIT<\/strong><\/a><strong>\u00a0<\/strong> Tokom 2025. godine nastavili smo da pru\u017eamo podr\u0161ku klijentima u razli\u010ditim oblastima. Od naprednih tehnolo\u0161kih transakcija do transformativnih stranih investicija, na\u0161i timovi su obezbedili uspe\u0161nu realizaciju slo\u017eenih prekograni\u010dnih projekata. Svaki posao dodatno je u\u010dvrstio reputaciju kancelarije kao pouzdanog partnera u podsticanju rasta i razvoju me\u0111unarodnih partnerstava. Kao ilustrativan primer izdvajamo na\u0161u podr\u0161ku kompaniji VegaIT u njenoj me\u0111unarodnoj ekspanziji na tr\u017ei\u0161ta Bliskog istoka i Afrike.<\/p>\n<h3 data-start=\"3729\" data-end=\"3774\"><strong>Na \u010delu novih pravnih trendova<\/strong><\/h3>\n<p data-start=\"3776\" data-end=\"3819\"><strong><a class=\"a_GcMg font-feature-liga-off font-feature-clig-off font-feature-calt-off text-decoration-underline text-strikethrough-none\" draggable=\"false\" href=\"https:\/\/www.geciclaw.com\/sr\/cbam-navigator\/\" target=\"_blank\" rel=\"noopener\">Predvodnici u oblasti CBAM regulative<\/a> \u00a0<\/strong>Geci\u0107 Law je bio lider u regionu u tuma\u010denju i primeni novih klimatski uslovljenih trgovinskih mera Evropske unije. Tokom 2025. godine organizovali smo prvu regionalnu konferenciju posve\u0107enu EU CBAM regulativi. Doga\u0111aj je okupio klju\u010dne aktere kako bi se sagledale implikacije ove regulative na privrede Zapadnog Balkana, sa posebnim fokusom na izazove i prilike koje CBAM donosi izvozno orijentisanim ekonomijama regiona. Konferencija je obezbedila dugo potreban prostor za dijalog svih relevantnih zainteresovanih strana.<\/p>\n<p data-start=\"4345\" data-end=\"4413\"><strong><a href=\"https:\/\/www.geciclaw.com\/ai-robotics\/\">Liderstvo u oblasti ve\u0161ta\u010dke inteligencije i tehnolo\u0161kog prava<\/a> <\/strong>\u00a0Kao prva advokatska kancelarija u regionu sa posebnom praksom za ve\u0161ta\u010dku inteligenciju i robotiku, Geci\u0107 Law ostaje na samom \u010delu AI revolucije u pravu. Tokom godine, na\u0161 AI tim je nastavio da pru\u017ea stru\u010dnu savetodavnu podr\u0161ku, istovremeno istra\u017euju\u0107i napredna tehnolo\u0161ka re\u0161enja za unapre\u0111enje pravnih usluga. Aktivno smo u\u010destvovali u oblikovanju regulatornog diskursa u oblasti ve\u0161ta\u010dke inteligencije, uklju\u010duju\u0107i regulatorni rad u trenutku formiranja novih pravnih okvira. Rana ulaganja u razumevanje novih pravnih oblasti pozicionirala su kancelariju kao savetnika od poverenja za klijente.<\/p>\n<h3 data-start=\"5017\" data-end=\"5055\"><strong>Geci\u0107 Law \u2013 priznanja i izvrsnost<\/strong><\/h3>\n<p data-start=\"5057\" data-end=\"5109\"><strong><a href=\"https:\/\/www.geciclaw.com\/sr\/the-lawyer-european-awards-2025-pobeda\/\">The Lawyer European Awards 2025 \u2013 tre\u0107a pobeda<\/a>\u00a0 <\/strong><span class=\"a_GcMg font-feature-liga-off font-feature-clig-off font-feature-calt-off text-decoration-none text-strikethrough-none\">Geci\u0107 Law je jo\u0161 jednom postavlja standarde izvrsnosti na evropskoj sceni, osvojiv\u0161i priznanje Advokatska kancelarija godine za Jugoisto\u010dnu Evropu po tre\u0107i put zaredom. Na ceremoniji u Londonu, me\u0111u vode\u0107im evropskim pravnicima, Geci\u0107 Law se izdvojila kao jedna od najdinami\u010dnijih i najprogresivnijih kancelarija. Ova pobeda predstavlja osmi uzastopni plasman u finale nagrada i potvr\u0111uje kontinuirani rast, viziju i inovativnost kancelarije. Plasman u finale u vi\u0161e kategorija tokom ove godine dodatno je istakao \u0161irinu na\u0161ih kompetencija i snagu kancelarije u razli\u010ditim oblastima prava. Pobede ostvarene 2020. i 2021. godine, rekordni broj nominacija u 2022, kao i plasmani u finale u vi\u0161e kategorija tokom 2023. i 2024. godine, predstavljali su jasan uvod u ovogodi\u0161nji trijumf. Zajedno, ova dostignu\u0107a ukazuju na na\u0161 kontinuirani razvoj u pogledu sofisticiranosti i strate\u0161ke vizije,<\/span><span class=\"a_GcMg font-feature-liga-off font-feature-clig-off font-feature-calt-off text-decoration-none text-strikethrough-none\"> \u010dime dosledno nadma\u0161ujemo o\u010dekivanja na globalnoj pravnoj sceni.<\/span><\/p>\n<p data-start=\"6121\" data-end=\"6170\"><a href=\"https:\/\/www.geciclaw.com\/sr\/slavimo-uspehe-gecic-law-najvise-rangiran-za-2025-godine\/\"><strong>Legal 500 EMEA 2025 \u2013 kontinuirani napredak<\/strong><\/a>\u00a0 U vodi\u010du Legal 500 EMEA 2025, Geci\u0107 Law je ostvarila izuzetna rangiranja u svim oblastima. Kancelarija je ponovo svrstana me\u0111u vode\u0107e, ostvariv\u0161i Top Tier poziciju u klju\u010dnim oblastima, uklju\u010duju\u0107i pravo konkurencije, korporativno\/privredno pravo, projekte i energetiku, kao i re\u0161avanje sporova. Pored toga, kancelarija je dobila nova priznanja u oblastima bankarstva i finansija, kao i nekretnina i gra\u0111evinarstva, gde je prepoznata kao \u201eFirm to Watch\u201c. Ovakvo pro\u0161irenje prisustva u okviru Legal 500 vodi\u010da odra\u017eava rast na\u0161ih kapaciteta i poverenje klijenata u sve \u0161iri spektar na\u0161ih usluga.<\/p>\n<p><a href=\"https:\/\/www.geciclaw.com\/sr\/slavimo-uspehe-gecic-law-najvise-rangiran-za-2025-godine\/\"><strong>Chambers &amp; Partners 2025 \u2013 ja\u010danje pozicije<\/strong><\/a><strong> \u00a0<\/strong>Geci\u0107 Law je nije samo zadr\u017eao dugogodi\u0161nja rangiranja, ve\u0107 je ostvario i zna\u010dajne iskorake. Chambers je prepoznaje osniva\u010da kancelarije, Bogdana Geci\u0107a, kao vode\u0107eg pojedinca u oblastima prava konkurencije \/ antimonopolskog prava, kao i projekata, infrastrukture i energetike. Partner Ognjen Coli\u0107 i dalje je rangiran kao jedan od vode\u0107ih stru\u010dnjaka u oblasti korporativnog prava i M&amp;A transakcija. Ova priznanja potvr\u0111uju sposobnost kancelarije da isporu\u010duje vrhunske rezultate sa regionalnim i me\u0111unarodnim dometom i potvr\u0111uju da inovativnost i posve\u0107enost klijentima ostaju u samom sredi\u0161tu na\u0161eg rada.<\/p>\n<p data-start=\"7433\" data-end=\"7458\"><a href=\"https:\/\/www.lexology.com\/index\/search\/?f=17D0C287830377D3962761F0FEF045E74963C9D8\"><strong>Lexology Index 2025<\/strong><\/a><strong>\u00a0\u00a0<\/strong>Tokom ove godine, na\u0161 tim je ostvario izuzetne rezultate u okviru Lexology Index (biv\u0161i <em data-start=\"7550\" data-end=\"7567\">Who\u2019s Who Legal<\/em>), sa vi\u0161e rangiranih advokata. Bogdan Geci\u0107 je ponovo prepoznat kao Thought Leader u oblastima M&amp;A transakcija i korporativnog upravljanja, uz nastavak sna\u017enog prisustva u pravu konkurencije. Partner Ognjen Coli\u0107 je u 2025. godini ostvario zna\u010dajan iskorak ulaskom u Lexology Banking izve\u0161taj kao jedan od samo dva rangirana advokata u Srbiji \u2013 pri \u010demu oba dolaze iz Geci\u0107 Law. Pored toga, rangiran je i u oblastima M&amp;A i korporativnog upravljanja, kao i za\u0161tite \u017eivotne sredine i klimatskih promena. Partner Miodrag Jevti\u0107 prepoznat je u izdanju Lexology 2025 Banking &amp; Fintech, dok Milo\u0161 Petakovi\u0107, rukovodilac prakse za nekretnine, nastavlja da dobija priznanja u ovoj oblasti. Vuk Lekovi\u0107 je progla\u0161en za Future Leader u oblasti prava konkurencije, \u0161to predstavlja potvrdu njegove reputacije jednog od najperspektivnijih stru\u010dnjaka u ovoj oblasti u regionu i odra\u017eava njegov zna\u010dajan doprinos u oblastima prava konkurencije, prava EU i sportske prakse.<\/p>\n<p data-start=\"8555\" data-end=\"8613\"><a href=\"https:\/\/benchmarklitigation.com\/Firm\/geciclaw-serbia\/Profile\/125114#profile\"><strong>Benchmark Litigation Europe 2025<\/strong><\/a>\u00a0 Geci\u0107 Law je ostvarila zna\u010dajna priznanja i u oblasti re\u0161avanja sporova. Kancelarija je rangirana me\u0111u vode\u0107e u oblasti re\u0161avanja sporova u vodi\u010du Benchmark Litigation Europe, dok je osniva\u010d kancelarije Bogdan Geci\u0107 prepoznat kao \u201eLitigation Star\u201c u izdanju za 2025. godinu. U posebno zna\u010dajnom uspehu, Bogdan je progla\u0161en za <a href=\"https:\/\/www.geciclaw.com\/sr\/bogdan-benchmark-litigation-europe-nagrada-2025\/\">Litigator of the Year \u2013 Serbia<\/a> na dodeli Benchmark Litigation Europe Awards 2025. Na ceremoniji u Londonu, Geci\u0107 Law je dobila ukupno tri nominacije \u2013 vi\u0161e nego bilo koja druga kancelarija u Srbiji \u2013 uklju\u010duju\u0107i nominaciju za Advokatsku kancelariju godine, kao i nominaciju za partnera Miodraga Jevti\u0107a u kategoriji Litigator of the Year. Ova pobeda predstavlja sna\u017eno priznanje liderstvu i inovativnom pristupu koji na\u0161 tim primenjuje u sporovima visokog rizika i oslikava spoj individualne izvrsnosti i kolektivnog rada koji nas defini\u0161e.<\/p>\n<h3 data-start=\"9503\" data-end=\"9528\"><strong>Razvojne inicijative<\/strong><\/h3>\n<p data-start=\"9530\" data-end=\"9581\"><strong><a href=\"https:\/\/www.geciclaw.com\/sr\/gecic-law-otvara-kancelariju-u-briselu-u-srcu-evropske-unije\/\">Kancelarija u Briselu \u2013 strate\u0161ki potez<\/a>\u00a0 <\/strong>Tokom 2025. godine, Geci\u0107 Law je ostvarila istorijski iskorak osnivanjem kancelarije u Briselu, postav\u0161i prva nezavisna advokatska kancelarija iz regiona Centralne i Isto\u010dne Evrope i Balkana sa sedi\u0161tem u prestonici Evropske unije. Ovo pro\u0161irenje predstavlja strate\u0161ki most izme\u0111u Jugoisto\u010dne Evrope i Brisela i dodatno ja\u010da na\u0161e kapacitete za pru\u017eanje pravne podr\u0161ke klijentima u oblastima prava konkurencije, regulatorne uskla\u0111enosti i drugih oblasti na nivou EU.<\/p>\n<p data-start=\"10051\" data-end=\"11033\">Na \u010delu kancelarije u Briselu nalazi se <a href=\"https:\/\/www.geciclaw.com\/sr\/anne-macgregor1\/\">Anne MacGregor<\/a>, koja se pridru\u017eila kancelariji kao partner i rukovodilac briselske kancelarije. Anne je me\u0111unarodno priznata ekspertkinja za pravo EU sa vi\u0161e od 30 godina iskustva i uvr\u0161tena me\u0111u 100 najuticajnijih \u017eena u oblasti antimonopolskog prava na globalnom nivou. Ovaj iskorak ne samo da ja\u010da na\u0161u sposobnost direktnog rada sa institucijama EU, ve\u0107 i simbolizuje pionirski duh kancelarije \u2013 od toga da smo prvi u regionu uspostavili posebne prakse za ESG i ve\u0161ta\u010dku inteligenciju, do toga da smo sada prvi sa nezavisnom kancelarijom u samom srcu Evropske unije. Ovaj potez prevazilazi geografiju i odra\u017eava na\u0161u viziju da privredni subjekti i javni sektor na Zapadnom Balkanu i \u0161ire zaslu\u017euju pravnu podr\u0161ku najvi\u0161eg kvaliteta, istovremeno lokalno utemeljenu i globalno informisanu. Kancelarija u Briselu pozicionira Geci\u0107 Law kao istinski panevropsku kancelariju, spremnu da klijente vodi kroz slo\u017eenosti prava i politika EU.<\/p>\n<p data-start=\"11035\" data-end=\"11082\"><strong><a href=\"https:\/\/www.geciclaw.com\/sr\/practices\/sportskopravo\/\">Pokretanje posebne prakse sportskog prava<\/a><\/strong> Nakon vi\u0161egodi\u0161njeg intenzivnog anga\u017eovanja u predmetima iz oblasti sporta, Geci\u0107 Law je tokom 2025. godine dodatno formalizovala svoje iskustvo osnivanjem posebne prakse sportskog prava. Ovu praksu predvodi <a href=\"https:\/\/www.geciclaw.com\/sr\/sportsko-pravo\/\">Vuk Lekovi\u0107<\/a>, koji je imao klju\u010dnu ulogu u brojnim predmetima visokog profila. Osnivanje tima za sportsko pravo potvr\u0111uje na\u0161u posve\u0107enost anticipiranju potreba klijenata i pru\u017eanju vrhunske pravne podr\u0161ke u specijalizovanim sektorima. Praksa obuhvata \u0161irok spektar pitanja, uklju\u010duju\u0107i sportsko upravljanje i uskla\u0111enost, prava medijskog prenosa, ugovore sa igra\u010dima, organizaciju sportskih doga\u0111aja i sportske sporove. Raniji uspesi u ovoj oblasti jasno su ukazali na potrebu za formalizovanom platformom sportskog prava.<\/p>\n<p data-start=\"11822\" data-end=\"11866\"><strong><span class=\"a_GcMg font-feature-liga-off font-feature-clig-off font-feature-calt-off text-decoration-none text-strikethrough-none\">Upravljanje i liderstvo\u00a0 <\/span><\/strong>Tokom 2025. godine, Geci\u0107 Law je dodatno oja\u010dala svoje institucionalne temelje uspostavljanjem izvr\u0161nog odbora, \u010dime je na\u010dinjen va\u017ean korak u daljem sazrevanju kancelarije i njenom dugoro\u010dnom strate\u0161kom razvoju. Odbor podr\u017eava sve slo\u017eenije poslovanje kancelarije, obezbe\u0111uje koordinaciju izme\u0111u praksi i disciplinovanu realizaciju strategije rasta.\u00a0 U okviru ove evolucije upravljanja, <a href=\"https:\/\/www.geciclaw.com\/sr\/natasa-mitrovic\/natasa-mitrovic-2\/\">Nata\u0161a Mitrovi\u0107<\/a> se pridru\u017eila timu kao <a href=\"https:\/\/www.geciclaw.com\/sr\/gecic-law-imenovanje-natasa-mitrovic\/\">direktorka HR i operacija<\/a>, sa odgovorno\u0161\u0107u za strategiju upravljanja ljudima i operativne procese kancelarije, uklju\u010duju\u0107i razvoj talenata, organizacione procese, sisteme u\u010dinka i izgradnju organizacione kulture. Istovremeno, <a href=\"https:\/\/www.geciclaw.com\/sr\/milana-sreckov1\/\">Milana Sre\u0107kov<\/a> je imenovana za <a href=\"https:\/\/www.geciclaw.com\/sr\/gecic-law-imenuje-milanu-sreckov\/\">direktorku strategije za Evropu<\/a>, zadu\u017eenu za oblikovanje i sprovo\u0111enje evropske strategije rasta kancelarije, uklju\u010duju\u0107i geografsko \u0161irenje, strate\u0161ka partnerstva i razvoj usluga. <span class=\"a_GcMg font-feature-liga-off font-feature-clig-off font-feature-calt-off text-decoration-none text-strikethrough-none\">vi iskoraci, kao i dolazak Anne MacGregor, potvr\u0111uju dubinu i uravnote\u017eenost liderskog tima Geci\u0107 Law u fazi daljeg skaliranja.<\/span><\/p>\n<h3 data-start=\"12933\" data-end=\"12953\"><strong>Timski iskoraci i razvoj talenata<\/strong><\/h3>\n<p data-start=\"12955\" data-end=\"12990\"><strong>Unapre\u0111enja i razvoj talenata <\/strong><span class=\"a_GcMg font-feature-liga-off font-feature-clig-off font-feature-calt-off text-decoration-none text-strikethrough-none\">T<\/span><span class=\"a_GcMg font-feature-liga-off font-feature-clig-off font-feature-calt-off text-decoration-none text-strikethrough-none\">okom 2025. godine, Geci\u0107 Law je nastavio da intenzivno ula\u017ee u razvoj svojih ljudi, dosledno ja\u010daju\u0107i kulturu meritokratije i preuzimanja odgovornosti. Pored unapre\u0111enja <\/span><a class=\"a_GcMg font-feature-liga-off font-feature-clig-off font-feature-calt-off text-decoration-underline text-strikethrough-none\" draggable=\"false\" href=\"https:\/\/www.geciclaw.com\/sr\/vuk-lekovic-counsel\/\" target=\"_blank\" rel=\"noopener\">Vuka Lekovi\u0107a<\/a><span class=\"a_GcMg font-feature-liga-off font-feature-clig-off font-feature-calt-off text-decoration-none text-strikethrough-none\"> u zvanje Counsel, \u010dime je prepoznata njegova vode\u0107a uloga u oblasti prava konkurencije, prava EU i sportskog prava, kancelarija je unapredila <\/span><a class=\"a_GcMg font-feature-liga-off font-feature-clig-off font-feature-calt-off text-decoration-underline text-strikethrough-none\" draggable=\"false\" href=\"https:\/\/www.geciclaw.com\/sr\/luka-dzordeski\/luka-dzordeski-2\/\" target=\"_blank\" rel=\"noopener\">Luku D\u017eordeskog<\/a><span class=\"a_GcMg font-feature-liga-off font-feature-clig-off font-feature-calt-off text-decoration-none text-strikethrough-none\"> u zvanje starijeg saradnika nakon manje od godinu dana rada u kancelariji. Ovo unapre\u0111enje predstavlja jasan pokazatelj spremnosti kancelarije da nagradi izuzetne rezultate, uticaj i kvalitet rada, nezavisno od du\u017eine sta\u017ea.<\/span><\/p>\n<p data-start=\"13402\" data-end=\"13471\"><strong>Bogdan Geci\u0107 \u2013 regionalno i globalno liderstvo <\/strong><span class=\"a_GcMg font-feature-liga-off font-feature-clig-off font-feature-calt-off text-decoration-none text-strikethrough-none\">Tokom 2025. godine, Bogdan Geci\u0107 je nastavio da daje doprinos pravnim, ekonomskim i tehnolo\u0161kim tokovima na regionalnom i me\u0111unarodnom nivou. Njegov anga\u017eman obuhvatao je u\u010de\u0161\u0107e u zna\u010dajnim transatlantskim inicijativama, uklju\u010duju\u0107i <\/span><a class=\"a_GcMg font-feature-liga-off font-feature-clig-off font-feature-calt-off text-decoration-underline text-strikethrough-none\" draggable=\"false\" href=\"https:\/\/www.geciclaw.com\/sr\/bogdan-gecic-transatlantic-economic-forum\/\" target=\"_blank\" rel=\"noopener\">Southeast Europe Transatlantic Economic Forum<\/a><span class=\"a_GcMg font-feature-liga-off font-feature-clig-off font-feature-calt-off text-decoration-none text-strikethrough-none\">, gde je doprineo diskusijama o investicijama, regulatornom uskla\u0111ivanju i regionalnoj ekonomskoj integraciji. <\/span><span class=\"a_GcMg font-feature-liga-off font-feature-clig-off font-feature-calt-off text-decoration-none text-strikethrough-none\">Bogdan je tako\u0111e imenovan za <\/span><a class=\"a_GcMg font-feature-liga-off font-feature-clig-off font-feature-calt-off text-decoration-underline text-strikethrough-none\" draggable=\"false\" href=\"https:\/\/www.geciclaw.com\/sr\/bogdan-gecic-imenovan-za-potpredsednika-hlsae\/\" target=\"_blank\" rel=\"noopener\">potpredsednika Harvard Law School Association of Europe<\/a><span class=\"a_GcMg font-feature-liga-off font-feature-clig-off font-feature-calt-off text-decoration-none text-strikethrough-none\">, \u010dime je dodatno potvr\u0111en njegov ugled u elitnim globalnim pravnim i akademskim krugovima. Izabran je i za u\u010desnika <\/span><a class=\"a_GcMg font-feature-liga-off font-feature-clig-off font-feature-calt-off text-decoration-underline text-strikethrough-none\" draggable=\"false\" href=\"https:\/\/www.geciclaw.com\/sr\/perplexity-ai-business-fellowship\/\" target=\"_blank\" rel=\"noopener\">Perplexity AI Business Fellowship<\/a><span class=\"a_GcMg font-feature-liga-off font-feature-clig-off font-feature-calt-off text-decoration-none text-strikethrough-none\"> programa, \u0161to ga svrstava u odabranu grupu me\u0111unarodnih lidera u\u010desnika programa, koji se bave podru\u010djem ve\u0161ta\u010dke inteligencije, poslovanja i upravljanja, \u0161to je u neposrednoj vezi sa razvojem AI prakse kancelarije. <\/span><span class=\"a_GcMg font-feature-liga-off font-feature-clig-off font-feature-calt-off text-decoration-none text-strikethrough-none\">Njegova kontinuirana liderska uloga u okviru organizacije TerraLex, u svojstvu <\/span><a class=\"a_GcMg font-feature-liga-off font-feature-clig-off font-feature-calt-off text-decoration-underline text-strikethrough-none\" draggable=\"false\" href=\"https:\/\/www.geciclaw.com\/sr\/bogdan-gecic-terralex-imenovanje\/\" target=\"_blank\" rel=\"noopener\">potpredsednika za Evropu<\/a><span class=\"a_GcMg font-feature-liga-off font-feature-clig-off font-feature-calt-off text-decoration-none text-strikethrough-none\">, dodatno je u\u010dvrstila poziciju Geci\u0107 Law kao klju\u010dnog regionalnog \u010dvori\u0161ta unutar jedne od najelitnijih globalnih pravnih mre\u017ea.<\/span><\/p>\n<p data-start=\"14447\" data-end=\"14479\"><strong>Taboro\u0161i stipendija 2025\/26 <\/strong><span class=\"a_GcMg font-feature-liga-off font-feature-clig-off font-feature-calt-off text-decoration-none text-strikethrough-none\">Nastavljaju\u0107i dugogodi\u0161nju tradiciju podr\u0161ke mladim pravnim talentima, Geci\u0107 Law je <\/span><a class=\"a_GcMg font-feature-liga-off font-feature-clig-off font-feature-calt-off text-decoration-underline text-strikethrough-none\" draggable=\"false\" href=\"https:\/\/www.geciclaw.com\/sr\/taborosi-stipendija-2025\/\" target=\"_blank\" rel=\"noopener\">objavio konkurs<\/a><span class=\"a_GcMg font-feature-liga-off font-feature-clig-off font-feature-calt-off text-decoration-none text-strikethrough-none\"> za Taboro\u0161i stipendiju za 2025\/26. godinu, namenjene izuzetnim studentima zavr\u0161ne godine prava. Ova presti\u017ena stipendija, koju osmi put dodeljujemo u znak se\u0107anja na profesora Svetislava Taboro\u0161ija, odra\u017eava trajnu posve\u0107enost kancelarije razvoju nove generacije pravnika. U skladu sa temom ovogodi\u0161njeg konkursa, po prvi put je u okviru programa organizovana radionica posve\u0107ena primeni ve\u0161ta\u010dke inteligencije u pravu. Radujemo se predstoje\u0107em izboru dobitnika stipendije i pra\u0107enju njihovog profesionalnog razvoja. Taboro\u0161i stipendija ostaje jedan od temelja programa dru\u0161tvene odgovornosti Geci\u0107 Law i \u010dast nam je da nastavimo ovu tradiciju podr\u0161ke akademskoj izvrsnosti.<\/span><\/p>\n<h3 data-start=\"15057\" data-end=\"15087\"><strong>Proslava desete godi\u0161njice<\/strong><\/h3>\n<p data-start=\"15088\" data-end=\"15552\"><span class=\"a_GcMg font-feature-liga-off font-feature-clig-off font-feature-calt-off text-decoration-none text-strikethrough-none\">Geci\u0107 Law je 2025. godinu zavr\u0161io u sve\u010danom tonu, obele\u017eavaju\u0107i <\/span><a class=\"a_GcMg font-feature-liga-off font-feature-clig-off font-feature-calt-off text-decoration-underline text-strikethrough-none\" draggable=\"false\" href=\"https:\/\/www.linkedin.com\/feed\/update\/urn:li:activity:7408860083247325184\" target=\"_blank\" rel=\"noopener\">deset godina od osnivanja kancelarije<\/a><span class=\"a_GcMg font-feature-liga-off font-feature-clig-off font-feature-calt-off text-decoration-none text-strikethrough-none\"> zajedno sa klijentima, partnerima i prijateljima. Proslava je bila je prilika da se obele\u017ei decenija zajedni\u010dkih uspeha, saradnje i me\u0111usobnog poverenja, ali i da se istakne sna\u017ena zajednica klijenata i saradnika koja prati kancelariju od njenog osnivanja.<\/span><\/p>\n<h3 data-start=\"15559\" data-end=\"15578\"><strong>Pogled u budu\u0107nost<\/strong><\/h3>\n<p class=\"cvGsUA direction-ltr align-center para-style-body\"><span class=\"a_GcMg font-feature-liga-off font-feature-clig-off font-feature-calt-off text-decoration-none text-strikethrough-none\">Dok obele\u017eavamo deceniju izvrsnosti i rezultate ostvarene tokom 2025. godine, ostajemo \u010dvrsto usmereni ka budu\u0107nosti. U godinama koje dolaze nastavi\u0107emo da gradimo na postoje\u0107im uspesima, istra\u017euju\u0107i nove pravce razvoja i dodatno unapre\u0111uju\u0107i sve oblasti na\u0161e pravne prakse. Planovi za 2026. godinu uklju\u010duju dalje ja\u010danje regionalnog i me\u0111unarodnog prisustva, oslanjaju\u0107i se na kancelariju u Briselu i globalna partnerstva kako bismo klijentima otvorili nove mogu\u0107nosti \u0161irom sveta. Nastavi\u0107emo da ula\u017eemo u napredne oblasti, od ve\u0161ta\u010dke inteligencije i tehnologije do zelene energije i odr\u017eivog razvoja, ostaju\u0107i ispred novih trendova i spremni da klijente vodimo kroz neistra\u017eene pravne izazove. Pre svega, na\u0161a posve\u0107enost pru\u017eanju vrhunske podr\u0161ke klijentima ostaje nepromenjena.<\/span><\/p>\n<p class=\"cvGsUA direction-ltr align-center para-style-body\"><span class=\"a_GcMg font-feature-liga-off font-feature-clig-off font-feature-calt-off text-decoration-none text-strikethrough-none\">Zahvaljujemo se na\u0161im klijentima, partnerima i \u010dlanovima tima na poverenju i podr\u0161ci tokom 2025. godine. Zajedno smo postavili visoke standarde izvrsnosti tokom protekle decenije, a svaki uspeh bio je zajedni\u010dki. Ulaze\u0107i u novo poglavlje, nastavljamo sa istim ambicioznim duhom koji nas vodi od 2015. godine, uvereni da nas najbolji rezultati tek o\u010dekuju.<\/span><\/p>\n<p>Detaljnija <a href=\"https:\/\/www.geciclaw.com\/wp-content\/uploads\/2025\/12\/2025-in-Review-SRB-1.pdf\">PDF verzija ovog \u010dlanka je dostupna ovde<\/a>.<\/p>\n","protected":false},"excerpt":{"rendered":"<p>Kako se godina bli\u017ei kraju, osvr\u0107emo se na izuzetna dostignu\u0107a koja su obele\u017eila na\u0161 razvoj tokom 2025. \u2013 godine u kojoj smo proslavili punu deceniju od osnivanja. Iza nas je godina istorijskih pobeda, pionirskih poduhvata i zaslu\u017eenih priznanja. Posve\u0107enost izvrsnosti, inovacijama i vrhunskoj usluzi klijentima dodatno je u\u010dvrstila na\u0161u poziciju na pravnoj sceni, kako u regionu, tako i \u0161ire. Podsetimo se klju\u010dnih momenata koji su ovu godinu za nas u\u010dinili nezaboravnom i jednom od najuspe\u0161nijih do sada. Najzna\u010dajnija pravna dostignu\u0107a Telekom Srbija: istorijska akvizicija Uspe\u0161no smo savetovali Telekom Srbija u zna\u010dajnoj prekograni\u010dnoj akviziciji strate\u0161kih digitalnih medijskih sredstava i prava na [&hellip;]<\/p>\n","protected":false},"author":21,"featured_media":48314,"comment_status":"closed","ping_status":"open","sticky":false,"template":"","format":"standard","meta":{"om_disable_all_campaigns":false,"footnotes":""},"categories":[1560],"tags":[469,465],"class_list":["post-48360","post","type-post","status-publish","format-standard","has-post-thumbnail","hentry","category-vesti","tag-gecic-law-firm-serbia-sr","tag-news-sr"],"acf":[],"yoast_head":"<!-- This site is optimized with the Yoast SEO plugin v25.5 - https:\/\/yoast.com\/wordpress\/plugins\/seo\/ -->\n<title>Osvrt na 2025. godinu - Decenija izvrsnosti | Geci\u0107 Law<\/title>\n<meta name=\"description\" content=\"Osvr\u0107emo se na izuzetna dostignu\u0107a koja su obele\u017eila na\u0161 razvoj tokom 2025. \u2013 godine u kojoj smo proslavili punu deceniju od osnivanja.\" \/>\n<meta name=\"robots\" content=\"index, follow, max-snippet:-1, max-image-preview:large, max-video-preview:-1\" \/>\n<link rel=\"canonical\" href=\"https:\/\/www.geciclaw.com\/2025-at-gecic-law-milestones-momentum-and-a-decade-of-excellence\/\" \/>\n<meta property=\"og:locale\" content=\"sr_RS\" \/>\n<meta property=\"og:type\" content=\"article\" \/>\n<meta property=\"og:title\" content=\"Osvrt na 2025. godinu - Decenija izvrsnosti | Geci\u0107 Law\" \/>\n<meta property=\"og:description\" content=\"Osvr\u0107emo se na izuzetna dostignu\u0107a koja su obele\u017eila na\u0161 razvoj tokom 2025. \u2013 godine u kojoj smo proslavili punu deceniju od osnivanja.\" \/>\n<meta property=\"og:url\" content=\"https:\/\/www.geciclaw.com\/2025-at-gecic-law-milestones-momentum-and-a-decade-of-excellence\/\" \/>\n<meta property=\"og:site_name\" content=\"Geci\u0107 Law\" \/>\n<meta property=\"article:published_time\" content=\"2025-12-31T09:30:52+00:00\" \/>\n<meta property=\"og:image\" content=\"https:\/\/www.geciclaw.com\/wp-content\/uploads\/2025\/12\/Copy-of-Copy-of-AI-liability.png\" \/>\n\t<meta property=\"og:image:width\" content=\"1200\" \/>\n\t<meta property=\"og:image:height\" content=\"628\" \/>\n\t<meta property=\"og:image:type\" content=\"image\/png\" \/>\n<meta name=\"author\" content=\"Ivan Eftimov\" \/>\n<meta name=\"twitter:card\" content=\"summary_large_image\" \/>\n<meta name=\"twitter:label1\" content=\"Napisano od\" \/>\n\t<meta name=\"twitter:data1\" content=\"Ivan Eftimov\" \/>\n\t<meta name=\"twitter:label2\" content=\"Procenjeno vreme \u010ditanja\" \/>\n\t<meta name=\"twitter:data2\" content=\"11 minuta\" \/>\n<script type=\"application\/ld+json\" class=\"yoast-schema-graph\">{\"@context\":\"https:\/\/schema.org\",\"@graph\":[{\"@type\":\"Article\",\"@id\":\"https:\/\/www.geciclaw.com\/2025-at-gecic-law-milestones-momentum-and-a-decade-of-excellence\/#article\",\"isPartOf\":{\"@id\":\"https:\/\/www.geciclaw.com\/2025-at-gecic-law-milestones-momentum-and-a-decade-of-excellence\/\"},\"author\":{\"name\":\"Ivan Eftimov\",\"@id\":\"https:\/\/www.geciclaw.com\/#\/schema\/person\/f2133a67125e7057bc0c58435c3532f9\"},\"headline\":\"Osvrt na 2025. godinu &#8211; Decenija izvrsnosti\",\"datePublished\":\"2025-12-31T09:30:52+00:00\",\"mainEntityOfPage\":{\"@id\":\"https:\/\/www.geciclaw.com\/2025-at-gecic-law-milestones-momentum-and-a-decade-of-excellence\/\"},\"wordCount\":2547,\"publisher\":{\"@id\":\"https:\/\/www.geciclaw.com\/#organization\"},\"image\":{\"@id\":\"https:\/\/www.geciclaw.com\/2025-at-gecic-law-milestones-momentum-and-a-decade-of-excellence\/#primaryimage\"},\"thumbnailUrl\":\"https:\/\/www.geciclaw.com\/wp-content\/uploads\/2025\/12\/Copy-of-Copy-of-AI-liability.png\",\"keywords\":[\"Advokatska kancelarija Geci\u0107 Law\",\"Vesti\"],\"articleSection\":[\"Vesti\"],\"inLanguage\":\"sr-RS\"},{\"@type\":\"WebPage\",\"@id\":\"https:\/\/www.geciclaw.com\/2025-at-gecic-law-milestones-momentum-and-a-decade-of-excellence\/\",\"url\":\"https:\/\/www.geciclaw.com\/2025-at-gecic-law-milestones-momentum-and-a-decade-of-excellence\/\",\"name\":\"Osvrt na 2025. godinu - Decenija izvrsnosti | Geci\u0107 Law\",\"isPartOf\":{\"@id\":\"https:\/\/www.geciclaw.com\/#website\"},\"primaryImageOfPage\":{\"@id\":\"https:\/\/www.geciclaw.com\/2025-at-gecic-law-milestones-momentum-and-a-decade-of-excellence\/#primaryimage\"},\"image\":{\"@id\":\"https:\/\/www.geciclaw.com\/2025-at-gecic-law-milestones-momentum-and-a-decade-of-excellence\/#primaryimage\"},\"thumbnailUrl\":\"https:\/\/www.geciclaw.com\/wp-content\/uploads\/2025\/12\/Copy-of-Copy-of-AI-liability.png\",\"datePublished\":\"2025-12-31T09:30:52+00:00\",\"description\":\"Osvr\u0107emo se na izuzetna dostignu\u0107a koja su obele\u017eila na\u0161 razvoj tokom 2025. \u2013 godine u kojoj smo proslavili punu deceniju od osnivanja.\",\"breadcrumb\":{\"@id\":\"https:\/\/www.geciclaw.com\/2025-at-gecic-law-milestones-momentum-and-a-decade-of-excellence\/#breadcrumb\"},\"inLanguage\":\"sr-RS\",\"potentialAction\":[{\"@type\":\"ReadAction\",\"target\":[\"https:\/\/www.geciclaw.com\/2025-at-gecic-law-milestones-momentum-and-a-decade-of-excellence\/\"]}]},{\"@type\":\"ImageObject\",\"inLanguage\":\"sr-RS\",\"@id\":\"https:\/\/www.geciclaw.com\/2025-at-gecic-law-milestones-momentum-and-a-decade-of-excellence\/#primaryimage\",\"url\":\"https:\/\/www.geciclaw.com\/wp-content\/uploads\/2025\/12\/Copy-of-Copy-of-AI-liability.png\",\"contentUrl\":\"https:\/\/www.geciclaw.com\/wp-content\/uploads\/2025\/12\/Copy-of-Copy-of-AI-liability.png\",\"width\":1200,\"height\":628},{\"@type\":\"BreadcrumbList\",\"@id\":\"https:\/\/www.geciclaw.com\/2025-at-gecic-law-milestones-momentum-and-a-decade-of-excellence\/#breadcrumb\",\"itemListElement\":[{\"@type\":\"ListItem\",\"position\":1,\"name\":\"Home\",\"item\":\"https:\/\/www.geciclaw.com\/sr\/\"},{\"@type\":\"ListItem\",\"position\":2,\"name\":\"Osvrt na 2025. godinu &#8211; Decenija izvrsnosti\"}]},{\"@type\":\"WebSite\",\"@id\":\"https:\/\/www.geciclaw.com\/#website\",\"url\":\"https:\/\/www.geciclaw.com\/\",\"name\":\"Geci\u0107 Law\",\"description\":\"Advokatska kancelarija\",\"publisher\":{\"@id\":\"https:\/\/www.geciclaw.com\/#organization\"},\"potentialAction\":[{\"@type\":\"SearchAction\",\"target\":{\"@type\":\"EntryPoint\",\"urlTemplate\":\"https:\/\/www.geciclaw.com\/?s={search_term_string}\"},\"query-input\":{\"@type\":\"PropertyValueSpecification\",\"valueRequired\":true,\"valueName\":\"search_term_string\"}}],\"inLanguage\":\"sr-RS\"},{\"@type\":\"Organization\",\"@id\":\"https:\/\/www.geciclaw.com\/#organization\",\"name\":\"Geci\u0107 Law\",\"url\":\"https:\/\/www.geciclaw.com\/\",\"logo\":{\"@type\":\"ImageObject\",\"inLanguage\":\"sr-RS\",\"@id\":\"https:\/\/www.geciclaw.com\/#\/schema\/logo\/image\/\",\"url\":\"https:\/\/geciclaw.com\/wp-content\/uploads\/2021\/10\/1.png\",\"contentUrl\":\"https:\/\/geciclaw.com\/wp-content\/uploads\/2021\/10\/1.png\",\"width\":1000,\"height\":409,\"caption\":\"Geci\u0107 Law\"},\"image\":{\"@id\":\"https:\/\/www.geciclaw.com\/#\/schema\/logo\/image\/\"}},{\"@type\":\"Person\",\"@id\":\"https:\/\/www.geciclaw.com\/#\/schema\/person\/f2133a67125e7057bc0c58435c3532f9\",\"name\":\"Ivan Eftimov\",\"image\":{\"@type\":\"ImageObject\",\"inLanguage\":\"sr-RS\",\"@id\":\"https:\/\/www.geciclaw.com\/#\/schema\/person\/image\/\",\"url\":\"https:\/\/secure.gravatar.com\/avatar\/b01054f24d3bbb4ef412bfacaf71306f068c8e1fab4435328367c58bf6ab606b?s=96&d=mm&r=g\",\"contentUrl\":\"https:\/\/secure.gravatar.com\/avatar\/b01054f24d3bbb4ef412bfacaf71306f068c8e1fab4435328367c58bf6ab606b?s=96&d=mm&r=g\",\"caption\":\"Ivan Eftimov\"},\"url\":\"https:\/\/www.geciclaw.com\/sr\/author\/vanja\/\"}]}<\/script>\n<!-- \/ Yoast SEO plugin. -->","yoast_head_json":{"title":"Osvrt na 2025. godinu - Decenija izvrsnosti | Geci\u0107 Law","description":"Osvr\u0107emo se na izuzetna dostignu\u0107a koja su obele\u017eila na\u0161 razvoj tokom 2025. \u2013 godine u kojoj smo proslavili punu deceniju od osnivanja.","robots":{"index":"index","follow":"follow","max-snippet":"max-snippet:-1","max-image-preview":"max-image-preview:large","max-video-preview":"max-video-preview:-1"},"canonical":"https:\/\/www.geciclaw.com\/2025-at-gecic-law-milestones-momentum-and-a-decade-of-excellence\/","og_locale":"sr_RS","og_type":"article","og_title":"Osvrt na 2025. godinu - Decenija izvrsnosti | Geci\u0107 Law","og_description":"Osvr\u0107emo se na izuzetna dostignu\u0107a koja su obele\u017eila na\u0161 razvoj tokom 2025. \u2013 godine u kojoj smo proslavili punu deceniju od osnivanja.","og_url":"https:\/\/www.geciclaw.com\/2025-at-gecic-law-milestones-momentum-and-a-decade-of-excellence\/","og_site_name":"Geci\u0107 Law","article_published_time":"2025-12-31T09:30:52+00:00","og_image":[{"width":1200,"height":628,"url":"https:\/\/www.geciclaw.com\/wp-content\/uploads\/2025\/12\/Copy-of-Copy-of-AI-liability.png","type":"image\/png"}],"author":"Ivan Eftimov","twitter_card":"summary_large_image","twitter_misc":{"Napisano od":"Ivan Eftimov","Procenjeno vreme \u010ditanja":"11 minuta"},"schema":{"@context":"https:\/\/schema.org","@graph":[{"@type":"Article","@id":"https:\/\/www.geciclaw.com\/2025-at-gecic-law-milestones-momentum-and-a-decade-of-excellence\/#article","isPartOf":{"@id":"https:\/\/www.geciclaw.com\/2025-at-gecic-law-milestones-momentum-and-a-decade-of-excellence\/"},"author":{"name":"Ivan Eftimov","@id":"https:\/\/www.geciclaw.com\/#\/schema\/person\/f2133a67125e7057bc0c58435c3532f9"},"headline":"Osvrt na 2025. godinu &#8211; Decenija izvrsnosti","datePublished":"2025-12-31T09:30:52+00:00","mainEntityOfPage":{"@id":"https:\/\/www.geciclaw.com\/2025-at-gecic-law-milestones-momentum-and-a-decade-of-excellence\/"},"wordCount":2547,"publisher":{"@id":"https:\/\/www.geciclaw.com\/#organization"},"image":{"@id":"https:\/\/www.geciclaw.com\/2025-at-gecic-law-milestones-momentum-and-a-decade-of-excellence\/#primaryimage"},"thumbnailUrl":"https:\/\/www.geciclaw.com\/wp-content\/uploads\/2025\/12\/Copy-of-Copy-of-AI-liability.png","keywords":["Advokatska kancelarija Geci\u0107 Law","Vesti"],"articleSection":["Vesti"],"inLanguage":"sr-RS"},{"@type":"WebPage","@id":"https:\/\/www.geciclaw.com\/2025-at-gecic-law-milestones-momentum-and-a-decade-of-excellence\/","url":"https:\/\/www.geciclaw.com\/2025-at-gecic-law-milestones-momentum-and-a-decade-of-excellence\/","name":"Osvrt na 2025. godinu - Decenija izvrsnosti | Geci\u0107 Law","isPartOf":{"@id":"https:\/\/www.geciclaw.com\/#website"},"primaryImageOfPage":{"@id":"https:\/\/www.geciclaw.com\/2025-at-gecic-law-milestones-momentum-and-a-decade-of-excellence\/#primaryimage"},"image":{"@id":"https:\/\/www.geciclaw.com\/2025-at-gecic-law-milestones-momentum-and-a-decade-of-excellence\/#primaryimage"},"thumbnailUrl":"https:\/\/www.geciclaw.com\/wp-content\/uploads\/2025\/12\/Copy-of-Copy-of-AI-liability.png","datePublished":"2025-12-31T09:30:52+00:00","description":"Osvr\u0107emo se na izuzetna dostignu\u0107a koja su obele\u017eila na\u0161 razvoj tokom 2025. \u2013 godine u kojoj smo proslavili punu deceniju od osnivanja.","breadcrumb":{"@id":"https:\/\/www.geciclaw.com\/2025-at-gecic-law-milestones-momentum-and-a-decade-of-excellence\/#breadcrumb"},"inLanguage":"sr-RS","potentialAction":[{"@type":"ReadAction","target":["https:\/\/www.geciclaw.com\/2025-at-gecic-law-milestones-momentum-and-a-decade-of-excellence\/"]}]},{"@type":"ImageObject","inLanguage":"sr-RS","@id":"https:\/\/www.geciclaw.com\/2025-at-gecic-law-milestones-momentum-and-a-decade-of-excellence\/#primaryimage","url":"https:\/\/www.geciclaw.com\/wp-content\/uploads\/2025\/12\/Copy-of-Copy-of-AI-liability.png","contentUrl":"https:\/\/www.geciclaw.com\/wp-content\/uploads\/2025\/12\/Copy-of-Copy-of-AI-liability.png","width":1200,"height":628},{"@type":"BreadcrumbList","@id":"https:\/\/www.geciclaw.com\/2025-at-gecic-law-milestones-momentum-and-a-decade-of-excellence\/#breadcrumb","itemListElement":[{"@type":"ListItem","position":1,"name":"Home","item":"https:\/\/www.geciclaw.com\/sr\/"},{"@type":"ListItem","position":2,"name":"Osvrt na 2025. godinu &#8211; Decenija izvrsnosti"}]},{"@type":"WebSite","@id":"https:\/\/www.geciclaw.com\/#website","url":"https:\/\/www.geciclaw.com\/","name":"Geci\u0107 Law","description":"Advokatska kancelarija","publisher":{"@id":"https:\/\/www.geciclaw.com\/#organization"},"potentialAction":[{"@type":"SearchAction","target":{"@type":"EntryPoint","urlTemplate":"https:\/\/www.geciclaw.com\/?s={search_term_string}"},"query-input":{"@type":"PropertyValueSpecification","valueRequired":true,"valueName":"search_term_string"}}],"inLanguage":"sr-RS"},{"@type":"Organization","@id":"https:\/\/www.geciclaw.com\/#organization","name":"Geci\u0107 Law","url":"https:\/\/www.geciclaw.com\/","logo":{"@type":"ImageObject","inLanguage":"sr-RS","@id":"https:\/\/www.geciclaw.com\/#\/schema\/logo\/image\/","url":"https:\/\/geciclaw.com\/wp-content\/uploads\/2021\/10\/1.png","contentUrl":"https:\/\/geciclaw.com\/wp-content\/uploads\/2021\/10\/1.png","width":1000,"height":409,"caption":"Geci\u0107 Law"},"image":{"@id":"https:\/\/www.geciclaw.com\/#\/schema\/logo\/image\/"}},{"@type":"Person","@id":"https:\/\/www.geciclaw.com\/#\/schema\/person\/f2133a67125e7057bc0c58435c3532f9","name":"Ivan Eftimov","image":{"@type":"ImageObject","inLanguage":"sr-RS","@id":"https:\/\/www.geciclaw.com\/#\/schema\/person\/image\/","url":"https:\/\/secure.gravatar.com\/avatar\/b01054f24d3bbb4ef412bfacaf71306f068c8e1fab4435328367c58bf6ab606b?s=96&d=mm&r=g","contentUrl":"https:\/\/secure.gravatar.com\/avatar\/b01054f24d3bbb4ef412bfacaf71306f068c8e1fab4435328367c58bf6ab606b?s=96&d=mm&r=g","caption":"Ivan Eftimov"},"url":"https:\/\/www.geciclaw.com\/sr\/author\/vanja\/"}]}},"_links":{"self":[{"href":"https:\/\/www.geciclaw.com\/sr\/wp-json\/wp\/v2\/posts\/48360","targetHints":{"allow":["GET"]}}],"collection":[{"href":"https:\/\/www.geciclaw.com\/sr\/wp-json\/wp\/v2\/posts"}],"about":[{"href":"https:\/\/www.geciclaw.com\/sr\/wp-json\/wp\/v2\/types\/post"}],"author":[{"embeddable":true,"href":"https:\/\/www.geciclaw.com\/sr\/wp-json\/wp\/v2\/users\/21"}],"replies":[{"embeddable":true,"href":"https:\/\/www.geciclaw.com\/sr\/wp-json\/wp\/v2\/comments?post=48360"}],"version-history":[{"count":7,"href":"https:\/\/www.geciclaw.com\/sr\/wp-json\/wp\/v2\/posts\/48360\/revisions"}],"predecessor-version":[{"id":48372,"href":"https:\/\/www.geciclaw.com\/sr\/wp-json\/wp\/v2\/posts\/48360\/revisions\/48372"}],"wp:featuredmedia":[{"embeddable":true,"href":"https:\/\/www.geciclaw.com\/sr\/wp-json\/wp\/v2\/media\/48314"}],"wp:attachment":[{"href":"https:\/\/www.geciclaw.com\/sr\/wp-json\/wp\/v2\/media?parent=48360"}],"wp:term":[{"taxonomy":"category","embeddable":true,"href":"https:\/\/www.geciclaw.com\/sr\/wp-json\/wp\/v2\/categories?post=48360"},{"taxonomy":"post_tag","embeddable":true,"href":"https:\/\/www.geciclaw.com\/sr\/wp-json\/wp\/v2\/tags?post=48360"}],"curies":[{"name":"wp","href":"https:\/\/api.w.org\/{rel}","templated":true}]}}