{"id":48404,"date":"2026-01-22T10:10:16","date_gmt":"2026-01-22T09:10:16","guid":{"rendered":"https:\/\/www.geciclaw.com\/?p=48404"},"modified":"2026-01-22T10:45:35","modified_gmt":"2026-01-22T09:45:35","slug":"bogdan-gecic-biznis-i-finansije","status":"publish","type":"post","link":"https:\/\/www.geciclaw.com\/sr\/bogdan-gecic-biznis-i-finansije\/","title":{"rendered":"Bogdan Geci\u0107 za Biznis i finansije o trijumfu na The Lawyer European Awards 2025"},"content":{"rendered":"<p data-start=\"0\" data-end=\"636\">Advokatska kancelarija Geci\u0107 Law nedavno je zabele\u017eila jo\u0161 jednu veliku prekretnicu na dodeli <a href=\"https:\/\/www.thelawyer.com\/event\/european-awards\/2025-winners\/\">The Lawyer European Awards 2025<\/a>, osvojiv\u0161i po tre\u0107i put priznanje <a href=\"https:\/\/www.geciclaw.com\/sr\/the-lawyer-european-awards-2025-pobeda\/\">Advokatska kancelarija godine za Jugoisto\u010dnu Evropu<\/a>. Kao svojevrsni \u201eOskar evropske pravne profesije\u201c, ove nagrade prepoznaju izvrsnost na jednom od najkonkurentnijih pravnih tr\u017ei\u0161ta u Evropi, koje obuhvata vi\u0161e od 150 miliona ljudi \u0161irom Balkana i Turske. Ovo dostignu\u0107e svrstava Geci\u0107 Law me\u0111u najboljih jedan do dva odsto advokatskih kancelarija u regionu, kao i me\u0111u prvih deset procenata na evropskom nivou kada je re\u010d o kontinuitetu u osvajanju priznanja.<\/p>\n<p data-start=\"638\" data-end=\"812\">Povodom nagrade, na\u0161 osniva\u010d i partner <a href=\"https:\/\/www.geciclaw.com\/sr\/gecic-bogdan\/\">Bogdan Geci\u0107<\/a> govorio je za <a href=\"https:\/\/bif.rs\/2026\/01\/trijumf-medju-evropskom-elitom\/\"><em data-start=\"711\" data-end=\"725\">Biznis i finansije<\/em><\/a> o zna\u010daju nagrade, evropskoj strategiji kancelarije i budu\u0107nosti advokatske profesije.<\/p>\n<h3 data-start=\"814\" data-end=\"857\"><strong data-start=\"814\" data-end=\"857\">Izvrsnost prepoznata na evropskom nivou<\/strong><\/h3>\n<p data-start=\"859\" data-end=\"1218\">U intervjuu je Bogdan Geci\u0107 istakao da ponovljeni uspesi na The Lawyer European Awards potvr\u0111uju da Geci\u0107 Law posluje na najvi\u0161em evropskom nivou. Ovo priznanje odra\u017eava dugoro\u010dnu posve\u0107enost pravnoj izvrsnosti, inovacijama i strate\u0161kom promi\u0161ljanju, kao i sposobnost kancelarije da klijentima pru\u017ea konkretne i merljive rezultate u razli\u010ditim jurisdikcijama.<\/p>\n<h3 data-start=\"1220\" data-end=\"1277\"><strong data-start=\"1220\" data-end=\"1277\">Briselska kancelarija i vizija usmerena ka budu\u0107nosti<\/strong><\/h3>\n<p data-start=\"1279\" data-end=\"1784\">Bogdan je posebno naglasio zna\u010daj kancelarije u Briselu, otvorene 2025. godine, koja Geci\u0107 Law pozicionira u samo sredi\u0161te procesa dono\u0161enja odluka u Evropskoj uniji i \u010dini je prvom nezavisnom advokatskom kancelarijom isto\u010dno od Nema\u010dke sa ovakvim prisustvom. Govore\u0107i o budu\u0107nosti, istakao je da \u0107e kontinuirani fokus na ve\u0161ta\u010dku inteligenciju, digitalizaciju, odr\u017eivi razvoj, pravo Evropske unije i me\u0111unarodnu trgovinu biti klju\u010dan za o\u010duvanje konkurentnosti i relevantnosti na evropskoj pravnoj sceni.<\/p>\n<p data-start=\"1786\" data-end=\"2028\">Ova tre\u0107a titula Advokatske kancelarije godine ne odra\u017eava samo izuzetan rezultat u jednoj godini, ve\u0107 i dugoro\u010dnu putanju izvrsnosti koja nastavlja da defini\u0161e ulogu Geci\u0107 Law u oblikovanju pravnog okvira Jugoisto\u010dne Evrope i Evropske unije.<\/p>\n<p data-start=\"2030\" data-end=\"2168\">PDF verzija intervjua u magazinu Biznis i Finansije <a href=\"https:\/\/www.geciclaw.com\/wp-content\/uploads\/2026\/01\/Gecic-BiF.pdf\">dostupna je putem ovog linka<\/a>.<\/p>\n","protected":false},"excerpt":{"rendered":"<p>Advokatska kancelarija Geci\u0107 Law nedavno je zabele\u017eila jo\u0161 jednu veliku prekretnicu na dodeli The Lawyer European Awards 2025, osvojiv\u0161i po tre\u0107i put priznanje Advokatska kancelarija godine za Jugoisto\u010dnu Evropu. Kao svojevrsni \u201eOskar evropske pravne profesije\u201c, ove nagrade prepoznaju izvrsnost na jednom od najkonkurentnijih pravnih tr\u017ei\u0161ta u Evropi, koje obuhvata vi\u0161e od 150 miliona ljudi \u0161irom Balkana i Turske. Ovo dostignu\u0107e svrstava Geci\u0107 Law me\u0111u najboljih jedan do dva odsto advokatskih kancelarija u regionu, kao i me\u0111u prvih deset procenata na evropskom nivou kada je re\u010d o kontinuitetu u osvajanju priznanja. Povodom nagrade, na\u0161 osniva\u010d i partner Bogdan Geci\u0107 govorio je [&hellip;]<\/p>\n","protected":false},"author":21,"featured_media":48431,"comment_status":"closed","ping_status":"open","sticky":false,"template":"","format":"standard","meta":{"om_disable_all_campaigns":false,"footnotes":""},"categories":[1560],"tags":[469,1600,465],"class_list":["post-48404","post","type-post","status-publish","format-standard","has-post-thumbnail","hentry","category-vesti","tag-gecic-law-firm-serbia-sr","tag-bogdan-gecic-sr","tag-news-sr"],"acf":[],"yoast_head":"<!-- This site is optimized with the Yoast SEO plugin v25.5 - https:\/\/yoast.com\/wordpress\/plugins\/seo\/ -->\n<title>Bogdan Geci\u0107 za Biznis i finansije o trijumfu na The Lawyer European Awards 2025 | Geci\u0107 Law<\/title>\n<meta name=\"description\" content=\"Bogdan Geci\u0107 govorio je za Biznis i finansije o zna\u010daju nagrada, evropskoj strategiji kancelarije i budu\u0107nosti advokatske profesije.\" \/>\n<meta name=\"robots\" content=\"index, follow, max-snippet:-1, max-image-preview:large, max-video-preview:-1\" \/>\n<link rel=\"canonical\" href=\"https:\/\/www.geciclaw.com\/sr\/bogdan-gecic-biznis-i-finansije\/\" \/>\n<meta property=\"og:locale\" content=\"sr_RS\" \/>\n<meta property=\"og:type\" content=\"article\" \/>\n<meta property=\"og:title\" content=\"Bogdan Geci\u0107 za Biznis i finansije o trijumfu na The Lawyer European Awards 2025 | Geci\u0107 Law\" \/>\n<meta property=\"og:description\" content=\"Bogdan Geci\u0107 govorio je za Biznis i finansije o zna\u010daju nagrada, evropskoj strategiji kancelarije i budu\u0107nosti advokatske profesije.\" \/>\n<meta property=\"og:url\" content=\"https:\/\/www.geciclaw.com\/sr\/bogdan-gecic-biznis-i-finansije\/\" \/>\n<meta property=\"og:site_name\" content=\"Geci\u0107 Law\" \/>\n<meta property=\"article:published_time\" content=\"2026-01-22T09:10:16+00:00\" \/>\n<meta property=\"article:modified_time\" content=\"2026-01-22T09:45:35+00:00\" \/>\n<meta property=\"og:image\" content=\"https:\/\/www.geciclaw.com\/wp-content\/uploads\/2026\/01\/BiF-1200x630-1.png\" \/>\n\t<meta property=\"og:image:width\" content=\"1200\" \/>\n\t<meta property=\"og:image:height\" content=\"630\" \/>\n\t<meta property=\"og:image:type\" content=\"image\/png\" \/>\n<meta name=\"author\" content=\"Ivan Eftimov\" \/>\n<meta name=\"twitter:card\" content=\"summary_large_image\" \/>\n<meta name=\"twitter:label1\" content=\"Napisano od\" \/>\n\t<meta name=\"twitter:data1\" content=\"Ivan Eftimov\" \/>\n\t<meta name=\"twitter:label2\" content=\"Procenjeno vreme \u010ditanja\" \/>\n\t<meta name=\"twitter:data2\" content=\"2 minuta\" \/>\n<script type=\"application\/ld+json\" class=\"yoast-schema-graph\">{\"@context\":\"https:\/\/schema.org\",\"@graph\":[{\"@type\":\"Article\",\"@id\":\"https:\/\/www.geciclaw.com\/sr\/bogdan-gecic-biznis-i-finansije\/#article\",\"isPartOf\":{\"@id\":\"https:\/\/www.geciclaw.com\/sr\/bogdan-gecic-biznis-i-finansije\/\"},\"author\":{\"name\":\"Ivan Eftimov\",\"@id\":\"https:\/\/www.geciclaw.com\/#\/schema\/person\/f2133a67125e7057bc0c58435c3532f9\"},\"headline\":\"Bogdan Geci\u0107 za Biznis i finansije o trijumfu na The Lawyer European Awards 2025\",\"datePublished\":\"2026-01-22T09:10:16+00:00\",\"dateModified\":\"2026-01-22T09:45:35+00:00\",\"mainEntityOfPage\":{\"@id\":\"https:\/\/www.geciclaw.com\/sr\/bogdan-gecic-biznis-i-finansije\/\"},\"wordCount\":341,\"publisher\":{\"@id\":\"https:\/\/www.geciclaw.com\/#organization\"},\"image\":{\"@id\":\"https:\/\/www.geciclaw.com\/sr\/bogdan-gecic-biznis-i-finansije\/#primaryimage\"},\"thumbnailUrl\":\"https:\/\/www.geciclaw.com\/wp-content\/uploads\/2026\/01\/BiF-1200x630-1.png\",\"keywords\":[\"Advokatska kancelarija Geci\u0107 Law\",\"Bogdan Gecic\",\"Vesti\"],\"articleSection\":[\"Vesti\"],\"inLanguage\":\"sr-RS\"},{\"@type\":\"WebPage\",\"@id\":\"https:\/\/www.geciclaw.com\/sr\/bogdan-gecic-biznis-i-finansije\/\",\"url\":\"https:\/\/www.geciclaw.com\/sr\/bogdan-gecic-biznis-i-finansije\/\",\"name\":\"Bogdan Geci\u0107 za Biznis i finansije o trijumfu na The Lawyer European Awards 2025 | Geci\u0107 Law\",\"isPartOf\":{\"@id\":\"https:\/\/www.geciclaw.com\/#website\"},\"primaryImageOfPage\":{\"@id\":\"https:\/\/www.geciclaw.com\/sr\/bogdan-gecic-biznis-i-finansije\/#primaryimage\"},\"image\":{\"@id\":\"https:\/\/www.geciclaw.com\/sr\/bogdan-gecic-biznis-i-finansije\/#primaryimage\"},\"thumbnailUrl\":\"https:\/\/www.geciclaw.com\/wp-content\/uploads\/2026\/01\/BiF-1200x630-1.png\",\"datePublished\":\"2026-01-22T09:10:16+00:00\",\"dateModified\":\"2026-01-22T09:45:35+00:00\",\"description\":\"Bogdan Geci\u0107 govorio je za Biznis i finansije o zna\u010daju nagrada, evropskoj strategiji kancelarije i budu\u0107nosti advokatske profesije.\",\"breadcrumb\":{\"@id\":\"https:\/\/www.geciclaw.com\/sr\/bogdan-gecic-biznis-i-finansije\/#breadcrumb\"},\"inLanguage\":\"sr-RS\",\"potentialAction\":[{\"@type\":\"ReadAction\",\"target\":[\"https:\/\/www.geciclaw.com\/sr\/bogdan-gecic-biznis-i-finansije\/\"]}]},{\"@type\":\"ImageObject\",\"inLanguage\":\"sr-RS\",\"@id\":\"https:\/\/www.geciclaw.com\/sr\/bogdan-gecic-biznis-i-finansije\/#primaryimage\",\"url\":\"https:\/\/www.geciclaw.com\/wp-content\/uploads\/2026\/01\/BiF-1200x630-1.png\",\"contentUrl\":\"https:\/\/www.geciclaw.com\/wp-content\/uploads\/2026\/01\/BiF-1200x630-1.png\",\"width\":1200,\"height\":630},{\"@type\":\"BreadcrumbList\",\"@id\":\"https:\/\/www.geciclaw.com\/sr\/bogdan-gecic-biznis-i-finansije\/#breadcrumb\",\"itemListElement\":[{\"@type\":\"ListItem\",\"position\":1,\"name\":\"Home\",\"item\":\"https:\/\/www.geciclaw.com\/sr\/\"},{\"@type\":\"ListItem\",\"position\":2,\"name\":\"Bogdan Geci\u0107 za Biznis i finansije o trijumfu na The Lawyer European Awards 2025\"}]},{\"@type\":\"WebSite\",\"@id\":\"https:\/\/www.geciclaw.com\/#website\",\"url\":\"https:\/\/www.geciclaw.com\/\",\"name\":\"Geci\u0107 Law\",\"description\":\"Advokatska kancelarija\",\"publisher\":{\"@id\":\"https:\/\/www.geciclaw.com\/#organization\"},\"potentialAction\":[{\"@type\":\"SearchAction\",\"target\":{\"@type\":\"EntryPoint\",\"urlTemplate\":\"https:\/\/www.geciclaw.com\/?s={search_term_string}\"},\"query-input\":{\"@type\":\"PropertyValueSpecification\",\"valueRequired\":true,\"valueName\":\"search_term_string\"}}],\"inLanguage\":\"sr-RS\"},{\"@type\":\"Organization\",\"@id\":\"https:\/\/www.geciclaw.com\/#organization\",\"name\":\"Geci\u0107 Law\",\"url\":\"https:\/\/www.geciclaw.com\/\",\"logo\":{\"@type\":\"ImageObject\",\"inLanguage\":\"sr-RS\",\"@id\":\"https:\/\/www.geciclaw.com\/#\/schema\/logo\/image\/\",\"url\":\"https:\/\/geciclaw.com\/wp-content\/uploads\/2021\/10\/1.png\",\"contentUrl\":\"https:\/\/geciclaw.com\/wp-content\/uploads\/2021\/10\/1.png\",\"width\":1000,\"height\":409,\"caption\":\"Geci\u0107 Law\"},\"image\":{\"@id\":\"https:\/\/www.geciclaw.com\/#\/schema\/logo\/image\/\"}},{\"@type\":\"Person\",\"@id\":\"https:\/\/www.geciclaw.com\/#\/schema\/person\/f2133a67125e7057bc0c58435c3532f9\",\"name\":\"Ivan Eftimov\",\"image\":{\"@type\":\"ImageObject\",\"inLanguage\":\"sr-RS\",\"@id\":\"https:\/\/www.geciclaw.com\/#\/schema\/person\/image\/\",\"url\":\"https:\/\/secure.gravatar.com\/avatar\/b01054f24d3bbb4ef412bfacaf71306f068c8e1fab4435328367c58bf6ab606b?s=96&d=mm&r=g\",\"contentUrl\":\"https:\/\/secure.gravatar.com\/avatar\/b01054f24d3bbb4ef412bfacaf71306f068c8e1fab4435328367c58bf6ab606b?s=96&d=mm&r=g\",\"caption\":\"Ivan Eftimov\"},\"url\":\"https:\/\/www.geciclaw.com\/sr\/author\/vanja\/\"}]}<\/script>\n<!-- \/ Yoast SEO plugin. -->","yoast_head_json":{"title":"Bogdan Geci\u0107 za Biznis i finansije o trijumfu na The Lawyer European Awards 2025 | Geci\u0107 Law","description":"Bogdan Geci\u0107 govorio je za Biznis i finansije o zna\u010daju nagrada, evropskoj strategiji kancelarije i budu\u0107nosti advokatske profesije.","robots":{"index":"index","follow":"follow","max-snippet":"max-snippet:-1","max-image-preview":"max-image-preview:large","max-video-preview":"max-video-preview:-1"},"canonical":"https:\/\/www.geciclaw.com\/sr\/bogdan-gecic-biznis-i-finansije\/","og_locale":"sr_RS","og_type":"article","og_title":"Bogdan Geci\u0107 za Biznis i finansije o trijumfu na The Lawyer European Awards 2025 | Geci\u0107 Law","og_description":"Bogdan Geci\u0107 govorio je za Biznis i finansije o zna\u010daju nagrada, evropskoj strategiji kancelarije i budu\u0107nosti advokatske profesije.","og_url":"https:\/\/www.geciclaw.com\/sr\/bogdan-gecic-biznis-i-finansije\/","og_site_name":"Geci\u0107 Law","article_published_time":"2026-01-22T09:10:16+00:00","article_modified_time":"2026-01-22T09:45:35+00:00","og_image":[{"width":1200,"height":630,"url":"https:\/\/www.geciclaw.com\/wp-content\/uploads\/2026\/01\/BiF-1200x630-1.png","type":"image\/png"}],"author":"Ivan Eftimov","twitter_card":"summary_large_image","twitter_misc":{"Napisano od":"Ivan Eftimov","Procenjeno vreme \u010ditanja":"2 minuta"},"schema":{"@context":"https:\/\/schema.org","@graph":[{"@type":"Article","@id":"https:\/\/www.geciclaw.com\/sr\/bogdan-gecic-biznis-i-finansije\/#article","isPartOf":{"@id":"https:\/\/www.geciclaw.com\/sr\/bogdan-gecic-biznis-i-finansije\/"},"author":{"name":"Ivan Eftimov","@id":"https:\/\/www.geciclaw.com\/#\/schema\/person\/f2133a67125e7057bc0c58435c3532f9"},"headline":"Bogdan Geci\u0107 za Biznis i finansije o trijumfu na The Lawyer European Awards 2025","datePublished":"2026-01-22T09:10:16+00:00","dateModified":"2026-01-22T09:45:35+00:00","mainEntityOfPage":{"@id":"https:\/\/www.geciclaw.com\/sr\/bogdan-gecic-biznis-i-finansije\/"},"wordCount":341,"publisher":{"@id":"https:\/\/www.geciclaw.com\/#organization"},"image":{"@id":"https:\/\/www.geciclaw.com\/sr\/bogdan-gecic-biznis-i-finansije\/#primaryimage"},"thumbnailUrl":"https:\/\/www.geciclaw.com\/wp-content\/uploads\/2026\/01\/BiF-1200x630-1.png","keywords":["Advokatska kancelarija Geci\u0107 Law","Bogdan Gecic","Vesti"],"articleSection":["Vesti"],"inLanguage":"sr-RS"},{"@type":"WebPage","@id":"https:\/\/www.geciclaw.com\/sr\/bogdan-gecic-biznis-i-finansije\/","url":"https:\/\/www.geciclaw.com\/sr\/bogdan-gecic-biznis-i-finansije\/","name":"Bogdan Geci\u0107 za Biznis i finansije o trijumfu na The Lawyer European Awards 2025 | Geci\u0107 Law","isPartOf":{"@id":"https:\/\/www.geciclaw.com\/#website"},"primaryImageOfPage":{"@id":"https:\/\/www.geciclaw.com\/sr\/bogdan-gecic-biznis-i-finansije\/#primaryimage"},"image":{"@id":"https:\/\/www.geciclaw.com\/sr\/bogdan-gecic-biznis-i-finansije\/#primaryimage"},"thumbnailUrl":"https:\/\/www.geciclaw.com\/wp-content\/uploads\/2026\/01\/BiF-1200x630-1.png","datePublished":"2026-01-22T09:10:16+00:00","dateModified":"2026-01-22T09:45:35+00:00","description":"Bogdan Geci\u0107 govorio je za Biznis i finansije o zna\u010daju nagrada, evropskoj strategiji kancelarije i budu\u0107nosti advokatske profesije.","breadcrumb":{"@id":"https:\/\/www.geciclaw.com\/sr\/bogdan-gecic-biznis-i-finansije\/#breadcrumb"},"inLanguage":"sr-RS","potentialAction":[{"@type":"ReadAction","target":["https:\/\/www.geciclaw.com\/sr\/bogdan-gecic-biznis-i-finansije\/"]}]},{"@type":"ImageObject","inLanguage":"sr-RS","@id":"https:\/\/www.geciclaw.com\/sr\/bogdan-gecic-biznis-i-finansije\/#primaryimage","url":"https:\/\/www.geciclaw.com\/wp-content\/uploads\/2026\/01\/BiF-1200x630-1.png","contentUrl":"https:\/\/www.geciclaw.com\/wp-content\/uploads\/2026\/01\/BiF-1200x630-1.png","width":1200,"height":630},{"@type":"BreadcrumbList","@id":"https:\/\/www.geciclaw.com\/sr\/bogdan-gecic-biznis-i-finansije\/#breadcrumb","itemListElement":[{"@type":"ListItem","position":1,"name":"Home","item":"https:\/\/www.geciclaw.com\/sr\/"},{"@type":"ListItem","position":2,"name":"Bogdan Geci\u0107 za Biznis i finansije o trijumfu na The Lawyer European Awards 2025"}]},{"@type":"WebSite","@id":"https:\/\/www.geciclaw.com\/#website","url":"https:\/\/www.geciclaw.com\/","name":"Geci\u0107 Law","description":"Advokatska kancelarija","publisher":{"@id":"https:\/\/www.geciclaw.com\/#organization"},"potentialAction":[{"@type":"SearchAction","target":{"@type":"EntryPoint","urlTemplate":"https:\/\/www.geciclaw.com\/?s={search_term_string}"},"query-input":{"@type":"PropertyValueSpecification","valueRequired":true,"valueName":"search_term_string"}}],"inLanguage":"sr-RS"},{"@type":"Organization","@id":"https:\/\/www.geciclaw.com\/#organization","name":"Geci\u0107 Law","url":"https:\/\/www.geciclaw.com\/","logo":{"@type":"ImageObject","inLanguage":"sr-RS","@id":"https:\/\/www.geciclaw.com\/#\/schema\/logo\/image\/","url":"https:\/\/geciclaw.com\/wp-content\/uploads\/2021\/10\/1.png","contentUrl":"https:\/\/geciclaw.com\/wp-content\/uploads\/2021\/10\/1.png","width":1000,"height":409,"caption":"Geci\u0107 Law"},"image":{"@id":"https:\/\/www.geciclaw.com\/#\/schema\/logo\/image\/"}},{"@type":"Person","@id":"https:\/\/www.geciclaw.com\/#\/schema\/person\/f2133a67125e7057bc0c58435c3532f9","name":"Ivan Eftimov","image":{"@type":"ImageObject","inLanguage":"sr-RS","@id":"https:\/\/www.geciclaw.com\/#\/schema\/person\/image\/","url":"https:\/\/secure.gravatar.com\/avatar\/b01054f24d3bbb4ef412bfacaf71306f068c8e1fab4435328367c58bf6ab606b?s=96&d=mm&r=g","contentUrl":"https:\/\/secure.gravatar.com\/avatar\/b01054f24d3bbb4ef412bfacaf71306f068c8e1fab4435328367c58bf6ab606b?s=96&d=mm&r=g","caption":"Ivan Eftimov"},"url":"https:\/\/www.geciclaw.com\/sr\/author\/vanja\/"}]}},"_links":{"self":[{"href":"https:\/\/www.geciclaw.com\/sr\/wp-json\/wp\/v2\/posts\/48404","targetHints":{"allow":["GET"]}}],"collection":[{"href":"https:\/\/www.geciclaw.com\/sr\/wp-json\/wp\/v2\/posts"}],"about":[{"href":"https:\/\/www.geciclaw.com\/sr\/wp-json\/wp\/v2\/types\/post"}],"author":[{"embeddable":true,"href":"https:\/\/www.geciclaw.com\/sr\/wp-json\/wp\/v2\/users\/21"}],"replies":[{"embeddable":true,"href":"https:\/\/www.geciclaw.com\/sr\/wp-json\/wp\/v2\/comments?post=48404"}],"version-history":[{"count":3,"href":"https:\/\/www.geciclaw.com\/sr\/wp-json\/wp\/v2\/posts\/48404\/revisions"}],"predecessor-version":[{"id":48548,"href":"https:\/\/www.geciclaw.com\/sr\/wp-json\/wp\/v2\/posts\/48404\/revisions\/48548"}],"wp:featuredmedia":[{"embeddable":true,"href":"https:\/\/www.geciclaw.com\/sr\/wp-json\/wp\/v2\/media\/48431"}],"wp:attachment":[{"href":"https:\/\/www.geciclaw.com\/sr\/wp-json\/wp\/v2\/media?parent=48404"}],"wp:term":[{"taxonomy":"category","embeddable":true,"href":"https:\/\/www.geciclaw.com\/sr\/wp-json\/wp\/v2\/categories?post=48404"},{"taxonomy":"post_tag","embeddable":true,"href":"https:\/\/www.geciclaw.com\/sr\/wp-json\/wp\/v2\/tags?post=48404"}],"curies":[{"name":"wp","href":"https:\/\/api.w.org\/{rel}","templated":true}]}}