{"id":48525,"date":"2026-01-20T13:24:49","date_gmt":"2026-01-20T12:24:49","guid":{"rendered":"https:\/\/www.geciclaw.com\/?p=48525"},"modified":"2026-01-27T14:59:53","modified_gmt":"2026-01-27T13:59:53","slug":"zastita-advokata-nova-luksemburska-konvencija-saveta-evrope","status":"publish","type":"post","link":"https:\/\/www.geciclaw.com\/sr\/zastita-advokata-nova-luksemburska-konvencija-saveta-evrope\/","title":{"rendered":"Za\u0161tita advokata: Nova &#8222;Luksembur\u0161ka konvencija&#8220; Saveta Evrope"},"content":{"rendered":"<div style=\"text-align: center; margin-top: 20px; margin-bottom: 20px;\"><iframe title=\"YouTube video player\" data-src=\"https:\/\/www.youtube.com\/embed\/FN-4KTCj3w4?si=QIPDMIXrn6W70pBK\" width=\"560\" height=\"315\" frameborder=\"0\" allowfullscreen=\"allowfullscreen\" src=\"data:image\/svg+xml;base64,PHN2ZyB3aWR0aD0iMSIgaGVpZ2h0PSIxIiB4bWxucz0iaHR0cDovL3d3dy53My5vcmcvMjAwMC9zdmciPjwvc3ZnPg==\" class=\"lazyload\" data-load-mode=\"1\"><\/iframe><\/div>\n<p>Povodom obele\u017eavanja Evropskog dana advokata, analiziramo izuzetno va\u017enu konvenciju za advokate \u0161irom sveta. Komitet ministara Saveta Evrope je ove godine usvojio novi sporazum \u010diji je cilj za\u0161tita advokata i njihove profesije. Zvani\u010dno <a href=\"https:\/\/rm.coe.int\/1680b4c6be\"><em>Konvencija za za\u0161titu profesije advokata<\/em><\/a> \u2013 poznata i kao &#8222;Luksembur\u0161ka konvencija&#8220; \u2013 predstavlja prvi me\u0111unarodni sporazum posve\u0107en za\u0161titi advokata, donesen u vreme kada se sve vi\u0161e vr\u0161e napadi i uznemiravanja advokata \u0161irom sveta. Ova veoma va\u017ena konvencija usvojena je 12. marta 2025. godine, a potom je otvorena za potpisivanje 13. maja 2025. godine, tokom sastanka ministara spoljnih poslova Evrope u Luksemburgu. Ova inicijativa odra\u017eava sve \u0161iri konsenzus da advokati igraju klju\u010dnu ulogu u o\u010duvanju vladavine prava i obezbe\u0111ivanju pristupa pravdi, te da stoga zahtevaju eksplicitne garancije bezbednosti i nezavisnosti kako bi obavljali svoju ulogu.<\/p>\n<p data-start=\"1008\" data-end=\"1918\">Neformalni naziv odaje po\u010dast liderstvu Luksemburga \u2013 luksembur\u0161ka vlada je za\u0161titu advokata postavila kao prioritet tokom svog predsedavanja Savetom Evrope, \u0161to je kulminiralo potpisivanjem ugovora u Luksemburgu. Sedamnaest zemalja (uklju\u010duju\u0107i Francusku, Irsku, Italiju i Veliku Britaniju) odmah je potpisalo ugovor u maju 2025. godine, \u010dime je pokazana \u0161iroka politi\u010dka podr\u0161ka. Do oktobra ove godine, broj potpisnica je uve\u0107an na 19 dr\u017eava. Posebno je zna\u010dajno \u0161to je konvencija otvorena za svaku zemlju koja \u017eeli da se pridru\u017ei, \u0161to ukazuje na njen globalni zna\u010daj. Me\u0111utim, ovaj sporazum \u0107e stupiti na snagu tek kada ga ratifikuje najmanje osam zemalja (uklju\u010duju\u0107i \u0161est \u010dlanica Saveta Evrope), \u0161to je proces koji je jo\u0161 uvek u toku, jer potpisnice preduzimaju interne postupke odobravanja. Nekoliko zemalja je zapo\u010delo ratifikaciju i uskla\u0111ivanje svojih doma\u0107ih zakona sa zahtevima konvencije.<\/p>\n<p data-start=\"1008\" data-end=\"1918\">Advokatska komora Srbije je, kroz institucionalnu saradnju sa Ministarstvom pravde i aktivno pra\u0107enje rada Komiteta eksperata Saveta Evrope, dala <a href=\"https:\/\/aks.org.rs\/cir\/k%D0%BE%D0%BD%D0%B2%D0%B5%D0%BD%D1%86%D0%B8%D1%98%D0%B0-%D0%B7%D0%B0-%D0%B7%D0%B0%D1%88%D1%82%D0%B8%D1%82%D1%83-%D0%BF%D1%80%D0%BE%D1%84%D0%B5%D1%81%D0%B8%D1%98%D0%B5-%D0%B0%D0%B4%D0%B2%D0%BE%D0%BA\/\">zna\u010dajan i odgovoran doprinos izradi<\/a> budu\u0107e obavezuju\u0107e evropske konvencije usmerene na ja\u010danje i za\u0161titu advokatske profesije. Usvajanje ove konvencije je privuklo i pa\u017enju <a href=\"https:\/\/en.nuns.rs\/council-of-europe-adopts-international-convention-on-protecting-lawyers\/\">medija i njihovih udru\u017eenja<\/a>.<\/p>\n<h3 data-start=\"1920\" data-end=\"1969\"><strong data-start=\"1920\" data-end=\"1969\">Za\u0161to je potreban sporazum o za\u0161titi advokata?<\/strong><\/h3>\n<p data-start=\"1971\" data-end=\"3010\">Napadi na advokate sve su u\u010destaliji u mnogim zemljama, \u0161to podriva vladavinu prava. Advokati \u0161irom sveta suo\u010davaju se sa pretnjama, uznemiravanjem, opstrukcijama, pa \u010dak i nasiljem, samo zbog toga \u0161to zastupaju svoje klijente ili brane ljudska prava. Ovaj zabrinjavaju\u0107i trend nije ograni\u010den samo na autokratije ili ratom pogo\u0111ene regione \u2013 on se pro\u0161irio i unutar same Evrope. Na primer, holandski branilac <a href=\"https:\/\/www.bbc.com\/news\/world-europe-49740366\">Derk Wiersum<\/a> je 2019. godine ubijen od strane organizovane kriminalne grupe kao odmazda za svoj rad. U nekim dr\u017eavama, politi\u010dari su otvoreno demonizovali advokate (nazivaju\u0107i ih \u201eaktivistima\u201c ili \u201etroublemaker-ima\u201c) zbog toga \u0161to su zastupali nepopularne klijente, \u0161to je dovodilo do <a href=\"https:\/\/www.lawyersforlawyers.org\/newly-adopted-european-convention-provides-backing-for-lawyers\/#:~:text=drafting%20process%20on%20behalf%20of,%E2%80%9D\">stvarnih rizika i napada<\/a>. \u010cak i tamo gde nije do\u0161lo do fizi\u010dkog nasilja, postoje izve\u0161taji o zloupotrebama disciplinskih postupaka, nadzora ili birokratskih prepreka kako bi se advokati <a href=\"https:\/\/www.lawyersforlawyers.org\/newly-adopted-european-convention-provides-backing-for-lawyers\/#:~:text=footing%20and%20played%20the%20devil%E2%80%99s,%E2%80%9D\">zastra\u0161ili ili omeli<\/a> u svom radu. Ovi obrasci pokazuju da nezavisnost i sigurnost advokata vi\u0161e ne mogu biti uzeti zdravo za gotovo, \u010dak ni u demokratskim dru\u0161tvima.<\/p>\n<p data-start=\"3012\" data-end=\"3921\">Do sada su me\u0111unarodne za\u0161tite za advokate postojale samo u formama \u201emekog prava\u201c, u vidu neobavezuju\u0107ih smernica kao \u0161to su <a href=\"https:\/\/www.unodc.org\/pdf\/criminal_justice\/UN_Basic_Principles_on_the_Role_of_Lawyers.pdf\"><em>Osnovni principi UN o ulozi advokata<\/em><\/a> (1990) i <a href=\"https:\/\/search.coe.int\/cm#{%22CoEIdentifier%22:[%2209000016804d0fc8%22],%22sort%22:[%22CoEValidationDate%20Descending%22]}\"><em>Preporuka Saveta Evrope R(2000)21<\/em><\/a> o slobodi obavljanja advokatske profesije. Ti instrumenti su postavili va\u017ene standarde, ali nisu imali zakonsku snagu. Zbog toga su pozivi za kreiranje obavezuju\u0107e konvencije postajali sve \u010de\u0161\u0107i \u2013 \u0161to je postao zahtev koji su podr\u017eale organizacije kao \u0161to su Savet advokatskih komora i pravnih udru\u017eenja Evrope (CCBE) i Advokati za advokate (L4L). CCBE je prvi put predlo\u017eio konvenciju 2017. godine, nagla\u0161avaju\u0107i da su preporuke postale nedovoljne u svetlu eskaliraju\u0107eg pritiska na advokate. Nakon godina zastupanja i stru\u010dnog rada, Savet Evrope je usvojio ovu konvenciju, prepoznaju\u0107i da je za\u0161tita onih koji \u201ebrane branioce\u201c od izuzetne va\u017enosti za o\u010duvanje ljudskih prava i vladavine prava.<\/p>\n<h3 data-start=\"3923\" data-end=\"3973\"><strong data-start=\"3923\" data-end=\"3973\">Klju\u010dne za\u0161tite prema Luksembur\u0161koj konvenciji<\/strong><\/h3>\n<p data-start=\"3975\" data-end=\"4354\">Nova konvencija pretvara prethodne aspirativne principe u zakonske obaveze koje se moraju po\u0161tovati. Obuhvata i pojedina\u010dne advokate i njihove profesionalne organizacije (advokatske komore i pravna udru\u017eenja), sa ciljem da garantuje da advokati mogu obavljati svoje du\u017enosti slobodno, nezavisno i bezbedno. Neke od klju\u010dnih za\u0161tita koje su sadr\u017eane u ovom sporazumu uklju\u010duju:<\/p>\n<ul data-start=\"4356\" data-end=\"6552\">\n<li data-start=\"4356\" data-end=\"4620\">\n<p data-start=\"4358\" data-end=\"4620\"><strong data-start=\"4358\" data-end=\"4389\">Nezavisne advokatske komore<\/strong>: Dr\u017eave moraju obezbediti da advokatske komore budu samostalne i za\u0161ti\u0107ene od bilo kakvog politi\u010dkog ili drugog spoljnog uticaja. Profesionalna tela advokata treba da funkcioni\u0161u nezavisno i brane interese profesije bez dr\u017eavne kontrole.<\/p>\n<\/li>\n<li data-start=\"4624\" data-end=\"4937\">\n<p data-start=\"4626\" data-end=\"4937\"><strong data-start=\"4626\" data-end=\"4678\">Sloboda obavljanja profesije i pristup profesiji<\/strong>: Ulazak u pravnu profesiju mora biti fer i nediskriminatoran. Odluke o licenciranju ili prijemu u profesiju treba da se baziraju na objektivnim kriterijumima i budu podlo\u017ene nezavisnoj sudskoj reviziji, \u010dime se spre\u010dava proizvoljno uskra\u0107ivanje prava na rad.<\/p>\n<\/li>\n<li data-start=\"4939\" data-end=\"5386\">\n<p data-start=\"4941\" data-end=\"5386\"><strong data-start=\"4941\" data-end=\"4989\">Profesionalna prava i poverljivost klijenata<\/strong>: Advokati moraju imati garantovana osnovna funkcionalna prava neophodna za svoj rad, uklju\u010duju\u0107i poverljivost komunikacije sa klijentima, pristup klijentima (uklju\u010duju\u0107i one koji su u pritvoru), pristup predmetima\/\u010dinjenicama i mogu\u0107nost efikasnog u\u010de\u0161\u0107a u postupcima. Bilo kakvo ometanje ovih prava \u2013 kao \u0161to je nezakoniti nadzor, uskra\u0107ivanje pristupa ili oduzimanje materijala \u2013 je zabranjeno.<\/p>\n<\/li>\n<li data-start=\"5388\" data-end=\"5754\">\n<p data-start=\"5390\" data-end=\"5754\"><strong data-start=\"5390\" data-end=\"5422\">Sloboda izra\u017eavanja advokata<\/strong>: Konvencija potvr\u0111uje pravo advokata na slobodu izra\u017eavanja, uklju\u010duju\u0107i pravo da kritikuju i zala\u017eu se za reforme zakona, ljudska prava i pravdu u skladu sa svojom profesionalnom ulogom. Advokati ne bi smeli biti sankcionisani ili proganjani zbog izjava koje su dali u dobroj veri dok brane klijente ili govore o pitanjima pravde.<\/p>\n<\/li>\n<li data-start=\"5756\" data-end=\"6109\">\n<p data-start=\"5758\" data-end=\"6109\"><strong data-start=\"5758\" data-end=\"5804\">Pravedni i nezavisni disciplinski postupci<\/strong>: Disciplinske mere protiv advokata (na primer, suspenzija ili oduzimanje licence) moraju biti tretirane od strane nezavisnih tela i sprovoditi se u skladu sa propisanim procedurama. Konvencija se protivi zloupotrebama disciplinskih mera koje bi mogle biti usmerene na ka\u017enjavanje ili u\u0107utkivanje advokata.<\/p>\n<\/li>\n<li data-start=\"6111\" data-end=\"6552\">\n<p data-start=\"6113\" data-end=\"6552\"><strong data-start=\"6113\" data-end=\"6144\">Za\u0161tita od pretnji i napada<\/strong>: Dr\u017eave su obavezane da preduzmu mere da spre\u010de i re\u0161e svaki oblik uznemiravanja, zastra\u0161ivanja ili nasilja prema advokatima. Organi vlasti ne samo da moraju izbegavati takvu vrstu uticaja, ve\u0107 i aktivno \u0161tititi advokate od napada od strane tre\u0107ih strana. Ukoliko advokat bude napadnut, pod pretnjom ili nepo\u0161teno ometen u svom radu, dr\u017eava mora sprovesti efikasnu istragu i odgovaraju\u0107e procesuirati po\u010dinioce.<\/p>\n<\/li>\n<\/ul>\n<p data-start=\"6554\" data-end=\"7164\">Ove odredbe u celini ja\u010daju princip da advokati treba da obavljaju svoje du\u017enosti bez straha od odmazde ili opstrukcija. Kodifikovanjem ovih garancija u obavezuju\u0107i sporazum, konvencija pru\u017ea advokatima dodatni sloj za\u0161tite iznad postoje\u0107ih ljudskih prava. Mnoga od prava definisanih ovom konvencijom (kao \u0161to su sloboda izra\u017eavanja i garantovanje pravi\u010dnog su\u0111enja) mogu se sprovoditi putem <strong data-start=\"6945\" data-end=\"6980\">Evropskog suda za ljudska prava<\/strong> ako do\u0111e do njihovog kr\u0161enja. U su\u0161tini, <strong data-start=\"7022\" data-end=\"7049\">Luksembur\u0161ka konvencija<\/strong> \u201epretvara najbolje prakse u striktno pravo\u201c, stvaraju\u0107i jasne obaveze za vlade da podr\u017ee i \u0161tite pravnu profesiju.<\/p>\n<h3 data-start=\"7166\" data-end=\"7195\"><strong data-start=\"7166\" data-end=\"7195\">Implementacija i pra\u0107enje<\/strong><\/h3>\n<p data-start=\"7197\" data-end=\"8016\">Kako bi se osiguralo da konvencija ne ostane samo skup apstraktnih re\u010di, uspostavljen je okvir za nadzor i sprovo\u0111enje. Novi ekspertski organ \u2013 Grupa eksperata za za\u0161titu advokata (poznata kao GRAVO) \u2013 bi\u0107e zadu\u017een za nadzor nad sprovo\u0111enjem sporazuma od strane dr\u017eava. Ovaj panel nezavisnih stru\u010dnjaka vr\u0161i\u0107e periodi\u010dne preglede zakona i praksi svake dr\u017eave potpisnice, sprovoditi posete tim zemljama i pokretati hitne istrage u slu\u010dajevima ozbiljnih povreda. Pored GRAVO-a, bi\u0107e formiran i Komitet potpisnica (koji \u010dine predstavnici zemalja koje su se pridru\u017eile konvenciji), koji \u0107e obezbediti politi\u010dki forum za nadzor i kontrolu. Ovi mehanizmi podse\u0107aju na one koji postoje u okviru drugih zna\u010dajnih ljudskoprava\u010dkih ugovora Saveta Evrope, pru\u017eaju\u0107i odgovornost i forum za re\u0161avanje pitanja uskla\u0111enosti.<\/p>\n<h3 data-start=\"8018\" data-end=\"8042\"><strong data-start=\"8018\" data-end=\"8042\">Zna\u010daj i implikacije<\/strong><\/h3>\n<p data-start=\"37\" data-end=\"903\">Usvajanje Luksembur\u0161ke konvencije do\u017eivljeno je kao istorijski korak za pravnu profesiju i vladavinu prava. Po prvi put, vlade su kolektivno potvr\u0111ivanjem ovog obavezuju\u0107eg ugovora izrazile stav da je za\u0161tita advokata klju\u010dna za za\u0161titu prava gra\u0111ana. Ova poruka ima sna\u017ean zna\u010daj: nezavisna pravna profesija nije privilegija advokata, ve\u0107 za\u0161tita za dru\u0161tvo. Kada advokati mogu slobodno zastupati svoje klijente bez straha od zastra\u0161ivanja, <a href=\"https:\/\/arrestedlawyers.org\/2025\/05\/13\/historic-convention-for-protection-of-lawyers-opens-for-signature\/#:~:text=,%E2%80%9D\">pristup pravdi se unapre\u0111uje za sve<\/a>. Kako je predsednik CCBE-a, Thierry Wickers, sa\u017eeto rekao: \u201eOva konvencija nije samo o za\u0161titi advokata; ona je o o\u010duvanju temelja vladavine prava\u201c. Javna poverenja u pravdu raste kada ljudi vide da advokati mogu da preuzmu slu\u010dajeve \u2013 \u010dak i protiv mo\u0107nih interesa \u2013 bez straha. S druge strane, napadi na advokate podrivaju prava na pravi\u010dno su\u0111enje i podsti\u010du impunitet za zlostavljanje.<\/p>\n<p data-start=\"905\" data-end=\"1814\">Podizanjem za\u0161tite advokata na me\u0111unarodni nivo, konvencija tako\u0111e predstavlja novi alat za zagovaranje. Advokatske komore i civilno dru\u0161tvo mogu pozivati na standarde ove konvencije kako bi tra\u017eili reforme u svojim zemljama. Advokati koji su ugro\u017eeni sada imaju jasniji osnov da tra\u017ee postupanje dr\u017eave ili me\u0111unarodnu podr\u0161ku. U zemljama u kojima su advokati proganjani, konvencija pru\u017ea dodatni sloj legitimiteta za njihov slu\u010daj i mogu\u0107nost me\u0111unarodnog pritiska na zadu\u017eene vlade. \u0160tavi\u0161e, nadzor GRAVO-a zna\u010di da nijedna dr\u017eava ne\u0107e mo\u0107i potpisati ugovor a da se ne suo\u010di sa ispitivanjem svog tretmana pravnih stru\u010dnjaka. Ovaj pritisak me\u0111u dr\u017eavama mo\u017ee podsta\u0107i pobolj\u0161anja u zakonodavstvu koje reguli\u0161e obavljanje pravne profesije \u2013 kao \u0161to su ja\u010danje poverljivosti odnosa advokat-klijent, reforma postupaka za prijem u advokaturu ili revizija disciplinskih sistema kako bi se obezbedila nezavisnost.<\/p>\n<p data-start=\"1816\" data-end=\"2689\">Na kraju, <strong data-start=\"1826\" data-end=\"1853\">Luksembur\u0161ka konvencija<\/strong> postavlja globalni presedan. Otvorena je za pristupanje i zemljama izvan Evrope, a njen osnovni princip \u2013 da advokati, kao i sudije i novinari, zaslu\u017euju posebnu za\u0161titu zbog njihove klju\u010dne uloge u dru\u0161tvu \u2013 mogao bi da inspiri\u0161e sli\u010dne inicijative u drugim regijama. Trenutno, konvencija je na putu da postane zlatni standard u ovoj oblasti. Njeno postojanje samo po sebi odra\u017eava priznanje da vladavina prava ne mo\u017ee biti o\u010duvana ako su za\u0161titnici pravde napadani. U budu\u0107nosti, \u0161iroka ratifikacija i verna implementacija ovog ugovora bi\u0107e klju\u010dni faktori za njegov uspeh. Ako bude uspe\u0161na, ona \u0107e oja\u010dati demokratije obezbe\u0111uju\u0107i da oni koji se bore za pravdu mogu to da rade bez straha. Ukratko, <strong data-start=\"2555\" data-end=\"2582\">Luksembur\u0161ka konvencija<\/strong> predstavlja hrabar korak u \u201eodbrani branilaca\u201c, \u0161to na kraju koristi svima koji zavise od pravnog sistema.<\/p>\n<p data-start=\"2691\" data-end=\"2704\"><strong data-start=\"2691\" data-end=\"2704\">Zaklju\u010dak<\/strong><\/p>\n<p data-start=\"2706\" data-end=\"3924\" data-is-last-node=\"\" data-is-only-node=\"\">Nova konvencija Saveta Evrope o za\u0161titi advokata predstavlja monumentalni razvoj u oblasti ljudskih prava i pravne zajednice. Ona adresira prazninu u me\u0111unarodnom pravu i odgovara na hitnu stvarnost sa kojom se advokati suo\u010davaju u mnogim zemljama. Formalnim obavezivanjem dr\u017eava da po\u0161tuju i \u0161tite nezavisnost advokata, Luksembur\u0161ka konvencija oja\u010dava infrastrukturu vladavine prava od temelja pa do vrha. Kako dr\u017eave budu ratifikovale i implementirale ovaj ugovor, mo\u017eemo o\u010dekivati ja\u010de garancije da advokati \u2013 bilo da se bore protiv korupcije, brane politi\u010dke zatvorenike ili jednostavno savetuju obi\u010dne gra\u0111ane \u2013 mogu obavljati svoje du\u017enosti bez zastra\u0161ivanja. To \u0107e, zauzvrat, unaprediti pristup pravdi gra\u0111anima i poverenje u pravne sisteme. Put konvencije je tek po\u010deo (jo\u0161 uvek \u010deka potrebnu ratifikaciju da stupi na snagu), ali samo njeno usvajanje predstavlja svetionik nade. Ona ozna\u010dava da Evropa, a nadajmo se i svet, prepoznaje da je za\u0161tita onih koji \u0161tite na\u0161a prava ne\u0161to \u0161to je neprihvatljivo za pregovaranje. Luksembur\u0161ka konvencija je obe\u0107anje da nijedan advokat ne bi trebalo da se suo\u010di sa progonstvom zbog obavljanja svog posla, a to obe\u0107anje, kada bude ispunjeno, koristi\u0107e svima nama.<\/p>\n<p>PDF verziju Konvencije mo\u017eete preuzeti <a href=\"https:\/\/www.geciclaw.com\/wp-content\/uploads\/2026\/01\/Konvencija-zastita-advokatske-profesije-prevod.pdf\">ovde<\/a>.<\/p>\n","protected":false},"excerpt":{"rendered":"<p>Povodom obele\u017eavanja Evropskog dana advokata, analiziramo izuzetno va\u017enu konvenciju za advokate \u0161irom sveta. Komitet ministara Saveta Evrope je ove godine usvojio novi sporazum \u010diji je cilj za\u0161tita advokata i njihove profesije. Zvani\u010dno Konvencija za za\u0161titu profesije advokata \u2013 poznata i kao &#8222;Luksembur\u0161ka konvencija&#8220; \u2013 predstavlja prvi me\u0111unarodni sporazum posve\u0107en za\u0161titi advokata, donesen u vreme kada se sve vi\u0161e vr\u0161e napadi i uznemiravanja advokata \u0161irom sveta. Ova veoma va\u017ena konvencija usvojena je 12. marta 2025. godine, a potom je otvorena za potpisivanje 13. maja 2025. godine, tokom sastanka ministara spoljnih poslova Evrope u Luksemburgu. Ova inicijativa odra\u017eava sve \u0161iri konsenzus da [&hellip;]<\/p>\n","protected":false},"author":21,"featured_media":48518,"comment_status":"closed","ping_status":"open","sticky":false,"template":"","format":"standard","meta":{"om_disable_all_campaigns":false,"footnotes":""},"categories":[1534,1538,1549,1607,1824],"tags":[469,667],"class_list":["post-48525","post","type-post","status-publish","format-standard","has-post-thumbnail","hentry","category-evropsko-pravo","category-upravno-pravo-opsta-regulativa","category-zakonodavna-drzavna-pitanja","category-najnovije","category-eu-law-sr","tag-gecic-law-firm-serbia-sr","tag-european-law-sr"],"acf":[],"yoast_head":"<!-- This site is optimized with the Yoast SEO plugin v25.5 - https:\/\/yoast.com\/wordpress\/plugins\/seo\/ -->\n<title>Za\u0161tita advokata: Nova &quot;Luksembur\u0161ka konvencija&quot; Saveta Evrope | Geci\u0107 Law<\/title>\n<meta name=\"description\" content=\"Komitet ministara Saveta Evrope je ove godine usvojio novi sporazum \u010diji je cilj za\u0161tita advokata i njihove profesije.\" \/>\n<meta name=\"robots\" content=\"index, follow, max-snippet:-1, max-image-preview:large, max-video-preview:-1\" \/>\n<link rel=\"canonical\" href=\"https:\/\/www.geciclaw.com\/sr\/zastita-advokata-nova-luksemburska-konvencija-saveta-evrope\/\" \/>\n<meta property=\"og:locale\" content=\"sr_RS\" \/>\n<meta property=\"og:type\" content=\"article\" \/>\n<meta property=\"og:title\" content=\"Za\u0161tita advokata: Nova &quot;Luksembur\u0161ka konvencija&quot; Saveta Evrope | Geci\u0107 Law\" \/>\n<meta property=\"og:description\" content=\"Komitet ministara Saveta Evrope je ove godine usvojio novi sporazum \u010diji je cilj za\u0161tita advokata i njihove profesije.\" \/>\n<meta property=\"og:url\" content=\"https:\/\/www.geciclaw.com\/sr\/zastita-advokata-nova-luksemburska-konvencija-saveta-evrope\/\" \/>\n<meta property=\"og:site_name\" content=\"Geci\u0107 Law\" \/>\n<meta property=\"article:published_time\" content=\"2026-01-20T12:24:49+00:00\" \/>\n<meta property=\"article:modified_time\" content=\"2026-01-27T13:59:53+00:00\" \/>\n<meta property=\"og:image\" content=\"https:\/\/www.geciclaw.com\/wp-content\/uploads\/2026\/01\/Copy-of-Copy-of-Copy-of-Copy-of-Copy-of-Copy-of-Copy-of-Copy-of-Copy-of-Copy-of-Copy-of-CBAM-update-770-x-420-px-1200-x-630-px.png\" \/>\n\t<meta property=\"og:image:width\" content=\"1200\" \/>\n\t<meta property=\"og:image:height\" content=\"630\" \/>\n\t<meta property=\"og:image:type\" content=\"image\/png\" \/>\n<meta name=\"author\" content=\"Ivan Eftimov\" \/>\n<meta name=\"twitter:card\" content=\"summary_large_image\" \/>\n<meta name=\"twitter:label1\" content=\"Napisano od\" \/>\n\t<meta name=\"twitter:data1\" content=\"Ivan Eftimov\" \/>\n\t<meta name=\"twitter:label2\" content=\"Procenjeno vreme \u010ditanja\" \/>\n\t<meta name=\"twitter:data2\" content=\"8 minuta\" \/>\n<script type=\"application\/ld+json\" class=\"yoast-schema-graph\">{\"@context\":\"https:\/\/schema.org\",\"@graph\":[{\"@type\":\"Article\",\"@id\":\"https:\/\/www.geciclaw.com\/sr\/zastita-advokata-nova-luksemburska-konvencija-saveta-evrope\/#article\",\"isPartOf\":{\"@id\":\"https:\/\/www.geciclaw.com\/sr\/zastita-advokata-nova-luksemburska-konvencija-saveta-evrope\/\"},\"author\":{\"name\":\"Ivan Eftimov\",\"@id\":\"https:\/\/www.geciclaw.com\/#\/schema\/person\/f2133a67125e7057bc0c58435c3532f9\"},\"headline\":\"Za\u0161tita advokata: Nova &#8222;Luksembur\u0161ka konvencija&#8220; Saveta Evrope\",\"datePublished\":\"2026-01-20T12:24:49+00:00\",\"dateModified\":\"2026-01-27T13:59:53+00:00\",\"mainEntityOfPage\":{\"@id\":\"https:\/\/www.geciclaw.com\/sr\/zastita-advokata-nova-luksemburska-konvencija-saveta-evrope\/\"},\"wordCount\":1976,\"publisher\":{\"@id\":\"https:\/\/www.geciclaw.com\/#organization\"},\"image\":{\"@id\":\"https:\/\/www.geciclaw.com\/sr\/zastita-advokata-nova-luksemburska-konvencija-saveta-evrope\/#primaryimage\"},\"thumbnailUrl\":\"https:\/\/www.geciclaw.com\/wp-content\/uploads\/2026\/01\/Copy-of-Copy-of-Copy-of-Copy-of-Copy-of-Copy-of-Copy-of-Copy-of-Copy-of-Copy-of-Copy-of-CBAM-update-770-x-420-px-1200-x-630-px.png\",\"keywords\":[\"Advokatska kancelarija Geci\u0107 Law\",\"Evropsko pravo\"],\"articleSection\":[\"Evropsko pravo\",\"Upravno pravo i op\u0161ta regulativa\",\"Zakonodavna i dr\u017eavna pitanja\",\"Najnovije\",\"EU Law\"],\"inLanguage\":\"sr-RS\"},{\"@type\":\"WebPage\",\"@id\":\"https:\/\/www.geciclaw.com\/sr\/zastita-advokata-nova-luksemburska-konvencija-saveta-evrope\/\",\"url\":\"https:\/\/www.geciclaw.com\/sr\/zastita-advokata-nova-luksemburska-konvencija-saveta-evrope\/\",\"name\":\"Za\u0161tita advokata: Nova \\\"Luksembur\u0161ka konvencija\\\" Saveta Evrope | Geci\u0107 Law\",\"isPartOf\":{\"@id\":\"https:\/\/www.geciclaw.com\/#website\"},\"primaryImageOfPage\":{\"@id\":\"https:\/\/www.geciclaw.com\/sr\/zastita-advokata-nova-luksemburska-konvencija-saveta-evrope\/#primaryimage\"},\"image\":{\"@id\":\"https:\/\/www.geciclaw.com\/sr\/zastita-advokata-nova-luksemburska-konvencija-saveta-evrope\/#primaryimage\"},\"thumbnailUrl\":\"https:\/\/www.geciclaw.com\/wp-content\/uploads\/2026\/01\/Copy-of-Copy-of-Copy-of-Copy-of-Copy-of-Copy-of-Copy-of-Copy-of-Copy-of-Copy-of-Copy-of-CBAM-update-770-x-420-px-1200-x-630-px.png\",\"datePublished\":\"2026-01-20T12:24:49+00:00\",\"dateModified\":\"2026-01-27T13:59:53+00:00\",\"description\":\"Komitet ministara Saveta Evrope je ove godine usvojio novi sporazum \u010diji je cilj za\u0161tita advokata i njihove profesije.\",\"breadcrumb\":{\"@id\":\"https:\/\/www.geciclaw.com\/sr\/zastita-advokata-nova-luksemburska-konvencija-saveta-evrope\/#breadcrumb\"},\"inLanguage\":\"sr-RS\",\"potentialAction\":[{\"@type\":\"ReadAction\",\"target\":[\"https:\/\/www.geciclaw.com\/sr\/zastita-advokata-nova-luksemburska-konvencija-saveta-evrope\/\"]}]},{\"@type\":\"ImageObject\",\"inLanguage\":\"sr-RS\",\"@id\":\"https:\/\/www.geciclaw.com\/sr\/zastita-advokata-nova-luksemburska-konvencija-saveta-evrope\/#primaryimage\",\"url\":\"https:\/\/www.geciclaw.com\/wp-content\/uploads\/2026\/01\/Copy-of-Copy-of-Copy-of-Copy-of-Copy-of-Copy-of-Copy-of-Copy-of-Copy-of-Copy-of-Copy-of-CBAM-update-770-x-420-px-1200-x-630-px.png\",\"contentUrl\":\"https:\/\/www.geciclaw.com\/wp-content\/uploads\/2026\/01\/Copy-of-Copy-of-Copy-of-Copy-of-Copy-of-Copy-of-Copy-of-Copy-of-Copy-of-Copy-of-Copy-of-CBAM-update-770-x-420-px-1200-x-630-px.png\",\"width\":1200,\"height\":630},{\"@type\":\"BreadcrumbList\",\"@id\":\"https:\/\/www.geciclaw.com\/sr\/zastita-advokata-nova-luksemburska-konvencija-saveta-evrope\/#breadcrumb\",\"itemListElement\":[{\"@type\":\"ListItem\",\"position\":1,\"name\":\"Home\",\"item\":\"https:\/\/www.geciclaw.com\/sr\/\"},{\"@type\":\"ListItem\",\"position\":2,\"name\":\"Za\u0161tita advokata: Nova &#8220;Luksembur\u0161ka konvencija&#8221; Saveta Evrope\"}]},{\"@type\":\"WebSite\",\"@id\":\"https:\/\/www.geciclaw.com\/#website\",\"url\":\"https:\/\/www.geciclaw.com\/\",\"name\":\"Geci\u0107 Law\",\"description\":\"Advokatska kancelarija\",\"publisher\":{\"@id\":\"https:\/\/www.geciclaw.com\/#organization\"},\"potentialAction\":[{\"@type\":\"SearchAction\",\"target\":{\"@type\":\"EntryPoint\",\"urlTemplate\":\"https:\/\/www.geciclaw.com\/?s={search_term_string}\"},\"query-input\":{\"@type\":\"PropertyValueSpecification\",\"valueRequired\":true,\"valueName\":\"search_term_string\"}}],\"inLanguage\":\"sr-RS\"},{\"@type\":\"Organization\",\"@id\":\"https:\/\/www.geciclaw.com\/#organization\",\"name\":\"Geci\u0107 Law\",\"url\":\"https:\/\/www.geciclaw.com\/\",\"logo\":{\"@type\":\"ImageObject\",\"inLanguage\":\"sr-RS\",\"@id\":\"https:\/\/www.geciclaw.com\/#\/schema\/logo\/image\/\",\"url\":\"https:\/\/geciclaw.com\/wp-content\/uploads\/2021\/10\/1.png\",\"contentUrl\":\"https:\/\/geciclaw.com\/wp-content\/uploads\/2021\/10\/1.png\",\"width\":1000,\"height\":409,\"caption\":\"Geci\u0107 Law\"},\"image\":{\"@id\":\"https:\/\/www.geciclaw.com\/#\/schema\/logo\/image\/\"}},{\"@type\":\"Person\",\"@id\":\"https:\/\/www.geciclaw.com\/#\/schema\/person\/f2133a67125e7057bc0c58435c3532f9\",\"name\":\"Ivan Eftimov\",\"image\":{\"@type\":\"ImageObject\",\"inLanguage\":\"sr-RS\",\"@id\":\"https:\/\/www.geciclaw.com\/#\/schema\/person\/image\/\",\"url\":\"https:\/\/secure.gravatar.com\/avatar\/b01054f24d3bbb4ef412bfacaf71306f068c8e1fab4435328367c58bf6ab606b?s=96&d=mm&r=g\",\"contentUrl\":\"https:\/\/secure.gravatar.com\/avatar\/b01054f24d3bbb4ef412bfacaf71306f068c8e1fab4435328367c58bf6ab606b?s=96&d=mm&r=g\",\"caption\":\"Ivan Eftimov\"},\"url\":\"https:\/\/www.geciclaw.com\/sr\/author\/vanja\/\"}]}<\/script>\n<!-- \/ Yoast SEO plugin. -->","yoast_head_json":{"title":"Za\u0161tita advokata: Nova \"Luksembur\u0161ka konvencija\" Saveta Evrope | Geci\u0107 Law","description":"Komitet ministara Saveta Evrope je ove godine usvojio novi sporazum \u010diji je cilj za\u0161tita advokata i njihove profesije.","robots":{"index":"index","follow":"follow","max-snippet":"max-snippet:-1","max-image-preview":"max-image-preview:large","max-video-preview":"max-video-preview:-1"},"canonical":"https:\/\/www.geciclaw.com\/sr\/zastita-advokata-nova-luksemburska-konvencija-saveta-evrope\/","og_locale":"sr_RS","og_type":"article","og_title":"Za\u0161tita advokata: Nova \"Luksembur\u0161ka konvencija\" Saveta Evrope | Geci\u0107 Law","og_description":"Komitet ministara Saveta Evrope je ove godine usvojio novi sporazum \u010diji je cilj za\u0161tita advokata i njihove profesije.","og_url":"https:\/\/www.geciclaw.com\/sr\/zastita-advokata-nova-luksemburska-konvencija-saveta-evrope\/","og_site_name":"Geci\u0107 Law","article_published_time":"2026-01-20T12:24:49+00:00","article_modified_time":"2026-01-27T13:59:53+00:00","og_image":[{"width":1200,"height":630,"url":"https:\/\/www.geciclaw.com\/wp-content\/uploads\/2026\/01\/Copy-of-Copy-of-Copy-of-Copy-of-Copy-of-Copy-of-Copy-of-Copy-of-Copy-of-Copy-of-Copy-of-CBAM-update-770-x-420-px-1200-x-630-px.png","type":"image\/png"}],"author":"Ivan Eftimov","twitter_card":"summary_large_image","twitter_misc":{"Napisano od":"Ivan Eftimov","Procenjeno vreme \u010ditanja":"8 minuta"},"schema":{"@context":"https:\/\/schema.org","@graph":[{"@type":"Article","@id":"https:\/\/www.geciclaw.com\/sr\/zastita-advokata-nova-luksemburska-konvencija-saveta-evrope\/#article","isPartOf":{"@id":"https:\/\/www.geciclaw.com\/sr\/zastita-advokata-nova-luksemburska-konvencija-saveta-evrope\/"},"author":{"name":"Ivan Eftimov","@id":"https:\/\/www.geciclaw.com\/#\/schema\/person\/f2133a67125e7057bc0c58435c3532f9"},"headline":"Za\u0161tita advokata: Nova &#8222;Luksembur\u0161ka konvencija&#8220; Saveta Evrope","datePublished":"2026-01-20T12:24:49+00:00","dateModified":"2026-01-27T13:59:53+00:00","mainEntityOfPage":{"@id":"https:\/\/www.geciclaw.com\/sr\/zastita-advokata-nova-luksemburska-konvencija-saveta-evrope\/"},"wordCount":1976,"publisher":{"@id":"https:\/\/www.geciclaw.com\/#organization"},"image":{"@id":"https:\/\/www.geciclaw.com\/sr\/zastita-advokata-nova-luksemburska-konvencija-saveta-evrope\/#primaryimage"},"thumbnailUrl":"https:\/\/www.geciclaw.com\/wp-content\/uploads\/2026\/01\/Copy-of-Copy-of-Copy-of-Copy-of-Copy-of-Copy-of-Copy-of-Copy-of-Copy-of-Copy-of-Copy-of-CBAM-update-770-x-420-px-1200-x-630-px.png","keywords":["Advokatska kancelarija Geci\u0107 Law","Evropsko pravo"],"articleSection":["Evropsko pravo","Upravno pravo i op\u0161ta regulativa","Zakonodavna i dr\u017eavna pitanja","Najnovije","EU Law"],"inLanguage":"sr-RS"},{"@type":"WebPage","@id":"https:\/\/www.geciclaw.com\/sr\/zastita-advokata-nova-luksemburska-konvencija-saveta-evrope\/","url":"https:\/\/www.geciclaw.com\/sr\/zastita-advokata-nova-luksemburska-konvencija-saveta-evrope\/","name":"Za\u0161tita advokata: Nova \"Luksembur\u0161ka konvencija\" Saveta Evrope | Geci\u0107 Law","isPartOf":{"@id":"https:\/\/www.geciclaw.com\/#website"},"primaryImageOfPage":{"@id":"https:\/\/www.geciclaw.com\/sr\/zastita-advokata-nova-luksemburska-konvencija-saveta-evrope\/#primaryimage"},"image":{"@id":"https:\/\/www.geciclaw.com\/sr\/zastita-advokata-nova-luksemburska-konvencija-saveta-evrope\/#primaryimage"},"thumbnailUrl":"https:\/\/www.geciclaw.com\/wp-content\/uploads\/2026\/01\/Copy-of-Copy-of-Copy-of-Copy-of-Copy-of-Copy-of-Copy-of-Copy-of-Copy-of-Copy-of-Copy-of-CBAM-update-770-x-420-px-1200-x-630-px.png","datePublished":"2026-01-20T12:24:49+00:00","dateModified":"2026-01-27T13:59:53+00:00","description":"Komitet ministara Saveta Evrope je ove godine usvojio novi sporazum \u010diji je cilj za\u0161tita advokata i njihove profesije.","breadcrumb":{"@id":"https:\/\/www.geciclaw.com\/sr\/zastita-advokata-nova-luksemburska-konvencija-saveta-evrope\/#breadcrumb"},"inLanguage":"sr-RS","potentialAction":[{"@type":"ReadAction","target":["https:\/\/www.geciclaw.com\/sr\/zastita-advokata-nova-luksemburska-konvencija-saveta-evrope\/"]}]},{"@type":"ImageObject","inLanguage":"sr-RS","@id":"https:\/\/www.geciclaw.com\/sr\/zastita-advokata-nova-luksemburska-konvencija-saveta-evrope\/#primaryimage","url":"https:\/\/www.geciclaw.com\/wp-content\/uploads\/2026\/01\/Copy-of-Copy-of-Copy-of-Copy-of-Copy-of-Copy-of-Copy-of-Copy-of-Copy-of-Copy-of-Copy-of-CBAM-update-770-x-420-px-1200-x-630-px.png","contentUrl":"https:\/\/www.geciclaw.com\/wp-content\/uploads\/2026\/01\/Copy-of-Copy-of-Copy-of-Copy-of-Copy-of-Copy-of-Copy-of-Copy-of-Copy-of-Copy-of-Copy-of-CBAM-update-770-x-420-px-1200-x-630-px.png","width":1200,"height":630},{"@type":"BreadcrumbList","@id":"https:\/\/www.geciclaw.com\/sr\/zastita-advokata-nova-luksemburska-konvencija-saveta-evrope\/#breadcrumb","itemListElement":[{"@type":"ListItem","position":1,"name":"Home","item":"https:\/\/www.geciclaw.com\/sr\/"},{"@type":"ListItem","position":2,"name":"Za\u0161tita advokata: Nova &#8220;Luksembur\u0161ka konvencija&#8221; Saveta Evrope"}]},{"@type":"WebSite","@id":"https:\/\/www.geciclaw.com\/#website","url":"https:\/\/www.geciclaw.com\/","name":"Geci\u0107 Law","description":"Advokatska kancelarija","publisher":{"@id":"https:\/\/www.geciclaw.com\/#organization"},"potentialAction":[{"@type":"SearchAction","target":{"@type":"EntryPoint","urlTemplate":"https:\/\/www.geciclaw.com\/?s={search_term_string}"},"query-input":{"@type":"PropertyValueSpecification","valueRequired":true,"valueName":"search_term_string"}}],"inLanguage":"sr-RS"},{"@type":"Organization","@id":"https:\/\/www.geciclaw.com\/#organization","name":"Geci\u0107 Law","url":"https:\/\/www.geciclaw.com\/","logo":{"@type":"ImageObject","inLanguage":"sr-RS","@id":"https:\/\/www.geciclaw.com\/#\/schema\/logo\/image\/","url":"https:\/\/geciclaw.com\/wp-content\/uploads\/2021\/10\/1.png","contentUrl":"https:\/\/geciclaw.com\/wp-content\/uploads\/2021\/10\/1.png","width":1000,"height":409,"caption":"Geci\u0107 Law"},"image":{"@id":"https:\/\/www.geciclaw.com\/#\/schema\/logo\/image\/"}},{"@type":"Person","@id":"https:\/\/www.geciclaw.com\/#\/schema\/person\/f2133a67125e7057bc0c58435c3532f9","name":"Ivan Eftimov","image":{"@type":"ImageObject","inLanguage":"sr-RS","@id":"https:\/\/www.geciclaw.com\/#\/schema\/person\/image\/","url":"https:\/\/secure.gravatar.com\/avatar\/b01054f24d3bbb4ef412bfacaf71306f068c8e1fab4435328367c58bf6ab606b?s=96&d=mm&r=g","contentUrl":"https:\/\/secure.gravatar.com\/avatar\/b01054f24d3bbb4ef412bfacaf71306f068c8e1fab4435328367c58bf6ab606b?s=96&d=mm&r=g","caption":"Ivan Eftimov"},"url":"https:\/\/www.geciclaw.com\/sr\/author\/vanja\/"}]}},"_links":{"self":[{"href":"https:\/\/www.geciclaw.com\/sr\/wp-json\/wp\/v2\/posts\/48525","targetHints":{"allow":["GET"]}}],"collection":[{"href":"https:\/\/www.geciclaw.com\/sr\/wp-json\/wp\/v2\/posts"}],"about":[{"href":"https:\/\/www.geciclaw.com\/sr\/wp-json\/wp\/v2\/types\/post"}],"author":[{"embeddable":true,"href":"https:\/\/www.geciclaw.com\/sr\/wp-json\/wp\/v2\/users\/21"}],"replies":[{"embeddable":true,"href":"https:\/\/www.geciclaw.com\/sr\/wp-json\/wp\/v2\/comments?post=48525"}],"version-history":[{"count":7,"href":"https:\/\/www.geciclaw.com\/sr\/wp-json\/wp\/v2\/posts\/48525\/revisions"}],"predecessor-version":[{"id":48588,"href":"https:\/\/www.geciclaw.com\/sr\/wp-json\/wp\/v2\/posts\/48525\/revisions\/48588"}],"wp:featuredmedia":[{"embeddable":true,"href":"https:\/\/www.geciclaw.com\/sr\/wp-json\/wp\/v2\/media\/48518"}],"wp:attachment":[{"href":"https:\/\/www.geciclaw.com\/sr\/wp-json\/wp\/v2\/media?parent=48525"}],"wp:term":[{"taxonomy":"category","embeddable":true,"href":"https:\/\/www.geciclaw.com\/sr\/wp-json\/wp\/v2\/categories?post=48525"},{"taxonomy":"post_tag","embeddable":true,"href":"https:\/\/www.geciclaw.com\/sr\/wp-json\/wp\/v2\/tags?post=48525"}],"curies":[{"name":"wp","href":"https:\/\/api.w.org\/{rel}","templated":true}]}}