{"id":48697,"date":"2026-02-12T09:57:20","date_gmt":"2026-02-12T08:57:20","guid":{"rendered":"https:\/\/www.geciclaw.com\/?p=48697"},"modified":"2026-02-12T10:36:29","modified_gmt":"2026-02-12T09:36:29","slug":"telekom-srbija-priznanje-emisiju-obveznica","status":"publish","type":"post","link":"https:\/\/www.geciclaw.com\/sr\/telekom-srbija-priznanje-emisiju-obveznica\/","title":{"rendered":"Telekom Srbija grupa dobila priznanje za prvu emisiju obveznica na me\u0111unarodnom tr\u017ei\u0161tu"},"content":{"rendered":"<p data-start=\"0\" data-end=\"436\">Geci\u0107 Law sa ponosom upu\u0107uje \u010destitke Telekom Srbija grupi povodom osvajanja nagrade <a href=\"https:\/\/www.tmtfinance.com\/emea\/awards\/winners\">Europe Telecom Deal of the Year \u2013 Financing<\/a> na dodeli presti\u017enih nagrada <strong data-start=\"206\" data-end=\"238\">TMT Finance Awards EMEA 2026<\/strong>. Ova nagrada predstavlja priznanje za emisiju Euroobveznice Telekom Srbija grupe na me\u0111unarodnom tr\u017ei\u0161tu u iznosu od 900 miliona dolara kao jedno od najzna\u010dajnijih finansiranja u oblasti telekomunikacija u regionu.<\/p>\n<p data-start=\"438\" data-end=\"759\">Prilikom objave rezultata, TMT Finance je istakao ono \u0161to je tr\u017ei\u0161tu ve\u0107 poznato: re\u010d je o prvoj transakciji koja ove vrste u celom regionu. Ujedno, uspostavljen je i referentni standard za emitente iz evropskih jurisdikcija u razvoju na me\u0111unarodnom tr\u017ei\u0161tu kapitala.<\/p>\n<h3 data-start=\"761\" data-end=\"822\"><strong>Nagrada za prvu transakciju ove vrste u regionu<\/strong><\/h3>\n<p data-start=\"824\" data-end=\"1148\">Ovo je priznanje za prvi iskorak na me\u0111unarodno tr\u017ei\u0161te kapitala iz ovog regiona. Telekom Srbija je u oktobru 2024, kao prva kompanija sa Zapadnog Balkana, iza\u0161ao na evropsku berzu i izdao obveznice na me\u0111unarodnom tr\u017ei\u0161tu kapitala u vrednosti od 900 miliona dolara, a uz interesovanje najuglednijih investitora.<\/p>\n<p data-start=\"1150\" data-end=\"1493\">Prema javnim saop\u0161tenjima Telekom Srbija u trenutku emitovanja, potra\u017enja investitora dostigla je pribli\u017eno 5,5 milijardi ameri\u010dkih dolara, \u0161to je oko sedam puta vi\u0161e od ponu\u0111enog obima emisije. Transakcija je potvrdila sna\u017ean me\u0111unarodni apetit za kvalitetnim transakcijama iz Balkana i \u0161ireg regiona Centralne i Isto\u010dne Evrope (CEE).<\/p>\n<h3 data-start=\"1495\" data-end=\"1521\"><strong>Savetnici i institucije<\/strong><\/h3>\n<p data-start=\"1523\" data-end=\"1714\">Geci\u0107 Law je u ovoj transakciji nastupao kao vode\u0107i lokalni pravni savetnik Telekom Srbija, uz blisku koordinaciju sa kancelarijom Clifford Chance kao me\u0111unarodnim pravnim savetnikom.<\/p>\n<p data-start=\"1716\" data-end=\"1856\">U transakciji su u\u010destvovale slede\u0107e banke: BNP Paribas, Bank of America, Deutsche Bank, Erste Group, Raiffeisen Bank, UniCredit i MUFG.<\/p>\n<p data-start=\"1858\" data-end=\"2042\">Prema javno dostupnim informacijama, pravni savetnici organizatora emisije (bookrunners) bili su King &amp; Spalding International, kao i AOD Petriki\u0107 i Partneri u saradnji sa CMS.<\/p>\n<h3 data-start=\"2044\" data-end=\"2057\"><strong>Na\u0161a uloga<\/strong><\/h3>\n<p data-start=\"2059\" data-end=\"3158\">Kao lokalni pravni savetnik Telekom Srbija, timovi Geci\u0107 Law iz oblasti bankarstva i finansija, korporativnog prava i administrativno-regulatornih poslova pru\u017eili su podr\u0161ku transakciji u nekoliko klju\u010dnih oblasti &#8211; od uskla\u0111enosti sa prekograni\u010dnim zahtevima i regulatornim obavezama u vi\u0161e jurisdikcija, do podr\u0161ke u realizaciji zajedno sa \u0161irim me\u0111unarodnim timom savetnika. Na\u0161a uloga obuhvatila je regulatornu analizu i pribavljanje odobrenja, izradu i usagla\u0161avanje objava po doma\u0107em pravu i faktora rizika, davanje mi\u0161ljenja u pogledu punova\u017enosti, izvr\u0161ivosti i pravne sposobnosti, koordinaciju aspekata srpskog prava u transakcionoj dokumentaciji, kao i uskla\u0111ivanje me\u0111unarodne dokumentacije tr\u017ei\u0161ta kapitala sa srpskim regulatornim i korporativnim zahtevima. Tako\u0111e smo savetovali u vezi sa pravnim tokovima povezanim sa kreditnim rejtingom, te nastavljamo da savetujemo Telekom Srbija i nakon emitovanja u pogledu kontinuiranih obaveza objavljivanja, izve\u0161tavanja prema imaocima obveznica i regulatornih pitanja pred Narodnom bankom Srbije.<\/p>\n<p data-start=\"3160\" data-end=\"3230\"><a href=\"https:\/\/www.geciclaw.com\/sr\/gecic-bogdan\/\">Bogdan Geci\u0107<\/a>, osniva\u010d i partner kancelarije Geci\u0107 Law, izjavio je:<\/p>\n<blockquote>\n<p data-start=\"3232\" data-end=\"3630\">\u201eOva nagrada je vi\u0161e od priznanja. To je me\u0111unarodna potvrda da jedna hrabra prva transakcija iz na\u0161eg regiona mo\u017ee da postavi novi standard. Bilo nam je zadovoljstvo i velika \u010dast da podr\u017eimo Telekom Srbija u ovoj pionirskoj transakciji koja je otvorila vrata me\u0111unarodnim tr\u017ei\u0161tima kapitala za na\u0161 region. \u010cestitamo timu Telekom Srbija na ambiciji, disciplini i realizaciji koja je ovo u\u010dinila mogu\u0107im.\u201c<\/p>\n<\/blockquote>\n<p data-start=\"3632\" data-end=\"3843\">Tim Geci\u0107 Law \u010dinili su partneri Bogdan Geci\u0107, <a href=\"https:\/\/www.geciclaw.com\/sr\/colic-ognjen\/\">Ognjen Coli\u0107<\/a> i <a href=\"https:\/\/www.geciclaw.com\/sr\/miodrag-jevtic\/miodrag-jevtic-2\/\">Miodrag Jevti\u0107<\/a>; advokat <a href=\"https:\/\/www.geciclaw.com\/sr\/milos-petakovic\/milos-petakovic-2\/\">Milo\u0161 Petakovi\u0107<\/a>; stariji saradnici <a href=\"https:\/\/www.geciclaw.com\/sr\/popovic-zarko\/\">\u017darko Popovi\u0107<\/a>; i saradnici <a href=\"https:\/\/www.geciclaw.com\/sr\/vasilije-boskovic\/vasilije-boskovic-2\/\">Vasilije Bo\u0161kovi\u0107<\/a>, <a href=\"https:\/\/www.geciclaw.com\/sr\/nikola-ivkovic1\/\">Nikola Ivkovi\u0107<\/a> i <a href=\"https:\/\/www.geciclaw.com\/sr\/marko-jovic\/marko-jovic-2\/\">Marko Jovi\u0107<\/a>.<\/p>\n<p data-start=\"3845\" data-end=\"3939\">Majstorski primer ostvarenja pristupa globalnom kapitalu za Evropu u razvoju &#8211; a ovo je tek po\u010detak.<\/p>\n<h3 data-start=\"3941\" data-end=\"3953\"><strong>O nagradi<\/strong><\/h3>\n<p data-start=\"3955\" data-end=\"4225\">TMT Finance Awards EMEA spadaja me\u0111u najuglednija priznanja za transakcije i investicije u sektoru telekomunikacija, medija i tehnologije. Nezavisni \u017eiri bira dobitnike i nagra\u0111uje izvrsnost u transakcijama finansiranja, M&amp;A i digitalne infrastrukture na tr\u017ei\u0161tu EMEA.<\/p>\n<p data-start=\"4227\" data-end=\"4277\">Transakcija je privukla pa\u017enju globalnih medija:<\/p>\n<ul data-start=\"4279\" data-end=\"4587\" data-is-last-node=\"\" data-is-only-node=\"\">\n<li data-start=\"4279\" data-end=\"4385\">\n<p data-start=\"4281\" data-end=\"4385\">Yahoo Finance \u2013 <a href=\"https:\/\/finance.yahoo.com\/news\/telekom-srbija-group-wins-telecom-135300135.html\">Telekom Srbija Group Wins Telecom Deal of the Year Award for Landmark $900M Eurobond<\/a><\/p>\n<\/li>\n<li data-start=\"4386\" data-end=\"4482\">\n<p data-start=\"4388\" data-end=\"4482\">AFP \u2013 <a href=\"https:\/\/www.afp.com\/en\/infos\/telekom-srbija-group-wins-telecom-deal-year-award-landmark-900m-eurobond\">Telekom Srbija Group Wins Telecom Deal of the Year Award for Landmark $900M Eurobond | AFP.com<\/a><\/p>\n<\/li>\n<li data-start=\"4483\" data-end=\"4587\" data-is-last-node=\"\">\n<p data-start=\"4485\" data-end=\"4587\" data-is-last-node=\"\">Business Wire \u2013 <a href=\"https:\/\/www.businesswire.com\/news\/home\/20260210704983\/nl\">Telekom Srbija Group wint de Telecom Deal of the Year-award voor haar opmerkelijke Eurobond van $900M<\/a><\/p>\n<\/li>\n<\/ul>\n","protected":false},"excerpt":{"rendered":"<p>Geci\u0107 Law sa ponosom upu\u0107uje \u010destitke Telekom Srbija grupi povodom osvajanja nagrade Europe Telecom Deal of the Year \u2013 Financing na dodeli presti\u017enih nagrada TMT Finance Awards EMEA 2026. Ova nagrada predstavlja priznanje za emisiju Euroobveznice Telekom Srbija grupe na me\u0111unarodnom tr\u017ei\u0161tu u iznosu od 900 miliona dolara kao jedno od najzna\u010dajnijih finansiranja u oblasti telekomunikacija u regionu. Prilikom objave rezultata, TMT Finance je istakao ono \u0161to je tr\u017ei\u0161tu ve\u0107 poznato: re\u010d je o prvoj transakciji koja ove vrste u celom regionu. Ujedno, uspostavljen je i referentni standard za emitente iz evropskih jurisdikcija u razvoju na me\u0111unarodnom tr\u017ei\u0161tu kapitala. Nagrada [&hellip;]<\/p>\n","protected":false},"author":21,"featured_media":48706,"comment_status":"closed","ping_status":"open","sticky":false,"template":"","format":"standard","meta":{"om_disable_all_campaigns":false,"footnotes":""},"categories":[1543,1560],"tags":[469,465],"class_list":["post-48697","post","type-post","status-publish","format-standard","has-post-thumbnail","hentry","category-bankarstvo-i-finansije","category-vesti","tag-gecic-law-firm-serbia-sr","tag-news-sr"],"acf":[],"yoast_head":"<!-- This site is optimized with the Yoast SEO plugin v25.5 - https:\/\/yoast.com\/wordpress\/plugins\/seo\/ -->\n<title>Telekom Srbija grupa dobila priznanje za prvu emisiju obveznica na me\u0111unarodnom tr\u017ei\u0161tu | Geci\u0107 Law<\/title>\n<meta name=\"description\" content=\"Telekom Srbija grupa dobila nagradu za transakciju godine u Evropi na dodeli presti\u017enih nagrada TMT Finance Awards EMEA 2026.\" \/>\n<meta name=\"robots\" content=\"index, follow, max-snippet:-1, max-image-preview:large, max-video-preview:-1\" \/>\n<link rel=\"canonical\" href=\"https:\/\/www.geciclaw.com\/sr\/telekom-srbija-priznanje-emisiju-obveznica\/\" \/>\n<meta property=\"og:locale\" content=\"sr_RS\" \/>\n<meta property=\"og:type\" content=\"article\" \/>\n<meta property=\"og:title\" content=\"Telekom Srbija grupa dobila priznanje za prvu emisiju obveznica na me\u0111unarodnom tr\u017ei\u0161tu | Geci\u0107 Law\" \/>\n<meta property=\"og:description\" content=\"Telekom Srbija grupa dobila nagradu za transakciju godine u Evropi na dodeli presti\u017enih nagrada TMT Finance Awards EMEA 2026.\" \/>\n<meta property=\"og:url\" content=\"https:\/\/www.geciclaw.com\/sr\/telekom-srbija-priznanje-emisiju-obveznica\/\" \/>\n<meta property=\"og:site_name\" content=\"Geci\u0107 Law\" \/>\n<meta property=\"article:published_time\" content=\"2026-02-12T08:57:20+00:00\" \/>\n<meta property=\"article:modified_time\" content=\"2026-02-12T09:36:29+00:00\" \/>\n<meta property=\"og:image\" content=\"https:\/\/www.geciclaw.com\/wp-content\/uploads\/2026\/02\/Copy-of-Copy-of-Copy-of-HLSAE-VP-1200-x-630-px-2.png\" \/>\n\t<meta property=\"og:image:width\" content=\"1200\" \/>\n\t<meta property=\"og:image:height\" content=\"630\" \/>\n\t<meta property=\"og:image:type\" content=\"image\/png\" \/>\n<meta name=\"author\" content=\"Ivan Eftimov\" \/>\n<meta name=\"twitter:card\" content=\"summary_large_image\" \/>\n<meta name=\"twitter:label1\" content=\"Napisano od\" \/>\n\t<meta name=\"twitter:data1\" content=\"Ivan Eftimov\" \/>\n\t<meta name=\"twitter:label2\" content=\"Procenjeno vreme \u010ditanja\" \/>\n\t<meta name=\"twitter:data2\" content=\"3 minuta\" \/>\n<script type=\"application\/ld+json\" class=\"yoast-schema-graph\">{\"@context\":\"https:\/\/schema.org\",\"@graph\":[{\"@type\":\"Article\",\"@id\":\"https:\/\/www.geciclaw.com\/sr\/telekom-srbija-priznanje-emisiju-obveznica\/#article\",\"isPartOf\":{\"@id\":\"https:\/\/www.geciclaw.com\/sr\/telekom-srbija-priznanje-emisiju-obveznica\/\"},\"author\":{\"name\":\"Ivan Eftimov\",\"@id\":\"https:\/\/www.geciclaw.com\/#\/schema\/person\/f2133a67125e7057bc0c58435c3532f9\"},\"headline\":\"Telekom Srbija grupa dobila priznanje za prvu emisiju obveznica na me\u0111unarodnom tr\u017ei\u0161tu\",\"datePublished\":\"2026-02-12T08:57:20+00:00\",\"dateModified\":\"2026-02-12T09:36:29+00:00\",\"mainEntityOfPage\":{\"@id\":\"https:\/\/www.geciclaw.com\/sr\/telekom-srbija-priznanje-emisiju-obveznica\/\"},\"wordCount\":700,\"publisher\":{\"@id\":\"https:\/\/www.geciclaw.com\/#organization\"},\"image\":{\"@id\":\"https:\/\/www.geciclaw.com\/sr\/telekom-srbija-priznanje-emisiju-obveznica\/#primaryimage\"},\"thumbnailUrl\":\"https:\/\/www.geciclaw.com\/wp-content\/uploads\/2026\/02\/Copy-of-Copy-of-Copy-of-HLSAE-VP-1200-x-630-px-2.png\",\"keywords\":[\"Advokatska kancelarija Geci\u0107 Law\",\"Vesti\"],\"articleSection\":[\"Bankarstvo i finansije\",\"Vesti\"],\"inLanguage\":\"sr-RS\"},{\"@type\":\"WebPage\",\"@id\":\"https:\/\/www.geciclaw.com\/sr\/telekom-srbija-priznanje-emisiju-obveznica\/\",\"url\":\"https:\/\/www.geciclaw.com\/sr\/telekom-srbija-priznanje-emisiju-obveznica\/\",\"name\":\"Telekom Srbija grupa dobila priznanje za prvu emisiju obveznica na me\u0111unarodnom tr\u017ei\u0161tu | Geci\u0107 Law\",\"isPartOf\":{\"@id\":\"https:\/\/www.geciclaw.com\/#website\"},\"primaryImageOfPage\":{\"@id\":\"https:\/\/www.geciclaw.com\/sr\/telekom-srbija-priznanje-emisiju-obveznica\/#primaryimage\"},\"image\":{\"@id\":\"https:\/\/www.geciclaw.com\/sr\/telekom-srbija-priznanje-emisiju-obveznica\/#primaryimage\"},\"thumbnailUrl\":\"https:\/\/www.geciclaw.com\/wp-content\/uploads\/2026\/02\/Copy-of-Copy-of-Copy-of-HLSAE-VP-1200-x-630-px-2.png\",\"datePublished\":\"2026-02-12T08:57:20+00:00\",\"dateModified\":\"2026-02-12T09:36:29+00:00\",\"description\":\"Telekom Srbija grupa dobila nagradu za transakciju godine u Evropi na dodeli presti\u017enih nagrada TMT Finance Awards EMEA 2026.\",\"breadcrumb\":{\"@id\":\"https:\/\/www.geciclaw.com\/sr\/telekom-srbija-priznanje-emisiju-obveznica\/#breadcrumb\"},\"inLanguage\":\"sr-RS\",\"potentialAction\":[{\"@type\":\"ReadAction\",\"target\":[\"https:\/\/www.geciclaw.com\/sr\/telekom-srbija-priznanje-emisiju-obveznica\/\"]}]},{\"@type\":\"ImageObject\",\"inLanguage\":\"sr-RS\",\"@id\":\"https:\/\/www.geciclaw.com\/sr\/telekom-srbija-priznanje-emisiju-obveznica\/#primaryimage\",\"url\":\"https:\/\/www.geciclaw.com\/wp-content\/uploads\/2026\/02\/Copy-of-Copy-of-Copy-of-HLSAE-VP-1200-x-630-px-2.png\",\"contentUrl\":\"https:\/\/www.geciclaw.com\/wp-content\/uploads\/2026\/02\/Copy-of-Copy-of-Copy-of-HLSAE-VP-1200-x-630-px-2.png\",\"width\":1200,\"height\":630},{\"@type\":\"BreadcrumbList\",\"@id\":\"https:\/\/www.geciclaw.com\/sr\/telekom-srbija-priznanje-emisiju-obveznica\/#breadcrumb\",\"itemListElement\":[{\"@type\":\"ListItem\",\"position\":1,\"name\":\"Home\",\"item\":\"https:\/\/www.geciclaw.com\/sr\/\"},{\"@type\":\"ListItem\",\"position\":2,\"name\":\"Telekom Srbija grupa dobila priznanje za prvu emisiju obveznica na me\u0111unarodnom tr\u017ei\u0161tu\"}]},{\"@type\":\"WebSite\",\"@id\":\"https:\/\/www.geciclaw.com\/#website\",\"url\":\"https:\/\/www.geciclaw.com\/\",\"name\":\"Geci\u0107 Law\",\"description\":\"Advokatska kancelarija\",\"publisher\":{\"@id\":\"https:\/\/www.geciclaw.com\/#organization\"},\"potentialAction\":[{\"@type\":\"SearchAction\",\"target\":{\"@type\":\"EntryPoint\",\"urlTemplate\":\"https:\/\/www.geciclaw.com\/?s={search_term_string}\"},\"query-input\":{\"@type\":\"PropertyValueSpecification\",\"valueRequired\":true,\"valueName\":\"search_term_string\"}}],\"inLanguage\":\"sr-RS\"},{\"@type\":\"Organization\",\"@id\":\"https:\/\/www.geciclaw.com\/#organization\",\"name\":\"Geci\u0107 Law\",\"url\":\"https:\/\/www.geciclaw.com\/\",\"logo\":{\"@type\":\"ImageObject\",\"inLanguage\":\"sr-RS\",\"@id\":\"https:\/\/www.geciclaw.com\/#\/schema\/logo\/image\/\",\"url\":\"https:\/\/geciclaw.com\/wp-content\/uploads\/2021\/10\/1.png\",\"contentUrl\":\"https:\/\/geciclaw.com\/wp-content\/uploads\/2021\/10\/1.png\",\"width\":1000,\"height\":409,\"caption\":\"Geci\u0107 Law\"},\"image\":{\"@id\":\"https:\/\/www.geciclaw.com\/#\/schema\/logo\/image\/\"}},{\"@type\":\"Person\",\"@id\":\"https:\/\/www.geciclaw.com\/#\/schema\/person\/f2133a67125e7057bc0c58435c3532f9\",\"name\":\"Ivan Eftimov\",\"image\":{\"@type\":\"ImageObject\",\"inLanguage\":\"sr-RS\",\"@id\":\"https:\/\/www.geciclaw.com\/#\/schema\/person\/image\/\",\"url\":\"https:\/\/secure.gravatar.com\/avatar\/b01054f24d3bbb4ef412bfacaf71306f068c8e1fab4435328367c58bf6ab606b?s=96&d=mm&r=g\",\"contentUrl\":\"https:\/\/secure.gravatar.com\/avatar\/b01054f24d3bbb4ef412bfacaf71306f068c8e1fab4435328367c58bf6ab606b?s=96&d=mm&r=g\",\"caption\":\"Ivan Eftimov\"},\"url\":\"https:\/\/www.geciclaw.com\/sr\/author\/vanja\/\"}]}<\/script>\n<!-- \/ Yoast SEO plugin. -->","yoast_head_json":{"title":"Telekom Srbija grupa dobila priznanje za prvu emisiju obveznica na me\u0111unarodnom tr\u017ei\u0161tu | Geci\u0107 Law","description":"Telekom Srbija grupa dobila nagradu za transakciju godine u Evropi na dodeli presti\u017enih nagrada TMT Finance Awards EMEA 2026.","robots":{"index":"index","follow":"follow","max-snippet":"max-snippet:-1","max-image-preview":"max-image-preview:large","max-video-preview":"max-video-preview:-1"},"canonical":"https:\/\/www.geciclaw.com\/sr\/telekom-srbija-priznanje-emisiju-obveznica\/","og_locale":"sr_RS","og_type":"article","og_title":"Telekom Srbija grupa dobila priznanje za prvu emisiju obveznica na me\u0111unarodnom tr\u017ei\u0161tu | Geci\u0107 Law","og_description":"Telekom Srbija grupa dobila nagradu za transakciju godine u Evropi na dodeli presti\u017enih nagrada TMT Finance Awards EMEA 2026.","og_url":"https:\/\/www.geciclaw.com\/sr\/telekom-srbija-priznanje-emisiju-obveznica\/","og_site_name":"Geci\u0107 Law","article_published_time":"2026-02-12T08:57:20+00:00","article_modified_time":"2026-02-12T09:36:29+00:00","og_image":[{"width":1200,"height":630,"url":"https:\/\/www.geciclaw.com\/wp-content\/uploads\/2026\/02\/Copy-of-Copy-of-Copy-of-HLSAE-VP-1200-x-630-px-2.png","type":"image\/png"}],"author":"Ivan Eftimov","twitter_card":"summary_large_image","twitter_misc":{"Napisano od":"Ivan Eftimov","Procenjeno vreme \u010ditanja":"3 minuta"},"schema":{"@context":"https:\/\/schema.org","@graph":[{"@type":"Article","@id":"https:\/\/www.geciclaw.com\/sr\/telekom-srbija-priznanje-emisiju-obveznica\/#article","isPartOf":{"@id":"https:\/\/www.geciclaw.com\/sr\/telekom-srbija-priznanje-emisiju-obveznica\/"},"author":{"name":"Ivan Eftimov","@id":"https:\/\/www.geciclaw.com\/#\/schema\/person\/f2133a67125e7057bc0c58435c3532f9"},"headline":"Telekom Srbija grupa dobila priznanje za prvu emisiju obveznica na me\u0111unarodnom tr\u017ei\u0161tu","datePublished":"2026-02-12T08:57:20+00:00","dateModified":"2026-02-12T09:36:29+00:00","mainEntityOfPage":{"@id":"https:\/\/www.geciclaw.com\/sr\/telekom-srbija-priznanje-emisiju-obveznica\/"},"wordCount":700,"publisher":{"@id":"https:\/\/www.geciclaw.com\/#organization"},"image":{"@id":"https:\/\/www.geciclaw.com\/sr\/telekom-srbija-priznanje-emisiju-obveznica\/#primaryimage"},"thumbnailUrl":"https:\/\/www.geciclaw.com\/wp-content\/uploads\/2026\/02\/Copy-of-Copy-of-Copy-of-HLSAE-VP-1200-x-630-px-2.png","keywords":["Advokatska kancelarija Geci\u0107 Law","Vesti"],"articleSection":["Bankarstvo i finansije","Vesti"],"inLanguage":"sr-RS"},{"@type":"WebPage","@id":"https:\/\/www.geciclaw.com\/sr\/telekom-srbija-priznanje-emisiju-obveznica\/","url":"https:\/\/www.geciclaw.com\/sr\/telekom-srbija-priznanje-emisiju-obveznica\/","name":"Telekom Srbija grupa dobila priznanje za prvu emisiju obveznica na me\u0111unarodnom tr\u017ei\u0161tu | Geci\u0107 Law","isPartOf":{"@id":"https:\/\/www.geciclaw.com\/#website"},"primaryImageOfPage":{"@id":"https:\/\/www.geciclaw.com\/sr\/telekom-srbija-priznanje-emisiju-obveznica\/#primaryimage"},"image":{"@id":"https:\/\/www.geciclaw.com\/sr\/telekom-srbija-priznanje-emisiju-obveznica\/#primaryimage"},"thumbnailUrl":"https:\/\/www.geciclaw.com\/wp-content\/uploads\/2026\/02\/Copy-of-Copy-of-Copy-of-HLSAE-VP-1200-x-630-px-2.png","datePublished":"2026-02-12T08:57:20+00:00","dateModified":"2026-02-12T09:36:29+00:00","description":"Telekom Srbija grupa dobila nagradu za transakciju godine u Evropi na dodeli presti\u017enih nagrada TMT Finance Awards EMEA 2026.","breadcrumb":{"@id":"https:\/\/www.geciclaw.com\/sr\/telekom-srbija-priznanje-emisiju-obveznica\/#breadcrumb"},"inLanguage":"sr-RS","potentialAction":[{"@type":"ReadAction","target":["https:\/\/www.geciclaw.com\/sr\/telekom-srbija-priznanje-emisiju-obveznica\/"]}]},{"@type":"ImageObject","inLanguage":"sr-RS","@id":"https:\/\/www.geciclaw.com\/sr\/telekom-srbija-priznanje-emisiju-obveznica\/#primaryimage","url":"https:\/\/www.geciclaw.com\/wp-content\/uploads\/2026\/02\/Copy-of-Copy-of-Copy-of-HLSAE-VP-1200-x-630-px-2.png","contentUrl":"https:\/\/www.geciclaw.com\/wp-content\/uploads\/2026\/02\/Copy-of-Copy-of-Copy-of-HLSAE-VP-1200-x-630-px-2.png","width":1200,"height":630},{"@type":"BreadcrumbList","@id":"https:\/\/www.geciclaw.com\/sr\/telekom-srbija-priznanje-emisiju-obveznica\/#breadcrumb","itemListElement":[{"@type":"ListItem","position":1,"name":"Home","item":"https:\/\/www.geciclaw.com\/sr\/"},{"@type":"ListItem","position":2,"name":"Telekom Srbija grupa dobila priznanje za prvu emisiju obveznica na me\u0111unarodnom tr\u017ei\u0161tu"}]},{"@type":"WebSite","@id":"https:\/\/www.geciclaw.com\/#website","url":"https:\/\/www.geciclaw.com\/","name":"Geci\u0107 Law","description":"Advokatska kancelarija","publisher":{"@id":"https:\/\/www.geciclaw.com\/#organization"},"potentialAction":[{"@type":"SearchAction","target":{"@type":"EntryPoint","urlTemplate":"https:\/\/www.geciclaw.com\/?s={search_term_string}"},"query-input":{"@type":"PropertyValueSpecification","valueRequired":true,"valueName":"search_term_string"}}],"inLanguage":"sr-RS"},{"@type":"Organization","@id":"https:\/\/www.geciclaw.com\/#organization","name":"Geci\u0107 Law","url":"https:\/\/www.geciclaw.com\/","logo":{"@type":"ImageObject","inLanguage":"sr-RS","@id":"https:\/\/www.geciclaw.com\/#\/schema\/logo\/image\/","url":"https:\/\/geciclaw.com\/wp-content\/uploads\/2021\/10\/1.png","contentUrl":"https:\/\/geciclaw.com\/wp-content\/uploads\/2021\/10\/1.png","width":1000,"height":409,"caption":"Geci\u0107 Law"},"image":{"@id":"https:\/\/www.geciclaw.com\/#\/schema\/logo\/image\/"}},{"@type":"Person","@id":"https:\/\/www.geciclaw.com\/#\/schema\/person\/f2133a67125e7057bc0c58435c3532f9","name":"Ivan Eftimov","image":{"@type":"ImageObject","inLanguage":"sr-RS","@id":"https:\/\/www.geciclaw.com\/#\/schema\/person\/image\/","url":"https:\/\/secure.gravatar.com\/avatar\/b01054f24d3bbb4ef412bfacaf71306f068c8e1fab4435328367c58bf6ab606b?s=96&d=mm&r=g","contentUrl":"https:\/\/secure.gravatar.com\/avatar\/b01054f24d3bbb4ef412bfacaf71306f068c8e1fab4435328367c58bf6ab606b?s=96&d=mm&r=g","caption":"Ivan Eftimov"},"url":"https:\/\/www.geciclaw.com\/sr\/author\/vanja\/"}]}},"_links":{"self":[{"href":"https:\/\/www.geciclaw.com\/sr\/wp-json\/wp\/v2\/posts\/48697","targetHints":{"allow":["GET"]}}],"collection":[{"href":"https:\/\/www.geciclaw.com\/sr\/wp-json\/wp\/v2\/posts"}],"about":[{"href":"https:\/\/www.geciclaw.com\/sr\/wp-json\/wp\/v2\/types\/post"}],"author":[{"embeddable":true,"href":"https:\/\/www.geciclaw.com\/sr\/wp-json\/wp\/v2\/users\/21"}],"replies":[{"embeddable":true,"href":"https:\/\/www.geciclaw.com\/sr\/wp-json\/wp\/v2\/comments?post=48697"}],"version-history":[{"count":9,"href":"https:\/\/www.geciclaw.com\/sr\/wp-json\/wp\/v2\/posts\/48697\/revisions"}],"predecessor-version":[{"id":48720,"href":"https:\/\/www.geciclaw.com\/sr\/wp-json\/wp\/v2\/posts\/48697\/revisions\/48720"}],"wp:featuredmedia":[{"embeddable":true,"href":"https:\/\/www.geciclaw.com\/sr\/wp-json\/wp\/v2\/media\/48706"}],"wp:attachment":[{"href":"https:\/\/www.geciclaw.com\/sr\/wp-json\/wp\/v2\/media?parent=48697"}],"wp:term":[{"taxonomy":"category","embeddable":true,"href":"https:\/\/www.geciclaw.com\/sr\/wp-json\/wp\/v2\/categories?post=48697"},{"taxonomy":"post_tag","embeddable":true,"href":"https:\/\/www.geciclaw.com\/sr\/wp-json\/wp\/v2\/tags?post=48697"}],"curies":[{"name":"wp","href":"https:\/\/api.w.org\/{rel}","templated":true}]}}