{"id":5687,"date":"2016-09-02T14:00:23","date_gmt":"2016-09-02T12:00:23","guid":{"rendered":"http:\/\/www.geciclaw.com\/?p=5687"},"modified":"2024-10-28T10:23:24","modified_gmt":"2024-10-28T09:23:24","slug":"eu-drzavna-pomoc-evropska-komisija-apple","status":"publish","type":"post","link":"https:\/\/www.geciclaw.com\/sr\/eu-drzavna-pomoc-evropska-komisija-apple\/","title":{"rendered":"EU dr\u017eavna pomo\u0107: Evropska komisija skuplja zabranjeno vo\u0107e"},"content":{"rendered":"<p>\u201eEvropska komisija je zaklju\u010dila da je Irska pru\u017eila nedopu\u0161tene poreske olak\u0161ice Eplu i to u iznosu od \u010dak 13 milijardi evra [\u0161to je najve\u0107i poreski ra\u010dun do sada napla\u0107en izvan Sjedinjenih Ameri\u010dkih Dr\u017eava]. Ova praksa je,prema pravilima Evropske unije, ilegalna, s obzirom na to da je omogu\u0107ila Eplu da plati zna\u010dajno manji iznos poreza u pore\u0111enju sa drugim kompanijama. Irska sada mora da povrati ilegalno pru\u017eenu pomo\u0107 [indirektne subvencije].\u201c<sup>1<\/sup><\/p>\n<p>Po sprovo\u0111enju detaljne istrage u vezi sa izuzetno povoljnim fiskalnim sporazumom postignutim izme\u0111u Irske i Epla, Evropska komisija je izvela zaklju\u010dak da je Epl stekao protivzakonite poreske povoljnosti od Irske kroz povoljne poreske aran\u017emane koje su na selektivnoj bazi pru\u017eani ovoj kompaniji dugi niz godina. Komisija je izjavila da je, \u201eu stvari, ovaj selektivan tretman doveo do toga da Epl pla\u0107a porez na dobit po efektivnoj poreskoj stopi od 1 posto na evropski profit za 2003. godinu, da bi ta stopa do\u0161la do neznatnih 0,005 posto u 2014. godini.\u201d<sup>2<\/sup> Drugim re\u010dima, Eplu su dogovori sa Irskom omogu\u0107ili da pla\u0107a porez u iznosu od pribli\u017eno 500 evra na svaki milion evra ostvarene dobiti.<\/p>\n<p>Su\u0161tina ovog slu\u010daja le\u017ei u tome \u0161to su, prema stanovi\u0161tu Komisije, dve kompanije koje pripadaju Epl grupaciji (Apple Sales International i Apple Operations Europe) svoj profit interno usmeravale ka \u201ecentrali\u201d koja je postojala samo na papiru. Ova centrala nije imala zaposlene kao ni poslovne prostorije. Usled toga, navedeni profit nije bio oporezivan u bilo kojoj od zemalja u kojoj je originalno ostvaren i to zahvaljuju\u0107i posebnim odredbama irskog poreskog prava koje vi\u0161e nisu na snazi. Drugim re\u010dima, samo neznatan deo ostvarenog profita ove dve kompanije je zaista i bio oporezovan u Irskoj, dok je preostali veliki deo bio izdvojen u gorepomenutu \u201ecentralu\u201d, gde je izmakao oporezivanju, obja\u0161njava Evropska komisija.<\/p>\n<p>Na drugoj strani, Epl, Irska kao i ameri\u010dka vlada su se spremno izjasnili povodom ovakvog ishoda i to sa sna\u017enim neodobravanjem. Naime, kompanija je optu\u017eila Komisiju da na ovaj na\u010din \u201cpoku\u0161ava da preoblikuje istoriju Epla u Evropi, pritom ignori\u0161u\u0107i irsko poresko pravo i time dovode\u0107i u pitanje me\u0111unarodni poreski sistem.\u201d<sup>3<\/sup> \u201cOvaj slu\u010daj nije o tome koliko Epl pla\u0107a po osnovu poreza, ve\u0107 o tome koja vlast \u0107e imati pravo na ubiranje takvog poreza. On \u0107e imati duboke i \u0161tetne posledice po investicije i otvaranje novih radnih mesta u Evropi\u201d<sup>4<\/sup>, istakao je Epl. Kako irska, tako i ameri\u010dka vlada isprva su izjavile da \u0107e uzeti u\u010de\u0161\u0107e u osporavanju odluke Komisije. Od tog trenutka do danas, ova borbenost je polako po\u010dela da gubi na snazi. Irska ve\u0107 danas dovodi u pitanje da li bi trebalo da uzme u\u010de\u0161\u0107e u \u017ealbi. Mi\u0161ljenja na ovu temu su podeljena. Sa jedne strane, uskra\u0107ivanje podr\u0161ke Eplu bi moglo da uzdrma trenutnu politiku te dr\u017eave usmerenu ka pru\u017eanju podsticaja razvoju poslovanja u ovoj zemlji dok sa druge strane, postoji mi\u0161ljenje da interesi irskih poreskih obveznika tako\u0111e moraju da budu uzeti u obzir, \u0161to bi bio slu\u010daj ukoliko bi Irska dopustila da Epl plati svoj poreski dug u iznosu koji je odredila Evropska komisija. Usled sudara razli\u010ditih gledi\u0161ta, irska vlada je objavila obave\u0161tenje za javnost u vezi sa pitanjem njenog u\u010de\u0161\u0107a u \u017ealbi. \u201eDogovoreno je da se ostavi dodatno vreme kako bi se razmislilo o stvarima i razjasnila neka pravna i tehni\u010dka pitanja sa kancelarijom dr\u017eavnog tu\u017eioca i drugim zvani\u010dnicima.\u201c<sup>5<\/sup> Kada je Amerika u pitanju, reakcije na odluku ve\u0107 do\u017eivljavaju razli\u010dite varijacije. Pored stavova strastvenika koji ovu odluku opisuju kao \u201ene\u010duvenu\u201c, pojedini eksperti u ovoj oblasti ve\u0107 imaju na umu neka pravna sredstva koja bi mogla biti upotrebljena u kontekstu amodgovora na odluku. Naime, odeljak 891. ameri\u010dkog poreskog zakona, donetog 1934. godine, predvi\u0111a mogu\u0107nost da ameri\u010dki predsednik duplira poreske stope za korporacije iz bilo koje zemlje koja vr\u0161i diskriminaciju protiv ameri\u010dkih kompanija. Ipak, imaju\u0107i u vidu mogu\u0107e dugoro\u010dne efekte ove administrativne mere, velika ve\u0107ina i dalje deli mi\u0161ljenje da je malo verovatno da ameri\u010dke vlasti odreaguju na navedeni na\u010din.<\/p>\n<p>U svakom slu\u010daju, posmatra\u010di iz Amerike po\u010dinju da ulaze u dubiozu ovog slu\u010daja i pronalaze naizgled \u201eperverzne podsticaje\u201d u ovom na\u010dinu tretiranja ekstremno povoljnih poreskih aran\u017emana. Naime, su\u0161tina njihovog gledi\u0161ta je u tome da \u201ebilo koja vlada mo\u017ee da ponudi povoljan poreski tretman znaju\u0107i da \u0107e, kada se takav tretman otkrije, biti \u201eprimorana\u201d da prihvati povra\u0107aj svih poreskih olak\u0161ica koje je pru\u017eila\u201d<sup>6<\/sup>, kako sugeri\u0161u.<\/p>\n<p>Korisno je ista\u0107i i to da nekada\u0161nji komesar za konkurenciju, Neli Kros, nije pozdravila dono\u0161enje ove odluke. Gospo\u0111a Kros ju je opisala kao nepravednu i objasnila da \u201cdr\u017eavna pomo\u0107 ne mo\u017ee da bude upotrebljena kao sredstvo za menjanje nacionalnih poreskih zakona.\u201c \u201eIpak, \u010dini se trenutne istrage koje se odnose na dr\u017eavnu pomo\u0107 imaju upravo taj cilj\u201d, rekla je.<\/p>\n<p>Ova odluka predstavlja samo jedan deo op\u0161te politike vo\u0111ene od strane Komesara za konkurenciju Evropske unije, Margret Vestager, protiv prakse izbegavanja pla\u0107anja poreza. \u0160tavi\u0161e, njen zna\u010daj naro\u010dito dolazi do izra\u017eaja ukoliko se ima u vidu da ova odluka pripada o\u0161troj kampanji koju Evropska unija vodi protiv ilegalne dr\u017eavne pomo\u0107i, a koja ve\u0107 sada obuhvata nekolicinu multinacionalnih giganata (Starbucks u Holandiji, Amazon u Luksemburgu i Anheuser-Busch InBev u Belgiji). Sve su prilike da \u0107e Generalni direktorat zadu\u017een za oblast konkurencije nastaviti da se bori protiv sli\u010dnih slu\u010dajeva po istom obrascu.<\/p>\n<p>&nbsp;<\/p>\n<p style=\"text-align: center;\">\u2014\u2014\u2014\u2014\u2014\u2014\u2014\u2014\u2014\u2014\u2014\u2014-<\/p>\n<p style=\"text-align: left;\"><sup>1<\/sup> Evropska komisija, Dr\u017eavna pomo\u0107: Irska je obezbedila protivzakonite poreske olak\u0161ice Eplu u vrednosti od \u010dak 13 milijardi evra, Saop\u0161tenje za javnost, u Briselu, 30. avgusta 2016. godine<br \/>\n<sup>2<\/sup> Evropska komisija, Dr\u017eavna pomo\u0107: Irska je obezbedila protivzakonite poreske olak\u0161ice Eplu u vrednosti od \u010dak 13 milijardi evra, Saop\u0161tenje za javnost, u Briselu, 30. avgusta 2016. godine<br \/>\n<sup>3<\/sup> Tim Cook, glavni izvr\u0161ni direktor Epla, Poruka Epl zajednici u Evropi, 30. avgust 2016. godine<br \/>\n<sup>4<\/sup> Tim Cook, glavni izvr\u0161ni direktor Epla, Poruka Epl zajednici u Evropi, 30. avgust 2016. godine<br \/>\n<sup>5<\/sup>\u00a0Dostupno na: <a href=\"http:\/\/www.ft.com\/cms\/s\/0\/b573ac02-6e90-11e6-a0c9-1365ce54b926.html#axzz4IvXkdf4o\">http:\/\/www.ft.com\/cms\/s\/0\/b573ac02-6e90-11e6-a0c9-1365ce54b926.html#axzz4IvXkdf4o<\/a><br \/>\n<sup>6<\/sup>\u00a0Dostupno na: http:\/\/www.merrionstreet.ie\/en\/News Room\/News\/Post_Cabinet_Briefing_Apple_State_aid_Case.html<\/p>\n","protected":false},"excerpt":{"rendered":"<p>\u201eEvropska komisija je zaklju\u010dila da je Irska pru\u017eila nedopu\u0161tene poreske olak\u0161ice Eplu i to u iznosu od \u010dak 13 milijardi evra [\u0161to je najve\u0107i poreski ra\u010dun do sada napla\u0107en izvan Sjedinjenih Ameri\u010dkih Dr\u017eava]. Ova praksa je,prema pravilima Evropske unije, ilegalna, s obzirom na to da je omogu\u0107ila Eplu da plati zna\u010dajno manji iznos poreza u pore\u0111enju sa drugim kompanijama. Irska sada mora da povrati ilegalno pru\u017eenu pomo\u0107 [indirektne subvencije].\u201c1 Po sprovo\u0111enju detaljne istrage u vezi sa izuzetno povoljnim fiskalnim sporazumom postignutim izme\u0111u Irske i Epla, Evropska komisija je izvela zaklju\u010dak da je Epl stekao protivzakonite poreske povoljnosti od Irske kroz [&hellip;]<\/p>\n","protected":false},"author":1,"featured_media":5683,"comment_status":"closed","ping_status":"open","sticky":false,"template":"","format":"standard","meta":{"om_disable_all_campaigns":false,"footnotes":""},"categories":[463],"tags":[469,655,621,695,1645],"class_list":["post-5687","post","type-post","status-publish","format-standard","has-post-thumbnail","hentry","category-uncategorized-sr","tag-gecic-law-firm-serbia-sr","tag-state-aid-serbia-sr","tag-european-commission-sr","tag-client-alert-sr","tag-poresko-pravo"],"acf":[],"yoast_head":"<!-- This site is optimized with the Yoast SEO plugin v25.5 - https:\/\/yoast.com\/wordpress\/plugins\/seo\/ -->\n<title>EU dr\u017eavna pomo\u0107: Evropska komisija skuplja zabranjeno vo\u0107e| Geci\u0107 Law<\/title>\n<meta name=\"description\" content=\"Evropska komisija je zaklju\u010dila da je Irska pru\u017eila nedopu\u0161tene poreske olak\u0161ice Eplu u iznosu od \u010dak 13 milijardi evra, najve\u0107i poreski ra\u010dun izvan SAD\" \/>\n<meta name=\"robots\" content=\"index, follow, max-snippet:-1, max-image-preview:large, max-video-preview:-1\" \/>\n<link rel=\"canonical\" href=\"https:\/\/www.geciclaw.com\/eu-state-aid-apple\/\" \/>\n<meta property=\"og:locale\" content=\"sr_RS\" \/>\n<meta property=\"og:type\" content=\"article\" \/>\n<meta property=\"og:title\" content=\"EU dr\u017eavna pomo\u0107: Evropska komisija skuplja zabranjeno vo\u0107e| Geci\u0107 Law\" \/>\n<meta property=\"og:description\" content=\"Evropska komisija je zaklju\u010dila da je Irska pru\u017eila nedopu\u0161tene poreske olak\u0161ice Eplu u iznosu od \u010dak 13 milijardi evra, najve\u0107i poreski ra\u010dun izvan SAD\" \/>\n<meta property=\"og:url\" content=\"https:\/\/www.geciclaw.com\/eu-state-aid-apple\/\" \/>\n<meta property=\"og:site_name\" content=\"Geci\u0107 Law\" \/>\n<meta property=\"article:published_time\" content=\"2016-09-02T12:00:23+00:00\" \/>\n<meta property=\"article:modified_time\" content=\"2024-10-28T09:23:24+00:00\" \/>\n<meta property=\"og:image\" content=\"https:\/\/www.geciclaw.com\/wp-content\/uploads\/2016\/09\/EU-State-Aid-Apple-small.jpg\" \/>\n\t<meta property=\"og:image:width\" content=\"410\" \/>\n\t<meta property=\"og:image:height\" content=\"350\" \/>\n\t<meta property=\"og:image:type\" content=\"image\/jpeg\" \/>\n<meta name=\"author\" content=\"stefan\" \/>\n<meta name=\"twitter:card\" content=\"summary_large_image\" \/>\n<meta name=\"twitter:label1\" content=\"Napisano od\" \/>\n\t<meta name=\"twitter:data1\" content=\"stefan\" \/>\n\t<meta name=\"twitter:label2\" content=\"Procenjeno vreme \u010ditanja\" \/>\n\t<meta name=\"twitter:data2\" content=\"5 minuta\" \/>\n<script type=\"application\/ld+json\" class=\"yoast-schema-graph\">{\"@context\":\"https:\/\/schema.org\",\"@graph\":[{\"@type\":\"Article\",\"@id\":\"https:\/\/www.geciclaw.com\/eu-state-aid-apple\/#article\",\"isPartOf\":{\"@id\":\"https:\/\/www.geciclaw.com\/eu-state-aid-apple\/\"},\"author\":{\"name\":\"stefan\",\"@id\":\"https:\/\/www.geciclaw.com\/#\/schema\/person\/6da1a36ae431e659988e851fe3a9cf83\"},\"headline\":\"EU dr\u017eavna pomo\u0107: Evropska komisija skuplja zabranjeno vo\u0107e\",\"datePublished\":\"2016-09-02T12:00:23+00:00\",\"dateModified\":\"2024-10-28T09:23:24+00:00\",\"mainEntityOfPage\":{\"@id\":\"https:\/\/www.geciclaw.com\/eu-state-aid-apple\/\"},\"wordCount\":1096,\"publisher\":{\"@id\":\"https:\/\/www.geciclaw.com\/#organization\"},\"image\":{\"@id\":\"https:\/\/www.geciclaw.com\/eu-state-aid-apple\/#primaryimage\"},\"thumbnailUrl\":\"https:\/\/www.geciclaw.com\/wp-content\/uploads\/2016\/09\/EU-State-Aid-Apple-small.jpg\",\"keywords\":[\"Advokatska kancelarija Geci\u0107 Law\",\"Dr\u017eavna pomo\u0107 Srbija\",\"Evropska komisija\",\"Obave\u0161tenje\",\"Poresko pravo\"],\"articleSection\":[\"Uncategorized @sr\"],\"inLanguage\":\"sr-RS\"},{\"@type\":\"WebPage\",\"@id\":\"https:\/\/www.geciclaw.com\/eu-state-aid-apple\/\",\"url\":\"https:\/\/www.geciclaw.com\/eu-state-aid-apple\/\",\"name\":\"EU dr\u017eavna pomo\u0107: Evropska komisija skuplja zabranjeno vo\u0107e| Geci\u0107 Law\",\"isPartOf\":{\"@id\":\"https:\/\/www.geciclaw.com\/#website\"},\"primaryImageOfPage\":{\"@id\":\"https:\/\/www.geciclaw.com\/eu-state-aid-apple\/#primaryimage\"},\"image\":{\"@id\":\"https:\/\/www.geciclaw.com\/eu-state-aid-apple\/#primaryimage\"},\"thumbnailUrl\":\"https:\/\/www.geciclaw.com\/wp-content\/uploads\/2016\/09\/EU-State-Aid-Apple-small.jpg\",\"datePublished\":\"2016-09-02T12:00:23+00:00\",\"dateModified\":\"2024-10-28T09:23:24+00:00\",\"description\":\"Evropska komisija je zaklju\u010dila da je Irska pru\u017eila nedopu\u0161tene poreske olak\u0161ice Eplu u iznosu od \u010dak 13 milijardi evra, najve\u0107i poreski ra\u010dun izvan SAD\",\"breadcrumb\":{\"@id\":\"https:\/\/www.geciclaw.com\/eu-state-aid-apple\/#breadcrumb\"},\"inLanguage\":\"sr-RS\",\"potentialAction\":[{\"@type\":\"ReadAction\",\"target\":[\"https:\/\/www.geciclaw.com\/eu-state-aid-apple\/\"]}]},{\"@type\":\"ImageObject\",\"inLanguage\":\"sr-RS\",\"@id\":\"https:\/\/www.geciclaw.com\/eu-state-aid-apple\/#primaryimage\",\"url\":\"https:\/\/www.geciclaw.com\/wp-content\/uploads\/2016\/09\/EU-State-Aid-Apple-small.jpg\",\"contentUrl\":\"https:\/\/www.geciclaw.com\/wp-content\/uploads\/2016\/09\/EU-State-Aid-Apple-small.jpg\",\"width\":410,\"height\":350},{\"@type\":\"BreadcrumbList\",\"@id\":\"https:\/\/www.geciclaw.com\/eu-state-aid-apple\/#breadcrumb\",\"itemListElement\":[{\"@type\":\"ListItem\",\"position\":1,\"name\":\"Home\",\"item\":\"https:\/\/www.geciclaw.com\/sr\/\"},{\"@type\":\"ListItem\",\"position\":2,\"name\":\"EU dr\u017eavna pomo\u0107: Evropska komisija skuplja zabranjeno vo\u0107e\"}]},{\"@type\":\"WebSite\",\"@id\":\"https:\/\/www.geciclaw.com\/#website\",\"url\":\"https:\/\/www.geciclaw.com\/\",\"name\":\"Geci\u0107 Law\",\"description\":\"Advokatska kancelarija\",\"publisher\":{\"@id\":\"https:\/\/www.geciclaw.com\/#organization\"},\"potentialAction\":[{\"@type\":\"SearchAction\",\"target\":{\"@type\":\"EntryPoint\",\"urlTemplate\":\"https:\/\/www.geciclaw.com\/?s={search_term_string}\"},\"query-input\":{\"@type\":\"PropertyValueSpecification\",\"valueRequired\":true,\"valueName\":\"search_term_string\"}}],\"inLanguage\":\"sr-RS\"},{\"@type\":\"Organization\",\"@id\":\"https:\/\/www.geciclaw.com\/#organization\",\"name\":\"Geci\u0107 Law\",\"url\":\"https:\/\/www.geciclaw.com\/\",\"logo\":{\"@type\":\"ImageObject\",\"inLanguage\":\"sr-RS\",\"@id\":\"https:\/\/www.geciclaw.com\/#\/schema\/logo\/image\/\",\"url\":\"https:\/\/geciclaw.com\/wp-content\/uploads\/2021\/10\/1.png\",\"contentUrl\":\"https:\/\/geciclaw.com\/wp-content\/uploads\/2021\/10\/1.png\",\"width\":1000,\"height\":409,\"caption\":\"Geci\u0107 Law\"},\"image\":{\"@id\":\"https:\/\/www.geciclaw.com\/#\/schema\/logo\/image\/\"}},{\"@type\":\"Person\",\"@id\":\"https:\/\/www.geciclaw.com\/#\/schema\/person\/6da1a36ae431e659988e851fe3a9cf83\",\"name\":\"stefan\",\"image\":{\"@type\":\"ImageObject\",\"inLanguage\":\"sr-RS\",\"@id\":\"https:\/\/www.geciclaw.com\/#\/schema\/person\/image\/\",\"url\":\"https:\/\/secure.gravatar.com\/avatar\/59099af461191b217c7b825d928bcba2b02d1b3c89de8338854bc40abd2b30c9?s=96&d=mm&r=g\",\"contentUrl\":\"https:\/\/secure.gravatar.com\/avatar\/59099af461191b217c7b825d928bcba2b02d1b3c89de8338854bc40abd2b30c9?s=96&d=mm&r=g\",\"caption\":\"stefan\"},\"url\":\"https:\/\/www.geciclaw.com\/sr\/author\/stefan\/\"}]}<\/script>\n<!-- \/ Yoast SEO plugin. -->","yoast_head_json":{"title":"EU dr\u017eavna pomo\u0107: Evropska komisija skuplja zabranjeno vo\u0107e| Geci\u0107 Law","description":"Evropska komisija je zaklju\u010dila da je Irska pru\u017eila nedopu\u0161tene poreske olak\u0161ice Eplu u iznosu od \u010dak 13 milijardi evra, najve\u0107i poreski ra\u010dun izvan SAD","robots":{"index":"index","follow":"follow","max-snippet":"max-snippet:-1","max-image-preview":"max-image-preview:large","max-video-preview":"max-video-preview:-1"},"canonical":"https:\/\/www.geciclaw.com\/eu-state-aid-apple\/","og_locale":"sr_RS","og_type":"article","og_title":"EU dr\u017eavna pomo\u0107: Evropska komisija skuplja zabranjeno vo\u0107e| Geci\u0107 Law","og_description":"Evropska komisija je zaklju\u010dila da je Irska pru\u017eila nedopu\u0161tene poreske olak\u0161ice Eplu u iznosu od \u010dak 13 milijardi evra, najve\u0107i poreski ra\u010dun izvan SAD","og_url":"https:\/\/www.geciclaw.com\/eu-state-aid-apple\/","og_site_name":"Geci\u0107 Law","article_published_time":"2016-09-02T12:00:23+00:00","article_modified_time":"2024-10-28T09:23:24+00:00","og_image":[{"width":410,"height":350,"url":"https:\/\/www.geciclaw.com\/wp-content\/uploads\/2016\/09\/EU-State-Aid-Apple-small.jpg","type":"image\/jpeg"}],"author":"stefan","twitter_card":"summary_large_image","twitter_misc":{"Napisano od":"stefan","Procenjeno vreme \u010ditanja":"5 minuta"},"schema":{"@context":"https:\/\/schema.org","@graph":[{"@type":"Article","@id":"https:\/\/www.geciclaw.com\/eu-state-aid-apple\/#article","isPartOf":{"@id":"https:\/\/www.geciclaw.com\/eu-state-aid-apple\/"},"author":{"name":"stefan","@id":"https:\/\/www.geciclaw.com\/#\/schema\/person\/6da1a36ae431e659988e851fe3a9cf83"},"headline":"EU dr\u017eavna pomo\u0107: Evropska komisija skuplja zabranjeno vo\u0107e","datePublished":"2016-09-02T12:00:23+00:00","dateModified":"2024-10-28T09:23:24+00:00","mainEntityOfPage":{"@id":"https:\/\/www.geciclaw.com\/eu-state-aid-apple\/"},"wordCount":1096,"publisher":{"@id":"https:\/\/www.geciclaw.com\/#organization"},"image":{"@id":"https:\/\/www.geciclaw.com\/eu-state-aid-apple\/#primaryimage"},"thumbnailUrl":"https:\/\/www.geciclaw.com\/wp-content\/uploads\/2016\/09\/EU-State-Aid-Apple-small.jpg","keywords":["Advokatska kancelarija Geci\u0107 Law","Dr\u017eavna pomo\u0107 Srbija","Evropska komisija","Obave\u0161tenje","Poresko pravo"],"articleSection":["Uncategorized @sr"],"inLanguage":"sr-RS"},{"@type":"WebPage","@id":"https:\/\/www.geciclaw.com\/eu-state-aid-apple\/","url":"https:\/\/www.geciclaw.com\/eu-state-aid-apple\/","name":"EU dr\u017eavna pomo\u0107: Evropska komisija skuplja zabranjeno vo\u0107e| Geci\u0107 Law","isPartOf":{"@id":"https:\/\/www.geciclaw.com\/#website"},"primaryImageOfPage":{"@id":"https:\/\/www.geciclaw.com\/eu-state-aid-apple\/#primaryimage"},"image":{"@id":"https:\/\/www.geciclaw.com\/eu-state-aid-apple\/#primaryimage"},"thumbnailUrl":"https:\/\/www.geciclaw.com\/wp-content\/uploads\/2016\/09\/EU-State-Aid-Apple-small.jpg","datePublished":"2016-09-02T12:00:23+00:00","dateModified":"2024-10-28T09:23:24+00:00","description":"Evropska komisija je zaklju\u010dila da je Irska pru\u017eila nedopu\u0161tene poreske olak\u0161ice Eplu u iznosu od \u010dak 13 milijardi evra, najve\u0107i poreski ra\u010dun izvan SAD","breadcrumb":{"@id":"https:\/\/www.geciclaw.com\/eu-state-aid-apple\/#breadcrumb"},"inLanguage":"sr-RS","potentialAction":[{"@type":"ReadAction","target":["https:\/\/www.geciclaw.com\/eu-state-aid-apple\/"]}]},{"@type":"ImageObject","inLanguage":"sr-RS","@id":"https:\/\/www.geciclaw.com\/eu-state-aid-apple\/#primaryimage","url":"https:\/\/www.geciclaw.com\/wp-content\/uploads\/2016\/09\/EU-State-Aid-Apple-small.jpg","contentUrl":"https:\/\/www.geciclaw.com\/wp-content\/uploads\/2016\/09\/EU-State-Aid-Apple-small.jpg","width":410,"height":350},{"@type":"BreadcrumbList","@id":"https:\/\/www.geciclaw.com\/eu-state-aid-apple\/#breadcrumb","itemListElement":[{"@type":"ListItem","position":1,"name":"Home","item":"https:\/\/www.geciclaw.com\/sr\/"},{"@type":"ListItem","position":2,"name":"EU dr\u017eavna pomo\u0107: Evropska komisija skuplja zabranjeno vo\u0107e"}]},{"@type":"WebSite","@id":"https:\/\/www.geciclaw.com\/#website","url":"https:\/\/www.geciclaw.com\/","name":"Geci\u0107 Law","description":"Advokatska kancelarija","publisher":{"@id":"https:\/\/www.geciclaw.com\/#organization"},"potentialAction":[{"@type":"SearchAction","target":{"@type":"EntryPoint","urlTemplate":"https:\/\/www.geciclaw.com\/?s={search_term_string}"},"query-input":{"@type":"PropertyValueSpecification","valueRequired":true,"valueName":"search_term_string"}}],"inLanguage":"sr-RS"},{"@type":"Organization","@id":"https:\/\/www.geciclaw.com\/#organization","name":"Geci\u0107 Law","url":"https:\/\/www.geciclaw.com\/","logo":{"@type":"ImageObject","inLanguage":"sr-RS","@id":"https:\/\/www.geciclaw.com\/#\/schema\/logo\/image\/","url":"https:\/\/geciclaw.com\/wp-content\/uploads\/2021\/10\/1.png","contentUrl":"https:\/\/geciclaw.com\/wp-content\/uploads\/2021\/10\/1.png","width":1000,"height":409,"caption":"Geci\u0107 Law"},"image":{"@id":"https:\/\/www.geciclaw.com\/#\/schema\/logo\/image\/"}},{"@type":"Person","@id":"https:\/\/www.geciclaw.com\/#\/schema\/person\/6da1a36ae431e659988e851fe3a9cf83","name":"stefan","image":{"@type":"ImageObject","inLanguage":"sr-RS","@id":"https:\/\/www.geciclaw.com\/#\/schema\/person\/image\/","url":"https:\/\/secure.gravatar.com\/avatar\/59099af461191b217c7b825d928bcba2b02d1b3c89de8338854bc40abd2b30c9?s=96&d=mm&r=g","contentUrl":"https:\/\/secure.gravatar.com\/avatar\/59099af461191b217c7b825d928bcba2b02d1b3c89de8338854bc40abd2b30c9?s=96&d=mm&r=g","caption":"stefan"},"url":"https:\/\/www.geciclaw.com\/sr\/author\/stefan\/"}]}},"_links":{"self":[{"href":"https:\/\/www.geciclaw.com\/sr\/wp-json\/wp\/v2\/posts\/5687","targetHints":{"allow":["GET"]}}],"collection":[{"href":"https:\/\/www.geciclaw.com\/sr\/wp-json\/wp\/v2\/posts"}],"about":[{"href":"https:\/\/www.geciclaw.com\/sr\/wp-json\/wp\/v2\/types\/post"}],"author":[{"embeddable":true,"href":"https:\/\/www.geciclaw.com\/sr\/wp-json\/wp\/v2\/users\/1"}],"replies":[{"embeddable":true,"href":"https:\/\/www.geciclaw.com\/sr\/wp-json\/wp\/v2\/comments?post=5687"}],"version-history":[{"count":5,"href":"https:\/\/www.geciclaw.com\/sr\/wp-json\/wp\/v2\/posts\/5687\/revisions"}],"predecessor-version":[{"id":28181,"href":"https:\/\/www.geciclaw.com\/sr\/wp-json\/wp\/v2\/posts\/5687\/revisions\/28181"}],"wp:featuredmedia":[{"embeddable":true,"href":"https:\/\/www.geciclaw.com\/sr\/wp-json\/wp\/v2\/media\/5683"}],"wp:attachment":[{"href":"https:\/\/www.geciclaw.com\/sr\/wp-json\/wp\/v2\/media?parent=5687"}],"wp:term":[{"taxonomy":"category","embeddable":true,"href":"https:\/\/www.geciclaw.com\/sr\/wp-json\/wp\/v2\/categories?post=5687"},{"taxonomy":"post_tag","embeddable":true,"href":"https:\/\/www.geciclaw.com\/sr\/wp-json\/wp\/v2\/tags?post=5687"}],"curies":[{"name":"wp","href":"https:\/\/api.w.org\/{rel}","templated":true}]}}