{"id":5961,"date":"2016-10-28T10:30:58","date_gmt":"2016-10-28T08:30:58","guid":{"rendered":"http:\/\/www.geciclaw.com\/?p=5961"},"modified":"2021-09-17T13:09:40","modified_gmt":"2021-09-17T11:09:40","slug":"advokatska-kancelarija-colic-pridruzuje-gecic-law","status":"publish","type":"post","link":"https:\/\/www.geciclaw.com\/sr\/advokatska-kancelarija-colic-pridruzuje-gecic-law\/","title":{"rendered":"Advokatska kancelarija Coli\u0107 se pridru\u017euje kancelariji Geci\u0107 Law"},"content":{"rendered":"<p>Na\u0161e je veliko zadovoljstvo da objavimo da advokatska kancelarija Coli\u0107 specijalizovana za oblasti korporativnog prava \/ spajanja i preuzimanja kao i re\u0161avanja sporova, zapo\u010dinje saradnju sa kancelarijom Geci\u0107 Law. Udru\u017eivanje dva vrhunska tima koja povezuje isti sistem vrednosti i ista vizija, kao i veliko iskustvo u komplementarnim oblastima prava, omogu\u0107i\u0107e nam da na\u0161im klijentima ubudu\u0107e pru\u017eimo jo\u0161 inovativniji i \u0161iri spektar pravnih usluga.<\/p>\n<p><a href=\"http:\/\/www.geciclaw.com\/sr\/ognjen-colic\/\">Ognjen Coli\u0107<\/a>, koji \u0107e biti na \u010delu tima zadu\u017eenog za korporativno pravo u kancelariji Geci\u0107 Law, prokomentarisao je: \u201cOvim korakom, postavili smo temelje jednoj platformi koja te\u017ei pru\u017eanju inovativnih i potrebama klijenata, prilago\u0111enih re\u0161enja. To \u0107e nam omogu\u0107iti da se zajedno razvijamo u postoje\u0107im, ali i ka drugim granama prava i oblastima pravne prakse, kako bismo pru\u017eali \u0161to bolje usluge na\u0161im klijentima.\u201c<\/p>\n<p><a href=\"http:\/\/www.geciclaw.com\/sr\/bogdan-gecic\/\">Bogdan Geci\u0107<\/a>, partner, istakao je: &#8222;Mi smo izuzetno sre\u0107ni i uzbu\u0111eni \u0161to nam se pridru\u017euje advokat sa izuzetno vrednim korporativnim iskustvom i zna\u010dajnom praksom u oblasti re\u0161avanja sporova&#8220; i dodao: &#8222;Uprkos na\u0161em zapa\u017eenom rastu, mi ostajemo \u010dvrsto posve\u0107eni jednoj od na\u0161ih osnovnih ideja vodilja, a to je isklju\u010divo privla\u010denje pojedinaca koji \u0107e postati nezamenljiv deo na\u0161eg tima.&#8220;<\/p>\n<p>Zvani\u010dno po\u010dinjemo saradnju ve\u0107 od 1. novembra 2016. godine.<\/p>\n<p>\u017delimo Vam dobrodo\u0161licu u na\u0161u dinami\u010dnu novu praksu i pozivamo Vas da nam se pridru\u017eite u proslavi ovog dostignu\u0107a koje pru\u017ea mno\u0161tvo mogu\u0107nosti za na\u0161e klijente, partnere i nas same, kao i za tr\u017ei\u0161te pravnih usluga u celosti.<\/p>\n<p>Na\u0161 tim \u0107e svakako podeliti sa Vama vi\u0161e informacija o ovoj saradnji u bliskoj budu\u0107nosti, ali ve\u0107 sada nismo mogli da sakrijemo uzbu\u0111enje!<\/p>\n<p>GECI\u0106 LAW<\/p>\n","protected":false},"excerpt":{"rendered":"<p>Na\u0161e je veliko zadovoljstvo da objavimo da advokatska kancelarija Coli\u0107 specijalizovana za oblasti korporativnog prava \/ spajanja i preuzimanja kao i re\u0161avanja sporova, zapo\u010dinje saradnju sa kancelarijom Geci\u0107 Law. Udru\u017eivanje dva vrhunska tima koja povezuje isti sistem vrednosti i ista vizija, kao i veliko iskustvo u komplementarnim oblastima prava, omogu\u0107i\u0107e nam da na\u0161im klijentima ubudu\u0107e pru\u017eimo jo\u0161 inovativniji i \u0161iri spektar pravnih usluga. Ognjen Coli\u0107, koji \u0107e biti na \u010delu tima zadu\u017eenog za korporativno pravo u kancelariji Geci\u0107 Law, prokomentarisao je: \u201cOvim korakom, postavili smo temelje jednoj platformi koja te\u017ei pru\u017eanju inovativnih i potrebama klijenata, prilago\u0111enih re\u0161enja. To \u0107e nam [&hellip;]<\/p>\n","protected":false},"author":1,"featured_media":5945,"comment_status":"closed","ping_status":"open","sticky":false,"template":"","format":"standard","meta":{"om_disable_all_campaigns":false,"footnotes":""},"categories":[1560],"tags":[821,695,1587],"class_list":["post-5961","post","type-post","status-publish","format-standard","has-post-thumbnail","hentry","category-vesti","tag-advokatska-kancelarija-colic","tag-client-alert-sr","tag-ognjen-colic-sr"],"acf":[],"yoast_head":"<!-- This site is optimized with the Yoast SEO plugin v25.5 - https:\/\/yoast.com\/wordpress\/plugins\/seo\/ -->\n<title>Advokatska kancelarija Coli\u0107 se pridru\u017euje Geci\u0107 Law<\/title>\n<meta name=\"description\" content=\"Na\u0161e je veliko zadovoljstvo da objavimo da se advokatska kancelarija Coli\u0107 pridru\u017euje kancelariji Geci\u0107 Law.\" \/>\n<meta name=\"robots\" content=\"index, follow, max-snippet:-1, max-image-preview:large, max-video-preview:-1\" \/>\n<link rel=\"canonical\" href=\"https:\/\/www.geciclaw.com\/sr\/advokatska-kancelarija-colic-pridruzuje-gecic-law\/\" \/>\n<meta property=\"og:locale\" content=\"sr_RS\" \/>\n<meta property=\"og:type\" content=\"article\" \/>\n<meta property=\"og:title\" content=\"Advokatska kancelarija Coli\u0107 se pridru\u017euje Geci\u0107 Law\" \/>\n<meta property=\"og:description\" content=\"Na\u0161e je veliko zadovoljstvo da objavimo da se advokatska kancelarija Coli\u0107 pridru\u017euje kancelariji Geci\u0107 Law.\" \/>\n<meta property=\"og:url\" content=\"https:\/\/www.geciclaw.com\/sr\/advokatska-kancelarija-colic-pridruzuje-gecic-law\/\" \/>\n<meta property=\"og:site_name\" content=\"Geci\u0107 Law\" \/>\n<meta property=\"article:published_time\" content=\"2016-10-28T08:30:58+00:00\" \/>\n<meta property=\"article:modified_time\" content=\"2021-09-17T11:09:40+00:00\" \/>\n<meta property=\"og:image\" content=\"https:\/\/www.geciclaw.com\/wp-content\/uploads\/2016\/10\/Slika_feat-e1477607549439.jpg\" \/>\n\t<meta property=\"og:image:width\" content=\"410\" \/>\n\t<meta property=\"og:image:height\" content=\"366\" \/>\n\t<meta property=\"og:image:type\" content=\"image\/jpeg\" \/>\n<meta name=\"author\" content=\"stefan\" \/>\n<meta name=\"twitter:card\" content=\"summary_large_image\" \/>\n<meta name=\"twitter:label1\" content=\"Napisano od\" \/>\n\t<meta name=\"twitter:data1\" content=\"stefan\" \/>\n\t<meta name=\"twitter:label2\" content=\"Procenjeno vreme \u010ditanja\" \/>\n\t<meta name=\"twitter:data2\" content=\"1 minut\" \/>\n<script type=\"application\/ld+json\" class=\"yoast-schema-graph\">{\"@context\":\"https:\/\/schema.org\",\"@graph\":[{\"@type\":\"Article\",\"@id\":\"https:\/\/www.geciclaw.com\/sr\/advokatska-kancelarija-colic-pridruzuje-gecic-law\/#article\",\"isPartOf\":{\"@id\":\"https:\/\/www.geciclaw.com\/sr\/advokatska-kancelarija-colic-pridruzuje-gecic-law\/\"},\"author\":{\"name\":\"stefan\",\"@id\":\"https:\/\/www.geciclaw.com\/#\/schema\/person\/6da1a36ae431e659988e851fe3a9cf83\"},\"headline\":\"Advokatska kancelarija Coli\u0107 se pridru\u017euje kancelariji Geci\u0107 Law\",\"datePublished\":\"2016-10-28T08:30:58+00:00\",\"dateModified\":\"2021-09-17T11:09:40+00:00\",\"mainEntityOfPage\":{\"@id\":\"https:\/\/www.geciclaw.com\/sr\/advokatska-kancelarija-colic-pridruzuje-gecic-law\/\"},\"wordCount\":306,\"publisher\":{\"@id\":\"https:\/\/www.geciclaw.com\/#organization\"},\"image\":{\"@id\":\"https:\/\/www.geciclaw.com\/sr\/advokatska-kancelarija-colic-pridruzuje-gecic-law\/#primaryimage\"},\"thumbnailUrl\":\"https:\/\/www.geciclaw.com\/wp-content\/uploads\/2016\/10\/Slika_feat-e1477607549439.jpg\",\"keywords\":[\"Advokatska kancelarija Coli\u0107\",\"Obave\u0161tenje\",\"Ognjen Coli\u0107\"],\"articleSection\":[\"Vesti\"],\"inLanguage\":\"sr-RS\"},{\"@type\":\"WebPage\",\"@id\":\"https:\/\/www.geciclaw.com\/sr\/advokatska-kancelarija-colic-pridruzuje-gecic-law\/\",\"url\":\"https:\/\/www.geciclaw.com\/sr\/advokatska-kancelarija-colic-pridruzuje-gecic-law\/\",\"name\":\"Advokatska kancelarija Coli\u0107 se pridru\u017euje Geci\u0107 Law\",\"isPartOf\":{\"@id\":\"https:\/\/www.geciclaw.com\/#website\"},\"primaryImageOfPage\":{\"@id\":\"https:\/\/www.geciclaw.com\/sr\/advokatska-kancelarija-colic-pridruzuje-gecic-law\/#primaryimage\"},\"image\":{\"@id\":\"https:\/\/www.geciclaw.com\/sr\/advokatska-kancelarija-colic-pridruzuje-gecic-law\/#primaryimage\"},\"thumbnailUrl\":\"https:\/\/www.geciclaw.com\/wp-content\/uploads\/2016\/10\/Slika_feat-e1477607549439.jpg\",\"datePublished\":\"2016-10-28T08:30:58+00:00\",\"dateModified\":\"2021-09-17T11:09:40+00:00\",\"description\":\"Na\u0161e je veliko zadovoljstvo da objavimo da se advokatska kancelarija Coli\u0107 pridru\u017euje kancelariji Geci\u0107 Law.\",\"breadcrumb\":{\"@id\":\"https:\/\/www.geciclaw.com\/sr\/advokatska-kancelarija-colic-pridruzuje-gecic-law\/#breadcrumb\"},\"inLanguage\":\"sr-RS\",\"potentialAction\":[{\"@type\":\"ReadAction\",\"target\":[\"https:\/\/www.geciclaw.com\/sr\/advokatska-kancelarija-colic-pridruzuje-gecic-law\/\"]}]},{\"@type\":\"ImageObject\",\"inLanguage\":\"sr-RS\",\"@id\":\"https:\/\/www.geciclaw.com\/sr\/advokatska-kancelarija-colic-pridruzuje-gecic-law\/#primaryimage\",\"url\":\"https:\/\/www.geciclaw.com\/wp-content\/uploads\/2016\/10\/Slika_feat-e1477607549439.jpg\",\"contentUrl\":\"https:\/\/www.geciclaw.com\/wp-content\/uploads\/2016\/10\/Slika_feat-e1477607549439.jpg\",\"width\":410,\"height\":366,\"caption\":\"Colic Law joins Gecic Law\"},{\"@type\":\"BreadcrumbList\",\"@id\":\"https:\/\/www.geciclaw.com\/sr\/advokatska-kancelarija-colic-pridruzuje-gecic-law\/#breadcrumb\",\"itemListElement\":[{\"@type\":\"ListItem\",\"position\":1,\"name\":\"Home\",\"item\":\"https:\/\/www.geciclaw.com\/sr\/\"},{\"@type\":\"ListItem\",\"position\":2,\"name\":\"Advokatska kancelarija Coli\u0107 se pridru\u017euje kancelariji Geci\u0107 Law\"}]},{\"@type\":\"WebSite\",\"@id\":\"https:\/\/www.geciclaw.com\/#website\",\"url\":\"https:\/\/www.geciclaw.com\/\",\"name\":\"Geci\u0107 Law\",\"description\":\"Advokatska kancelarija\",\"publisher\":{\"@id\":\"https:\/\/www.geciclaw.com\/#organization\"},\"potentialAction\":[{\"@type\":\"SearchAction\",\"target\":{\"@type\":\"EntryPoint\",\"urlTemplate\":\"https:\/\/www.geciclaw.com\/?s={search_term_string}\"},\"query-input\":{\"@type\":\"PropertyValueSpecification\",\"valueRequired\":true,\"valueName\":\"search_term_string\"}}],\"inLanguage\":\"sr-RS\"},{\"@type\":\"Organization\",\"@id\":\"https:\/\/www.geciclaw.com\/#organization\",\"name\":\"Geci\u0107 Law\",\"url\":\"https:\/\/www.geciclaw.com\/\",\"logo\":{\"@type\":\"ImageObject\",\"inLanguage\":\"sr-RS\",\"@id\":\"https:\/\/www.geciclaw.com\/#\/schema\/logo\/image\/\",\"url\":\"https:\/\/geciclaw.com\/wp-content\/uploads\/2021\/10\/1.png\",\"contentUrl\":\"https:\/\/geciclaw.com\/wp-content\/uploads\/2021\/10\/1.png\",\"width\":1000,\"height\":409,\"caption\":\"Geci\u0107 Law\"},\"image\":{\"@id\":\"https:\/\/www.geciclaw.com\/#\/schema\/logo\/image\/\"}},{\"@type\":\"Person\",\"@id\":\"https:\/\/www.geciclaw.com\/#\/schema\/person\/6da1a36ae431e659988e851fe3a9cf83\",\"name\":\"stefan\",\"image\":{\"@type\":\"ImageObject\",\"inLanguage\":\"sr-RS\",\"@id\":\"https:\/\/www.geciclaw.com\/#\/schema\/person\/image\/\",\"url\":\"https:\/\/secure.gravatar.com\/avatar\/59099af461191b217c7b825d928bcba2b02d1b3c89de8338854bc40abd2b30c9?s=96&d=mm&r=g\",\"contentUrl\":\"https:\/\/secure.gravatar.com\/avatar\/59099af461191b217c7b825d928bcba2b02d1b3c89de8338854bc40abd2b30c9?s=96&d=mm&r=g\",\"caption\":\"stefan\"},\"url\":\"https:\/\/www.geciclaw.com\/sr\/author\/stefan\/\"}]}<\/script>\n<!-- \/ Yoast SEO plugin. -->","yoast_head_json":{"title":"Advokatska kancelarija Coli\u0107 se pridru\u017euje Geci\u0107 Law","description":"Na\u0161e je veliko zadovoljstvo da objavimo da se advokatska kancelarija Coli\u0107 pridru\u017euje kancelariji Geci\u0107 Law.","robots":{"index":"index","follow":"follow","max-snippet":"max-snippet:-1","max-image-preview":"max-image-preview:large","max-video-preview":"max-video-preview:-1"},"canonical":"https:\/\/www.geciclaw.com\/sr\/advokatska-kancelarija-colic-pridruzuje-gecic-law\/","og_locale":"sr_RS","og_type":"article","og_title":"Advokatska kancelarija Coli\u0107 se pridru\u017euje Geci\u0107 Law","og_description":"Na\u0161e je veliko zadovoljstvo da objavimo da se advokatska kancelarija Coli\u0107 pridru\u017euje kancelariji Geci\u0107 Law.","og_url":"https:\/\/www.geciclaw.com\/sr\/advokatska-kancelarija-colic-pridruzuje-gecic-law\/","og_site_name":"Geci\u0107 Law","article_published_time":"2016-10-28T08:30:58+00:00","article_modified_time":"2021-09-17T11:09:40+00:00","og_image":[{"width":410,"height":366,"url":"https:\/\/www.geciclaw.com\/wp-content\/uploads\/2016\/10\/Slika_feat-e1477607549439.jpg","type":"image\/jpeg"}],"author":"stefan","twitter_card":"summary_large_image","twitter_misc":{"Napisano od":"stefan","Procenjeno vreme \u010ditanja":"1 minut"},"schema":{"@context":"https:\/\/schema.org","@graph":[{"@type":"Article","@id":"https:\/\/www.geciclaw.com\/sr\/advokatska-kancelarija-colic-pridruzuje-gecic-law\/#article","isPartOf":{"@id":"https:\/\/www.geciclaw.com\/sr\/advokatska-kancelarija-colic-pridruzuje-gecic-law\/"},"author":{"name":"stefan","@id":"https:\/\/www.geciclaw.com\/#\/schema\/person\/6da1a36ae431e659988e851fe3a9cf83"},"headline":"Advokatska kancelarija Coli\u0107 se pridru\u017euje kancelariji Geci\u0107 Law","datePublished":"2016-10-28T08:30:58+00:00","dateModified":"2021-09-17T11:09:40+00:00","mainEntityOfPage":{"@id":"https:\/\/www.geciclaw.com\/sr\/advokatska-kancelarija-colic-pridruzuje-gecic-law\/"},"wordCount":306,"publisher":{"@id":"https:\/\/www.geciclaw.com\/#organization"},"image":{"@id":"https:\/\/www.geciclaw.com\/sr\/advokatska-kancelarija-colic-pridruzuje-gecic-law\/#primaryimage"},"thumbnailUrl":"https:\/\/www.geciclaw.com\/wp-content\/uploads\/2016\/10\/Slika_feat-e1477607549439.jpg","keywords":["Advokatska kancelarija Coli\u0107","Obave\u0161tenje","Ognjen Coli\u0107"],"articleSection":["Vesti"],"inLanguage":"sr-RS"},{"@type":"WebPage","@id":"https:\/\/www.geciclaw.com\/sr\/advokatska-kancelarija-colic-pridruzuje-gecic-law\/","url":"https:\/\/www.geciclaw.com\/sr\/advokatska-kancelarija-colic-pridruzuje-gecic-law\/","name":"Advokatska kancelarija Coli\u0107 se pridru\u017euje Geci\u0107 Law","isPartOf":{"@id":"https:\/\/www.geciclaw.com\/#website"},"primaryImageOfPage":{"@id":"https:\/\/www.geciclaw.com\/sr\/advokatska-kancelarija-colic-pridruzuje-gecic-law\/#primaryimage"},"image":{"@id":"https:\/\/www.geciclaw.com\/sr\/advokatska-kancelarija-colic-pridruzuje-gecic-law\/#primaryimage"},"thumbnailUrl":"https:\/\/www.geciclaw.com\/wp-content\/uploads\/2016\/10\/Slika_feat-e1477607549439.jpg","datePublished":"2016-10-28T08:30:58+00:00","dateModified":"2021-09-17T11:09:40+00:00","description":"Na\u0161e je veliko zadovoljstvo da objavimo da se advokatska kancelarija Coli\u0107 pridru\u017euje kancelariji Geci\u0107 Law.","breadcrumb":{"@id":"https:\/\/www.geciclaw.com\/sr\/advokatska-kancelarija-colic-pridruzuje-gecic-law\/#breadcrumb"},"inLanguage":"sr-RS","potentialAction":[{"@type":"ReadAction","target":["https:\/\/www.geciclaw.com\/sr\/advokatska-kancelarija-colic-pridruzuje-gecic-law\/"]}]},{"@type":"ImageObject","inLanguage":"sr-RS","@id":"https:\/\/www.geciclaw.com\/sr\/advokatska-kancelarija-colic-pridruzuje-gecic-law\/#primaryimage","url":"https:\/\/www.geciclaw.com\/wp-content\/uploads\/2016\/10\/Slika_feat-e1477607549439.jpg","contentUrl":"https:\/\/www.geciclaw.com\/wp-content\/uploads\/2016\/10\/Slika_feat-e1477607549439.jpg","width":410,"height":366,"caption":"Colic Law joins Gecic Law"},{"@type":"BreadcrumbList","@id":"https:\/\/www.geciclaw.com\/sr\/advokatska-kancelarija-colic-pridruzuje-gecic-law\/#breadcrumb","itemListElement":[{"@type":"ListItem","position":1,"name":"Home","item":"https:\/\/www.geciclaw.com\/sr\/"},{"@type":"ListItem","position":2,"name":"Advokatska kancelarija Coli\u0107 se pridru\u017euje kancelariji Geci\u0107 Law"}]},{"@type":"WebSite","@id":"https:\/\/www.geciclaw.com\/#website","url":"https:\/\/www.geciclaw.com\/","name":"Geci\u0107 Law","description":"Advokatska kancelarija","publisher":{"@id":"https:\/\/www.geciclaw.com\/#organization"},"potentialAction":[{"@type":"SearchAction","target":{"@type":"EntryPoint","urlTemplate":"https:\/\/www.geciclaw.com\/?s={search_term_string}"},"query-input":{"@type":"PropertyValueSpecification","valueRequired":true,"valueName":"search_term_string"}}],"inLanguage":"sr-RS"},{"@type":"Organization","@id":"https:\/\/www.geciclaw.com\/#organization","name":"Geci\u0107 Law","url":"https:\/\/www.geciclaw.com\/","logo":{"@type":"ImageObject","inLanguage":"sr-RS","@id":"https:\/\/www.geciclaw.com\/#\/schema\/logo\/image\/","url":"https:\/\/geciclaw.com\/wp-content\/uploads\/2021\/10\/1.png","contentUrl":"https:\/\/geciclaw.com\/wp-content\/uploads\/2021\/10\/1.png","width":1000,"height":409,"caption":"Geci\u0107 Law"},"image":{"@id":"https:\/\/www.geciclaw.com\/#\/schema\/logo\/image\/"}},{"@type":"Person","@id":"https:\/\/www.geciclaw.com\/#\/schema\/person\/6da1a36ae431e659988e851fe3a9cf83","name":"stefan","image":{"@type":"ImageObject","inLanguage":"sr-RS","@id":"https:\/\/www.geciclaw.com\/#\/schema\/person\/image\/","url":"https:\/\/secure.gravatar.com\/avatar\/59099af461191b217c7b825d928bcba2b02d1b3c89de8338854bc40abd2b30c9?s=96&d=mm&r=g","contentUrl":"https:\/\/secure.gravatar.com\/avatar\/59099af461191b217c7b825d928bcba2b02d1b3c89de8338854bc40abd2b30c9?s=96&d=mm&r=g","caption":"stefan"},"url":"https:\/\/www.geciclaw.com\/sr\/author\/stefan\/"}]}},"_links":{"self":[{"href":"https:\/\/www.geciclaw.com\/sr\/wp-json\/wp\/v2\/posts\/5961","targetHints":{"allow":["GET"]}}],"collection":[{"href":"https:\/\/www.geciclaw.com\/sr\/wp-json\/wp\/v2\/posts"}],"about":[{"href":"https:\/\/www.geciclaw.com\/sr\/wp-json\/wp\/v2\/types\/post"}],"author":[{"embeddable":true,"href":"https:\/\/www.geciclaw.com\/sr\/wp-json\/wp\/v2\/users\/1"}],"replies":[{"embeddable":true,"href":"https:\/\/www.geciclaw.com\/sr\/wp-json\/wp\/v2\/comments?post=5961"}],"version-history":[{"count":4,"href":"https:\/\/www.geciclaw.com\/sr\/wp-json\/wp\/v2\/posts\/5961\/revisions"}],"predecessor-version":[{"id":5979,"href":"https:\/\/www.geciclaw.com\/sr\/wp-json\/wp\/v2\/posts\/5961\/revisions\/5979"}],"wp:featuredmedia":[{"embeddable":true,"href":"https:\/\/www.geciclaw.com\/sr\/wp-json\/wp\/v2\/media\/5945"}],"wp:attachment":[{"href":"https:\/\/www.geciclaw.com\/sr\/wp-json\/wp\/v2\/media?parent=5961"}],"wp:term":[{"taxonomy":"category","embeddable":true,"href":"https:\/\/www.geciclaw.com\/sr\/wp-json\/wp\/v2\/categories?post=5961"},{"taxonomy":"post_tag","embeddable":true,"href":"https:\/\/www.geciclaw.com\/sr\/wp-json\/wp\/v2\/tags?post=5961"}],"curies":[{"name":"wp","href":"https:\/\/api.w.org\/{rel}","templated":true}]}}